{"id":73084,"date":"2013-07-08T17:11:15","date_gmt":"2013-07-08T16:11:15","guid":{"rendered":"http:\/\/www.visit-ulcinj.com\/blog\/?p=73084"},"modified":"2013-07-08T17:11:56","modified_gmt":"2013-07-08T16:11:56","slug":"ismet-karamanga-ne-emisonin-flladi-kalaja-e-ulqinit-pirates","status":"publish","type":"post","link":"https:\/\/www.visit-ulcinj.com\/blog\/2013\/07\/08\/ismet-karamanga-ne-emisonin-flladi-kalaja-e-ulqinit-pirates\/","title":{"rendered":"Ismet Karamanga n\u00eb emisonin Flladi &#8211; Kalaja e Ulqinit &#038; Pirates"},"content":{"rendered":"<p><a href=\"http:\/\/www.visit-ulcinj.com\/blog\/wp-content\/uploads\/2013\/07\/ismet-karamanaga-emisioni-flladi-ulqin.jpg\"><img loading=\"lazy\" class=\"alignleft  wp-image-73085\" alt=\"ismet-karamanaga-emisioni-flladi-ulqin\" src=\"http:\/\/www.visit-ulcinj.com\/blog\/wp-content\/uploads\/2013\/07\/ismet-karamanaga-emisioni-flladi-ulqin.jpg\" width=\"508\" height=\"380\" \/><\/a><br \/>\nIsmet Karamanaga dha nj\u00eb kontribut lidhur me historikun e k\u00ebsaj kalaje e nder t\u00eb tjera tha:<\/p>\n<p>Kjo kala ka nj\u00eb histori, ku secili gur mund t\u00eb flas\u00eb p\u00ebr nj\u00eb t\u00eb kaluar t\u00eb bujshme, \u00ebsht\u00eb nd\u00ebr m\u00eb t\u00eb vjetrat dhe m\u00eb atraktivet n\u00eb k\u00ebt\u00eb pjes\u00eb t\u00eb Mediteranit. Shk\u00ebmbinjt\u00eb mbi t\u00eb cil\u00ebt ngrit\u00ebn lart muret dhe bedenat e saj, mij\u00ebra vje\u00e7 t\u00eb shp\u00eblar\u00eb nga val\u00ebt e detit, d\u00ebshmojn\u00eb se k\u00ebtu kan\u00eb jetuar paraardh\u00ebsit ton\u00eb Ilir\u00ebt, shum\u00eb m\u00eb par\u00eb se kur \u00ebsht\u00eb filluar t\u00eb shkruhet historia.<br \/>\nSipas Plinit (t\u00eb vjet\u00ebr) n\u00eb shekullin V p.e.r. themelohet Kalaja me emrin Olcinium. Muret e vjet\u00ebr \u201cqiklope\u201d n\u00eb hyrje d\u00ebshmojn\u00eb p\u00ebr vjet\u00ebrsin\u00eb disa mij\u00ebravje\u00e7are t\u00eb saj\u00eb. Secila p\u00ebll\u00ebmb\u00eb e k\u00ebsaj hap\u00ebsire flet p\u00ebr nj\u00eb t\u00eb kaluar t\u00eb famshme, p\u00ebr nj\u00eb histori t\u00eb bujshme t\u00eb k\u00ebtij vendbanimi. Shum\u00eb g\u00ebrmadha arkeologjike flasin p\u00ebr k\u00ebt\u00eb k\u00ebshtjell\u00eb si p\u00ebr nj\u00eb vendbanim me civilizim t\u00eb lart\u00eb, me nj\u00eb port\u00eb dhe me nj\u00eb flot\u00eb t\u00eb famshme, e cila e ka lidhur Ulqinin me bot\u00ebn e njohur antike. Shum\u00eb t\u00eb njohur e t\u00eb panjohur q\u00eb jetuan dhe vepruan k\u00ebtu lan\u00eb gjurm\u00ebt e nj\u00eb civilizimi me t\u00eb cilin gjeneratat e sotme mund t\u00eb krenohen.<\/p>\n<p>As pas luft\u00ebrave romako-ilire ( 269-268 ) n\u00eb Kala nuk u nd\u00ebrrua substanca ilire. Romak\u00ebt n\u00eb Ulqin kan\u00eb sjell\u00eb veteran\u00ebt t\u00eb cil\u00ebt g\u00ebzonin po ato t\u00eb drejta civile dhe qytetare, si n\u00eb qytetet tjera t\u00eb Perandoris\u00eb Romake.<br \/>\nPeriudha m\u00eb e err\u00ebt e Kalas\u00eb \u00ebsht\u00eb n\u00eb shekullin VII-XI me ardhjen e sllav\u00ebve n\u00eb Gadishullin Ballkanik. Mir\u00ebpo gjat\u00eb gjith\u00eb k\u00ebsaj periudh\u00eb ajo ruajti identitetin e vet dhe g\u00ebzoi nj\u00eb autonomi edhe kur Zet\u00ebn e pushton Stefan Nemanja me 1183. Mbishkrimet n\u00eb monumentet kulturo \u2013 historike d\u00ebshmojn\u00eb p\u00ebr k\u00ebt\u00eb. Deri me 1403 mbizot\u00ebruese ka qen\u00eb feja katolike, t\u00eb cil\u00ebn e kan\u00eb pranuar edhe pushtuesit sllav\u00eb. Ka t\u00eb dh\u00ebna q\u00eb flasin se Kalaja prosperitetin m\u00eb t\u00eb madh ekonomik n\u00eb historin\u00eb e saj e arriti n\u00eb koh\u00ebn e Ballshajve (1363-1421). Gjergj Ballsha nd\u00ebrton pallate t\u00eb ndryshme dhe kisha. N\u00eb Kull\u00ebn e Ballshajve ka jetuar dhe vepruar reformatori i Talmudit, i famshmi Sabatej Cevi, n\u00eb koh\u00ebn e sundimit Osman, i cili n\u00eb vitin 1666 kalon n\u00eb Islam dhe me emrin e tij Mehmet Efendija jeton deri n\u00eb vdekje, me 1676.<\/p>\n<p>N\u00eb vitin 1421 Kalaja kalon n\u00ebn Venedikun dhe pa dyshim e humb rolin dhe vler\u00ebn t\u00eb cil\u00ebn e ka pasur m\u00eb par\u00eb. Mbetet si nj\u00eb k\u00ebshtjell\u00eb e fortifikuar me bedena por pa r\u00ebnd\u00ebsi politike n\u00eb k\u00ebto vise.<\/p>\n<p>Le t\u00eb jet\u00eb ky nj\u00eb mesazh i k\u00ebtij takimi si porosi, qe te vazhdohet ne k\u00ebt\u00eb stil, qe te rritet dhe kultivohet kultura jone edhe ne zezonat verore. Le te mbeten edhe turistet te k\u00ebnaqur dhe te pajisur edhe me nj\u00eb kujtes\u00eb kulturore artistike nga Ulqini yn\u00eb i mrekulluesh\u00ebm .<\/p>\n<p><iframe loading=\"lazy\" width=\"508\" height=\"360\" src=\"\/\/www.youtube.com\/embed\/-Xvh0zb4Q0E?list=UUChjLVaOc2u4zy3G8CPGIhQ\" frameborder=\"0\" allowfullscreen><\/iframe><\/p>\n<p>&nbsp;<\/p>\n","protected":false},"excerpt":{"rendered":"<p>Ismet Karamanaga dha nj\u00eb kontribut lidhur me historikun e k\u00ebsaj kalaje e nder t\u00eb tjera tha: Kjo kala ka nj\u00eb histori, ku secili gur mund t\u00eb flas\u00eb p\u00ebr nj\u00eb t\u00eb kaluar t\u00eb bujshme, \u00ebsht\u00eb nd\u00ebr m\u00eb t\u00eb vjetrat dhe m\u00eb atraktivet n\u00eb k\u00ebt\u00eb pjes\u00eb t\u00eb Mediteranit. Shk\u00ebmbinjt\u00eb mbi t\u00eb cil\u00ebt ngrit\u00ebn lart muret dhe bedenat [&hellip;]<\/p>\n","protected":false},"author":1,"featured_media":0,"comment_status":"closed","ping_status":"closed","sticky":false,"template":"","format":"standard","meta":{"spay_email":"","jetpack_publicize_message":"","jetpack_is_tweetstorm":false,"jetpack_publicize_feature_enabled":true},"categories":[5],"tags":[],"jetpack_publicize_connections":[],"yoast_head":"<!-- This site is optimized with the Yoast SEO plugin v19.1 - https:\/\/yoast.com\/wordpress\/plugins\/seo\/ -->\n<title>Ismet Karamanga n\u00eb emisonin Flladi - Kalaja e Ulqinit &amp; Pirates - Lajme nga Ulqini<\/title>\n<meta name=\"description\" content=\"Ismet Karamanaga dha nj\u00eb kontribut lidhur me historikun e k\u00ebsaj kalaje e nder t\u00eb tjera tha: Kjo kala ka nj\u00eb histori, ku secili gur mund t\u00eb flas\u00eb p\u00ebr nj\u00eb\" \/>\n<meta name=\"robots\" content=\"index, follow, max-snippet:-1, max-image-preview:large, max-video-preview:-1\" \/>\n<link rel=\"canonical\" href=\"https:\/\/www.visit-ulcinj.com\/blog\/2013\/07\/08\/ismet-karamanga-ne-emisonin-flladi-kalaja-e-ulqinit-pirates\/\" \/>\n<meta property=\"og:locale\" content=\"en_US\" \/>\n<meta property=\"og:type\" content=\"article\" \/>\n<meta property=\"og:title\" content=\"Ismet Karamanga n\u00eb emisonin Flladi - Kalaja e Ulqinit &amp; Pirates - Lajme nga Ulqini\" \/>\n<meta property=\"og:description\" content=\"Ismet Karamanaga dha nj\u00eb kontribut lidhur me historikun e k\u00ebsaj kalaje e nder t\u00eb tjera tha: Kjo kala ka nj\u00eb histori, ku secili gur mund t\u00eb flas\u00eb p\u00ebr nj\u00eb\" \/>\n<meta property=\"og:url\" content=\"https:\/\/www.visit-ulcinj.com\/blog\/2013\/07\/08\/ismet-karamanga-ne-emisonin-flladi-kalaja-e-ulqinit-pirates\/\" \/>\n<meta property=\"og:site_name\" content=\"Lajme nga Ulqini\" \/>\n<meta property=\"article:published_time\" content=\"2013-07-08T16:11:15+00:00\" \/>\n<meta property=\"article:modified_time\" content=\"2013-07-08T16:11:56+00:00\" \/>\n<meta property=\"og:image\" content=\"http:\/\/www.visit-ulcinj.com\/blog\/wp-content\/uploads\/2013\/07\/ismet-karamanaga-emisioni-flladi-ulqin.jpg\" \/>\n<meta name=\"twitter:label1\" content=\"Written by\" \/>\n\t<meta name=\"twitter:data1\" content=\"ulqini\" \/>\n\t<meta name=\"twitter:label2\" content=\"Est. reading time\" \/>\n\t<meta name=\"twitter:data2\" content=\"3 minutes\" \/>\n<script type=\"application\/ld+json\" class=\"yoast-schema-graph\">{\"@context\":\"https:\/\/schema.org\",\"@graph\":[{\"@type\":\"WebSite\",\"@id\":\"https:\/\/www.visit-ulcinj.com\/blog\/#website\",\"url\":\"https:\/\/www.visit-ulcinj.com\/blog\/\",\"name\":\"Lajme nga Ulqini\",\"description\":\"Lajme,Vijesti,Ulqini,Ulqin,Crna Gora,Mali i Zi\",\"potentialAction\":[{\"@type\":\"SearchAction\",\"target\":{\"@type\":\"EntryPoint\",\"urlTemplate\":\"https:\/\/www.visit-ulcinj.com\/blog\/?s={search_term_string}\"},\"query-input\":\"required name=search_term_string\"}],\"inLanguage\":\"en-US\"},{\"@type\":\"ImageObject\",\"inLanguage\":\"en-US\",\"@id\":\"https:\/\/www.visit-ulcinj.com\/blog\/2013\/07\/08\/ismet-karamanga-ne-emisonin-flladi-kalaja-e-ulqinit-pirates\/#primaryimage\",\"url\":\"https:\/\/www.visit-ulcinj.com\/blog\/wp-content\/uploads\/2013\/07\/ismet-karamanaga-emisioni-flladi-ulqin.jpg\",\"contentUrl\":\"https:\/\/www.visit-ulcinj.com\/blog\/wp-content\/uploads\/2013\/07\/ismet-karamanaga-emisioni-flladi-ulqin.jpg\",\"width\":523,\"height\":386},{\"@type\":\"WebPage\",\"@id\":\"https:\/\/www.visit-ulcinj.com\/blog\/2013\/07\/08\/ismet-karamanga-ne-emisonin-flladi-kalaja-e-ulqinit-pirates\/#webpage\",\"url\":\"https:\/\/www.visit-ulcinj.com\/blog\/2013\/07\/08\/ismet-karamanga-ne-emisonin-flladi-kalaja-e-ulqinit-pirates\/\",\"name\":\"Ismet Karamanga n\u00eb emisonin Flladi - Kalaja e Ulqinit & Pirates - Lajme nga Ulqini\",\"isPartOf\":{\"@id\":\"https:\/\/www.visit-ulcinj.com\/blog\/#website\"},\"primaryImageOfPage\":{\"@id\":\"https:\/\/www.visit-ulcinj.com\/blog\/2013\/07\/08\/ismet-karamanga-ne-emisonin-flladi-kalaja-e-ulqinit-pirates\/#primaryimage\"},\"datePublished\":\"2013-07-08T16:11:15+00:00\",\"dateModified\":\"2013-07-08T16:11:56+00:00\",\"author\":{\"@id\":\"https:\/\/www.visit-ulcinj.com\/blog\/#\/schema\/person\/dcab619c614d3038751c63bc2aadc06d\"},\"description\":\"Ismet Karamanaga dha nj\u00eb kontribut lidhur me historikun e k\u00ebsaj kalaje e nder t\u00eb tjera tha: Kjo kala ka nj\u00eb histori, ku secili gur mund t\u00eb flas\u00eb p\u00ebr nj\u00eb\",\"breadcrumb\":{\"@id\":\"https:\/\/www.visit-ulcinj.com\/blog\/2013\/07\/08\/ismet-karamanga-ne-emisonin-flladi-kalaja-e-ulqinit-pirates\/#breadcrumb\"},\"inLanguage\":\"en-US\",\"potentialAction\":[{\"@type\":\"ReadAction\",\"target\":[\"https:\/\/www.visit-ulcinj.com\/blog\/2013\/07\/08\/ismet-karamanga-ne-emisonin-flladi-kalaja-e-ulqinit-pirates\/\"]}]},{\"@type\":\"BreadcrumbList\",\"@id\":\"https:\/\/www.visit-ulcinj.com\/blog\/2013\/07\/08\/ismet-karamanga-ne-emisonin-flladi-kalaja-e-ulqinit-pirates\/#breadcrumb\",\"itemListElement\":[{\"@type\":\"ListItem\",\"position\":1,\"name\":\"Ismet Karamanga n\u00eb emisonin Flladi &#8211; Kalaja e Ulqinit &#038; Pirates\"}]},{\"@type\":\"Person\",\"@id\":\"https:\/\/www.visit-ulcinj.com\/blog\/#\/schema\/person\/dcab619c614d3038751c63bc2aadc06d\",\"name\":\"ulqini\",\"sameAs\":[\"http:\/\/www.visit-ulcinj.com\"],\"url\":\"https:\/\/www.visit-ulcinj.com\/blog\/author\/admin\/\"}]}<\/script>\n<!-- \/ Yoast SEO plugin. -->","yoast_head_json":{"title":"Ismet Karamanga n\u00eb emisonin Flladi - Kalaja e Ulqinit & Pirates - Lajme nga Ulqini","description":"Ismet Karamanaga dha nj\u00eb kontribut lidhur me historikun e k\u00ebsaj kalaje e nder t\u00eb tjera tha: Kjo kala ka nj\u00eb histori, ku secili gur mund t\u00eb flas\u00eb p\u00ebr nj\u00eb","robots":{"index":"index","follow":"follow","max-snippet":"max-snippet:-1","max-image-preview":"max-image-preview:large","max-video-preview":"max-video-preview:-1"},"canonical":"https:\/\/www.visit-ulcinj.com\/blog\/2013\/07\/08\/ismet-karamanga-ne-emisonin-flladi-kalaja-e-ulqinit-pirates\/","og_locale":"en_US","og_type":"article","og_title":"Ismet Karamanga n\u00eb emisonin Flladi - Kalaja e Ulqinit & Pirates - Lajme nga Ulqini","og_description":"Ismet Karamanaga dha nj\u00eb kontribut lidhur me historikun e k\u00ebsaj kalaje e nder t\u00eb tjera tha: Kjo kala ka nj\u00eb histori, ku secili gur mund t\u00eb flas\u00eb p\u00ebr nj\u00eb","og_url":"https:\/\/www.visit-ulcinj.com\/blog\/2013\/07\/08\/ismet-karamanga-ne-emisonin-flladi-kalaja-e-ulqinit-pirates\/","og_site_name":"Lajme nga Ulqini","article_published_time":"2013-07-08T16:11:15+00:00","article_modified_time":"2013-07-08T16:11:56+00:00","og_image":[{"url":"http:\/\/www.visit-ulcinj.com\/blog\/wp-content\/uploads\/2013\/07\/ismet-karamanaga-emisioni-flladi-ulqin.jpg"}],"twitter_misc":{"Written by":"ulqini","Est. reading time":"3 minutes"},"schema":{"@context":"https:\/\/schema.org","@graph":[{"@type":"WebSite","@id":"https:\/\/www.visit-ulcinj.com\/blog\/#website","url":"https:\/\/www.visit-ulcinj.com\/blog\/","name":"Lajme nga Ulqini","description":"Lajme,Vijesti,Ulqini,Ulqin,Crna Gora,Mali i Zi","potentialAction":[{"@type":"SearchAction","target":{"@type":"EntryPoint","urlTemplate":"https:\/\/www.visit-ulcinj.com\/blog\/?s={search_term_string}"},"query-input":"required name=search_term_string"}],"inLanguage":"en-US"},{"@type":"ImageObject","inLanguage":"en-US","@id":"https:\/\/www.visit-ulcinj.com\/blog\/2013\/07\/08\/ismet-karamanga-ne-emisonin-flladi-kalaja-e-ulqinit-pirates\/#primaryimage","url":"https:\/\/www.visit-ulcinj.com\/blog\/wp-content\/uploads\/2013\/07\/ismet-karamanaga-emisioni-flladi-ulqin.jpg","contentUrl":"https:\/\/www.visit-ulcinj.com\/blog\/wp-content\/uploads\/2013\/07\/ismet-karamanaga-emisioni-flladi-ulqin.jpg","width":523,"height":386},{"@type":"WebPage","@id":"https:\/\/www.visit-ulcinj.com\/blog\/2013\/07\/08\/ismet-karamanga-ne-emisonin-flladi-kalaja-e-ulqinit-pirates\/#webpage","url":"https:\/\/www.visit-ulcinj.com\/blog\/2013\/07\/08\/ismet-karamanga-ne-emisonin-flladi-kalaja-e-ulqinit-pirates\/","name":"Ismet Karamanga n\u00eb emisonin Flladi - Kalaja e Ulqinit & Pirates - Lajme nga Ulqini","isPartOf":{"@id":"https:\/\/www.visit-ulcinj.com\/blog\/#website"},"primaryImageOfPage":{"@id":"https:\/\/www.visit-ulcinj.com\/blog\/2013\/07\/08\/ismet-karamanga-ne-emisonin-flladi-kalaja-e-ulqinit-pirates\/#primaryimage"},"datePublished":"2013-07-08T16:11:15+00:00","dateModified":"2013-07-08T16:11:56+00:00","author":{"@id":"https:\/\/www.visit-ulcinj.com\/blog\/#\/schema\/person\/dcab619c614d3038751c63bc2aadc06d"},"description":"Ismet Karamanaga dha nj\u00eb kontribut lidhur me historikun e k\u00ebsaj kalaje e nder t\u00eb tjera tha: Kjo kala ka nj\u00eb histori, ku secili gur mund t\u00eb flas\u00eb p\u00ebr nj\u00eb","breadcrumb":{"@id":"https:\/\/www.visit-ulcinj.com\/blog\/2013\/07\/08\/ismet-karamanga-ne-emisonin-flladi-kalaja-e-ulqinit-pirates\/#breadcrumb"},"inLanguage":"en-US","potentialAction":[{"@type":"ReadAction","target":["https:\/\/www.visit-ulcinj.com\/blog\/2013\/07\/08\/ismet-karamanga-ne-emisonin-flladi-kalaja-e-ulqinit-pirates\/"]}]},{"@type":"BreadcrumbList","@id":"https:\/\/www.visit-ulcinj.com\/blog\/2013\/07\/08\/ismet-karamanga-ne-emisonin-flladi-kalaja-e-ulqinit-pirates\/#breadcrumb","itemListElement":[{"@type":"ListItem","position":1,"name":"Ismet Karamanga n\u00eb emisonin Flladi &#8211; Kalaja e Ulqinit &#038; Pirates"}]},{"@type":"Person","@id":"https:\/\/www.visit-ulcinj.com\/blog\/#\/schema\/person\/dcab619c614d3038751c63bc2aadc06d","name":"ulqini","sameAs":["http:\/\/www.visit-ulcinj.com"],"url":"https:\/\/www.visit-ulcinj.com\/blog\/author\/admin\/"}]}},"jetpack_featured_media_url":"","jetpack_sharing_enabled":true,"jetpack_shortlink":"https:\/\/wp.me\/pe6lTn-j0M","_links":{"self":[{"href":"https:\/\/www.visit-ulcinj.com\/blog\/wp-json\/wp\/v2\/posts\/73084"}],"collection":[{"href":"https:\/\/www.visit-ulcinj.com\/blog\/wp-json\/wp\/v2\/posts"}],"about":[{"href":"https:\/\/www.visit-ulcinj.com\/blog\/wp-json\/wp\/v2\/types\/post"}],"author":[{"embeddable":true,"href":"https:\/\/www.visit-ulcinj.com\/blog\/wp-json\/wp\/v2\/users\/1"}],"replies":[{"embeddable":true,"href":"https:\/\/www.visit-ulcinj.com\/blog\/wp-json\/wp\/v2\/comments?post=73084"}],"version-history":[{"count":2,"href":"https:\/\/www.visit-ulcinj.com\/blog\/wp-json\/wp\/v2\/posts\/73084\/revisions"}],"predecessor-version":[{"id":73088,"href":"https:\/\/www.visit-ulcinj.com\/blog\/wp-json\/wp\/v2\/posts\/73084\/revisions\/73088"}],"wp:attachment":[{"href":"https:\/\/www.visit-ulcinj.com\/blog\/wp-json\/wp\/v2\/media?parent=73084"}],"wp:term":[{"taxonomy":"category","embeddable":true,"href":"https:\/\/www.visit-ulcinj.com\/blog\/wp-json\/wp\/v2\/categories?post=73084"},{"taxonomy":"post_tag","embeddable":true,"href":"https:\/\/www.visit-ulcinj.com\/blog\/wp-json\/wp\/v2\/tags?post=73084"}],"curies":[{"name":"wp","href":"https:\/\/api.w.org\/{rel}","templated":true}]}}