{"id":73094,"date":"2013-07-08T18:05:18","date_gmt":"2013-07-08T17:05:18","guid":{"rendered":"http:\/\/www.visit-ulcinj.com\/blog\/?p=73094"},"modified":"2013-07-08T18:05:36","modified_gmt":"2013-07-08T17:05:36","slug":"forca-bs-i-hgi-zajednicki-stav-o-rebalansu","status":"publish","type":"post","link":"https:\/\/www.visit-ulcinj.com\/blog\/2013\/07\/08\/forca-bs-i-hgi-zajednicki-stav-o-rebalansu\/","title":{"rendered":"Forca, BS i HGI zajedni\u010dki stav o rebalansu"},"content":{"rendered":"<p><a href=\"http:\/\/www.visit-ulcinj.com\/blog\/wp-content\/uploads\/2013\/07\/Forca-BS-i-HGI.jpg\"><img loading=\"lazy\" class=\"alignleft  wp-image-73095\" alt=\"Forca, BS i HGI\" src=\"http:\/\/www.visit-ulcinj.com\/blog\/wp-content\/uploads\/2013\/07\/Forca-BS-i-HGI.jpg\" width=\"508\" height=\"360\" \/><\/a>Manjinske partije \u0107e zauzeti zajedni\u010dki stav i oko najavljenog rebalansa dr\u017eavnog bud\u017eeta, dogovoreno je na sastanku predstavnika Bo\u0161nja\u010dke stranke, Force i Hrvatske gra\u0111anske inicijative.<\/p>\n<p>Predstavnici tih partija su ocjenili da je potrebno nastaviti saradnju manjinskih partija i rad oko zajedni\u010dkih projekata koji se ti\u010du unaprijedjenja polo\u017eaja manjinskih naroda, kao i njihove zastupljenosti u institucijama.<\/p>\n<p>Kako je saop\u0161teno iz tih partija, na sastanku odr\u017eanom u Podgorici, predstavnici tri partije analizirali su politi\u010dku i ekonomsku situaciju u Crnoj Gori.<\/p>\n<p>&#8220;U tom kontekstu dogovorili dalje djelovanje u cilju dono\u0161enja zajedni\u010dkih odluka koja se ti\u010du politi\u010dkih i dru\u0161tvenih odnosa&#8221;, stoji u saop\u0161tenju.<\/p>\n<p>Na sastanku je iskazana puna podr\u0161ka demokratskim i reformskim procesima u dru\u0161tvu, kao i spremnost za puni doprinos daljim evropskim i NATO integracijama Crne Gore.<\/p>\n<p>&#8220;Dogovorena je dalja saradnja njihovih predstavnika, na svim nivoima, a posebno oko budu\u0107ih ustavnih promjena, kao i va\u017enih zakonskih projekata u skup\u0161tinskoj proceduri. Manjinske partije \u0107e zauzeti zajedni\u010dki stav i oko najavljenog rebalansa dr\u017eavnog Bud\u017eeta&#8221;, saop\u0161teno je nakon sastanka manjiskih partija.<\/p>\n<p>Sastanku su prisustvovali Rafet Husovi\u0107, predsjednik Bo\u0161nja\u010dke stranke i potpredsjednik Vlade, Suljo Mustafi\u0107 \u010dlan Predsjedni\u0161tva BS i potpredsjednik Skup\u0161tine Crne Gore, predsjednik Force i predsjednik SO Ulcinj Nazif Cungu, potpredsjednik Force i poslanik Genci Nimanbegu, predsjednica HGI i ministrica u Vladi Marija Vu\u010dinovi\u0107 i poslanica HGI Ljerka Dragi\u0107evi\u0107.<\/p>\n<p>&nbsp;<\/p>\n<p><strong>RTCG<\/strong><\/p>\n","protected":false},"excerpt":{"rendered":"<p>Manjinske partije \u0107e zauzeti zajedni\u010dki stav i oko najavljenog rebalansa dr\u017eavnog bud\u017eeta, dogovoreno je na sastanku predstavnika Bo\u0161nja\u010dke stranke, Force i Hrvatske gra\u0111anske inicijative. Predstavnici tih partija su ocjenili da je potrebno nastaviti saradnju manjinskih partija i rad oko zajedni\u010dkih projekata koji se ti\u010du unaprijedjenja polo\u017eaja manjinskih naroda, kao i njihove zastupljenosti u institucijama. Kako [&hellip;]<\/p>\n","protected":false},"author":1,"featured_media":0,"comment_status":"closed","ping_status":"closed","sticky":false,"template":"","format":"standard","meta":{"spay_email":"","jetpack_publicize_message":"","jetpack_is_tweetstorm":false,"jetpack_publicize_feature_enabled":true},"categories":[6950],"tags":[],"jetpack_publicize_connections":[],"yoast_head":"<!-- This site is optimized with the Yoast SEO plugin v19.1 - https:\/\/yoast.com\/wordpress\/plugins\/seo\/ -->\n<title>Forca, BS i HGI zajedni\u010dki stav o rebalansu - Lajme nga Ulqini<\/title>\n<meta name=\"description\" content=\"Manjinske partije \u0107e zauzeti zajedni\u010dki stav i oko najavljenog rebalansa dr\u017eavnog bud\u017eeta, dogovoreno je na sastanku predstavnika Bo\u0161nja\u010dke stranke, Force\" \/>\n<meta name=\"robots\" content=\"index, follow, max-snippet:-1, max-image-preview:large, max-video-preview:-1\" \/>\n<link rel=\"canonical\" href=\"https:\/\/www.visit-ulcinj.com\/blog\/2013\/07\/08\/forca-bs-i-hgi-zajednicki-stav-o-rebalansu\/\" \/>\n<meta property=\"og:locale\" content=\"en_US\" \/>\n<meta property=\"og:type\" content=\"article\" \/>\n<meta property=\"og:title\" content=\"Forca, BS i HGI zajedni\u010dki stav o rebalansu - Lajme nga Ulqini\" \/>\n<meta property=\"og:description\" content=\"Manjinske partije \u0107e zauzeti zajedni\u010dki stav i oko najavljenog rebalansa dr\u017eavnog bud\u017eeta, dogovoreno je na sastanku predstavnika Bo\u0161nja\u010dke stranke, Force\" \/>\n<meta property=\"og:url\" content=\"https:\/\/www.visit-ulcinj.com\/blog\/2013\/07\/08\/forca-bs-i-hgi-zajednicki-stav-o-rebalansu\/\" \/>\n<meta property=\"og:site_name\" content=\"Lajme nga Ulqini\" \/>\n<meta property=\"article:published_time\" content=\"2013-07-08T17:05:18+00:00\" \/>\n<meta property=\"article:modified_time\" content=\"2013-07-08T17:05:36+00:00\" \/>\n<meta property=\"og:image\" content=\"http:\/\/www.visit-ulcinj.com\/blog\/wp-content\/uploads\/2013\/07\/Forca-BS-i-HGI.jpg\" \/>\n<meta name=\"twitter:label1\" content=\"Written by\" \/>\n\t<meta name=\"twitter:data1\" content=\"ulqini\" \/>\n\t<meta name=\"twitter:label2\" content=\"Est. reading time\" \/>\n\t<meta name=\"twitter:data2\" content=\"1 minute\" \/>\n<script type=\"application\/ld+json\" class=\"yoast-schema-graph\">{\"@context\":\"https:\/\/schema.org\",\"@graph\":[{\"@type\":\"WebSite\",\"@id\":\"https:\/\/www.visit-ulcinj.com\/blog\/#website\",\"url\":\"https:\/\/www.visit-ulcinj.com\/blog\/\",\"name\":\"Lajme nga Ulqini\",\"description\":\"Lajme,Vijesti,Ulqini,Ulqin,Crna Gora,Mali i Zi\",\"potentialAction\":[{\"@type\":\"SearchAction\",\"target\":{\"@type\":\"EntryPoint\",\"urlTemplate\":\"https:\/\/www.visit-ulcinj.com\/blog\/?s={search_term_string}\"},\"query-input\":\"required name=search_term_string\"}],\"inLanguage\":\"en-US\"},{\"@type\":\"ImageObject\",\"inLanguage\":\"en-US\",\"@id\":\"https:\/\/www.visit-ulcinj.com\/blog\/2013\/07\/08\/forca-bs-i-hgi-zajednicki-stav-o-rebalansu\/#primaryimage\",\"url\":\"https:\/\/www.visit-ulcinj.com\/blog\/wp-content\/uploads\/2013\/07\/Forca-BS-i-HGI.jpg\",\"contentUrl\":\"https:\/\/www.visit-ulcinj.com\/blog\/wp-content\/uploads\/2013\/07\/Forca-BS-i-HGI.jpg\",\"width\":667,\"height\":500},{\"@type\":\"WebPage\",\"@id\":\"https:\/\/www.visit-ulcinj.com\/blog\/2013\/07\/08\/forca-bs-i-hgi-zajednicki-stav-o-rebalansu\/#webpage\",\"url\":\"https:\/\/www.visit-ulcinj.com\/blog\/2013\/07\/08\/forca-bs-i-hgi-zajednicki-stav-o-rebalansu\/\",\"name\":\"Forca, BS i HGI zajedni\u010dki stav o rebalansu - Lajme nga Ulqini\",\"isPartOf\":{\"@id\":\"https:\/\/www.visit-ulcinj.com\/blog\/#website\"},\"primaryImageOfPage\":{\"@id\":\"https:\/\/www.visit-ulcinj.com\/blog\/2013\/07\/08\/forca-bs-i-hgi-zajednicki-stav-o-rebalansu\/#primaryimage\"},\"datePublished\":\"2013-07-08T17:05:18+00:00\",\"dateModified\":\"2013-07-08T17:05:36+00:00\",\"author\":{\"@id\":\"https:\/\/www.visit-ulcinj.com\/blog\/#\/schema\/person\/dcab619c614d3038751c63bc2aadc06d\"},\"description\":\"Manjinske partije \u0107e zauzeti zajedni\u010dki stav i oko najavljenog rebalansa dr\u017eavnog bud\u017eeta, dogovoreno je na sastanku predstavnika Bo\u0161nja\u010dke stranke, Force\",\"breadcrumb\":{\"@id\":\"https:\/\/www.visit-ulcinj.com\/blog\/2013\/07\/08\/forca-bs-i-hgi-zajednicki-stav-o-rebalansu\/#breadcrumb\"},\"inLanguage\":\"en-US\",\"potentialAction\":[{\"@type\":\"ReadAction\",\"target\":[\"https:\/\/www.visit-ulcinj.com\/blog\/2013\/07\/08\/forca-bs-i-hgi-zajednicki-stav-o-rebalansu\/\"]}]},{\"@type\":\"BreadcrumbList\",\"@id\":\"https:\/\/www.visit-ulcinj.com\/blog\/2013\/07\/08\/forca-bs-i-hgi-zajednicki-stav-o-rebalansu\/#breadcrumb\",\"itemListElement\":[{\"@type\":\"ListItem\",\"position\":1,\"name\":\"Forca, BS i HGI zajedni\u010dki stav o rebalansu\"}]},{\"@type\":\"Person\",\"@id\":\"https:\/\/www.visit-ulcinj.com\/blog\/#\/schema\/person\/dcab619c614d3038751c63bc2aadc06d\",\"name\":\"ulqini\",\"sameAs\":[\"http:\/\/www.visit-ulcinj.com\"],\"url\":\"https:\/\/www.visit-ulcinj.com\/blog\/author\/admin\/\"}]}<\/script>\n<!-- \/ Yoast SEO plugin. -->","yoast_head_json":{"title":"Forca, BS i HGI zajedni\u010dki stav o rebalansu - Lajme nga Ulqini","description":"Manjinske partije \u0107e zauzeti zajedni\u010dki stav i oko najavljenog rebalansa dr\u017eavnog bud\u017eeta, dogovoreno je na sastanku predstavnika Bo\u0161nja\u010dke stranke, Force","robots":{"index":"index","follow":"follow","max-snippet":"max-snippet:-1","max-image-preview":"max-image-preview:large","max-video-preview":"max-video-preview:-1"},"canonical":"https:\/\/www.visit-ulcinj.com\/blog\/2013\/07\/08\/forca-bs-i-hgi-zajednicki-stav-o-rebalansu\/","og_locale":"en_US","og_type":"article","og_title":"Forca, BS i HGI zajedni\u010dki stav o rebalansu - Lajme nga Ulqini","og_description":"Manjinske partije \u0107e zauzeti zajedni\u010dki stav i oko najavljenog rebalansa dr\u017eavnog bud\u017eeta, dogovoreno je na sastanku predstavnika Bo\u0161nja\u010dke stranke, Force","og_url":"https:\/\/www.visit-ulcinj.com\/blog\/2013\/07\/08\/forca-bs-i-hgi-zajednicki-stav-o-rebalansu\/","og_site_name":"Lajme nga Ulqini","article_published_time":"2013-07-08T17:05:18+00:00","article_modified_time":"2013-07-08T17:05:36+00:00","og_image":[{"url":"http:\/\/www.visit-ulcinj.com\/blog\/wp-content\/uploads\/2013\/07\/Forca-BS-i-HGI.jpg"}],"twitter_misc":{"Written by":"ulqini","Est. reading time":"1 minute"},"schema":{"@context":"https:\/\/schema.org","@graph":[{"@type":"WebSite","@id":"https:\/\/www.visit-ulcinj.com\/blog\/#website","url":"https:\/\/www.visit-ulcinj.com\/blog\/","name":"Lajme nga Ulqini","description":"Lajme,Vijesti,Ulqini,Ulqin,Crna Gora,Mali i Zi","potentialAction":[{"@type":"SearchAction","target":{"@type":"EntryPoint","urlTemplate":"https:\/\/www.visit-ulcinj.com\/blog\/?s={search_term_string}"},"query-input":"required name=search_term_string"}],"inLanguage":"en-US"},{"@type":"ImageObject","inLanguage":"en-US","@id":"https:\/\/www.visit-ulcinj.com\/blog\/2013\/07\/08\/forca-bs-i-hgi-zajednicki-stav-o-rebalansu\/#primaryimage","url":"https:\/\/www.visit-ulcinj.com\/blog\/wp-content\/uploads\/2013\/07\/Forca-BS-i-HGI.jpg","contentUrl":"https:\/\/www.visit-ulcinj.com\/blog\/wp-content\/uploads\/2013\/07\/Forca-BS-i-HGI.jpg","width":667,"height":500},{"@type":"WebPage","@id":"https:\/\/www.visit-ulcinj.com\/blog\/2013\/07\/08\/forca-bs-i-hgi-zajednicki-stav-o-rebalansu\/#webpage","url":"https:\/\/www.visit-ulcinj.com\/blog\/2013\/07\/08\/forca-bs-i-hgi-zajednicki-stav-o-rebalansu\/","name":"Forca, BS i HGI zajedni\u010dki stav o rebalansu - Lajme nga Ulqini","isPartOf":{"@id":"https:\/\/www.visit-ulcinj.com\/blog\/#website"},"primaryImageOfPage":{"@id":"https:\/\/www.visit-ulcinj.com\/blog\/2013\/07\/08\/forca-bs-i-hgi-zajednicki-stav-o-rebalansu\/#primaryimage"},"datePublished":"2013-07-08T17:05:18+00:00","dateModified":"2013-07-08T17:05:36+00:00","author":{"@id":"https:\/\/www.visit-ulcinj.com\/blog\/#\/schema\/person\/dcab619c614d3038751c63bc2aadc06d"},"description":"Manjinske partije \u0107e zauzeti zajedni\u010dki stav i oko najavljenog rebalansa dr\u017eavnog bud\u017eeta, dogovoreno je na sastanku predstavnika Bo\u0161nja\u010dke stranke, Force","breadcrumb":{"@id":"https:\/\/www.visit-ulcinj.com\/blog\/2013\/07\/08\/forca-bs-i-hgi-zajednicki-stav-o-rebalansu\/#breadcrumb"},"inLanguage":"en-US","potentialAction":[{"@type":"ReadAction","target":["https:\/\/www.visit-ulcinj.com\/blog\/2013\/07\/08\/forca-bs-i-hgi-zajednicki-stav-o-rebalansu\/"]}]},{"@type":"BreadcrumbList","@id":"https:\/\/www.visit-ulcinj.com\/blog\/2013\/07\/08\/forca-bs-i-hgi-zajednicki-stav-o-rebalansu\/#breadcrumb","itemListElement":[{"@type":"ListItem","position":1,"name":"Forca, BS i HGI zajedni\u010dki stav o rebalansu"}]},{"@type":"Person","@id":"https:\/\/www.visit-ulcinj.com\/blog\/#\/schema\/person\/dcab619c614d3038751c63bc2aadc06d","name":"ulqini","sameAs":["http:\/\/www.visit-ulcinj.com"],"url":"https:\/\/www.visit-ulcinj.com\/blog\/author\/admin\/"}]}},"jetpack_featured_media_url":"","jetpack_sharing_enabled":true,"jetpack_shortlink":"https:\/\/wp.me\/pe6lTn-j0W","_links":{"self":[{"href":"https:\/\/www.visit-ulcinj.com\/blog\/wp-json\/wp\/v2\/posts\/73094"}],"collection":[{"href":"https:\/\/www.visit-ulcinj.com\/blog\/wp-json\/wp\/v2\/posts"}],"about":[{"href":"https:\/\/www.visit-ulcinj.com\/blog\/wp-json\/wp\/v2\/types\/post"}],"author":[{"embeddable":true,"href":"https:\/\/www.visit-ulcinj.com\/blog\/wp-json\/wp\/v2\/users\/1"}],"replies":[{"embeddable":true,"href":"https:\/\/www.visit-ulcinj.com\/blog\/wp-json\/wp\/v2\/comments?post=73094"}],"version-history":[{"count":2,"href":"https:\/\/www.visit-ulcinj.com\/blog\/wp-json\/wp\/v2\/posts\/73094\/revisions"}],"predecessor-version":[{"id":73097,"href":"https:\/\/www.visit-ulcinj.com\/blog\/wp-json\/wp\/v2\/posts\/73094\/revisions\/73097"}],"wp:attachment":[{"href":"https:\/\/www.visit-ulcinj.com\/blog\/wp-json\/wp\/v2\/media?parent=73094"}],"wp:term":[{"taxonomy":"category","embeddable":true,"href":"https:\/\/www.visit-ulcinj.com\/blog\/wp-json\/wp\/v2\/categories?post=73094"},{"taxonomy":"post_tag","embeddable":true,"href":"https:\/\/www.visit-ulcinj.com\/blog\/wp-json\/wp\/v2\/tags?post=73094"}],"curies":[{"name":"wp","href":"https:\/\/api.w.org\/{rel}","templated":true}]}}