{"id":73098,"date":"2013-07-08T18:22:05","date_gmt":"2013-07-08T17:22:05","guid":{"rendered":"http:\/\/www.visit-ulcinj.com\/blog\/?p=73098"},"modified":"2013-07-08T18:22:24","modified_gmt":"2013-07-08T17:22:24","slug":"u-perurua-xhamia-e-rinovuar-e-fshatit-kllezna","status":"publish","type":"post","link":"https:\/\/www.visit-ulcinj.com\/blog\/2013\/07\/08\/u-perurua-xhamia-e-rinovuar-e-fshatit-kllezna\/","title":{"rendered":"U p\u00ebrurua xhamia e rinovuar e fshatit Kllezna"},"content":{"rendered":"<p><b><a href=\"http:\/\/www.visit-ulcinj.com\/blog\/wp-content\/uploads\/2013\/07\/Xhamia-e-rinovuar-e-fshatit-Kllezna.jpg\"><img loading=\"lazy\" class=\"alignleft  wp-image-73099\" alt=\"Xhamia e rinovuar e fshatit Kllezna\" src=\"http:\/\/www.visit-ulcinj.com\/blog\/wp-content\/uploads\/2013\/07\/Xhamia-e-rinovuar-e-fshatit-Kllezna.jpg\" width=\"508\" height=\"360\" \/><\/a>Ulqin<\/b>\u00a0 \u2013 T\u00eb shtun\u00ebn, m\u00eb 06.07.2013, solemnisht \u00ebsht\u00eb hapur xhamia e renovuar e fshatit Kllezna, K\u00ebshilli i BI Ulqin. Kjo xhami, sipas t\u00eb dh\u00ebnave, p\u00ebr her\u00eb t\u00eb par\u00eb \u00ebsht\u00eb nd\u00ebrtuar n\u00eb vitin 1917, megjithse ka t\u00eb dh\u00ebna se ajo \u00ebsht\u00eb nd\u00ebrtuar edhe shum\u00eb m\u00eb par\u00eb, gjegj. rreth vitit 1696, kur \u00ebsht\u00eb nd\u00ebrtuar edhe Ura e Kllezn\u00ebs.<br \/>\n<a href=\"http:\/\/www.visit-ulcinj.com\/blog\/wp-content\/uploads\/2013\/07\/Xhamia-e-rinovuar-e-fshatit-Kllezna-1.jpg\"><img loading=\"lazy\" class=\"alignleft  wp-image-73101\" alt=\"Xhamia e rinovuar e fshatit Kllezna-1\" src=\"http:\/\/www.visit-ulcinj.com\/blog\/wp-content\/uploads\/2013\/07\/Xhamia-e-rinovuar-e-fshatit-Kllezna-1.jpg\" width=\"508\" height=\"360\" \/><\/a><\/p>\n<p>P\u00ebr her\u00eb t\u00eb fundit \u00ebsht\u00eb renovuar n\u00eb vitin 1984, pas termetit katastrofal i cili kishte goditur bregdetin malazias, me \u00e7\u2019rast ajo u rr\u00ebnua gati plot\u00ebsisht. N\u00eb ballafaqim me nevojat bashk\u00ebkohore, kjo xhami nuk mund t\u2019i plot\u00ebsonte t\u00eb gjitha nevojat, k\u00ebshtu q\u00eb K\u00ebshilli i k\u00ebsaj xhamie mori iniciativ\u00eb p\u00ebr zgj\u00ebrimin dhe shtimin e saj. Para renovimit, sip\u00ebrfaqja e p\u00ebrgjithshme e saj ishte 84 m2, nd\u00ebrsa mahfil nuk kishte. Me punimet e fundit, u nd\u00ebrtua mahfili, klasa e mektebit, si edhe u zbukurua xhamia mbrenda dhe jasht\u00eb. Xhamia \u00ebsht\u00eb renovuar me mjetet e vendasve, dijaspor\u00ebs, Komun\u00ebs s\u00eb Ulqinit, si edhe TIK\u00cbS.<\/p>\n<p>N\u00eb k\u00ebt\u00eb tubim prezentuan shum\u00eb imam\u00eb, kryeimam\u00eb dhe xhematli. Poashtu, me prezenc\u00ebn e vet, tubimin e nderuan edhe p\u00ebrfaq\u00ebsuesit e ambasad\u010ds turke dhe shqiptare n\u00eb Malin e Zi, p\u00ebrfaq\u00ebsuesi i TIK\u00cbS, drejtor medreses \u201cMehmed Fatih\u201d kryetari i Komun\u00ebs s\u00eb Ulqinit, si edhe reisi i BI n\u00eb MZ, i cili iu drejtua tubimit.<\/p>\n<p><a href=\"http:\/\/www.visit-ulcinj.com\/blog\/wp-content\/uploads\/2013\/07\/Xhamia-e-rinovuar-e-fshatit-Kllezna-2.jpg\"><img loading=\"lazy\" class=\"alignleft  wp-image-73100\" alt=\"Xhamia e rinovuar e fshatit Kllezna-2\" src=\"http:\/\/www.visit-ulcinj.com\/blog\/wp-content\/uploads\/2013\/07\/Xhamia-e-rinovuar-e-fshatit-Kllezna-2.jpg\" width=\"508\" height=\"360\" \/><\/a><\/p>\n<p>Nd\u00ebrmjet fol\u00ebsve, programin e pasuruan edhe nx\u00ebn\u00ebset e metebit t\u00eb k\u00ebsaj xhamie, t\u00eb pregaditura nga imami i saj, Senad Maku, t\u00eb cilat k\u00ebnduan disa ilahi dhe recitime. N\u00eb fund, vijoi vizita xhamis\u00eb, si edhe ushqimi me \u00ebmb\u00eblsirat tradicionale, t\u00eb pregaditura nga n\u00ebnat e vlefshme t\u00eb k\u00ebti xhemati.<\/p>\n<p>&nbsp;<\/p>\n<p><strong>Suad Ukoshata<br \/>\nMonteislam.me<\/strong><\/p>\n<p><a href=\"http:\/\/www.visit-ulcinj.com\/blog\/wp-content\/uploads\/2013\/07\/Xhamia-e-rinovuar-e-fshatit-Kllezna-3.jpg\"><img loading=\"lazy\" class=\"alignleft  wp-image-73102\" alt=\"Xhamia e rinovuar e fshatit Kllezna-3\" src=\"http:\/\/www.visit-ulcinj.com\/blog\/wp-content\/uploads\/2013\/07\/Xhamia-e-rinovuar-e-fshatit-Kllezna-3.jpg\" width=\"508\" height=\"360\" \/><\/a><\/p>\n","protected":false},"excerpt":{"rendered":"<p>Ulqin\u00a0 \u2013 T\u00eb shtun\u00ebn, m\u00eb 06.07.2013, solemnisht \u00ebsht\u00eb hapur xhamia e renovuar e fshatit Kllezna, K\u00ebshilli i BI Ulqin. Kjo xhami, sipas t\u00eb dh\u00ebnave, p\u00ebr her\u00eb t\u00eb par\u00eb \u00ebsht\u00eb nd\u00ebrtuar n\u00eb vitin 1917, megjithse ka t\u00eb dh\u00ebna se ajo \u00ebsht\u00eb nd\u00ebrtuar edhe shum\u00eb m\u00eb par\u00eb, gjegj. rreth vitit 1696, kur \u00ebsht\u00eb nd\u00ebrtuar edhe Ura e [&hellip;]<\/p>\n","protected":false},"author":1,"featured_media":0,"comment_status":"closed","ping_status":"closed","sticky":false,"template":"","format":"standard","meta":{"spay_email":"","jetpack_publicize_message":"","jetpack_is_tweetstorm":false,"jetpack_publicize_feature_enabled":true},"categories":[6950],"tags":[],"jetpack_publicize_connections":[],"yoast_head":"<!-- This site is optimized with the Yoast SEO plugin v19.1 - https:\/\/yoast.com\/wordpress\/plugins\/seo\/ -->\n<title>U p\u00ebrurua xhamia e rinovuar e fshatit Kllezna - Lajme nga Ulqini<\/title>\n<meta name=\"description\" content=\"Ulqin\u00a0 \u2013 T\u00eb shtun\u00ebn, m\u00eb 06.07.2013, solemnisht \u00ebsht\u00eb hapur xhamia e renovuar e fshatit Kllezna, K\u00ebshilli i BI Ulqin. Kjo xhami, sipas t\u00eb dh\u00ebnave, p\u00ebr her\u00eb\" \/>\n<meta name=\"robots\" content=\"index, follow, max-snippet:-1, max-image-preview:large, max-video-preview:-1\" \/>\n<link rel=\"canonical\" href=\"https:\/\/www.visit-ulcinj.com\/blog\/2013\/07\/08\/u-perurua-xhamia-e-rinovuar-e-fshatit-kllezna\/\" \/>\n<meta property=\"og:locale\" content=\"en_US\" \/>\n<meta property=\"og:type\" content=\"article\" \/>\n<meta property=\"og:title\" content=\"U p\u00ebrurua xhamia e rinovuar e fshatit Kllezna - Lajme nga Ulqini\" \/>\n<meta property=\"og:description\" content=\"Ulqin\u00a0 \u2013 T\u00eb shtun\u00ebn, m\u00eb 06.07.2013, solemnisht \u00ebsht\u00eb hapur xhamia e renovuar e fshatit Kllezna, K\u00ebshilli i BI Ulqin. Kjo xhami, sipas t\u00eb dh\u00ebnave, p\u00ebr her\u00eb\" \/>\n<meta property=\"og:url\" content=\"https:\/\/www.visit-ulcinj.com\/blog\/2013\/07\/08\/u-perurua-xhamia-e-rinovuar-e-fshatit-kllezna\/\" \/>\n<meta property=\"og:site_name\" content=\"Lajme nga Ulqini\" \/>\n<meta property=\"article:published_time\" content=\"2013-07-08T17:22:05+00:00\" \/>\n<meta property=\"article:modified_time\" content=\"2013-07-08T17:22:24+00:00\" \/>\n<meta property=\"og:image\" content=\"http:\/\/www.visit-ulcinj.com\/blog\/wp-content\/uploads\/2013\/07\/Xhamia-e-rinovuar-e-fshatit-Kllezna.jpg\" \/>\n<meta name=\"twitter:label1\" content=\"Written by\" \/>\n\t<meta name=\"twitter:data1\" content=\"ulqini\" \/>\n\t<meta name=\"twitter:label2\" content=\"Est. reading time\" \/>\n\t<meta name=\"twitter:data2\" content=\"1 minute\" \/>\n<script type=\"application\/ld+json\" class=\"yoast-schema-graph\">{\"@context\":\"https:\/\/schema.org\",\"@graph\":[{\"@type\":\"WebSite\",\"@id\":\"https:\/\/www.visit-ulcinj.com\/blog\/#website\",\"url\":\"https:\/\/www.visit-ulcinj.com\/blog\/\",\"name\":\"Lajme nga Ulqini\",\"description\":\"Lajme,Vijesti,Ulqini,Ulqin,Crna Gora,Mali i Zi\",\"potentialAction\":[{\"@type\":\"SearchAction\",\"target\":{\"@type\":\"EntryPoint\",\"urlTemplate\":\"https:\/\/www.visit-ulcinj.com\/blog\/?s={search_term_string}\"},\"query-input\":\"required name=search_term_string\"}],\"inLanguage\":\"en-US\"},{\"@type\":\"ImageObject\",\"inLanguage\":\"en-US\",\"@id\":\"https:\/\/www.visit-ulcinj.com\/blog\/2013\/07\/08\/u-perurua-xhamia-e-rinovuar-e-fshatit-kllezna\/#primaryimage\",\"url\":\"https:\/\/www.visit-ulcinj.com\/blog\/wp-content\/uploads\/2013\/07\/Xhamia-e-rinovuar-e-fshatit-Kllezna.jpg\",\"contentUrl\":\"https:\/\/www.visit-ulcinj.com\/blog\/wp-content\/uploads\/2013\/07\/Xhamia-e-rinovuar-e-fshatit-Kllezna.jpg\",\"width\":640,\"height\":480},{\"@type\":\"WebPage\",\"@id\":\"https:\/\/www.visit-ulcinj.com\/blog\/2013\/07\/08\/u-perurua-xhamia-e-rinovuar-e-fshatit-kllezna\/#webpage\",\"url\":\"https:\/\/www.visit-ulcinj.com\/blog\/2013\/07\/08\/u-perurua-xhamia-e-rinovuar-e-fshatit-kllezna\/\",\"name\":\"U p\u00ebrurua xhamia e rinovuar e fshatit Kllezna - Lajme nga Ulqini\",\"isPartOf\":{\"@id\":\"https:\/\/www.visit-ulcinj.com\/blog\/#website\"},\"primaryImageOfPage\":{\"@id\":\"https:\/\/www.visit-ulcinj.com\/blog\/2013\/07\/08\/u-perurua-xhamia-e-rinovuar-e-fshatit-kllezna\/#primaryimage\"},\"datePublished\":\"2013-07-08T17:22:05+00:00\",\"dateModified\":\"2013-07-08T17:22:24+00:00\",\"author\":{\"@id\":\"https:\/\/www.visit-ulcinj.com\/blog\/#\/schema\/person\/dcab619c614d3038751c63bc2aadc06d\"},\"description\":\"Ulqin\u00a0 \u2013 T\u00eb shtun\u00ebn, m\u00eb 06.07.2013, solemnisht \u00ebsht\u00eb hapur xhamia e renovuar e fshatit Kllezna, K\u00ebshilli i BI Ulqin. Kjo xhami, sipas t\u00eb dh\u00ebnave, p\u00ebr her\u00eb\",\"breadcrumb\":{\"@id\":\"https:\/\/www.visit-ulcinj.com\/blog\/2013\/07\/08\/u-perurua-xhamia-e-rinovuar-e-fshatit-kllezna\/#breadcrumb\"},\"inLanguage\":\"en-US\",\"potentialAction\":[{\"@type\":\"ReadAction\",\"target\":[\"https:\/\/www.visit-ulcinj.com\/blog\/2013\/07\/08\/u-perurua-xhamia-e-rinovuar-e-fshatit-kllezna\/\"]}]},{\"@type\":\"BreadcrumbList\",\"@id\":\"https:\/\/www.visit-ulcinj.com\/blog\/2013\/07\/08\/u-perurua-xhamia-e-rinovuar-e-fshatit-kllezna\/#breadcrumb\",\"itemListElement\":[{\"@type\":\"ListItem\",\"position\":1,\"name\":\"U p\u00ebrurua xhamia e rinovuar e fshatit Kllezna\"}]},{\"@type\":\"Person\",\"@id\":\"https:\/\/www.visit-ulcinj.com\/blog\/#\/schema\/person\/dcab619c614d3038751c63bc2aadc06d\",\"name\":\"ulqini\",\"sameAs\":[\"http:\/\/www.visit-ulcinj.com\"],\"url\":\"https:\/\/www.visit-ulcinj.com\/blog\/author\/admin\/\"}]}<\/script>\n<!-- \/ Yoast SEO plugin. -->","yoast_head_json":{"title":"U p\u00ebrurua xhamia e rinovuar e fshatit Kllezna - Lajme nga Ulqini","description":"Ulqin\u00a0 \u2013 T\u00eb shtun\u00ebn, m\u00eb 06.07.2013, solemnisht \u00ebsht\u00eb hapur xhamia e renovuar e fshatit Kllezna, K\u00ebshilli i BI Ulqin. Kjo xhami, sipas t\u00eb dh\u00ebnave, p\u00ebr her\u00eb","robots":{"index":"index","follow":"follow","max-snippet":"max-snippet:-1","max-image-preview":"max-image-preview:large","max-video-preview":"max-video-preview:-1"},"canonical":"https:\/\/www.visit-ulcinj.com\/blog\/2013\/07\/08\/u-perurua-xhamia-e-rinovuar-e-fshatit-kllezna\/","og_locale":"en_US","og_type":"article","og_title":"U p\u00ebrurua xhamia e rinovuar e fshatit Kllezna - Lajme nga Ulqini","og_description":"Ulqin\u00a0 \u2013 T\u00eb shtun\u00ebn, m\u00eb 06.07.2013, solemnisht \u00ebsht\u00eb hapur xhamia e renovuar e fshatit Kllezna, K\u00ebshilli i BI Ulqin. Kjo xhami, sipas t\u00eb dh\u00ebnave, p\u00ebr her\u00eb","og_url":"https:\/\/www.visit-ulcinj.com\/blog\/2013\/07\/08\/u-perurua-xhamia-e-rinovuar-e-fshatit-kllezna\/","og_site_name":"Lajme nga Ulqini","article_published_time":"2013-07-08T17:22:05+00:00","article_modified_time":"2013-07-08T17:22:24+00:00","og_image":[{"url":"http:\/\/www.visit-ulcinj.com\/blog\/wp-content\/uploads\/2013\/07\/Xhamia-e-rinovuar-e-fshatit-Kllezna.jpg"}],"twitter_misc":{"Written by":"ulqini","Est. reading time":"1 minute"},"schema":{"@context":"https:\/\/schema.org","@graph":[{"@type":"WebSite","@id":"https:\/\/www.visit-ulcinj.com\/blog\/#website","url":"https:\/\/www.visit-ulcinj.com\/blog\/","name":"Lajme nga Ulqini","description":"Lajme,Vijesti,Ulqini,Ulqin,Crna Gora,Mali i Zi","potentialAction":[{"@type":"SearchAction","target":{"@type":"EntryPoint","urlTemplate":"https:\/\/www.visit-ulcinj.com\/blog\/?s={search_term_string}"},"query-input":"required name=search_term_string"}],"inLanguage":"en-US"},{"@type":"ImageObject","inLanguage":"en-US","@id":"https:\/\/www.visit-ulcinj.com\/blog\/2013\/07\/08\/u-perurua-xhamia-e-rinovuar-e-fshatit-kllezna\/#primaryimage","url":"https:\/\/www.visit-ulcinj.com\/blog\/wp-content\/uploads\/2013\/07\/Xhamia-e-rinovuar-e-fshatit-Kllezna.jpg","contentUrl":"https:\/\/www.visit-ulcinj.com\/blog\/wp-content\/uploads\/2013\/07\/Xhamia-e-rinovuar-e-fshatit-Kllezna.jpg","width":640,"height":480},{"@type":"WebPage","@id":"https:\/\/www.visit-ulcinj.com\/blog\/2013\/07\/08\/u-perurua-xhamia-e-rinovuar-e-fshatit-kllezna\/#webpage","url":"https:\/\/www.visit-ulcinj.com\/blog\/2013\/07\/08\/u-perurua-xhamia-e-rinovuar-e-fshatit-kllezna\/","name":"U p\u00ebrurua xhamia e rinovuar e fshatit Kllezna - Lajme nga Ulqini","isPartOf":{"@id":"https:\/\/www.visit-ulcinj.com\/blog\/#website"},"primaryImageOfPage":{"@id":"https:\/\/www.visit-ulcinj.com\/blog\/2013\/07\/08\/u-perurua-xhamia-e-rinovuar-e-fshatit-kllezna\/#primaryimage"},"datePublished":"2013-07-08T17:22:05+00:00","dateModified":"2013-07-08T17:22:24+00:00","author":{"@id":"https:\/\/www.visit-ulcinj.com\/blog\/#\/schema\/person\/dcab619c614d3038751c63bc2aadc06d"},"description":"Ulqin\u00a0 \u2013 T\u00eb shtun\u00ebn, m\u00eb 06.07.2013, solemnisht \u00ebsht\u00eb hapur xhamia e renovuar e fshatit Kllezna, K\u00ebshilli i BI Ulqin. Kjo xhami, sipas t\u00eb dh\u00ebnave, p\u00ebr her\u00eb","breadcrumb":{"@id":"https:\/\/www.visit-ulcinj.com\/blog\/2013\/07\/08\/u-perurua-xhamia-e-rinovuar-e-fshatit-kllezna\/#breadcrumb"},"inLanguage":"en-US","potentialAction":[{"@type":"ReadAction","target":["https:\/\/www.visit-ulcinj.com\/blog\/2013\/07\/08\/u-perurua-xhamia-e-rinovuar-e-fshatit-kllezna\/"]}]},{"@type":"BreadcrumbList","@id":"https:\/\/www.visit-ulcinj.com\/blog\/2013\/07\/08\/u-perurua-xhamia-e-rinovuar-e-fshatit-kllezna\/#breadcrumb","itemListElement":[{"@type":"ListItem","position":1,"name":"U p\u00ebrurua xhamia e rinovuar e fshatit Kllezna"}]},{"@type":"Person","@id":"https:\/\/www.visit-ulcinj.com\/blog\/#\/schema\/person\/dcab619c614d3038751c63bc2aadc06d","name":"ulqini","sameAs":["http:\/\/www.visit-ulcinj.com"],"url":"https:\/\/www.visit-ulcinj.com\/blog\/author\/admin\/"}]}},"jetpack_featured_media_url":"","jetpack_sharing_enabled":true,"jetpack_shortlink":"https:\/\/wp.me\/pe6lTn-j10","_links":{"self":[{"href":"https:\/\/www.visit-ulcinj.com\/blog\/wp-json\/wp\/v2\/posts\/73098"}],"collection":[{"href":"https:\/\/www.visit-ulcinj.com\/blog\/wp-json\/wp\/v2\/posts"}],"about":[{"href":"https:\/\/www.visit-ulcinj.com\/blog\/wp-json\/wp\/v2\/types\/post"}],"author":[{"embeddable":true,"href":"https:\/\/www.visit-ulcinj.com\/blog\/wp-json\/wp\/v2\/users\/1"}],"replies":[{"embeddable":true,"href":"https:\/\/www.visit-ulcinj.com\/blog\/wp-json\/wp\/v2\/comments?post=73098"}],"version-history":[{"count":2,"href":"https:\/\/www.visit-ulcinj.com\/blog\/wp-json\/wp\/v2\/posts\/73098\/revisions"}],"predecessor-version":[{"id":73104,"href":"https:\/\/www.visit-ulcinj.com\/blog\/wp-json\/wp\/v2\/posts\/73098\/revisions\/73104"}],"wp:attachment":[{"href":"https:\/\/www.visit-ulcinj.com\/blog\/wp-json\/wp\/v2\/media?parent=73098"}],"wp:term":[{"taxonomy":"category","embeddable":true,"href":"https:\/\/www.visit-ulcinj.com\/blog\/wp-json\/wp\/v2\/categories?post=73098"},{"taxonomy":"post_tag","embeddable":true,"href":"https:\/\/www.visit-ulcinj.com\/blog\/wp-json\/wp\/v2\/tags?post=73098"}],"curies":[{"name":"wp","href":"https:\/\/api.w.org\/{rel}","templated":true}]}}