{"id":73114,"date":"2013-07-08T19:06:42","date_gmt":"2013-07-08T18:06:42","guid":{"rendered":"http:\/\/www.visit-ulcinj.com\/blog\/?p=73114"},"modified":"2013-07-08T19:07:20","modified_gmt":"2013-07-08T18:07:20","slug":"perfunduan-ditet-e-filmit-shqiptar-ne-ulqin-video","status":"publish","type":"post","link":"https:\/\/www.visit-ulcinj.com\/blog\/2013\/07\/08\/perfunduan-ditet-e-filmit-shqiptar-ne-ulqin-video\/","title":{"rendered":"P\u00ebrfunduan ditet e filmit shqiptar ne Ulqin &#8211; Video"},"content":{"rendered":"<p><a href=\"http:\/\/www.visit-ulcinj.com\/blog\/wp-content\/uploads\/2013\/07\/ditet-e-filmit-shqiptar-ne-Ulqin.jpg\"><img loading=\"lazy\" class=\"alignleft  wp-image-73115\" alt=\"ditet e filmit shqiptar ne Ulqin\" src=\"http:\/\/www.visit-ulcinj.com\/blog\/wp-content\/uploads\/2013\/07\/ditet-e-filmit-shqiptar-ne-Ulqin.jpg\" width=\"508\" height=\"360\" \/><\/a>Shoqata e Artist\u00ebve dhe Intelektual\u00ebve \u201cArt Club&#8221; \u00ebsht\u00eb organizuar gjat\u00eb dit\u00ebve 5-7 korrik n\u00eb Molin e Madh n\u00eb Ran\u00eb, Ulqin, nj\u00eb aktivitet kushtuar filmit t\u00eb shkurt\u00ebr dhe atij dokumentar.<br \/>\n<a href=\"http:\/\/www.visit-ulcinj.com\/blog\/wp-content\/uploads\/2013\/07\/La-nave-Dolce.jpg\"><img loading=\"lazy\" class=\"alignleft  wp-image-73118\" alt=\"La nave Dolce\" src=\"http:\/\/www.visit-ulcinj.com\/blog\/wp-content\/uploads\/2013\/07\/La-nave-Dolce.jpg\" width=\"508\" height=\"320\" \/><\/a><br \/>\nSipas organizator\u00ebve,si\u00e7 tha organizuesi kryesor dhe Kryetari i shoqat\u00ebs t\u00eb artist\u00ebve dhe intelektual\u00ebve \u201cArt klub\u201d Ali Salaj,\u00a0 jan\u00eb gati t\u00eb panjohura p\u00ebr Shqiptar\u00ebt n\u00eb Mal t\u00eb Zi, sepse\u00a0 kjo veprimtari, e cila zhvillohet p\u00ebr t\u00eb par\u00ebn her\u00eb n\u00eb Ulqin, ka p\u00ebr q\u00ebllim prezantimin dhe afirmimin e produksioneve t\u00eb fundit n\u00eb k\u00ebto zhanre t\u00eb kinematografis\u00eb shqiptare.\u00a0&#8220;Anija e \u00ebmb\u00ebl&#8221; e Daniele Vicarit\u00a0hapi dit\u00ebt e filmit dokumentar dhe t\u00eb shkurt\u00ebr shqiptar\u00a0\u00a0n\u00eb Ulqin.<\/p>\n<p><a href=\"http:\/\/www.visit-ulcinj.com\/blog\/wp-content\/uploads\/2013\/07\/ditet-e-filmit-shqiptar-ne-Ulqin.1.jpg\"><img loading=\"lazy\" class=\"alignleft  wp-image-73116\" alt=\"ditet e filmit shqiptar ne Ulqin.1\" src=\"http:\/\/www.visit-ulcinj.com\/blog\/wp-content\/uploads\/2013\/07\/ditet-e-filmit-shqiptar-ne-Ulqin.1.jpg\" width=\"508\" height=\"360\" \/><\/a><br \/>\nGjat\u00eb k\u00ebtij aktiviteti u shfaqen 8 filma, pjes\u00ebmarr\u00ebs n\u00eb festivale komb\u00ebtare dhe nd\u00ebrkomb\u00ebtare, shumica e t\u00eb cil\u00ebve fitues t\u00eb \u00e7mimeve t\u00eb ndryshme. B\u00ebhet fjal\u00eb p\u00ebr filma me regji t\u00eb Ilir Butk\u00ebs, Mevlan Shanajt, Blerta Zeqirit, etj.<br \/>\nGjat\u00eb dit\u00ebve t\u00eb filmit dokumentar dhe t\u00eb shkurt\u00ebr shqiptar\u00a0morr\u00ebn pjes\u00eb regjisor\u00eb, producent\u00eb dhe kritik\u00eb t\u00eb filmit nga Shqip\u00ebria, Kosova dhe Mali i Zi, t\u00eb cil\u00ebt po diskutojn\u00eb mbi zhvillimet e filmit shqiptar dhe problemet e tij sot.<br \/>\n<a href=\"http:\/\/www.visit-ulcinj.com\/blog\/wp-content\/uploads\/2013\/07\/ditet-e-filmit-shqiptar-ne-Ulqin.2.jpg\"><img loading=\"lazy\" class=\"alignleft  wp-image-73117\" alt=\"ditet e filmit shqiptar ne Ulqin.2\" src=\"http:\/\/www.visit-ulcinj.com\/blog\/wp-content\/uploads\/2013\/07\/ditet-e-filmit-shqiptar-ne-Ulqin.2.jpg\" width=\"508\" height=\"360\" \/><\/a><\/p>\n<p>P\u00ebrpos r\u00ebnd\u00ebsis\u00eb si nj\u00eb ngjarje e ve\u00e7ant\u00eb kulturore, ky aktivitet erdhi si \u201cbonos\u201d p\u00ebr pushuesit q\u00eb frekuentojn\u00eb bregun e Ulqinit gjat\u00eb k\u00ebtij sezoni veror 2013.<\/p>\n<p>Sponsor kryesor i manifestimit \u201cDit\u00ebt e filmit dokumentar dhe t\u00eb shkurt\u00ebr shqiptar\u201d \u00ebsht\u00eb Fondi p\u00ebr Mbrojtjen dhe Realizimin e t\u00eb Drejtave t\u00eb Pakicave, Organizata Turistike e Ulqinit etj.<\/p>\n<p><strong>Panorama<\/strong><\/p>\n<p><iframe loading=\"lazy\" frameborder=\"0\" width=\"508\" height=\"360\" src=\"http:\/\/www.dailymotion.com\/embed\/video\/xtpsl2\"><\/iframe><br \/><a href=\"http:\/\/www.dailymotion.com\/video\/xtpsl2_la-nave-dolce-vleresohet-ne-venecia_shortfilms\" target=\"_blank\">&ldquo;LA NAVE DOLCE&rdquo; VLERESOHET NE VENECIA<\/a> <i>par <a href=\"http:\/\/www.dailymotion.com\/SaimiraDako\" target=\"_blank\">SaimiraDako<\/a><\/i><\/p>\n","protected":false},"excerpt":{"rendered":"<p>Shoqata e Artist\u00ebve dhe Intelektual\u00ebve \u201cArt Club&#8221; \u00ebsht\u00eb organizuar gjat\u00eb dit\u00ebve 5-7 korrik n\u00eb Molin e Madh n\u00eb Ran\u00eb, Ulqin, nj\u00eb aktivitet kushtuar filmit t\u00eb shkurt\u00ebr dhe atij dokumentar. Sipas organizator\u00ebve,si\u00e7 tha organizuesi kryesor dhe Kryetari i shoqat\u00ebs t\u00eb artist\u00ebve dhe intelektual\u00ebve \u201cArt klub\u201d Ali Salaj,\u00a0 jan\u00eb gati t\u00eb panjohura p\u00ebr Shqiptar\u00ebt n\u00eb Mal t\u00eb [&hellip;]<\/p>\n","protected":false},"author":1,"featured_media":0,"comment_status":"closed","ping_status":"closed","sticky":false,"template":"","format":"standard","meta":{"spay_email":"","jetpack_publicize_message":"","jetpack_is_tweetstorm":false,"jetpack_publicize_feature_enabled":true},"categories":[4],"tags":[],"jetpack_publicize_connections":[],"yoast_head":"<!-- This site is optimized with the Yoast SEO plugin v19.1 - https:\/\/yoast.com\/wordpress\/plugins\/seo\/ -->\n<title>P\u00ebrfunduan ditet e filmit shqiptar ne Ulqin - Video - Lajme nga Ulqini<\/title>\n<meta name=\"description\" content=\"Shoqata e Artist\u00ebve dhe Intelektual\u00ebve \u201cArt Club&quot; \u00ebsht\u00eb organizuar gjat\u00eb dit\u00ebve 5-7 korrik n\u00eb Molin e Madh n\u00eb Ran\u00eb, Ulqin, nj\u00eb aktivitet kushtuar filmit\" \/>\n<meta name=\"robots\" content=\"index, follow, max-snippet:-1, max-image-preview:large, max-video-preview:-1\" \/>\n<link rel=\"canonical\" href=\"https:\/\/www.visit-ulcinj.com\/blog\/2013\/07\/08\/perfunduan-ditet-e-filmit-shqiptar-ne-ulqin-video\/\" \/>\n<meta property=\"og:locale\" content=\"en_US\" \/>\n<meta property=\"og:type\" content=\"article\" \/>\n<meta property=\"og:title\" content=\"P\u00ebrfunduan ditet e filmit shqiptar ne Ulqin - Video - Lajme nga Ulqini\" \/>\n<meta property=\"og:description\" content=\"Shoqata e Artist\u00ebve dhe Intelektual\u00ebve \u201cArt Club&quot; \u00ebsht\u00eb organizuar gjat\u00eb dit\u00ebve 5-7 korrik n\u00eb Molin e Madh n\u00eb Ran\u00eb, Ulqin, nj\u00eb aktivitet kushtuar filmit\" \/>\n<meta property=\"og:url\" content=\"https:\/\/www.visit-ulcinj.com\/blog\/2013\/07\/08\/perfunduan-ditet-e-filmit-shqiptar-ne-ulqin-video\/\" \/>\n<meta property=\"og:site_name\" content=\"Lajme nga Ulqini\" \/>\n<meta property=\"article:published_time\" content=\"2013-07-08T18:06:42+00:00\" \/>\n<meta property=\"article:modified_time\" content=\"2013-07-08T18:07:20+00:00\" \/>\n<meta property=\"og:image\" content=\"http:\/\/www.visit-ulcinj.com\/blog\/wp-content\/uploads\/2013\/07\/ditet-e-filmit-shqiptar-ne-Ulqin.jpg\" \/>\n<meta name=\"twitter:label1\" content=\"Written by\" \/>\n\t<meta name=\"twitter:data1\" content=\"ulqini\" \/>\n\t<meta name=\"twitter:label2\" content=\"Est. reading time\" \/>\n\t<meta name=\"twitter:data2\" content=\"1 minute\" \/>\n<script type=\"application\/ld+json\" class=\"yoast-schema-graph\">{\"@context\":\"https:\/\/schema.org\",\"@graph\":[{\"@type\":\"WebSite\",\"@id\":\"https:\/\/www.visit-ulcinj.com\/blog\/#website\",\"url\":\"https:\/\/www.visit-ulcinj.com\/blog\/\",\"name\":\"Lajme nga Ulqini\",\"description\":\"Lajme,Vijesti,Ulqini,Ulqin,Crna Gora,Mali i Zi\",\"potentialAction\":[{\"@type\":\"SearchAction\",\"target\":{\"@type\":\"EntryPoint\",\"urlTemplate\":\"https:\/\/www.visit-ulcinj.com\/blog\/?s={search_term_string}\"},\"query-input\":\"required name=search_term_string\"}],\"inLanguage\":\"en-US\"},{\"@type\":\"ImageObject\",\"inLanguage\":\"en-US\",\"@id\":\"https:\/\/www.visit-ulcinj.com\/blog\/2013\/07\/08\/perfunduan-ditet-e-filmit-shqiptar-ne-ulqin-video\/#primaryimage\",\"url\":\"https:\/\/www.visit-ulcinj.com\/blog\/wp-content\/uploads\/2013\/07\/ditet-e-filmit-shqiptar-ne-Ulqin.jpg\",\"contentUrl\":\"https:\/\/www.visit-ulcinj.com\/blog\/wp-content\/uploads\/2013\/07\/ditet-e-filmit-shqiptar-ne-Ulqin.jpg\",\"width\":960,\"height\":720},{\"@type\":\"WebPage\",\"@id\":\"https:\/\/www.visit-ulcinj.com\/blog\/2013\/07\/08\/perfunduan-ditet-e-filmit-shqiptar-ne-ulqin-video\/#webpage\",\"url\":\"https:\/\/www.visit-ulcinj.com\/blog\/2013\/07\/08\/perfunduan-ditet-e-filmit-shqiptar-ne-ulqin-video\/\",\"name\":\"P\u00ebrfunduan ditet e filmit shqiptar ne Ulqin - Video - Lajme nga Ulqini\",\"isPartOf\":{\"@id\":\"https:\/\/www.visit-ulcinj.com\/blog\/#website\"},\"primaryImageOfPage\":{\"@id\":\"https:\/\/www.visit-ulcinj.com\/blog\/2013\/07\/08\/perfunduan-ditet-e-filmit-shqiptar-ne-ulqin-video\/#primaryimage\"},\"datePublished\":\"2013-07-08T18:06:42+00:00\",\"dateModified\":\"2013-07-08T18:07:20+00:00\",\"author\":{\"@id\":\"https:\/\/www.visit-ulcinj.com\/blog\/#\/schema\/person\/dcab619c614d3038751c63bc2aadc06d\"},\"description\":\"Shoqata e Artist\u00ebve dhe Intelektual\u00ebve \u201cArt Club\\\" \u00ebsht\u00eb organizuar gjat\u00eb dit\u00ebve 5-7 korrik n\u00eb Molin e Madh n\u00eb Ran\u00eb, Ulqin, nj\u00eb aktivitet kushtuar filmit\",\"breadcrumb\":{\"@id\":\"https:\/\/www.visit-ulcinj.com\/blog\/2013\/07\/08\/perfunduan-ditet-e-filmit-shqiptar-ne-ulqin-video\/#breadcrumb\"},\"inLanguage\":\"en-US\",\"potentialAction\":[{\"@type\":\"ReadAction\",\"target\":[\"https:\/\/www.visit-ulcinj.com\/blog\/2013\/07\/08\/perfunduan-ditet-e-filmit-shqiptar-ne-ulqin-video\/\"]}]},{\"@type\":\"BreadcrumbList\",\"@id\":\"https:\/\/www.visit-ulcinj.com\/blog\/2013\/07\/08\/perfunduan-ditet-e-filmit-shqiptar-ne-ulqin-video\/#breadcrumb\",\"itemListElement\":[{\"@type\":\"ListItem\",\"position\":1,\"name\":\"P\u00ebrfunduan ditet e filmit shqiptar ne Ulqin &#8211; Video\"}]},{\"@type\":\"Person\",\"@id\":\"https:\/\/www.visit-ulcinj.com\/blog\/#\/schema\/person\/dcab619c614d3038751c63bc2aadc06d\",\"name\":\"ulqini\",\"sameAs\":[\"http:\/\/www.visit-ulcinj.com\"],\"url\":\"https:\/\/www.visit-ulcinj.com\/blog\/author\/admin\/\"}]}<\/script>\n<!-- \/ Yoast SEO plugin. -->","yoast_head_json":{"title":"P\u00ebrfunduan ditet e filmit shqiptar ne Ulqin - Video - Lajme nga Ulqini","description":"Shoqata e Artist\u00ebve dhe Intelektual\u00ebve \u201cArt Club\" \u00ebsht\u00eb organizuar gjat\u00eb dit\u00ebve 5-7 korrik n\u00eb Molin e Madh n\u00eb Ran\u00eb, Ulqin, nj\u00eb aktivitet kushtuar filmit","robots":{"index":"index","follow":"follow","max-snippet":"max-snippet:-1","max-image-preview":"max-image-preview:large","max-video-preview":"max-video-preview:-1"},"canonical":"https:\/\/www.visit-ulcinj.com\/blog\/2013\/07\/08\/perfunduan-ditet-e-filmit-shqiptar-ne-ulqin-video\/","og_locale":"en_US","og_type":"article","og_title":"P\u00ebrfunduan ditet e filmit shqiptar ne Ulqin - Video - Lajme nga Ulqini","og_description":"Shoqata e Artist\u00ebve dhe Intelektual\u00ebve \u201cArt Club\" \u00ebsht\u00eb organizuar gjat\u00eb dit\u00ebve 5-7 korrik n\u00eb Molin e Madh n\u00eb Ran\u00eb, Ulqin, nj\u00eb aktivitet kushtuar filmit","og_url":"https:\/\/www.visit-ulcinj.com\/blog\/2013\/07\/08\/perfunduan-ditet-e-filmit-shqiptar-ne-ulqin-video\/","og_site_name":"Lajme nga Ulqini","article_published_time":"2013-07-08T18:06:42+00:00","article_modified_time":"2013-07-08T18:07:20+00:00","og_image":[{"url":"http:\/\/www.visit-ulcinj.com\/blog\/wp-content\/uploads\/2013\/07\/ditet-e-filmit-shqiptar-ne-Ulqin.jpg"}],"twitter_misc":{"Written by":"ulqini","Est. reading time":"1 minute"},"schema":{"@context":"https:\/\/schema.org","@graph":[{"@type":"WebSite","@id":"https:\/\/www.visit-ulcinj.com\/blog\/#website","url":"https:\/\/www.visit-ulcinj.com\/blog\/","name":"Lajme nga Ulqini","description":"Lajme,Vijesti,Ulqini,Ulqin,Crna Gora,Mali i Zi","potentialAction":[{"@type":"SearchAction","target":{"@type":"EntryPoint","urlTemplate":"https:\/\/www.visit-ulcinj.com\/blog\/?s={search_term_string}"},"query-input":"required name=search_term_string"}],"inLanguage":"en-US"},{"@type":"ImageObject","inLanguage":"en-US","@id":"https:\/\/www.visit-ulcinj.com\/blog\/2013\/07\/08\/perfunduan-ditet-e-filmit-shqiptar-ne-ulqin-video\/#primaryimage","url":"https:\/\/www.visit-ulcinj.com\/blog\/wp-content\/uploads\/2013\/07\/ditet-e-filmit-shqiptar-ne-Ulqin.jpg","contentUrl":"https:\/\/www.visit-ulcinj.com\/blog\/wp-content\/uploads\/2013\/07\/ditet-e-filmit-shqiptar-ne-Ulqin.jpg","width":960,"height":720},{"@type":"WebPage","@id":"https:\/\/www.visit-ulcinj.com\/blog\/2013\/07\/08\/perfunduan-ditet-e-filmit-shqiptar-ne-ulqin-video\/#webpage","url":"https:\/\/www.visit-ulcinj.com\/blog\/2013\/07\/08\/perfunduan-ditet-e-filmit-shqiptar-ne-ulqin-video\/","name":"P\u00ebrfunduan ditet e filmit shqiptar ne Ulqin - Video - Lajme nga Ulqini","isPartOf":{"@id":"https:\/\/www.visit-ulcinj.com\/blog\/#website"},"primaryImageOfPage":{"@id":"https:\/\/www.visit-ulcinj.com\/blog\/2013\/07\/08\/perfunduan-ditet-e-filmit-shqiptar-ne-ulqin-video\/#primaryimage"},"datePublished":"2013-07-08T18:06:42+00:00","dateModified":"2013-07-08T18:07:20+00:00","author":{"@id":"https:\/\/www.visit-ulcinj.com\/blog\/#\/schema\/person\/dcab619c614d3038751c63bc2aadc06d"},"description":"Shoqata e Artist\u00ebve dhe Intelektual\u00ebve \u201cArt Club\" \u00ebsht\u00eb organizuar gjat\u00eb dit\u00ebve 5-7 korrik n\u00eb Molin e Madh n\u00eb Ran\u00eb, Ulqin, nj\u00eb aktivitet kushtuar filmit","breadcrumb":{"@id":"https:\/\/www.visit-ulcinj.com\/blog\/2013\/07\/08\/perfunduan-ditet-e-filmit-shqiptar-ne-ulqin-video\/#breadcrumb"},"inLanguage":"en-US","potentialAction":[{"@type":"ReadAction","target":["https:\/\/www.visit-ulcinj.com\/blog\/2013\/07\/08\/perfunduan-ditet-e-filmit-shqiptar-ne-ulqin-video\/"]}]},{"@type":"BreadcrumbList","@id":"https:\/\/www.visit-ulcinj.com\/blog\/2013\/07\/08\/perfunduan-ditet-e-filmit-shqiptar-ne-ulqin-video\/#breadcrumb","itemListElement":[{"@type":"ListItem","position":1,"name":"P\u00ebrfunduan ditet e filmit shqiptar ne Ulqin &#8211; Video"}]},{"@type":"Person","@id":"https:\/\/www.visit-ulcinj.com\/blog\/#\/schema\/person\/dcab619c614d3038751c63bc2aadc06d","name":"ulqini","sameAs":["http:\/\/www.visit-ulcinj.com"],"url":"https:\/\/www.visit-ulcinj.com\/blog\/author\/admin\/"}]}},"jetpack_featured_media_url":"","jetpack_sharing_enabled":true,"jetpack_shortlink":"https:\/\/wp.me\/pe6lTn-j1g","_links":{"self":[{"href":"https:\/\/www.visit-ulcinj.com\/blog\/wp-json\/wp\/v2\/posts\/73114"}],"collection":[{"href":"https:\/\/www.visit-ulcinj.com\/blog\/wp-json\/wp\/v2\/posts"}],"about":[{"href":"https:\/\/www.visit-ulcinj.com\/blog\/wp-json\/wp\/v2\/types\/post"}],"author":[{"embeddable":true,"href":"https:\/\/www.visit-ulcinj.com\/blog\/wp-json\/wp\/v2\/users\/1"}],"replies":[{"embeddable":true,"href":"https:\/\/www.visit-ulcinj.com\/blog\/wp-json\/wp\/v2\/comments?post=73114"}],"version-history":[{"count":2,"href":"https:\/\/www.visit-ulcinj.com\/blog\/wp-json\/wp\/v2\/posts\/73114\/revisions"}],"predecessor-version":[{"id":73120,"href":"https:\/\/www.visit-ulcinj.com\/blog\/wp-json\/wp\/v2\/posts\/73114\/revisions\/73120"}],"wp:attachment":[{"href":"https:\/\/www.visit-ulcinj.com\/blog\/wp-json\/wp\/v2\/media?parent=73114"}],"wp:term":[{"taxonomy":"category","embeddable":true,"href":"https:\/\/www.visit-ulcinj.com\/blog\/wp-json\/wp\/v2\/categories?post=73114"},{"taxonomy":"post_tag","embeddable":true,"href":"https:\/\/www.visit-ulcinj.com\/blog\/wp-json\/wp\/v2\/tags?post=73114"}],"curies":[{"name":"wp","href":"https:\/\/api.w.org\/{rel}","templated":true}]}}