{"id":73125,"date":"2013-07-09T05:36:19","date_gmt":"2013-07-09T04:36:19","guid":{"rendered":"http:\/\/www.visit-ulcinj.com\/blog\/?p=73125"},"modified":"2013-07-09T06:02:27","modified_gmt":"2013-07-09T05:02:27","slug":"gezim-salaj-vjen-me-kengen-ana-e-malit-vendlindja-ime","status":"publish","type":"post","link":"https:\/\/www.visit-ulcinj.com\/blog\/2013\/07\/09\/gezim-salaj-vjen-me-kengen-ana-e-malit-vendlindja-ime\/","title":{"rendered":"Gezim Salaj vjen me k\u00ebng\u00ebn &#8220;Ana e Malit, Vendlindja Ime&#8221;"},"content":{"rendered":"<p><a href=\"http:\/\/www.visit-ulcinj.com\/blog\/wp-content\/uploads\/2013\/07\/Gezim-Salaj.jpg\"><img loading=\"lazy\" class=\"alignleft  wp-image-73126\" alt=\"Gezim Salaj\" src=\"http:\/\/www.visit-ulcinj.com\/blog\/wp-content\/uploads\/2013\/07\/Gezim-Salaj.jpg\" width=\"508\" height=\"360\" \/><\/a>&#8220;Ana e Malit, Vendlindja Ime&#8221; \u00ebsht\u00eb nj\u00eb k\u00ebng\u00eb e re, e shtuar koh\u00ebt e fundit n\u00eb arkivin e k\u00ebng\u00ebve t\u00eb k\u00ebnduara nga G\u00ebzim Salaj .<\/p>\n<p>G\u00ebzim Salaj me t\u00eb drejt\u00eb mund t\u00eb cil\u00ebsohet k\u00ebng\u00ebtari i karrier\u00ebs n\u00eb trevat shqiptare t\u00eb \u00a0Malit t\u00eb Zi, sikurse Ulqin, Tuz\u00eb, Shkoder Ana Malit etj, sepse nj\u00eb jet\u00eb t\u00eb t\u00ebr\u00eb ia ka kushtuar muzik\u00ebs, dhe hobit t\u00eb tij\u00eb gjuetis\u00eb. \u00a0K\u00ebng\u00ebtari\u00a0 anamalas, G\u00ebzim Salaj me z\u00ebrin e tij karakteristik dhe sharmin e \u201ckullerizmin\u201d e tij skenik, G\u00ebzimi i ka b\u00ebr\u00eb p\u00ebr vete shum\u00eb adhurues t\u00eb moshave t\u00eb ndryshme. G\u00ebzimi i k\u00ebng\u00ebs son\u00eb \u00a0nga Ana Malit mbetet nj\u00eb idhull p\u00ebr shum\u00ebk\u00ebnd dhe nj\u00eb shembull se si duhet qasur asaj n\u00eb m\u00ebnyr\u00eb serioze dhe profesionale.<\/p>\n<p>Me nj\u00eb fond t\u00eb pasur te k\u00ebng\u00ebve, G\u00ebzimi ka b\u00ebr\u00eb q\u00eb t\u00eb d\u00ebgjohet shum\u00eb larg, kurse fama e tij t\u00eb shkoj\u00eb p\u00ebrtej Oqeanit, deri n\u00eb Amerik\u00eb dhe Australi.<\/p>\n<p>G\u00ebzim Salaj i p\u00ebrkushtohet\u00a0 m\u00eb shum\u00eb muzik\u00ebs, ai e ngren\u00eb k\u00ebng\u00ebn n\u00eb piedestalin m\u00eb t\u00eb lar\u00eb, q\u00eb e meriton k\u00ebnga shqipe. Ajo, pra k\u00ebnga shqipe n\u00eb An\u00eb t\u00eb Malit meriton nj\u00eb lapidar, sepse gjithmon\u00eb e ka mbajtur gjall\u00eb frym\u00ebn atdhetare.<\/p>\n<p>&nbsp;<\/p>\n<p><iframe loading=\"lazy\" src=\"\/\/www.youtube.com\/embed\/mBM4HNC35co\" height=\"360\" width=\"508\" allowfullscreen=\"\" frameborder=\"0\"><\/iframe><\/p>\n","protected":false},"excerpt":{"rendered":"<p>&#8220;Ana e Malit, Vendlindja Ime&#8221; \u00ebsht\u00eb nj\u00eb k\u00ebng\u00eb e re, e shtuar koh\u00ebt e fundit n\u00eb arkivin e k\u00ebng\u00ebve t\u00eb k\u00ebnduara nga G\u00ebzim Salaj . G\u00ebzim Salaj me t\u00eb drejt\u00eb mund t\u00eb cil\u00ebsohet k\u00ebng\u00ebtari i karrier\u00ebs n\u00eb trevat shqiptare t\u00eb \u00a0Malit t\u00eb Zi, sikurse Ulqin, Tuz\u00eb, Shkoder Ana Malit etj, sepse nj\u00eb jet\u00eb t\u00eb t\u00ebr\u00eb [&hellip;]<\/p>\n","protected":false},"author":1,"featured_media":0,"comment_status":"closed","ping_status":"closed","sticky":false,"template":"","format":"standard","meta":{"spay_email":"","jetpack_publicize_message":"","jetpack_is_tweetstorm":false,"jetpack_publicize_feature_enabled":true},"categories":[1],"tags":[],"jetpack_publicize_connections":[],"yoast_head":"<!-- This site is optimized with the Yoast SEO plugin v19.1 - https:\/\/yoast.com\/wordpress\/plugins\/seo\/ -->\n<title>Gezim Salaj vjen me k\u00ebng\u00ebn &quot;Ana e Malit, Vendlindja Ime&quot; - Lajme nga Ulqini<\/title>\n<meta name=\"description\" content=\"&quot;Ana e Malit, Vendlindja Ime&quot; \u00ebsht\u00eb nj\u00eb k\u00ebng\u00eb e re, e shtuar koh\u00ebt e fundit n\u00eb arkivin e k\u00ebng\u00ebve t\u00eb k\u00ebnduara nga G\u00ebzim Salaj . G\u00ebzim Salaj me t\u00eb drejt\u00eb\" \/>\n<meta name=\"robots\" content=\"index, follow, max-snippet:-1, max-image-preview:large, max-video-preview:-1\" \/>\n<link rel=\"canonical\" href=\"https:\/\/www.visit-ulcinj.com\/blog\/2013\/07\/09\/gezim-salaj-vjen-me-kengen-ana-e-malit-vendlindja-ime\/\" \/>\n<meta property=\"og:locale\" content=\"en_US\" \/>\n<meta property=\"og:type\" content=\"article\" \/>\n<meta property=\"og:title\" content=\"Gezim Salaj vjen me k\u00ebng\u00ebn &quot;Ana e Malit, Vendlindja Ime&quot; - Lajme nga Ulqini\" \/>\n<meta property=\"og:description\" content=\"&quot;Ana e Malit, Vendlindja Ime&quot; \u00ebsht\u00eb nj\u00eb k\u00ebng\u00eb e re, e shtuar koh\u00ebt e fundit n\u00eb arkivin e k\u00ebng\u00ebve t\u00eb k\u00ebnduara nga G\u00ebzim Salaj . G\u00ebzim Salaj me t\u00eb drejt\u00eb\" \/>\n<meta property=\"og:url\" content=\"https:\/\/www.visit-ulcinj.com\/blog\/2013\/07\/09\/gezim-salaj-vjen-me-kengen-ana-e-malit-vendlindja-ime\/\" \/>\n<meta property=\"og:site_name\" content=\"Lajme nga Ulqini\" \/>\n<meta property=\"article:published_time\" content=\"2013-07-09T04:36:19+00:00\" \/>\n<meta property=\"article:modified_time\" content=\"2013-07-09T05:02:27+00:00\" \/>\n<meta property=\"og:image\" content=\"http:\/\/www.visit-ulcinj.com\/blog\/wp-content\/uploads\/2013\/07\/Gezim-Salaj.jpg\" \/>\n<meta name=\"twitter:label1\" content=\"Written by\" \/>\n\t<meta name=\"twitter:data1\" content=\"ulqini\" \/>\n\t<meta name=\"twitter:label2\" content=\"Est. reading time\" \/>\n\t<meta name=\"twitter:data2\" content=\"1 minute\" \/>\n<script type=\"application\/ld+json\" class=\"yoast-schema-graph\">{\"@context\":\"https:\/\/schema.org\",\"@graph\":[{\"@type\":\"WebSite\",\"@id\":\"https:\/\/www.visit-ulcinj.com\/blog\/#website\",\"url\":\"https:\/\/www.visit-ulcinj.com\/blog\/\",\"name\":\"Lajme nga Ulqini\",\"description\":\"Lajme,Vijesti,Ulqini,Ulqin,Crna Gora,Mali i Zi\",\"potentialAction\":[{\"@type\":\"SearchAction\",\"target\":{\"@type\":\"EntryPoint\",\"urlTemplate\":\"https:\/\/www.visit-ulcinj.com\/blog\/?s={search_term_string}\"},\"query-input\":\"required name=search_term_string\"}],\"inLanguage\":\"en-US\"},{\"@type\":\"ImageObject\",\"inLanguage\":\"en-US\",\"@id\":\"https:\/\/www.visit-ulcinj.com\/blog\/2013\/07\/09\/gezim-salaj-vjen-me-kengen-ana-e-malit-vendlindja-ime\/#primaryimage\",\"url\":\"https:\/\/www.visit-ulcinj.com\/blog\/wp-content\/uploads\/2013\/07\/Gezim-Salaj.jpg\",\"contentUrl\":\"https:\/\/www.visit-ulcinj.com\/blog\/wp-content\/uploads\/2013\/07\/Gezim-Salaj.jpg\",\"width\":960,\"height\":640},{\"@type\":\"WebPage\",\"@id\":\"https:\/\/www.visit-ulcinj.com\/blog\/2013\/07\/09\/gezim-salaj-vjen-me-kengen-ana-e-malit-vendlindja-ime\/#webpage\",\"url\":\"https:\/\/www.visit-ulcinj.com\/blog\/2013\/07\/09\/gezim-salaj-vjen-me-kengen-ana-e-malit-vendlindja-ime\/\",\"name\":\"Gezim Salaj vjen me k\u00ebng\u00ebn \\\"Ana e Malit, Vendlindja Ime\\\" - Lajme nga Ulqini\",\"isPartOf\":{\"@id\":\"https:\/\/www.visit-ulcinj.com\/blog\/#website\"},\"primaryImageOfPage\":{\"@id\":\"https:\/\/www.visit-ulcinj.com\/blog\/2013\/07\/09\/gezim-salaj-vjen-me-kengen-ana-e-malit-vendlindja-ime\/#primaryimage\"},\"datePublished\":\"2013-07-09T04:36:19+00:00\",\"dateModified\":\"2013-07-09T05:02:27+00:00\",\"author\":{\"@id\":\"https:\/\/www.visit-ulcinj.com\/blog\/#\/schema\/person\/dcab619c614d3038751c63bc2aadc06d\"},\"description\":\"\\\"Ana e Malit, Vendlindja Ime\\\" \u00ebsht\u00eb nj\u00eb k\u00ebng\u00eb e re, e shtuar koh\u00ebt e fundit n\u00eb arkivin e k\u00ebng\u00ebve t\u00eb k\u00ebnduara nga G\u00ebzim Salaj . G\u00ebzim Salaj me t\u00eb drejt\u00eb\",\"breadcrumb\":{\"@id\":\"https:\/\/www.visit-ulcinj.com\/blog\/2013\/07\/09\/gezim-salaj-vjen-me-kengen-ana-e-malit-vendlindja-ime\/#breadcrumb\"},\"inLanguage\":\"en-US\",\"potentialAction\":[{\"@type\":\"ReadAction\",\"target\":[\"https:\/\/www.visit-ulcinj.com\/blog\/2013\/07\/09\/gezim-salaj-vjen-me-kengen-ana-e-malit-vendlindja-ime\/\"]}]},{\"@type\":\"BreadcrumbList\",\"@id\":\"https:\/\/www.visit-ulcinj.com\/blog\/2013\/07\/09\/gezim-salaj-vjen-me-kengen-ana-e-malit-vendlindja-ime\/#breadcrumb\",\"itemListElement\":[{\"@type\":\"ListItem\",\"position\":1,\"name\":\"Gezim Salaj vjen me k\u00ebng\u00ebn &#8220;Ana e Malit, Vendlindja Ime&#8221;\"}]},{\"@type\":\"Person\",\"@id\":\"https:\/\/www.visit-ulcinj.com\/blog\/#\/schema\/person\/dcab619c614d3038751c63bc2aadc06d\",\"name\":\"ulqini\",\"sameAs\":[\"http:\/\/www.visit-ulcinj.com\"],\"url\":\"https:\/\/www.visit-ulcinj.com\/blog\/author\/admin\/\"}]}<\/script>\n<!-- \/ Yoast SEO plugin. -->","yoast_head_json":{"title":"Gezim Salaj vjen me k\u00ebng\u00ebn \"Ana e Malit, Vendlindja Ime\" - Lajme nga Ulqini","description":"\"Ana e Malit, Vendlindja Ime\" \u00ebsht\u00eb nj\u00eb k\u00ebng\u00eb e re, e shtuar koh\u00ebt e fundit n\u00eb arkivin e k\u00ebng\u00ebve t\u00eb k\u00ebnduara nga G\u00ebzim Salaj . G\u00ebzim Salaj me t\u00eb drejt\u00eb","robots":{"index":"index","follow":"follow","max-snippet":"max-snippet:-1","max-image-preview":"max-image-preview:large","max-video-preview":"max-video-preview:-1"},"canonical":"https:\/\/www.visit-ulcinj.com\/blog\/2013\/07\/09\/gezim-salaj-vjen-me-kengen-ana-e-malit-vendlindja-ime\/","og_locale":"en_US","og_type":"article","og_title":"Gezim Salaj vjen me k\u00ebng\u00ebn \"Ana e Malit, Vendlindja Ime\" - Lajme nga Ulqini","og_description":"\"Ana e Malit, Vendlindja Ime\" \u00ebsht\u00eb nj\u00eb k\u00ebng\u00eb e re, e shtuar koh\u00ebt e fundit n\u00eb arkivin e k\u00ebng\u00ebve t\u00eb k\u00ebnduara nga G\u00ebzim Salaj . G\u00ebzim Salaj me t\u00eb drejt\u00eb","og_url":"https:\/\/www.visit-ulcinj.com\/blog\/2013\/07\/09\/gezim-salaj-vjen-me-kengen-ana-e-malit-vendlindja-ime\/","og_site_name":"Lajme nga Ulqini","article_published_time":"2013-07-09T04:36:19+00:00","article_modified_time":"2013-07-09T05:02:27+00:00","og_image":[{"url":"http:\/\/www.visit-ulcinj.com\/blog\/wp-content\/uploads\/2013\/07\/Gezim-Salaj.jpg"}],"twitter_misc":{"Written by":"ulqini","Est. reading time":"1 minute"},"schema":{"@context":"https:\/\/schema.org","@graph":[{"@type":"WebSite","@id":"https:\/\/www.visit-ulcinj.com\/blog\/#website","url":"https:\/\/www.visit-ulcinj.com\/blog\/","name":"Lajme nga Ulqini","description":"Lajme,Vijesti,Ulqini,Ulqin,Crna Gora,Mali i Zi","potentialAction":[{"@type":"SearchAction","target":{"@type":"EntryPoint","urlTemplate":"https:\/\/www.visit-ulcinj.com\/blog\/?s={search_term_string}"},"query-input":"required name=search_term_string"}],"inLanguage":"en-US"},{"@type":"ImageObject","inLanguage":"en-US","@id":"https:\/\/www.visit-ulcinj.com\/blog\/2013\/07\/09\/gezim-salaj-vjen-me-kengen-ana-e-malit-vendlindja-ime\/#primaryimage","url":"https:\/\/www.visit-ulcinj.com\/blog\/wp-content\/uploads\/2013\/07\/Gezim-Salaj.jpg","contentUrl":"https:\/\/www.visit-ulcinj.com\/blog\/wp-content\/uploads\/2013\/07\/Gezim-Salaj.jpg","width":960,"height":640},{"@type":"WebPage","@id":"https:\/\/www.visit-ulcinj.com\/blog\/2013\/07\/09\/gezim-salaj-vjen-me-kengen-ana-e-malit-vendlindja-ime\/#webpage","url":"https:\/\/www.visit-ulcinj.com\/blog\/2013\/07\/09\/gezim-salaj-vjen-me-kengen-ana-e-malit-vendlindja-ime\/","name":"Gezim Salaj vjen me k\u00ebng\u00ebn \"Ana e Malit, Vendlindja Ime\" - Lajme nga Ulqini","isPartOf":{"@id":"https:\/\/www.visit-ulcinj.com\/blog\/#website"},"primaryImageOfPage":{"@id":"https:\/\/www.visit-ulcinj.com\/blog\/2013\/07\/09\/gezim-salaj-vjen-me-kengen-ana-e-malit-vendlindja-ime\/#primaryimage"},"datePublished":"2013-07-09T04:36:19+00:00","dateModified":"2013-07-09T05:02:27+00:00","author":{"@id":"https:\/\/www.visit-ulcinj.com\/blog\/#\/schema\/person\/dcab619c614d3038751c63bc2aadc06d"},"description":"\"Ana e Malit, Vendlindja Ime\" \u00ebsht\u00eb nj\u00eb k\u00ebng\u00eb e re, e shtuar koh\u00ebt e fundit n\u00eb arkivin e k\u00ebng\u00ebve t\u00eb k\u00ebnduara nga G\u00ebzim Salaj . G\u00ebzim Salaj me t\u00eb drejt\u00eb","breadcrumb":{"@id":"https:\/\/www.visit-ulcinj.com\/blog\/2013\/07\/09\/gezim-salaj-vjen-me-kengen-ana-e-malit-vendlindja-ime\/#breadcrumb"},"inLanguage":"en-US","potentialAction":[{"@type":"ReadAction","target":["https:\/\/www.visit-ulcinj.com\/blog\/2013\/07\/09\/gezim-salaj-vjen-me-kengen-ana-e-malit-vendlindja-ime\/"]}]},{"@type":"BreadcrumbList","@id":"https:\/\/www.visit-ulcinj.com\/blog\/2013\/07\/09\/gezim-salaj-vjen-me-kengen-ana-e-malit-vendlindja-ime\/#breadcrumb","itemListElement":[{"@type":"ListItem","position":1,"name":"Gezim Salaj vjen me k\u00ebng\u00ebn &#8220;Ana e Malit, Vendlindja Ime&#8221;"}]},{"@type":"Person","@id":"https:\/\/www.visit-ulcinj.com\/blog\/#\/schema\/person\/dcab619c614d3038751c63bc2aadc06d","name":"ulqini","sameAs":["http:\/\/www.visit-ulcinj.com"],"url":"https:\/\/www.visit-ulcinj.com\/blog\/author\/admin\/"}]}},"jetpack_featured_media_url":"","jetpack_sharing_enabled":true,"jetpack_shortlink":"https:\/\/wp.me\/pe6lTn-j1r","_links":{"self":[{"href":"https:\/\/www.visit-ulcinj.com\/blog\/wp-json\/wp\/v2\/posts\/73125"}],"collection":[{"href":"https:\/\/www.visit-ulcinj.com\/blog\/wp-json\/wp\/v2\/posts"}],"about":[{"href":"https:\/\/www.visit-ulcinj.com\/blog\/wp-json\/wp\/v2\/types\/post"}],"author":[{"embeddable":true,"href":"https:\/\/www.visit-ulcinj.com\/blog\/wp-json\/wp\/v2\/users\/1"}],"replies":[{"embeddable":true,"href":"https:\/\/www.visit-ulcinj.com\/blog\/wp-json\/wp\/v2\/comments?post=73125"}],"version-history":[{"count":6,"href":"https:\/\/www.visit-ulcinj.com\/blog\/wp-json\/wp\/v2\/posts\/73125\/revisions"}],"predecessor-version":[{"id":73128,"href":"https:\/\/www.visit-ulcinj.com\/blog\/wp-json\/wp\/v2\/posts\/73125\/revisions\/73128"}],"wp:attachment":[{"href":"https:\/\/www.visit-ulcinj.com\/blog\/wp-json\/wp\/v2\/media?parent=73125"}],"wp:term":[{"taxonomy":"category","embeddable":true,"href":"https:\/\/www.visit-ulcinj.com\/blog\/wp-json\/wp\/v2\/categories?post=73125"},{"taxonomy":"post_tag","embeddable":true,"href":"https:\/\/www.visit-ulcinj.com\/blog\/wp-json\/wp\/v2\/tags?post=73125"}],"curies":[{"name":"wp","href":"https:\/\/api.w.org\/{rel}","templated":true}]}}