{"id":73135,"date":"2013-07-09T12:07:04","date_gmt":"2013-07-09T11:07:04","guid":{"rendered":"http:\/\/www.visit-ulcinj.com\/blog\/?p=73135"},"modified":"2013-07-10T20:31:17","modified_gmt":"2013-07-10T19:31:17","slug":"cungu-montenegro-star-per-fillimin-e-hotel-jadranit","status":"publish","type":"post","link":"https:\/\/www.visit-ulcinj.com\/blog\/2013\/07\/09\/cungu-montenegro-star-per-fillimin-e-hotel-jadranit\/","title":{"rendered":"Cungu &#038; Montenegro Star per fillimin e hotel Jadranit"},"content":{"rendered":"<p><strong><a href=\"http:\/\/www.visit-ulcinj.com\/blog\/wp-content\/uploads\/2013\/07\/Nazif-cungu-Montenegro-star.jpg\"><img loading=\"lazy\" class=\"alignleft  wp-image-73136\" alt=\"Nazif-cungu-Montenegro-star\" src=\"http:\/\/www.visit-ulcinj.com\/blog\/wp-content\/uploads\/2013\/07\/Nazif-cungu-Montenegro-star.jpg\" width=\"508\" height=\"360\" \/><\/a>Takimi me Montenegro Star lidhur me fillimin e nd\u00ebrtimeve ne lokacionin e hotelit Jadran<\/strong><\/p>\n<p>Kryetari i Komun\u00ebs s\u00eb Ulqinit Nazif Cungu \u00ebsht\u00eb takuar me p\u00ebrfaq\u00ebsuesit e &#8220;Montenegro Star&#8221; shpk dhe p\u00ebrfaq\u00ebsuesit e NP &#8220;T\u00eb mirat detare&#8221; p\u00ebr t\u00eb r\u00ebn\u00eb dakord p\u00ebr aktivitetet e ardhshme me q\u00ebllim t\u00eb fillimit t\u00eb realizimit t\u00eb projektit p\u00ebr nd\u00ebrtimin e hotelit n\u00eb gadishullin Suka, lokacioni i hotelit Jadran. N\u00eb baz\u00eb t\u00eb kontrat\u00ebs t\u00eb cil\u00ebn e kan\u00eb n\u00ebnshkruar NP T\u00eb mirat detare dhe &#8220;Star of Montenegro&#8221; shpk, fillimi i punimeve kryesore n\u00eb k\u00ebt\u00eb lokacion \u00ebsht\u00eb parapar\u00eb p\u00ebr dat\u00ebn 1 n\u00ebntor, e p\u00ebr k\u00ebt\u00eb nevojitet zhvendosja e 13 familjeve t\u00eb cilat jetojn\u00eb n\u00eb at\u00eb lokacion.<\/p>\n<p>Si zgjidhje p\u00ebrfundimtare p\u00ebr k\u00ebto familje \u00ebsht\u00eb parashikuar nd\u00ebrtimi i nj\u00eb nj\u00ebsie banimi me vler\u00eb 660 mij\u00eb Euro, q\u00eb do duhej t\u00eb ishte n\u00eb funksion deri n\u00eb ver\u00ebn e ardhshme. Komuna e Ulqinit krahas tok\u00ebs s\u00eb liruar nga komunalet do t\u00eb ndaj\u00eb edhe 150 mij\u00eb Euro p\u00ebr nd\u00ebrtimin e k\u00ebsaj nj\u00ebsie t\u00eb banimit, nd\u00ebrsa n\u00eb takim \u00ebsht\u00eb r\u00ebn\u00eb dakord q\u00eb NP T\u00eb mirat detare krahas 350 mij\u00eb Euro q\u00eb tashm\u00eb jan\u00eb n\u00eb dispozicion, do t\u00eb siguroj\u00eb edhe pjes\u00ebn tjet\u00ebr t\u00eb mjeteve t\u00eb shum\u00ebs s\u00eb p\u00ebrgjithshme. T\u00eb pranishmit kan\u00eb r\u00ebn\u00eb dakord q\u00eb prej n\u00ebntorit si zgjidhje kalimtare p\u00ebr \u00e7\u00ebshtjen e banimit t\u00eb familjeve, Komuna e Ulqinit dhe NP T\u00eb mirat detare do t\u00eb marrin p\u00ebrsip\u00ebr qiran\u00eb. Tenderi p\u00ebr nd\u00ebrtimin e nd\u00ebrtes\u00ebs s\u00eb banimit duhet t\u00eb shpallet deri me dat\u00ebn 20 korrik.<\/p>\n<p>&nbsp;<\/p>\n<p><strong>Op\u0161tina Ulcinj \/ Komuna e Ulqinit<\/strong><br \/>\nTel: +382 30 412 050<br \/>\nFax: +382 30 412 413<br \/>\nAdresa: Bul. Skenderbeu bb, 85360 Ulcinj, MNE<\/p>\n","protected":false},"excerpt":{"rendered":"<p>Takimi me Montenegro Star lidhur me fillimin e nd\u00ebrtimeve ne lokacionin e hotelit Jadran Kryetari i Komun\u00ebs s\u00eb Ulqinit Nazif Cungu \u00ebsht\u00eb takuar me p\u00ebrfaq\u00ebsuesit e &#8220;Montenegro Star&#8221; shpk dhe p\u00ebrfaq\u00ebsuesit e NP &#8220;T\u00eb mirat detare&#8221; p\u00ebr t\u00eb r\u00ebn\u00eb dakord p\u00ebr aktivitetet e ardhshme me q\u00ebllim t\u00eb fillimit t\u00eb realizimit t\u00eb projektit p\u00ebr nd\u00ebrtimin e [&hellip;]<\/p>\n","protected":false},"author":1,"featured_media":0,"comment_status":"closed","ping_status":"closed","sticky":false,"template":"","format":"standard","meta":{"spay_email":"","jetpack_publicize_message":"","jetpack_is_tweetstorm":false,"jetpack_publicize_feature_enabled":true},"categories":[10,1],"tags":[],"jetpack_publicize_connections":[],"yoast_head":"<!-- This site is optimized with the Yoast SEO plugin v19.1 - https:\/\/yoast.com\/wordpress\/plugins\/seo\/ -->\n<title>Cungu &amp; Montenegro Star per fillimin e hotel Jadranit - Lajme nga Ulqini<\/title>\n<meta name=\"description\" content=\"Takimi me Montenegro Star lidhur me fillimin e nd\u00ebrtimeve ne lokacionin e hotelit Jadran Kryetari i Komun\u00ebs s\u00eb Ulqinit Nazif Cungu \u00ebsht\u00eb takuar me\" \/>\n<meta name=\"robots\" content=\"index, follow, max-snippet:-1, max-image-preview:large, max-video-preview:-1\" \/>\n<link rel=\"canonical\" href=\"https:\/\/www.visit-ulcinj.com\/blog\/2013\/07\/09\/cungu-montenegro-star-per-fillimin-e-hotel-jadranit\/\" \/>\n<meta property=\"og:locale\" content=\"en_US\" \/>\n<meta property=\"og:type\" content=\"article\" \/>\n<meta property=\"og:title\" content=\"Cungu &amp; Montenegro Star per fillimin e hotel Jadranit - Lajme nga Ulqini\" \/>\n<meta property=\"og:description\" content=\"Takimi me Montenegro Star lidhur me fillimin e nd\u00ebrtimeve ne lokacionin e hotelit Jadran Kryetari i Komun\u00ebs s\u00eb Ulqinit Nazif Cungu \u00ebsht\u00eb takuar me\" \/>\n<meta property=\"og:url\" content=\"https:\/\/www.visit-ulcinj.com\/blog\/2013\/07\/09\/cungu-montenegro-star-per-fillimin-e-hotel-jadranit\/\" \/>\n<meta property=\"og:site_name\" content=\"Lajme nga Ulqini\" \/>\n<meta property=\"article:published_time\" content=\"2013-07-09T11:07:04+00:00\" \/>\n<meta property=\"article:modified_time\" content=\"2013-07-10T19:31:17+00:00\" \/>\n<meta property=\"og:image\" content=\"http:\/\/www.visit-ulcinj.com\/blog\/wp-content\/uploads\/2013\/07\/Nazif-cungu-Montenegro-star.jpg\" \/>\n<meta name=\"twitter:label1\" content=\"Written by\" \/>\n\t<meta name=\"twitter:data1\" content=\"ulqini\" \/>\n\t<meta name=\"twitter:label2\" content=\"Est. reading time\" \/>\n\t<meta name=\"twitter:data2\" content=\"1 minute\" \/>\n<script type=\"application\/ld+json\" class=\"yoast-schema-graph\">{\"@context\":\"https:\/\/schema.org\",\"@graph\":[{\"@type\":\"WebSite\",\"@id\":\"https:\/\/www.visit-ulcinj.com\/blog\/#website\",\"url\":\"https:\/\/www.visit-ulcinj.com\/blog\/\",\"name\":\"Lajme nga Ulqini\",\"description\":\"Lajme,Vijesti,Ulqini,Ulqin,Crna Gora,Mali i Zi\",\"potentialAction\":[{\"@type\":\"SearchAction\",\"target\":{\"@type\":\"EntryPoint\",\"urlTemplate\":\"https:\/\/www.visit-ulcinj.com\/blog\/?s={search_term_string}\"},\"query-input\":\"required name=search_term_string\"}],\"inLanguage\":\"en-US\"},{\"@type\":\"ImageObject\",\"inLanguage\":\"en-US\",\"@id\":\"https:\/\/www.visit-ulcinj.com\/blog\/2013\/07\/09\/cungu-montenegro-star-per-fillimin-e-hotel-jadranit\/#primaryimage\",\"url\":\"https:\/\/www.visit-ulcinj.com\/blog\/wp-content\/uploads\/2013\/07\/Nazif-cungu-Montenegro-star.jpg\",\"contentUrl\":\"https:\/\/www.visit-ulcinj.com\/blog\/wp-content\/uploads\/2013\/07\/Nazif-cungu-Montenegro-star.jpg\",\"width\":640,\"height\":424},{\"@type\":\"WebPage\",\"@id\":\"https:\/\/www.visit-ulcinj.com\/blog\/2013\/07\/09\/cungu-montenegro-star-per-fillimin-e-hotel-jadranit\/#webpage\",\"url\":\"https:\/\/www.visit-ulcinj.com\/blog\/2013\/07\/09\/cungu-montenegro-star-per-fillimin-e-hotel-jadranit\/\",\"name\":\"Cungu & Montenegro Star per fillimin e hotel Jadranit - Lajme nga Ulqini\",\"isPartOf\":{\"@id\":\"https:\/\/www.visit-ulcinj.com\/blog\/#website\"},\"primaryImageOfPage\":{\"@id\":\"https:\/\/www.visit-ulcinj.com\/blog\/2013\/07\/09\/cungu-montenegro-star-per-fillimin-e-hotel-jadranit\/#primaryimage\"},\"datePublished\":\"2013-07-09T11:07:04+00:00\",\"dateModified\":\"2013-07-10T19:31:17+00:00\",\"author\":{\"@id\":\"https:\/\/www.visit-ulcinj.com\/blog\/#\/schema\/person\/dcab619c614d3038751c63bc2aadc06d\"},\"description\":\"Takimi me Montenegro Star lidhur me fillimin e nd\u00ebrtimeve ne lokacionin e hotelit Jadran Kryetari i Komun\u00ebs s\u00eb Ulqinit Nazif Cungu \u00ebsht\u00eb takuar me\",\"breadcrumb\":{\"@id\":\"https:\/\/www.visit-ulcinj.com\/blog\/2013\/07\/09\/cungu-montenegro-star-per-fillimin-e-hotel-jadranit\/#breadcrumb\"},\"inLanguage\":\"en-US\",\"potentialAction\":[{\"@type\":\"ReadAction\",\"target\":[\"https:\/\/www.visit-ulcinj.com\/blog\/2013\/07\/09\/cungu-montenegro-star-per-fillimin-e-hotel-jadranit\/\"]}]},{\"@type\":\"BreadcrumbList\",\"@id\":\"https:\/\/www.visit-ulcinj.com\/blog\/2013\/07\/09\/cungu-montenegro-star-per-fillimin-e-hotel-jadranit\/#breadcrumb\",\"itemListElement\":[{\"@type\":\"ListItem\",\"position\":1,\"name\":\"Cungu &#038; Montenegro Star per fillimin e hotel Jadranit\"}]},{\"@type\":\"Person\",\"@id\":\"https:\/\/www.visit-ulcinj.com\/blog\/#\/schema\/person\/dcab619c614d3038751c63bc2aadc06d\",\"name\":\"ulqini\",\"sameAs\":[\"http:\/\/www.visit-ulcinj.com\"],\"url\":\"https:\/\/www.visit-ulcinj.com\/blog\/author\/admin\/\"}]}<\/script>\n<!-- \/ Yoast SEO plugin. -->","yoast_head_json":{"title":"Cungu & Montenegro Star per fillimin e hotel Jadranit - Lajme nga Ulqini","description":"Takimi me Montenegro Star lidhur me fillimin e nd\u00ebrtimeve ne lokacionin e hotelit Jadran Kryetari i Komun\u00ebs s\u00eb Ulqinit Nazif Cungu \u00ebsht\u00eb takuar me","robots":{"index":"index","follow":"follow","max-snippet":"max-snippet:-1","max-image-preview":"max-image-preview:large","max-video-preview":"max-video-preview:-1"},"canonical":"https:\/\/www.visit-ulcinj.com\/blog\/2013\/07\/09\/cungu-montenegro-star-per-fillimin-e-hotel-jadranit\/","og_locale":"en_US","og_type":"article","og_title":"Cungu & Montenegro Star per fillimin e hotel Jadranit - Lajme nga Ulqini","og_description":"Takimi me Montenegro Star lidhur me fillimin e nd\u00ebrtimeve ne lokacionin e hotelit Jadran Kryetari i Komun\u00ebs s\u00eb Ulqinit Nazif Cungu \u00ebsht\u00eb takuar me","og_url":"https:\/\/www.visit-ulcinj.com\/blog\/2013\/07\/09\/cungu-montenegro-star-per-fillimin-e-hotel-jadranit\/","og_site_name":"Lajme nga Ulqini","article_published_time":"2013-07-09T11:07:04+00:00","article_modified_time":"2013-07-10T19:31:17+00:00","og_image":[{"url":"http:\/\/www.visit-ulcinj.com\/blog\/wp-content\/uploads\/2013\/07\/Nazif-cungu-Montenegro-star.jpg"}],"twitter_misc":{"Written by":"ulqini","Est. reading time":"1 minute"},"schema":{"@context":"https:\/\/schema.org","@graph":[{"@type":"WebSite","@id":"https:\/\/www.visit-ulcinj.com\/blog\/#website","url":"https:\/\/www.visit-ulcinj.com\/blog\/","name":"Lajme nga Ulqini","description":"Lajme,Vijesti,Ulqini,Ulqin,Crna Gora,Mali i Zi","potentialAction":[{"@type":"SearchAction","target":{"@type":"EntryPoint","urlTemplate":"https:\/\/www.visit-ulcinj.com\/blog\/?s={search_term_string}"},"query-input":"required name=search_term_string"}],"inLanguage":"en-US"},{"@type":"ImageObject","inLanguage":"en-US","@id":"https:\/\/www.visit-ulcinj.com\/blog\/2013\/07\/09\/cungu-montenegro-star-per-fillimin-e-hotel-jadranit\/#primaryimage","url":"https:\/\/www.visit-ulcinj.com\/blog\/wp-content\/uploads\/2013\/07\/Nazif-cungu-Montenegro-star.jpg","contentUrl":"https:\/\/www.visit-ulcinj.com\/blog\/wp-content\/uploads\/2013\/07\/Nazif-cungu-Montenegro-star.jpg","width":640,"height":424},{"@type":"WebPage","@id":"https:\/\/www.visit-ulcinj.com\/blog\/2013\/07\/09\/cungu-montenegro-star-per-fillimin-e-hotel-jadranit\/#webpage","url":"https:\/\/www.visit-ulcinj.com\/blog\/2013\/07\/09\/cungu-montenegro-star-per-fillimin-e-hotel-jadranit\/","name":"Cungu & Montenegro Star per fillimin e hotel Jadranit - Lajme nga Ulqini","isPartOf":{"@id":"https:\/\/www.visit-ulcinj.com\/blog\/#website"},"primaryImageOfPage":{"@id":"https:\/\/www.visit-ulcinj.com\/blog\/2013\/07\/09\/cungu-montenegro-star-per-fillimin-e-hotel-jadranit\/#primaryimage"},"datePublished":"2013-07-09T11:07:04+00:00","dateModified":"2013-07-10T19:31:17+00:00","author":{"@id":"https:\/\/www.visit-ulcinj.com\/blog\/#\/schema\/person\/dcab619c614d3038751c63bc2aadc06d"},"description":"Takimi me Montenegro Star lidhur me fillimin e nd\u00ebrtimeve ne lokacionin e hotelit Jadran Kryetari i Komun\u00ebs s\u00eb Ulqinit Nazif Cungu \u00ebsht\u00eb takuar me","breadcrumb":{"@id":"https:\/\/www.visit-ulcinj.com\/blog\/2013\/07\/09\/cungu-montenegro-star-per-fillimin-e-hotel-jadranit\/#breadcrumb"},"inLanguage":"en-US","potentialAction":[{"@type":"ReadAction","target":["https:\/\/www.visit-ulcinj.com\/blog\/2013\/07\/09\/cungu-montenegro-star-per-fillimin-e-hotel-jadranit\/"]}]},{"@type":"BreadcrumbList","@id":"https:\/\/www.visit-ulcinj.com\/blog\/2013\/07\/09\/cungu-montenegro-star-per-fillimin-e-hotel-jadranit\/#breadcrumb","itemListElement":[{"@type":"ListItem","position":1,"name":"Cungu &#038; Montenegro Star per fillimin e hotel Jadranit"}]},{"@type":"Person","@id":"https:\/\/www.visit-ulcinj.com\/blog\/#\/schema\/person\/dcab619c614d3038751c63bc2aadc06d","name":"ulqini","sameAs":["http:\/\/www.visit-ulcinj.com"],"url":"https:\/\/www.visit-ulcinj.com\/blog\/author\/admin\/"}]}},"jetpack_featured_media_url":"","jetpack_sharing_enabled":true,"jetpack_shortlink":"https:\/\/wp.me\/pe6lTn-j1B","_links":{"self":[{"href":"https:\/\/www.visit-ulcinj.com\/blog\/wp-json\/wp\/v2\/posts\/73135"}],"collection":[{"href":"https:\/\/www.visit-ulcinj.com\/blog\/wp-json\/wp\/v2\/posts"}],"about":[{"href":"https:\/\/www.visit-ulcinj.com\/blog\/wp-json\/wp\/v2\/types\/post"}],"author":[{"embeddable":true,"href":"https:\/\/www.visit-ulcinj.com\/blog\/wp-json\/wp\/v2\/users\/1"}],"replies":[{"embeddable":true,"href":"https:\/\/www.visit-ulcinj.com\/blog\/wp-json\/wp\/v2\/comments?post=73135"}],"version-history":[{"count":3,"href":"https:\/\/www.visit-ulcinj.com\/blog\/wp-json\/wp\/v2\/posts\/73135\/revisions"}],"predecessor-version":[{"id":73173,"href":"https:\/\/www.visit-ulcinj.com\/blog\/wp-json\/wp\/v2\/posts\/73135\/revisions\/73173"}],"wp:attachment":[{"href":"https:\/\/www.visit-ulcinj.com\/blog\/wp-json\/wp\/v2\/media?parent=73135"}],"wp:term":[{"taxonomy":"category","embeddable":true,"href":"https:\/\/www.visit-ulcinj.com\/blog\/wp-json\/wp\/v2\/categories?post=73135"},{"taxonomy":"post_tag","embeddable":true,"href":"https:\/\/www.visit-ulcinj.com\/blog\/wp-json\/wp\/v2\/tags?post=73135"}],"curies":[{"name":"wp","href":"https:\/\/api.w.org\/{rel}","templated":true}]}}