{"id":7315,"date":"2008-12-15T19:00:11","date_gmt":"2008-12-15T18:00:11","guid":{"rendered":"http:\/\/www.visit-ulcinj.com\/blog\/?p=7315"},"modified":"2008-12-15T19:00:11","modified_gmt":"2008-12-15T18:00:11","slug":"crna-gora-aplicira-za-clanstvo-u-eu","status":"publish","type":"post","link":"https:\/\/www.visit-ulcinj.com\/blog\/2008\/12\/15\/crna-gora-aplicira-za-clanstvo-u-eu\/","title":{"rendered":"Crna Gora aplicira za ?lanstvo u EU"},"content":{"rendered":"<p><a href=\"http:\/\/www.visit-ulcinj.com\/blog\/wp-content\/uploads\/2008\/12\/nicolas-sarkozy-_millo-djukanovic.jpg\"><img loading=\"lazy\" class=\"alignleft size-medium wp-image-7316\" title=\"nicolas-sarkozy-_millo-djukanovic\" src=\"http:\/\/www.visit-ulcinj.com\/blog\/wp-content\/uploads\/2008\/12\/nicolas-sarkozy-_millo-djukanovic-255x300.jpg\" alt=\"\" width=\"298\" height=\"351\" srcset=\"https:\/\/www.visit-ulcinj.com\/blog\/wp-content\/uploads\/2008\/12\/nicolas-sarkozy-_millo-djukanovic-255x300.jpg 255w, https:\/\/www.visit-ulcinj.com\/blog\/wp-content\/uploads\/2008\/12\/nicolas-sarkozy-_millo-djukanovic.jpg 294w\" sizes=\"(max-width: 298px) 100vw, 298px\" \/><\/a>Podgorica, Brisel &#8211; Crnogorski premijer Milo ?ukanovi? predao je francuskom predsedniku Nikoli Sarkoziju zvani?an zahtev Crne Gore da dobije status kandidata za ?lanstvo u EU.<br \/>\nOvo je veliki dan za Crnu Goru, staru evropsku dr\u017eavu, a opet najmla?u ?lanicu Ujedinjenih nacija i Saveta Evrope. Ovo je veliki dan i za Balkan i sve kandidate i potencijalne kandidate za ?lanstvo u Evropskoj uniji&#8221;, rekao je ?ukanovi?, posle uru?enja aplikacije.<br \/>\nSastanku ?ukanovi?a i Sarkozija u Jelisejskoj palati prisustvovao je i komesar za pro\u0161irenje EU Oli Ren, a sa ?ukanovi?em su u Pariz otputovali i potpredsednica crnogorske vlade Gordana ?urovi? i ministar inostranih poslova Crne Gore Milan Ro?en.<br \/>\nPredaja zahteva u Podogrici se ocenjuje kao po?etak najva\u017enije faze pred punopravno ?lanstvo Crne Gore u EU.<br \/>\nIako je najpre iz Brisela sugerisano odlaganje predaje zahteva na izvesno vreme zbog problema unutar EU, \u0161ef crnogorske diplomatije Milan Ro?en ka\u017ee da je sve ura?eno u konsultacijama sa Briselom i zemljama ?lanicama EU, pre svega sa Francuskom.<br \/>\nPredsednik Crne Gore Filip Vujanovi? o?ekuje da ?e se Brisel tokom ?e\u0161kog predsedavanja EU izjasniti o crnogorskom zahtevu za ?lanstvo u Evropskoj uniji.<br \/>\nVujanovi? je novinarima na \u017dabljaku rekao da je Prag u programu predsedavanja EU me?u prioritetima posebno pozicionirao pitanje pridru\u017eivanja zapadnog Balkana.<br \/>\nKada Crna Gora zvani?no preda aplikaciju, Savet EU daje mandat Evropskoj komisiji da iznese mi\u0161ljenje o zahtevu dr\u017eave za ?lanstvo.<br \/>\nEvropska komisija tada \u0161alje dr\u017eavi potencijalnom kandidatu upitnik sa gotovo 4.500 pitanja kojima su obuhva?ene sve institucije i oblasti.<br \/>\nNa osnovu dobijenih odgovora, Evropska komisija pravi presek stanja u zemlji koja aplicira.<br \/>\nDr\u017eavi potencijalnom kandidatu neformalno se daje rok od tri meseca da po\u0161alje odgovore.<br \/>\nNakon toga o?ekuje se da u slede?ih nekoliko meseci, obi?no pola godine, Evropska komisija da pozitivno mi\u0161ljenje na zahtev za ?lanstvo, takozvani Avis.<br \/>\nPotom lideri ?lanica Evropske unije mogu formalno da daju Crnoj Gori status kandidata za ?lanstvo u EU.<\/p>\n<p><strong>Ren: Istorijska prekretnica Crne Gore<\/strong><\/p>\n<p>Evropski komesar za pro\u0161irenje Oli Ren pozdravio je zahtev Crne Gore za ?lanstvo u Evropskoj uniji.<br \/>\n&#8220;Danas je Crna Gora dostigla istorijsku prekretnicu koja ozna?ava va\u017eno opredeljenje zemlje ka zajedni?kim evropskim vrednostima&#8221;, istakao je Ren i dodao da je sada na Savetu da odlu?i o daljim koracima.<br \/>\nEvropski komesar je naglasio da je Komisija spremna da pripremi mi\u0161ljenje o aplikaciji Crne Gore, ukoliko je Savet pozove da to u?ini i dodao da je Crna Gora ostvarila zna?ajan napredak u pripremama za evropske integracije.<br \/>\n&#8220;Postoji sna\u017ean konsenzus o pitanju evropskih integracija: napredak u primeni Privremenog sporazuma je bio pozitivan i Crna Gora je imala konstruktivnu i stabiliziraju?u ulogu u regionu&#8221;, rekao je on.<br \/>\nRen je naglasio da je &#8220;evropska perspektiva zemalja zapadnog Balkana, uklju?uju?i i Crne Gore, klju?na za stabilnost i prosperitet regiona i EU&#8221;.<br \/>\n<strong><br \/>\n?estitke iz Srbije<\/strong><\/p>\n<p>Potpredsednik Vlade za evropske integracija Bo\u017eidar ?eli? ?estitao je Crnoj Gori, u ime Srbije, na predaji zahteva za dobijanje statusa kandidata za ?lanstvo u Evropskoj uniji, saop\u0161teno je iz kabineta.<br \/>\nU pismu upu?enom predsedniku Vlade Crne Gore Milu ?ukanovi?u ?eli? je naglasio da je to zna?ajan doga?aj ne samo za Crnu Goru i njene gra?ane, ve? i za sve zemlje zapadnog Balkana.<br \/>\n&#8220;Va\u0161a predaja zahteva za dobijanje statusa kandidata za ?lanstvo u Evropskoj uniji ja?a i u?vr\u0161?uje evropsku perspektivu ?itavog regiona&#8221;, navodi se u pismu.<br \/>\nTako?e, direktorka Kancelarije Vlade Srbije za evropske integracije Milica Delevi? izjavila je Fonetu da se raduje svakom uspehu zemlje regiona, jer to predstavlja korak napred za ceo region.<br \/>\n&#8220;Iskreno \u017eelim uspeh Crnoj Gori. Nadam se da ?e 2009. godina, poput 2005, biti godina kada ?e se sve dr\u017eave regiona pomeriti bar po jedan korak napred i da ?e postati prava godina pridru\u017eivanja&#8221;, navela je Milica Delevi?.<br \/>\n<strong>Izvor \/ B 92<\/strong><\/p>\n","protected":false},"excerpt":{"rendered":"<p>Podgorica, Brisel &#8211; Crnogorski premijer Milo ?ukanovi? predao je francuskom predsedniku Nikoli Sarkoziju zvani?an zahtev Crne Gore da dobije status kandidata za ?lanstvo u EU. Ovo je veliki dan za Crnu Goru, staru evropsku dr\u017eavu, a opet najmla?u ?lanicu Ujedinjenih nacija i Saveta Evrope. Ovo je veliki dan i za Balkan i sve kandidate i [&hellip;]<\/p>\n","protected":false},"author":1,"featured_media":0,"comment_status":"open","ping_status":"closed","sticky":false,"template":"","format":"standard","meta":{"spay_email":"","jetpack_publicize_message":"","jetpack_is_tweetstorm":false,"jetpack_publicize_feature_enabled":true},"categories":[6],"tags":[20,2479,924,5247],"jetpack_publicize_connections":[],"yoast_head":"<!-- This site is optimized with the Yoast SEO plugin v19.1 - https:\/\/yoast.com\/wordpress\/plugins\/seo\/ -->\n<title>Crna Gora aplicira za ?lanstvo u EU - Lajme nga Ulqini<\/title>\n<meta name=\"description\" content=\"Podgorica, Brisel - Crnogorski premijer Milo ?ukanovi? predao je francuskom predsedniku Nikoli Sarkoziju zvani?an zahtev Crne Gore da dobije status\" \/>\n<meta name=\"robots\" content=\"index, follow, max-snippet:-1, max-image-preview:large, max-video-preview:-1\" \/>\n<link rel=\"canonical\" href=\"https:\/\/www.visit-ulcinj.com\/blog\/2008\/12\/15\/crna-gora-aplicira-za-clanstvo-u-eu\/\" \/>\n<meta property=\"og:locale\" content=\"en_US\" \/>\n<meta property=\"og:type\" content=\"article\" \/>\n<meta property=\"og:title\" content=\"Crna Gora aplicira za ?lanstvo u EU - Lajme nga Ulqini\" \/>\n<meta property=\"og:description\" content=\"Podgorica, Brisel - Crnogorski premijer Milo ?ukanovi? predao je francuskom predsedniku Nikoli Sarkoziju zvani?an zahtev Crne Gore da dobije status\" \/>\n<meta property=\"og:url\" content=\"https:\/\/www.visit-ulcinj.com\/blog\/2008\/12\/15\/crna-gora-aplicira-za-clanstvo-u-eu\/\" \/>\n<meta property=\"og:site_name\" content=\"Lajme nga Ulqini\" \/>\n<meta property=\"article:published_time\" content=\"2008-12-15T18:00:11+00:00\" \/>\n<meta property=\"og:image\" content=\"http:\/\/www.visit-ulcinj.com\/blog\/wp-content\/uploads\/2008\/12\/nicolas-sarkozy-_millo-djukanovic-255x300.jpg\" \/>\n<meta name=\"twitter:label1\" content=\"Written by\" \/>\n\t<meta name=\"twitter:data1\" content=\"ulqini\" \/>\n\t<meta name=\"twitter:label2\" content=\"Est. reading time\" \/>\n\t<meta name=\"twitter:data2\" content=\"3 minutes\" \/>\n<script type=\"application\/ld+json\" class=\"yoast-schema-graph\">{\"@context\":\"https:\/\/schema.org\",\"@graph\":[{\"@type\":\"WebSite\",\"@id\":\"https:\/\/www.visit-ulcinj.com\/blog\/#website\",\"url\":\"https:\/\/www.visit-ulcinj.com\/blog\/\",\"name\":\"Lajme nga Ulqini\",\"description\":\"Lajme,Vijesti,Ulqini,Ulqin,Crna Gora,Mali i Zi\",\"potentialAction\":[{\"@type\":\"SearchAction\",\"target\":{\"@type\":\"EntryPoint\",\"urlTemplate\":\"https:\/\/www.visit-ulcinj.com\/blog\/?s={search_term_string}\"},\"query-input\":\"required name=search_term_string\"}],\"inLanguage\":\"en-US\"},{\"@type\":\"ImageObject\",\"inLanguage\":\"en-US\",\"@id\":\"https:\/\/www.visit-ulcinj.com\/blog\/2008\/12\/15\/crna-gora-aplicira-za-clanstvo-u-eu\/#primaryimage\",\"url\":\"http:\/\/www.visit-ulcinj.com\/blog\/wp-content\/uploads\/2008\/12\/nicolas-sarkozy-_millo-djukanovic-255x300.jpg\",\"contentUrl\":\"http:\/\/www.visit-ulcinj.com\/blog\/wp-content\/uploads\/2008\/12\/nicolas-sarkozy-_millo-djukanovic-255x300.jpg\"},{\"@type\":\"WebPage\",\"@id\":\"https:\/\/www.visit-ulcinj.com\/blog\/2008\/12\/15\/crna-gora-aplicira-za-clanstvo-u-eu\/#webpage\",\"url\":\"https:\/\/www.visit-ulcinj.com\/blog\/2008\/12\/15\/crna-gora-aplicira-za-clanstvo-u-eu\/\",\"name\":\"Crna Gora aplicira za ?lanstvo u EU - Lajme nga Ulqini\",\"isPartOf\":{\"@id\":\"https:\/\/www.visit-ulcinj.com\/blog\/#website\"},\"primaryImageOfPage\":{\"@id\":\"https:\/\/www.visit-ulcinj.com\/blog\/2008\/12\/15\/crna-gora-aplicira-za-clanstvo-u-eu\/#primaryimage\"},\"datePublished\":\"2008-12-15T18:00:11+00:00\",\"dateModified\":\"2008-12-15T18:00:11+00:00\",\"author\":{\"@id\":\"https:\/\/www.visit-ulcinj.com\/blog\/#\/schema\/person\/dcab619c614d3038751c63bc2aadc06d\"},\"description\":\"Podgorica, Brisel - Crnogorski premijer Milo ?ukanovi? predao je francuskom predsedniku Nikoli Sarkoziju zvani?an zahtev Crne Gore da dobije status\",\"breadcrumb\":{\"@id\":\"https:\/\/www.visit-ulcinj.com\/blog\/2008\/12\/15\/crna-gora-aplicira-za-clanstvo-u-eu\/#breadcrumb\"},\"inLanguage\":\"en-US\",\"potentialAction\":[{\"@type\":\"ReadAction\",\"target\":[\"https:\/\/www.visit-ulcinj.com\/blog\/2008\/12\/15\/crna-gora-aplicira-za-clanstvo-u-eu\/\"]}]},{\"@type\":\"BreadcrumbList\",\"@id\":\"https:\/\/www.visit-ulcinj.com\/blog\/2008\/12\/15\/crna-gora-aplicira-za-clanstvo-u-eu\/#breadcrumb\",\"itemListElement\":[{\"@type\":\"ListItem\",\"position\":1,\"name\":\"Crna Gora aplicira za ?lanstvo u EU\"}]},{\"@type\":\"Person\",\"@id\":\"https:\/\/www.visit-ulcinj.com\/blog\/#\/schema\/person\/dcab619c614d3038751c63bc2aadc06d\",\"name\":\"ulqini\",\"sameAs\":[\"http:\/\/www.visit-ulcinj.com\"],\"url\":\"https:\/\/www.visit-ulcinj.com\/blog\/author\/admin\/\"}]}<\/script>\n<!-- \/ Yoast SEO plugin. -->","yoast_head_json":{"title":"Crna Gora aplicira za ?lanstvo u EU - Lajme nga Ulqini","description":"Podgorica, Brisel - Crnogorski premijer Milo ?ukanovi? predao je francuskom predsedniku Nikoli Sarkoziju zvani?an zahtev Crne Gore da dobije status","robots":{"index":"index","follow":"follow","max-snippet":"max-snippet:-1","max-image-preview":"max-image-preview:large","max-video-preview":"max-video-preview:-1"},"canonical":"https:\/\/www.visit-ulcinj.com\/blog\/2008\/12\/15\/crna-gora-aplicira-za-clanstvo-u-eu\/","og_locale":"en_US","og_type":"article","og_title":"Crna Gora aplicira za ?lanstvo u EU - Lajme nga Ulqini","og_description":"Podgorica, Brisel - Crnogorski premijer Milo ?ukanovi? predao je francuskom predsedniku Nikoli Sarkoziju zvani?an zahtev Crne Gore da dobije status","og_url":"https:\/\/www.visit-ulcinj.com\/blog\/2008\/12\/15\/crna-gora-aplicira-za-clanstvo-u-eu\/","og_site_name":"Lajme nga Ulqini","article_published_time":"2008-12-15T18:00:11+00:00","og_image":[{"url":"http:\/\/www.visit-ulcinj.com\/blog\/wp-content\/uploads\/2008\/12\/nicolas-sarkozy-_millo-djukanovic-255x300.jpg"}],"twitter_misc":{"Written by":"ulqini","Est. reading time":"3 minutes"},"schema":{"@context":"https:\/\/schema.org","@graph":[{"@type":"WebSite","@id":"https:\/\/www.visit-ulcinj.com\/blog\/#website","url":"https:\/\/www.visit-ulcinj.com\/blog\/","name":"Lajme nga Ulqini","description":"Lajme,Vijesti,Ulqini,Ulqin,Crna Gora,Mali i Zi","potentialAction":[{"@type":"SearchAction","target":{"@type":"EntryPoint","urlTemplate":"https:\/\/www.visit-ulcinj.com\/blog\/?s={search_term_string}"},"query-input":"required name=search_term_string"}],"inLanguage":"en-US"},{"@type":"ImageObject","inLanguage":"en-US","@id":"https:\/\/www.visit-ulcinj.com\/blog\/2008\/12\/15\/crna-gora-aplicira-za-clanstvo-u-eu\/#primaryimage","url":"http:\/\/www.visit-ulcinj.com\/blog\/wp-content\/uploads\/2008\/12\/nicolas-sarkozy-_millo-djukanovic-255x300.jpg","contentUrl":"http:\/\/www.visit-ulcinj.com\/blog\/wp-content\/uploads\/2008\/12\/nicolas-sarkozy-_millo-djukanovic-255x300.jpg"},{"@type":"WebPage","@id":"https:\/\/www.visit-ulcinj.com\/blog\/2008\/12\/15\/crna-gora-aplicira-za-clanstvo-u-eu\/#webpage","url":"https:\/\/www.visit-ulcinj.com\/blog\/2008\/12\/15\/crna-gora-aplicira-za-clanstvo-u-eu\/","name":"Crna Gora aplicira za ?lanstvo u EU - Lajme nga Ulqini","isPartOf":{"@id":"https:\/\/www.visit-ulcinj.com\/blog\/#website"},"primaryImageOfPage":{"@id":"https:\/\/www.visit-ulcinj.com\/blog\/2008\/12\/15\/crna-gora-aplicira-za-clanstvo-u-eu\/#primaryimage"},"datePublished":"2008-12-15T18:00:11+00:00","dateModified":"2008-12-15T18:00:11+00:00","author":{"@id":"https:\/\/www.visit-ulcinj.com\/blog\/#\/schema\/person\/dcab619c614d3038751c63bc2aadc06d"},"description":"Podgorica, Brisel - Crnogorski premijer Milo ?ukanovi? predao je francuskom predsedniku Nikoli Sarkoziju zvani?an zahtev Crne Gore da dobije status","breadcrumb":{"@id":"https:\/\/www.visit-ulcinj.com\/blog\/2008\/12\/15\/crna-gora-aplicira-za-clanstvo-u-eu\/#breadcrumb"},"inLanguage":"en-US","potentialAction":[{"@type":"ReadAction","target":["https:\/\/www.visit-ulcinj.com\/blog\/2008\/12\/15\/crna-gora-aplicira-za-clanstvo-u-eu\/"]}]},{"@type":"BreadcrumbList","@id":"https:\/\/www.visit-ulcinj.com\/blog\/2008\/12\/15\/crna-gora-aplicira-za-clanstvo-u-eu\/#breadcrumb","itemListElement":[{"@type":"ListItem","position":1,"name":"Crna Gora aplicira za ?lanstvo u EU"}]},{"@type":"Person","@id":"https:\/\/www.visit-ulcinj.com\/blog\/#\/schema\/person\/dcab619c614d3038751c63bc2aadc06d","name":"ulqini","sameAs":["http:\/\/www.visit-ulcinj.com"],"url":"https:\/\/www.visit-ulcinj.com\/blog\/author\/admin\/"}]}},"jetpack_featured_media_url":"","jetpack_sharing_enabled":true,"jetpack_shortlink":"https:\/\/wp.me\/pe6lTn-1TZ","_links":{"self":[{"href":"https:\/\/www.visit-ulcinj.com\/blog\/wp-json\/wp\/v2\/posts\/7315"}],"collection":[{"href":"https:\/\/www.visit-ulcinj.com\/blog\/wp-json\/wp\/v2\/posts"}],"about":[{"href":"https:\/\/www.visit-ulcinj.com\/blog\/wp-json\/wp\/v2\/types\/post"}],"author":[{"embeddable":true,"href":"https:\/\/www.visit-ulcinj.com\/blog\/wp-json\/wp\/v2\/users\/1"}],"replies":[{"embeddable":true,"href":"https:\/\/www.visit-ulcinj.com\/blog\/wp-json\/wp\/v2\/comments?post=7315"}],"version-history":[{"count":0,"href":"https:\/\/www.visit-ulcinj.com\/blog\/wp-json\/wp\/v2\/posts\/7315\/revisions"}],"wp:attachment":[{"href":"https:\/\/www.visit-ulcinj.com\/blog\/wp-json\/wp\/v2\/media?parent=7315"}],"wp:term":[{"taxonomy":"category","embeddable":true,"href":"https:\/\/www.visit-ulcinj.com\/blog\/wp-json\/wp\/v2\/categories?post=7315"},{"taxonomy":"post_tag","embeddable":true,"href":"https:\/\/www.visit-ulcinj.com\/blog\/wp-json\/wp\/v2\/tags?post=7315"}],"curies":[{"name":"wp","href":"https:\/\/api.w.org\/{rel}","templated":true}]}}