{"id":73150,"date":"2013-07-10T19:30:44","date_gmt":"2013-07-10T18:30:44","guid":{"rendered":"http:\/\/www.visit-ulcinj.com\/blog\/?p=73150"},"modified":"2013-07-10T19:31:11","modified_gmt":"2013-07-10T18:31:11","slug":"salaj-me-rastin-e-diteve-te-filmit-shqiptar-ne-ulqin","status":"publish","type":"post","link":"https:\/\/www.visit-ulcinj.com\/blog\/2013\/07\/10\/salaj-me-rastin-e-diteve-te-filmit-shqiptar-ne-ulqin\/","title":{"rendered":"Salaj: Me rastin e Dit\u00ebve te Filmit Shqiptar ne Ulqin"},"content":{"rendered":"<p><strong><a href=\"http:\/\/www.visit-ulcinj.com\/blog\/wp-content\/uploads\/2013\/07\/Ditet-e-Filmit-Shqiptar-ne-Ulqin.png\"><img loading=\"lazy\" class=\"alignleft  wp-image-73151\" alt=\"Ditet e Filmit Shqiptar ne Ulqin\" src=\"http:\/\/www.visit-ulcinj.com\/blog\/wp-content\/uploads\/2013\/07\/Ditet-e-Filmit-Shqiptar-ne-Ulqin.png\" width=\"508\" height=\"600\" \/><\/a>Nisme per nje festival rajonal<\/strong><\/p>\n<p><strong>Nga: Ali Salaj<\/strong><\/p>\n<p>&nbsp;<\/p>\n<p>N\u00eb kuad\u00ebr t\u00eb veprimtaris\u00eb kulturore q\u00eb Shoqata e Artist\u00ebve dhe Intelektual\u00ebve &#8220;Art Club&#8221;\u00a0 zhvillon \u00a0m\u00eb shum\u00eb se dy dekada, koh\u00ebve t\u00eb fundit kjo \u00a0veprimtari u pasurua edhe me promovimin e artit kinematografik qoft\u00eb p\u00ebrmes revyjave apo p\u00ebrmes \u00a0dit\u00ebve t\u00eb filmit shqiptar.<\/p>\n<p>K\u00ebto evenimente &#8220;Art Club&#8221; i nisi me revyn\u00eb e filmit artistik p\u00ebr t\u00eb vazhduar me Dit\u00ebt e filmit dokumentar dhe t\u00eb shkurt\u00ebr shqiptar me synim q\u00eb n\u00eb nj\u00eb t\u00eb ardhme t\u00eb krijohet edhe \u00a0nj\u00eb festival me reputacion rajonal e mesdhetar.<\/p>\n<p>Edhe pse sot\u00eb tek shqiptar\u00ebt n\u00eb rajon m\u00eb shum\u00eb organizohen festivale t\u00eb filmit sesa prodhohen filma, megjithat\u00eb spostimi i artit kinematografik n\u00eb qend\u00ebr t\u00eb zhvillimeve kulturore e afirmon n\u00eb m\u00ebnyr\u00eb t\u00eb shpejt\u00eb dhe efikase kultur\u00ebn e nj\u00eb kombi pasi filmi me gjuh\u00ebn e imazhit krijon magjin\u00eb e p\u00ebrjetshme q\u00eb e ve\u00e7on nga t\u00eb gjitha artet tjera.<\/p>\n<p>Dit\u00ebt e filmit dokumentar dhe t\u00eb shkurt\u00ebr shqiptar po organizohet \u00a0p\u00ebr her\u00eb t\u00eb par\u00eb n\u00eb Ulqin n\u00eb nj\u00eb qytet bregdetar ku mungon kinemaja. P\u00ebr k\u00ebt\u00eb arsye k\u00ebto filma do t\u00eb ofrojn\u00eb nj\u00eb larmi t\u00eb theksuar kulturore me identitetin komb\u00ebtar, i cili \u00ebsht\u00eb m\u00eb se i nevojsh\u00ebm p\u00ebr publikun shqiptar \u00a0n\u00eb Mal t\u00eb Zi. Filmat q\u00eb u shfaqen k\u00ebto dit\u00eb sollen nj\u00eb kolazh ngjarjesh , temash dhe problemesh q\u00eb jan\u00eb t\u00eb pranishme n\u00eb shoq\u00ebrin\u00eb ton\u00eb. Filmat e p\u00ebrzgjedhur jan\u00eb krijime t\u00eb viteve t\u00eb fundit q\u00eb kan\u00eb fituar \u00e7mime n\u00eb festivale komb\u00ebtare dhe nd\u00ebrkomb\u00ebtare.Prandaj shfaqja e k\u00ebtyre veprave kinematografike dhe prania e autor\u00ebve e b\u00ebri m\u00eb interesante dhe m\u00eb josh\u00ebs k\u00ebt\u00eb ngjarje kulturore. P\u00ebrmes filmit publiku i Ulqinit p\u00ebrjetoi artistikisht ndjesin\u00eb e rolit q\u00eb luan arti kinematografik\u00a0 n\u00eb thyerjen e kufijve dhe bashkimin e njerz\u00ebve. Kjo ndjesi ishte edhe m\u00eb e ve\u00e7ant\u00eb n\u00eb ambientin e perzgjedhur pran\u00eb kalas\u00eb mij\u00ebvje\u00e7are ku g\u00ebrshetohet e vjetra me t\u00eb ren\u00eb dhe i cili vend ishte vendxhirimi p\u00ebr vepra t\u00eb ndryshme kinematografike n\u00eb mesin e t\u00eb cil\u00ebve edhe t\u00eb filmave holivudian.<\/p>\n","protected":false},"excerpt":{"rendered":"<p>Nisme per nje festival rajonal Nga: Ali Salaj &nbsp; N\u00eb kuad\u00ebr t\u00eb veprimtaris\u00eb kulturore q\u00eb Shoqata e Artist\u00ebve dhe Intelektual\u00ebve &#8220;Art Club&#8221;\u00a0 zhvillon \u00a0m\u00eb shum\u00eb se dy dekada, koh\u00ebve t\u00eb fundit kjo \u00a0veprimtari u pasurua edhe me promovimin e artit kinematografik qoft\u00eb p\u00ebrmes revyjave apo p\u00ebrmes \u00a0dit\u00ebve t\u00eb filmit shqiptar. K\u00ebto evenimente &#8220;Art Club&#8221; i [&hellip;]<\/p>\n","protected":false},"author":1,"featured_media":0,"comment_status":"closed","ping_status":"closed","sticky":false,"template":"","format":"standard","meta":{"spay_email":"","jetpack_publicize_message":"","jetpack_is_tweetstorm":false,"jetpack_publicize_feature_enabled":true},"categories":[4],"tags":[],"jetpack_publicize_connections":[],"yoast_head":"<!-- This site is optimized with the Yoast SEO plugin v19.1 - https:\/\/yoast.com\/wordpress\/plugins\/seo\/ -->\n<title>Salaj: Me rastin e Dit\u00ebve te Filmit Shqiptar ne Ulqin - Lajme nga Ulqini<\/title>\n<meta name=\"description\" content=\"Nisme per nje festival rajonal Nga: Ali Salaj &nbsp; N\u00eb kuad\u00ebr t\u00eb veprimtaris\u00eb kulturore q\u00eb Shoqata e Artist\u00ebve dhe Intelektual\u00ebve &quot;Art Club&quot;\u00a0 zhvillon\" \/>\n<meta name=\"robots\" content=\"index, follow, max-snippet:-1, max-image-preview:large, max-video-preview:-1\" \/>\n<link rel=\"canonical\" href=\"https:\/\/www.visit-ulcinj.com\/blog\/2013\/07\/10\/salaj-me-rastin-e-diteve-te-filmit-shqiptar-ne-ulqin\/\" \/>\n<meta property=\"og:locale\" content=\"en_US\" \/>\n<meta property=\"og:type\" content=\"article\" \/>\n<meta property=\"og:title\" content=\"Salaj: Me rastin e Dit\u00ebve te Filmit Shqiptar ne Ulqin - Lajme nga Ulqini\" \/>\n<meta property=\"og:description\" content=\"Nisme per nje festival rajonal Nga: Ali Salaj &nbsp; N\u00eb kuad\u00ebr t\u00eb veprimtaris\u00eb kulturore q\u00eb Shoqata e Artist\u00ebve dhe Intelektual\u00ebve &quot;Art Club&quot;\u00a0 zhvillon\" \/>\n<meta property=\"og:url\" content=\"https:\/\/www.visit-ulcinj.com\/blog\/2013\/07\/10\/salaj-me-rastin-e-diteve-te-filmit-shqiptar-ne-ulqin\/\" \/>\n<meta property=\"og:site_name\" content=\"Lajme nga Ulqini\" \/>\n<meta property=\"article:published_time\" content=\"2013-07-10T18:30:44+00:00\" \/>\n<meta property=\"article:modified_time\" content=\"2013-07-10T18:31:11+00:00\" \/>\n<meta property=\"og:image\" content=\"http:\/\/www.visit-ulcinj.com\/blog\/wp-content\/uploads\/2013\/07\/Ditet-e-Filmit-Shqiptar-ne-Ulqin.png\" \/>\n<meta name=\"twitter:label1\" content=\"Written by\" \/>\n\t<meta name=\"twitter:data1\" content=\"ulqini\" \/>\n\t<meta name=\"twitter:label2\" content=\"Est. reading time\" \/>\n\t<meta name=\"twitter:data2\" content=\"2 minutes\" \/>\n<script type=\"application\/ld+json\" class=\"yoast-schema-graph\">{\"@context\":\"https:\/\/schema.org\",\"@graph\":[{\"@type\":\"WebSite\",\"@id\":\"https:\/\/www.visit-ulcinj.com\/blog\/#website\",\"url\":\"https:\/\/www.visit-ulcinj.com\/blog\/\",\"name\":\"Lajme nga Ulqini\",\"description\":\"Lajme,Vijesti,Ulqini,Ulqin,Crna Gora,Mali i Zi\",\"potentialAction\":[{\"@type\":\"SearchAction\",\"target\":{\"@type\":\"EntryPoint\",\"urlTemplate\":\"https:\/\/www.visit-ulcinj.com\/blog\/?s={search_term_string}\"},\"query-input\":\"required name=search_term_string\"}],\"inLanguage\":\"en-US\"},{\"@type\":\"ImageObject\",\"inLanguage\":\"en-US\",\"@id\":\"https:\/\/www.visit-ulcinj.com\/blog\/2013\/07\/10\/salaj-me-rastin-e-diteve-te-filmit-shqiptar-ne-ulqin\/#primaryimage\",\"url\":\"https:\/\/www.visit-ulcinj.com\/blog\/wp-content\/uploads\/2013\/07\/Ditet-e-Filmit-Shqiptar-ne-Ulqin.png\",\"contentUrl\":\"https:\/\/www.visit-ulcinj.com\/blog\/wp-content\/uploads\/2013\/07\/Ditet-e-Filmit-Shqiptar-ne-Ulqin.png\",\"width\":457,\"height\":643},{\"@type\":\"WebPage\",\"@id\":\"https:\/\/www.visit-ulcinj.com\/blog\/2013\/07\/10\/salaj-me-rastin-e-diteve-te-filmit-shqiptar-ne-ulqin\/#webpage\",\"url\":\"https:\/\/www.visit-ulcinj.com\/blog\/2013\/07\/10\/salaj-me-rastin-e-diteve-te-filmit-shqiptar-ne-ulqin\/\",\"name\":\"Salaj: Me rastin e Dit\u00ebve te Filmit Shqiptar ne Ulqin - Lajme nga Ulqini\",\"isPartOf\":{\"@id\":\"https:\/\/www.visit-ulcinj.com\/blog\/#website\"},\"primaryImageOfPage\":{\"@id\":\"https:\/\/www.visit-ulcinj.com\/blog\/2013\/07\/10\/salaj-me-rastin-e-diteve-te-filmit-shqiptar-ne-ulqin\/#primaryimage\"},\"datePublished\":\"2013-07-10T18:30:44+00:00\",\"dateModified\":\"2013-07-10T18:31:11+00:00\",\"author\":{\"@id\":\"https:\/\/www.visit-ulcinj.com\/blog\/#\/schema\/person\/dcab619c614d3038751c63bc2aadc06d\"},\"description\":\"Nisme per nje festival rajonal Nga: Ali Salaj &nbsp; N\u00eb kuad\u00ebr t\u00eb veprimtaris\u00eb kulturore q\u00eb Shoqata e Artist\u00ebve dhe Intelektual\u00ebve \\\"Art Club\\\"\u00a0 zhvillon\",\"breadcrumb\":{\"@id\":\"https:\/\/www.visit-ulcinj.com\/blog\/2013\/07\/10\/salaj-me-rastin-e-diteve-te-filmit-shqiptar-ne-ulqin\/#breadcrumb\"},\"inLanguage\":\"en-US\",\"potentialAction\":[{\"@type\":\"ReadAction\",\"target\":[\"https:\/\/www.visit-ulcinj.com\/blog\/2013\/07\/10\/salaj-me-rastin-e-diteve-te-filmit-shqiptar-ne-ulqin\/\"]}]},{\"@type\":\"BreadcrumbList\",\"@id\":\"https:\/\/www.visit-ulcinj.com\/blog\/2013\/07\/10\/salaj-me-rastin-e-diteve-te-filmit-shqiptar-ne-ulqin\/#breadcrumb\",\"itemListElement\":[{\"@type\":\"ListItem\",\"position\":1,\"name\":\"Salaj: Me rastin e Dit\u00ebve te Filmit Shqiptar ne Ulqin\"}]},{\"@type\":\"Person\",\"@id\":\"https:\/\/www.visit-ulcinj.com\/blog\/#\/schema\/person\/dcab619c614d3038751c63bc2aadc06d\",\"name\":\"ulqini\",\"sameAs\":[\"http:\/\/www.visit-ulcinj.com\"],\"url\":\"https:\/\/www.visit-ulcinj.com\/blog\/author\/admin\/\"}]}<\/script>\n<!-- \/ Yoast SEO plugin. -->","yoast_head_json":{"title":"Salaj: Me rastin e Dit\u00ebve te Filmit Shqiptar ne Ulqin - Lajme nga Ulqini","description":"Nisme per nje festival rajonal Nga: Ali Salaj &nbsp; N\u00eb kuad\u00ebr t\u00eb veprimtaris\u00eb kulturore q\u00eb Shoqata e Artist\u00ebve dhe Intelektual\u00ebve \"Art Club\"\u00a0 zhvillon","robots":{"index":"index","follow":"follow","max-snippet":"max-snippet:-1","max-image-preview":"max-image-preview:large","max-video-preview":"max-video-preview:-1"},"canonical":"https:\/\/www.visit-ulcinj.com\/blog\/2013\/07\/10\/salaj-me-rastin-e-diteve-te-filmit-shqiptar-ne-ulqin\/","og_locale":"en_US","og_type":"article","og_title":"Salaj: Me rastin e Dit\u00ebve te Filmit Shqiptar ne Ulqin - Lajme nga Ulqini","og_description":"Nisme per nje festival rajonal Nga: Ali Salaj &nbsp; N\u00eb kuad\u00ebr t\u00eb veprimtaris\u00eb kulturore q\u00eb Shoqata e Artist\u00ebve dhe Intelektual\u00ebve \"Art Club\"\u00a0 zhvillon","og_url":"https:\/\/www.visit-ulcinj.com\/blog\/2013\/07\/10\/salaj-me-rastin-e-diteve-te-filmit-shqiptar-ne-ulqin\/","og_site_name":"Lajme nga Ulqini","article_published_time":"2013-07-10T18:30:44+00:00","article_modified_time":"2013-07-10T18:31:11+00:00","og_image":[{"url":"http:\/\/www.visit-ulcinj.com\/blog\/wp-content\/uploads\/2013\/07\/Ditet-e-Filmit-Shqiptar-ne-Ulqin.png"}],"twitter_misc":{"Written by":"ulqini","Est. reading time":"2 minutes"},"schema":{"@context":"https:\/\/schema.org","@graph":[{"@type":"WebSite","@id":"https:\/\/www.visit-ulcinj.com\/blog\/#website","url":"https:\/\/www.visit-ulcinj.com\/blog\/","name":"Lajme nga Ulqini","description":"Lajme,Vijesti,Ulqini,Ulqin,Crna Gora,Mali i Zi","potentialAction":[{"@type":"SearchAction","target":{"@type":"EntryPoint","urlTemplate":"https:\/\/www.visit-ulcinj.com\/blog\/?s={search_term_string}"},"query-input":"required name=search_term_string"}],"inLanguage":"en-US"},{"@type":"ImageObject","inLanguage":"en-US","@id":"https:\/\/www.visit-ulcinj.com\/blog\/2013\/07\/10\/salaj-me-rastin-e-diteve-te-filmit-shqiptar-ne-ulqin\/#primaryimage","url":"https:\/\/www.visit-ulcinj.com\/blog\/wp-content\/uploads\/2013\/07\/Ditet-e-Filmit-Shqiptar-ne-Ulqin.png","contentUrl":"https:\/\/www.visit-ulcinj.com\/blog\/wp-content\/uploads\/2013\/07\/Ditet-e-Filmit-Shqiptar-ne-Ulqin.png","width":457,"height":643},{"@type":"WebPage","@id":"https:\/\/www.visit-ulcinj.com\/blog\/2013\/07\/10\/salaj-me-rastin-e-diteve-te-filmit-shqiptar-ne-ulqin\/#webpage","url":"https:\/\/www.visit-ulcinj.com\/blog\/2013\/07\/10\/salaj-me-rastin-e-diteve-te-filmit-shqiptar-ne-ulqin\/","name":"Salaj: Me rastin e Dit\u00ebve te Filmit Shqiptar ne Ulqin - Lajme nga Ulqini","isPartOf":{"@id":"https:\/\/www.visit-ulcinj.com\/blog\/#website"},"primaryImageOfPage":{"@id":"https:\/\/www.visit-ulcinj.com\/blog\/2013\/07\/10\/salaj-me-rastin-e-diteve-te-filmit-shqiptar-ne-ulqin\/#primaryimage"},"datePublished":"2013-07-10T18:30:44+00:00","dateModified":"2013-07-10T18:31:11+00:00","author":{"@id":"https:\/\/www.visit-ulcinj.com\/blog\/#\/schema\/person\/dcab619c614d3038751c63bc2aadc06d"},"description":"Nisme per nje festival rajonal Nga: Ali Salaj &nbsp; N\u00eb kuad\u00ebr t\u00eb veprimtaris\u00eb kulturore q\u00eb Shoqata e Artist\u00ebve dhe Intelektual\u00ebve \"Art Club\"\u00a0 zhvillon","breadcrumb":{"@id":"https:\/\/www.visit-ulcinj.com\/blog\/2013\/07\/10\/salaj-me-rastin-e-diteve-te-filmit-shqiptar-ne-ulqin\/#breadcrumb"},"inLanguage":"en-US","potentialAction":[{"@type":"ReadAction","target":["https:\/\/www.visit-ulcinj.com\/blog\/2013\/07\/10\/salaj-me-rastin-e-diteve-te-filmit-shqiptar-ne-ulqin\/"]}]},{"@type":"BreadcrumbList","@id":"https:\/\/www.visit-ulcinj.com\/blog\/2013\/07\/10\/salaj-me-rastin-e-diteve-te-filmit-shqiptar-ne-ulqin\/#breadcrumb","itemListElement":[{"@type":"ListItem","position":1,"name":"Salaj: Me rastin e Dit\u00ebve te Filmit Shqiptar ne Ulqin"}]},{"@type":"Person","@id":"https:\/\/www.visit-ulcinj.com\/blog\/#\/schema\/person\/dcab619c614d3038751c63bc2aadc06d","name":"ulqini","sameAs":["http:\/\/www.visit-ulcinj.com"],"url":"https:\/\/www.visit-ulcinj.com\/blog\/author\/admin\/"}]}},"jetpack_featured_media_url":"","jetpack_sharing_enabled":true,"jetpack_shortlink":"https:\/\/wp.me\/pe6lTn-j1Q","_links":{"self":[{"href":"https:\/\/www.visit-ulcinj.com\/blog\/wp-json\/wp\/v2\/posts\/73150"}],"collection":[{"href":"https:\/\/www.visit-ulcinj.com\/blog\/wp-json\/wp\/v2\/posts"}],"about":[{"href":"https:\/\/www.visit-ulcinj.com\/blog\/wp-json\/wp\/v2\/types\/post"}],"author":[{"embeddable":true,"href":"https:\/\/www.visit-ulcinj.com\/blog\/wp-json\/wp\/v2\/users\/1"}],"replies":[{"embeddable":true,"href":"https:\/\/www.visit-ulcinj.com\/blog\/wp-json\/wp\/v2\/comments?post=73150"}],"version-history":[{"count":2,"href":"https:\/\/www.visit-ulcinj.com\/blog\/wp-json\/wp\/v2\/posts\/73150\/revisions"}],"predecessor-version":[{"id":73153,"href":"https:\/\/www.visit-ulcinj.com\/blog\/wp-json\/wp\/v2\/posts\/73150\/revisions\/73153"}],"wp:attachment":[{"href":"https:\/\/www.visit-ulcinj.com\/blog\/wp-json\/wp\/v2\/media?parent=73150"}],"wp:term":[{"taxonomy":"category","embeddable":true,"href":"https:\/\/www.visit-ulcinj.com\/blog\/wp-json\/wp\/v2\/categories?post=73150"},{"taxonomy":"post_tag","embeddable":true,"href":"https:\/\/www.visit-ulcinj.com\/blog\/wp-json\/wp\/v2\/tags?post=73150"}],"curies":[{"name":"wp","href":"https:\/\/api.w.org\/{rel}","templated":true}]}}