{"id":73174,"date":"2013-07-10T20:40:11","date_gmt":"2013-07-10T19:40:11","guid":{"rendered":"http:\/\/www.visit-ulcinj.com\/blog\/?p=73174"},"modified":"2013-07-10T20:40:31","modified_gmt":"2013-07-10T19:40:31","slug":"cungu-organizoi-takime-lidhur-me-pastertine-e-ulqinit","status":"publish","type":"post","link":"https:\/\/www.visit-ulcinj.com\/blog\/2013\/07\/10\/cungu-organizoi-takime-lidhur-me-pastertine-e-ulqinit\/","title":{"rendered":"Cungu organizoi takime lidhur me past\u00ebrtin\u00eb e Ulqinit"},"content":{"rendered":"<p><strong><a href=\"http:\/\/www.visit-ulcinj.com\/blog\/wp-content\/uploads\/2013\/07\/Cungu-mbi-pastertin-e-Ulqinit.jpg\"><img loading=\"lazy\" class=\"alignleft  wp-image-73175\" alt=\"Cungu mbi pastertin e Ulqinit\" src=\"http:\/\/www.visit-ulcinj.com\/blog\/wp-content\/uploads\/2013\/07\/Cungu-mbi-pastertin-e-Ulqinit.jpg\" width=\"508\" height=\"360\" \/><\/a>Kryetari Cungu organizoi takime lidhur me past\u00ebrtin\u00eb dhe z\u00ebrimin n\u00eb qytet<\/strong><\/p>\n<p>Kryetari i komun\u00ebs z.Cungu pati nj\u00eb takim me p\u00ebrfaq\u00ebsues t\u00eb organeve lokale, nd\u00ebrmarrjes komunale publike, inspeksionit republikan dhe p\u00ebrfaq\u00ebsuesve t\u00eb disa bashk\u00ebsive lokale t\u00eb Ulqinit p\u00ebr t\u00eb diskutuar lidhur past\u00ebrtin n\u00eb qytetin ton\u00eb.<br \/>\nP\u00ebrfaq\u00ebsuesit e bashk\u00ebsive lokale u shprehen t\u00eb k\u00ebnaqu me nivelin e past\u00ebrtis\u00eb n\u00eb qytet, krahasuar me vitet e kaluara, megjithate mbeten ende disa probleme p\u00ebr t\u00eb cilat duhen nd\u00ebrmarr masa n\u00eb m\u00ebnyr\u00eb q\u00eb qyteti i Ulqinit t\u00eb jet\u00eb plot\u00ebsisht i pastruar nga mbetjet urbane. Ata k\u00ebrkuan q\u00eb n\u00eb disa lagje t\u00eb qytetit t\u00eb caktohen lokakionet dhe t\u00eb vendosen kontinieret duke plot\u00ebsuar k\u00ebshtu nevojen e k\u00ebtyre lagje p\u00ebr gjuajtjen e mbeturinave. Poashtu edhe trajtimi i mbetjeve interte \u00ebsht\u00eb nj\u00eb problem i vazhdueshem p\u00ebr qytetin ton\u00eb u shprehen t\u00eb pranishmit.<br \/>\n<a href=\"http:\/\/www.visit-ulcinj.com\/blog\/wp-content\/uploads\/2013\/07\/Cungu-mbi-pastertin-e-Ulqinit.1.jpg\"><img loading=\"lazy\" class=\"alignleft  wp-image-73176\" alt=\"Cungu mbi pastertin e Ulqinit.1\" src=\"http:\/\/www.visit-ulcinj.com\/blog\/wp-content\/uploads\/2013\/07\/Cungu-mbi-pastertin-e-Ulqinit.1.jpg\" width=\"508\" height=\"360\" \/><\/a><\/p>\n<p>N\u00eb takim u diskutua edhe lidhur me fakturimin e mbi 4000 objekteve kryesisht n\u00eb zon\u00ebn e Shtojit, Krru\u00e7it, Limanit e t\u00eb tjera t\u00eb cil\u00ebt nuk jan\u00eb t\u00eb trajtuar si obligues edhe pse marrin sherbime nga Nd\u00ebrmarrja Publike Komunale. Pasi q\u00eb n\u00eb k\u00ebto zona shumica e k\u00ebtyre objekeve fuksionojn\u00eb vetem gjat\u00eb sezonit turistik, javet n\u00eb vazhdim mbetet t\u00eb nd\u00ebrmerren masa konkrete p\u00ebr p\u00ebrfshirjen e k\u00ebtyre objekteve n\u00eb listen e obliguesve t\u00eb k\u00ebsaj nd\u00ebrmarrje.<\/p>\n<p>Poashtu kryetari Cungu pati nj\u00eb takim me afarist\u00eb t\u00eb cilet organizojn\u00eb muzik\u00eb n\u00eb qytet p\u00ebr t\u00eb diskutuar me to lidhur me aktivitin e tyre gjat\u00eb k\u00ebsaj sezone turistike.<br \/>\nCungu u shpreh se Ulqini duke qen\u00eb qytet turistik duhet ta plot\u00ebsoj\u00eb oferten e tij\u00eb me organizimin e mbr\u00ebmjeve muzikore, megjithate kemi edhe obligim t\u00eb rrespektojm\u00eb oraret e pun\u00ebs dhe nivelin e z\u00ebrimit n\u00eb qytet. T\u00eb pranishmit premtuan q\u00eb do ti p\u00ebrmbahen t\u00eb gjitha k\u00ebtyre rregullave duke kontribuar k\u00ebshtu p\u00ebr nj\u00eb sezon\u00eb turistike m\u00eb t\u00eb mir\u00eb p\u00ebr t\u00eb gjith\u00eb.<\/p>\n<p>&nbsp;<\/p>\n<p><strong>Op\u0161tina Ulcinj \/ Komuna e Ulqinit<\/strong><br \/>\nTel: +382 30 412 050<br \/>\nFax: +382 30 412 413<br \/>\nAdresa: Bul. Skenderbeu bb, 85360 Ulcinj, MNE<\/p>\n","protected":false},"excerpt":{"rendered":"<p>Kryetari Cungu organizoi takime lidhur me past\u00ebrtin\u00eb dhe z\u00ebrimin n\u00eb qytet Kryetari i komun\u00ebs z.Cungu pati nj\u00eb takim me p\u00ebrfaq\u00ebsues t\u00eb organeve lokale, nd\u00ebrmarrjes komunale publike, inspeksionit republikan dhe p\u00ebrfaq\u00ebsuesve t\u00eb disa bashk\u00ebsive lokale t\u00eb Ulqinit p\u00ebr t\u00eb diskutuar lidhur past\u00ebrtin n\u00eb qytetin ton\u00eb. P\u00ebrfaq\u00ebsuesit e bashk\u00ebsive lokale u shprehen t\u00eb k\u00ebnaqu me nivelin e [&hellip;]<\/p>\n","protected":false},"author":1,"featured_media":0,"comment_status":"closed","ping_status":"closed","sticky":false,"template":"","format":"standard","meta":{"spay_email":"","jetpack_publicize_message":"","jetpack_is_tweetstorm":false,"jetpack_publicize_feature_enabled":true},"categories":[14],"tags":[],"jetpack_publicize_connections":[],"yoast_head":"<!-- This site is optimized with the Yoast SEO plugin v19.1 - https:\/\/yoast.com\/wordpress\/plugins\/seo\/ -->\n<title>Cungu organizoi takime lidhur me past\u00ebrtin\u00eb e Ulqinit - Lajme nga Ulqini<\/title>\n<meta name=\"description\" content=\"Kryetari Cungu organizoi takime lidhur me past\u00ebrtin\u00eb dhe z\u00ebrimin n\u00eb qytet Kryetari i komun\u00ebs z.Cungu pati nj\u00eb takim me p\u00ebrfaq\u00ebsues t\u00eb organeve lokale,\" \/>\n<meta name=\"robots\" content=\"index, follow, max-snippet:-1, max-image-preview:large, max-video-preview:-1\" \/>\n<link rel=\"canonical\" href=\"https:\/\/www.visit-ulcinj.com\/blog\/2013\/07\/10\/cungu-organizoi-takime-lidhur-me-pastertine-e-ulqinit\/\" \/>\n<meta property=\"og:locale\" content=\"en_US\" \/>\n<meta property=\"og:type\" content=\"article\" \/>\n<meta property=\"og:title\" content=\"Cungu organizoi takime lidhur me past\u00ebrtin\u00eb e Ulqinit - Lajme nga Ulqini\" \/>\n<meta property=\"og:description\" content=\"Kryetari Cungu organizoi takime lidhur me past\u00ebrtin\u00eb dhe z\u00ebrimin n\u00eb qytet Kryetari i komun\u00ebs z.Cungu pati nj\u00eb takim me p\u00ebrfaq\u00ebsues t\u00eb organeve lokale,\" \/>\n<meta property=\"og:url\" content=\"https:\/\/www.visit-ulcinj.com\/blog\/2013\/07\/10\/cungu-organizoi-takime-lidhur-me-pastertine-e-ulqinit\/\" \/>\n<meta property=\"og:site_name\" content=\"Lajme nga Ulqini\" \/>\n<meta property=\"article:published_time\" content=\"2013-07-10T19:40:11+00:00\" \/>\n<meta property=\"article:modified_time\" content=\"2013-07-10T19:40:31+00:00\" \/>\n<meta property=\"og:image\" content=\"http:\/\/www.visit-ulcinj.com\/blog\/wp-content\/uploads\/2013\/07\/Cungu-mbi-pastertin-e-Ulqinit.jpg\" \/>\n<meta name=\"twitter:label1\" content=\"Written by\" \/>\n\t<meta name=\"twitter:data1\" content=\"ulqini\" \/>\n\t<meta name=\"twitter:label2\" content=\"Est. reading time\" \/>\n\t<meta name=\"twitter:data2\" content=\"2 minutes\" \/>\n<script type=\"application\/ld+json\" class=\"yoast-schema-graph\">{\"@context\":\"https:\/\/schema.org\",\"@graph\":[{\"@type\":\"WebSite\",\"@id\":\"https:\/\/www.visit-ulcinj.com\/blog\/#website\",\"url\":\"https:\/\/www.visit-ulcinj.com\/blog\/\",\"name\":\"Lajme nga Ulqini\",\"description\":\"Lajme,Vijesti,Ulqini,Ulqin,Crna Gora,Mali i Zi\",\"potentialAction\":[{\"@type\":\"SearchAction\",\"target\":{\"@type\":\"EntryPoint\",\"urlTemplate\":\"https:\/\/www.visit-ulcinj.com\/blog\/?s={search_term_string}\"},\"query-input\":\"required name=search_term_string\"}],\"inLanguage\":\"en-US\"},{\"@type\":\"ImageObject\",\"inLanguage\":\"en-US\",\"@id\":\"https:\/\/www.visit-ulcinj.com\/blog\/2013\/07\/10\/cungu-organizoi-takime-lidhur-me-pastertine-e-ulqinit\/#primaryimage\",\"url\":\"https:\/\/www.visit-ulcinj.com\/blog\/wp-content\/uploads\/2013\/07\/Cungu-mbi-pastertin-e-Ulqinit.jpg\",\"contentUrl\":\"https:\/\/www.visit-ulcinj.com\/blog\/wp-content\/uploads\/2013\/07\/Cungu-mbi-pastertin-e-Ulqinit.jpg\",\"width\":640,\"height\":424},{\"@type\":\"WebPage\",\"@id\":\"https:\/\/www.visit-ulcinj.com\/blog\/2013\/07\/10\/cungu-organizoi-takime-lidhur-me-pastertine-e-ulqinit\/#webpage\",\"url\":\"https:\/\/www.visit-ulcinj.com\/blog\/2013\/07\/10\/cungu-organizoi-takime-lidhur-me-pastertine-e-ulqinit\/\",\"name\":\"Cungu organizoi takime lidhur me past\u00ebrtin\u00eb e Ulqinit - Lajme nga Ulqini\",\"isPartOf\":{\"@id\":\"https:\/\/www.visit-ulcinj.com\/blog\/#website\"},\"primaryImageOfPage\":{\"@id\":\"https:\/\/www.visit-ulcinj.com\/blog\/2013\/07\/10\/cungu-organizoi-takime-lidhur-me-pastertine-e-ulqinit\/#primaryimage\"},\"datePublished\":\"2013-07-10T19:40:11+00:00\",\"dateModified\":\"2013-07-10T19:40:31+00:00\",\"author\":{\"@id\":\"https:\/\/www.visit-ulcinj.com\/blog\/#\/schema\/person\/dcab619c614d3038751c63bc2aadc06d\"},\"description\":\"Kryetari Cungu organizoi takime lidhur me past\u00ebrtin\u00eb dhe z\u00ebrimin n\u00eb qytet Kryetari i komun\u00ebs z.Cungu pati nj\u00eb takim me p\u00ebrfaq\u00ebsues t\u00eb organeve lokale,\",\"breadcrumb\":{\"@id\":\"https:\/\/www.visit-ulcinj.com\/blog\/2013\/07\/10\/cungu-organizoi-takime-lidhur-me-pastertine-e-ulqinit\/#breadcrumb\"},\"inLanguage\":\"en-US\",\"potentialAction\":[{\"@type\":\"ReadAction\",\"target\":[\"https:\/\/www.visit-ulcinj.com\/blog\/2013\/07\/10\/cungu-organizoi-takime-lidhur-me-pastertine-e-ulqinit\/\"]}]},{\"@type\":\"BreadcrumbList\",\"@id\":\"https:\/\/www.visit-ulcinj.com\/blog\/2013\/07\/10\/cungu-organizoi-takime-lidhur-me-pastertine-e-ulqinit\/#breadcrumb\",\"itemListElement\":[{\"@type\":\"ListItem\",\"position\":1,\"name\":\"Cungu organizoi takime lidhur me past\u00ebrtin\u00eb e Ulqinit\"}]},{\"@type\":\"Person\",\"@id\":\"https:\/\/www.visit-ulcinj.com\/blog\/#\/schema\/person\/dcab619c614d3038751c63bc2aadc06d\",\"name\":\"ulqini\",\"sameAs\":[\"http:\/\/www.visit-ulcinj.com\"],\"url\":\"https:\/\/www.visit-ulcinj.com\/blog\/author\/admin\/\"}]}<\/script>\n<!-- \/ Yoast SEO plugin. -->","yoast_head_json":{"title":"Cungu organizoi takime lidhur me past\u00ebrtin\u00eb e Ulqinit - Lajme nga Ulqini","description":"Kryetari Cungu organizoi takime lidhur me past\u00ebrtin\u00eb dhe z\u00ebrimin n\u00eb qytet Kryetari i komun\u00ebs z.Cungu pati nj\u00eb takim me p\u00ebrfaq\u00ebsues t\u00eb organeve lokale,","robots":{"index":"index","follow":"follow","max-snippet":"max-snippet:-1","max-image-preview":"max-image-preview:large","max-video-preview":"max-video-preview:-1"},"canonical":"https:\/\/www.visit-ulcinj.com\/blog\/2013\/07\/10\/cungu-organizoi-takime-lidhur-me-pastertine-e-ulqinit\/","og_locale":"en_US","og_type":"article","og_title":"Cungu organizoi takime lidhur me past\u00ebrtin\u00eb e Ulqinit - Lajme nga Ulqini","og_description":"Kryetari Cungu organizoi takime lidhur me past\u00ebrtin\u00eb dhe z\u00ebrimin n\u00eb qytet Kryetari i komun\u00ebs z.Cungu pati nj\u00eb takim me p\u00ebrfaq\u00ebsues t\u00eb organeve lokale,","og_url":"https:\/\/www.visit-ulcinj.com\/blog\/2013\/07\/10\/cungu-organizoi-takime-lidhur-me-pastertine-e-ulqinit\/","og_site_name":"Lajme nga Ulqini","article_published_time":"2013-07-10T19:40:11+00:00","article_modified_time":"2013-07-10T19:40:31+00:00","og_image":[{"url":"http:\/\/www.visit-ulcinj.com\/blog\/wp-content\/uploads\/2013\/07\/Cungu-mbi-pastertin-e-Ulqinit.jpg"}],"twitter_misc":{"Written by":"ulqini","Est. reading time":"2 minutes"},"schema":{"@context":"https:\/\/schema.org","@graph":[{"@type":"WebSite","@id":"https:\/\/www.visit-ulcinj.com\/blog\/#website","url":"https:\/\/www.visit-ulcinj.com\/blog\/","name":"Lajme nga Ulqini","description":"Lajme,Vijesti,Ulqini,Ulqin,Crna Gora,Mali i Zi","potentialAction":[{"@type":"SearchAction","target":{"@type":"EntryPoint","urlTemplate":"https:\/\/www.visit-ulcinj.com\/blog\/?s={search_term_string}"},"query-input":"required name=search_term_string"}],"inLanguage":"en-US"},{"@type":"ImageObject","inLanguage":"en-US","@id":"https:\/\/www.visit-ulcinj.com\/blog\/2013\/07\/10\/cungu-organizoi-takime-lidhur-me-pastertine-e-ulqinit\/#primaryimage","url":"https:\/\/www.visit-ulcinj.com\/blog\/wp-content\/uploads\/2013\/07\/Cungu-mbi-pastertin-e-Ulqinit.jpg","contentUrl":"https:\/\/www.visit-ulcinj.com\/blog\/wp-content\/uploads\/2013\/07\/Cungu-mbi-pastertin-e-Ulqinit.jpg","width":640,"height":424},{"@type":"WebPage","@id":"https:\/\/www.visit-ulcinj.com\/blog\/2013\/07\/10\/cungu-organizoi-takime-lidhur-me-pastertine-e-ulqinit\/#webpage","url":"https:\/\/www.visit-ulcinj.com\/blog\/2013\/07\/10\/cungu-organizoi-takime-lidhur-me-pastertine-e-ulqinit\/","name":"Cungu organizoi takime lidhur me past\u00ebrtin\u00eb e Ulqinit - Lajme nga Ulqini","isPartOf":{"@id":"https:\/\/www.visit-ulcinj.com\/blog\/#website"},"primaryImageOfPage":{"@id":"https:\/\/www.visit-ulcinj.com\/blog\/2013\/07\/10\/cungu-organizoi-takime-lidhur-me-pastertine-e-ulqinit\/#primaryimage"},"datePublished":"2013-07-10T19:40:11+00:00","dateModified":"2013-07-10T19:40:31+00:00","author":{"@id":"https:\/\/www.visit-ulcinj.com\/blog\/#\/schema\/person\/dcab619c614d3038751c63bc2aadc06d"},"description":"Kryetari Cungu organizoi takime lidhur me past\u00ebrtin\u00eb dhe z\u00ebrimin n\u00eb qytet Kryetari i komun\u00ebs z.Cungu pati nj\u00eb takim me p\u00ebrfaq\u00ebsues t\u00eb organeve lokale,","breadcrumb":{"@id":"https:\/\/www.visit-ulcinj.com\/blog\/2013\/07\/10\/cungu-organizoi-takime-lidhur-me-pastertine-e-ulqinit\/#breadcrumb"},"inLanguage":"en-US","potentialAction":[{"@type":"ReadAction","target":["https:\/\/www.visit-ulcinj.com\/blog\/2013\/07\/10\/cungu-organizoi-takime-lidhur-me-pastertine-e-ulqinit\/"]}]},{"@type":"BreadcrumbList","@id":"https:\/\/www.visit-ulcinj.com\/blog\/2013\/07\/10\/cungu-organizoi-takime-lidhur-me-pastertine-e-ulqinit\/#breadcrumb","itemListElement":[{"@type":"ListItem","position":1,"name":"Cungu organizoi takime lidhur me past\u00ebrtin\u00eb e Ulqinit"}]},{"@type":"Person","@id":"https:\/\/www.visit-ulcinj.com\/blog\/#\/schema\/person\/dcab619c614d3038751c63bc2aadc06d","name":"ulqini","sameAs":["http:\/\/www.visit-ulcinj.com"],"url":"https:\/\/www.visit-ulcinj.com\/blog\/author\/admin\/"}]}},"jetpack_featured_media_url":"","jetpack_sharing_enabled":true,"jetpack_shortlink":"https:\/\/wp.me\/pe6lTn-j2e","_links":{"self":[{"href":"https:\/\/www.visit-ulcinj.com\/blog\/wp-json\/wp\/v2\/posts\/73174"}],"collection":[{"href":"https:\/\/www.visit-ulcinj.com\/blog\/wp-json\/wp\/v2\/posts"}],"about":[{"href":"https:\/\/www.visit-ulcinj.com\/blog\/wp-json\/wp\/v2\/types\/post"}],"author":[{"embeddable":true,"href":"https:\/\/www.visit-ulcinj.com\/blog\/wp-json\/wp\/v2\/users\/1"}],"replies":[{"embeddable":true,"href":"https:\/\/www.visit-ulcinj.com\/blog\/wp-json\/wp\/v2\/comments?post=73174"}],"version-history":[{"count":2,"href":"https:\/\/www.visit-ulcinj.com\/blog\/wp-json\/wp\/v2\/posts\/73174\/revisions"}],"predecessor-version":[{"id":73178,"href":"https:\/\/www.visit-ulcinj.com\/blog\/wp-json\/wp\/v2\/posts\/73174\/revisions\/73178"}],"wp:attachment":[{"href":"https:\/\/www.visit-ulcinj.com\/blog\/wp-json\/wp\/v2\/media?parent=73174"}],"wp:term":[{"taxonomy":"category","embeddable":true,"href":"https:\/\/www.visit-ulcinj.com\/blog\/wp-json\/wp\/v2\/categories?post=73174"},{"taxonomy":"post_tag","embeddable":true,"href":"https:\/\/www.visit-ulcinj.com\/blog\/wp-json\/wp\/v2\/tags?post=73174"}],"curies":[{"name":"wp","href":"https:\/\/api.w.org\/{rel}","templated":true}]}}