{"id":73179,"date":"2013-07-10T20:50:52","date_gmt":"2013-07-10T19:50:52","guid":{"rendered":"http:\/\/www.visit-ulcinj.com\/blog\/?p=73179"},"modified":"2013-07-10T20:51:08","modified_gmt":"2013-07-10T19:51:08","slug":"ambasador-eu-g-drobnic-u-posjeti-opstine-ulcinj","status":"publish","type":"post","link":"https:\/\/www.visit-ulcinj.com\/blog\/2013\/07\/10\/ambasador-eu-g-drobnic-u-posjeti-opstine-ulcinj\/","title":{"rendered":"Ambasador EU g. Drobni\u010d u posjeti Op\u0161tine Ulcinj"},"content":{"rendered":"<p><a href=\"http:\/\/www.visit-ulcinj.com\/blog\/wp-content\/uploads\/2013\/07\/Ambasadori-i-BE-s\u00eb-Drobnic-viziton-Ulqinin-1.jpg\"><img loading=\"lazy\" class=\"alignleft  wp-image-73169\" alt=\"Ambasadori i BE-s\u00eb Drobnic viziton Ulqinin-1\" src=\"http:\/\/www.visit-ulcinj.com\/blog\/wp-content\/uploads\/2013\/07\/Ambasadori-i-BE-s\u00eb-Drobnic-viziton-Ulqinin-1.jpg\" width=\"508\" height=\"360\" \/><\/a>09 jula \u0161ef delagacije EU u Crnoj Gori Mitja Drobni\u010d bio je u jednodnevnoj posjeti op\u0161tini Ulcinj. Cilj ove posjete je informisanje javnosti o procesu evropskih integracija kao i poziciji Crne Gore u ovome procesu. Na po\u010detku svoje posjete gdin Drobni\u010d se sastao sa Predsjednikom Cungu i njegovim saradnicima i razgovarao o ulozi lokalnih uprava na putu u EU. Na zajedni\u010dkom razgovoru, Cungu je potvrdio opredjeljenosti op\u0161tine Ulcinj ka evroopskim integracijama i upoznao sa aktivnostima koje se preduzimaju u tome pravcu.<\/p>\n<p>Op\u0161tina Ulcinj je pro\u0161le godina osnivala Biro za me\u0111unarodne projekte koji je jedan od najuspje\u0161nijih u Crnoj Gori i kroz razne projekte taj biro je uspjeo da povla\u010di oko 1 300 000,00 eura, navodi Cungu. On je naglasio da je pored toga \u0161to Ulcinj u zadnjih 20 godina trpi ogromnu nerazvijenost i da je izgubio u svome zna\u010daju kao turisti\u010dka destinacija, ovaj grad je uvjek bio otvoren prema Evropi i svijetu i da je ovaj stav i dio tradicije ovoga grada. On je tako\u0111e predstavio niz problema koji su veoma va\u017eni za razvoj Ulcinja i u kojima delageacija EU bi mogla pru\u017eiti svoji pomo\u0107. Pro\u0161irenje grani\u010dkog prelaza Sukobin koji je realizovan sredstvima EU, ekolo\u0161ki problem Port Milena, decentralizacija vlasti koja je Op\u0161tinu Ulcinj ostavila bez nadle\u017enosti u ve\u0107em dijelu teritorije koja uklju\u010duje zonu Morskog dobra kao i mali dio imovine koji je ostao u vlasni\u0161tvu Op\u0161tine Ulcinj, nedostatak velikih hotela, su problemi koji negativno uti\u010du u razvoj Ulcinja. Gdin Drobni\u010d je naveo da se mnoga pitanja mogu rije\u0161iti apliciranjem projektima za IPA fondove, kako je u pripremi program za period od 2014 godine do 2020 godine, taj program \u0107e mnaje obuhvatiti projekte koje se ti\u010du kulture i ostalog i predvi\u0111en je prvenstveno za pripremu Crne Gore za punopravno \u010dlanstvo u EU i \u0161to je i \u0161ansa za rije\u0161avaje ovih problema. On je tako\u0111e naveo da su sve aktivnosti prije ulazka u EU veoma va\u017ene ali nakon ulazka Crne Gore u EU visina sredstava koja mogu biti na raspolaganju mogu dosti\u0107i i do 2,5% bruto dru\u0161tvenog proizvoda ali je u ovome absorbacioni kapacitet veoma bitan. On tako\u0111e navodi da ulazak u EU daje i zakonodavni okvir unutar kojeg se treba uskladiti dr\u017eava \u0161to zna\u010di i ure\u0111eniji okvir za investicije.<\/p>\n<p>Nakon stastanka predstavnici Op\u0161tine Ulcinj i delegacija EU su posjetili Valdanos i Stari Grad, nakon \u010dega je u hotelu Otrant odr\u017eana panel diskusija na temu &#8220;Crna Gora u procesu EU integracija&#8221;<\/p>\n<p>&nbsp;<\/p>\n<p><strong>Op\u0161tina Ulcinj \/ Komuna e Ulqinit<\/strong><br \/>\nTel: +382 30 412 050<br \/>\nFax: +382 30 412 413<br \/>\nAdresa: Bul. Skenderbeu bb, 85360 Ulcinj, MNE<\/p>\n","protected":false},"excerpt":{"rendered":"<p>09 jula \u0161ef delagacije EU u Crnoj Gori Mitja Drobni\u010d bio je u jednodnevnoj posjeti op\u0161tini Ulcinj. Cilj ove posjete je informisanje javnosti o procesu evropskih integracija kao i poziciji Crne Gore u ovome procesu. Na po\u010detku svoje posjete gdin Drobni\u010d se sastao sa Predsjednikom Cungu i njegovim saradnicima i razgovarao o ulozi lokalnih uprava [&hellip;]<\/p>\n","protected":false},"author":1,"featured_media":0,"comment_status":"closed","ping_status":"closed","sticky":false,"template":"","format":"standard","meta":{"spay_email":"","jetpack_publicize_message":"","jetpack_is_tweetstorm":false,"jetpack_publicize_feature_enabled":true},"categories":[6950],"tags":[],"jetpack_publicize_connections":[],"yoast_head":"<!-- This site is optimized with the Yoast SEO plugin v19.1 - https:\/\/yoast.com\/wordpress\/plugins\/seo\/ -->\n<title>Ambasador EU g. Drobni\u010d u posjeti Op\u0161tine Ulcinj - Lajme nga Ulqini<\/title>\n<meta name=\"description\" content=\"09 jula \u0161ef delagacije EU u Crnoj Gori Mitja Drobni\u010d bio je u jednodnevnoj posjeti op\u0161tini Ulcinj. Cilj ove posjete je informisanje javnosti o procesu\" \/>\n<meta name=\"robots\" content=\"index, follow, max-snippet:-1, max-image-preview:large, max-video-preview:-1\" \/>\n<link rel=\"canonical\" href=\"https:\/\/www.visit-ulcinj.com\/blog\/2013\/07\/10\/ambasador-eu-g-drobnic-u-posjeti-opstine-ulcinj\/\" \/>\n<meta property=\"og:locale\" content=\"en_US\" \/>\n<meta property=\"og:type\" content=\"article\" \/>\n<meta property=\"og:title\" content=\"Ambasador EU g. Drobni\u010d u posjeti Op\u0161tine Ulcinj - Lajme nga Ulqini\" \/>\n<meta property=\"og:description\" content=\"09 jula \u0161ef delagacije EU u Crnoj Gori Mitja Drobni\u010d bio je u jednodnevnoj posjeti op\u0161tini Ulcinj. Cilj ove posjete je informisanje javnosti o procesu\" \/>\n<meta property=\"og:url\" content=\"https:\/\/www.visit-ulcinj.com\/blog\/2013\/07\/10\/ambasador-eu-g-drobnic-u-posjeti-opstine-ulcinj\/\" \/>\n<meta property=\"og:site_name\" content=\"Lajme nga Ulqini\" \/>\n<meta property=\"article:published_time\" content=\"2013-07-10T19:50:52+00:00\" \/>\n<meta property=\"article:modified_time\" content=\"2013-07-10T19:51:08+00:00\" \/>\n<meta name=\"twitter:label1\" content=\"Written by\" \/>\n\t<meta name=\"twitter:data1\" content=\"ulqini\" \/>\n\t<meta name=\"twitter:label2\" content=\"Est. reading time\" \/>\n\t<meta name=\"twitter:data2\" content=\"2 minutes\" \/>\n<script type=\"application\/ld+json\" class=\"yoast-schema-graph\">{\"@context\":\"https:\/\/schema.org\",\"@graph\":[{\"@type\":\"WebSite\",\"@id\":\"https:\/\/www.visit-ulcinj.com\/blog\/#website\",\"url\":\"https:\/\/www.visit-ulcinj.com\/blog\/\",\"name\":\"Lajme nga Ulqini\",\"description\":\"Lajme,Vijesti,Ulqini,Ulqin,Crna Gora,Mali i Zi\",\"potentialAction\":[{\"@type\":\"SearchAction\",\"target\":{\"@type\":\"EntryPoint\",\"urlTemplate\":\"https:\/\/www.visit-ulcinj.com\/blog\/?s={search_term_string}\"},\"query-input\":\"required name=search_term_string\"}],\"inLanguage\":\"en-US\"},{\"@type\":\"WebPage\",\"@id\":\"https:\/\/www.visit-ulcinj.com\/blog\/2013\/07\/10\/ambasador-eu-g-drobnic-u-posjeti-opstine-ulcinj\/#webpage\",\"url\":\"https:\/\/www.visit-ulcinj.com\/blog\/2013\/07\/10\/ambasador-eu-g-drobnic-u-posjeti-opstine-ulcinj\/\",\"name\":\"Ambasador EU g. Drobni\u010d u posjeti Op\u0161tine Ulcinj - Lajme nga Ulqini\",\"isPartOf\":{\"@id\":\"https:\/\/www.visit-ulcinj.com\/blog\/#website\"},\"datePublished\":\"2013-07-10T19:50:52+00:00\",\"dateModified\":\"2013-07-10T19:51:08+00:00\",\"author\":{\"@id\":\"https:\/\/www.visit-ulcinj.com\/blog\/#\/schema\/person\/dcab619c614d3038751c63bc2aadc06d\"},\"description\":\"09 jula \u0161ef delagacije EU u Crnoj Gori Mitja Drobni\u010d bio je u jednodnevnoj posjeti op\u0161tini Ulcinj. Cilj ove posjete je informisanje javnosti o procesu\",\"breadcrumb\":{\"@id\":\"https:\/\/www.visit-ulcinj.com\/blog\/2013\/07\/10\/ambasador-eu-g-drobnic-u-posjeti-opstine-ulcinj\/#breadcrumb\"},\"inLanguage\":\"en-US\",\"potentialAction\":[{\"@type\":\"ReadAction\",\"target\":[\"https:\/\/www.visit-ulcinj.com\/blog\/2013\/07\/10\/ambasador-eu-g-drobnic-u-posjeti-opstine-ulcinj\/\"]}]},{\"@type\":\"BreadcrumbList\",\"@id\":\"https:\/\/www.visit-ulcinj.com\/blog\/2013\/07\/10\/ambasador-eu-g-drobnic-u-posjeti-opstine-ulcinj\/#breadcrumb\",\"itemListElement\":[{\"@type\":\"ListItem\",\"position\":1,\"name\":\"Ambasador EU g. Drobni\u010d u posjeti Op\u0161tine Ulcinj\"}]},{\"@type\":\"Person\",\"@id\":\"https:\/\/www.visit-ulcinj.com\/blog\/#\/schema\/person\/dcab619c614d3038751c63bc2aadc06d\",\"name\":\"ulqini\",\"sameAs\":[\"http:\/\/www.visit-ulcinj.com\"],\"url\":\"https:\/\/www.visit-ulcinj.com\/blog\/author\/admin\/\"}]}<\/script>\n<!-- \/ Yoast SEO plugin. -->","yoast_head_json":{"title":"Ambasador EU g. Drobni\u010d u posjeti Op\u0161tine Ulcinj - Lajme nga Ulqini","description":"09 jula \u0161ef delagacije EU u Crnoj Gori Mitja Drobni\u010d bio je u jednodnevnoj posjeti op\u0161tini Ulcinj. Cilj ove posjete je informisanje javnosti o procesu","robots":{"index":"index","follow":"follow","max-snippet":"max-snippet:-1","max-image-preview":"max-image-preview:large","max-video-preview":"max-video-preview:-1"},"canonical":"https:\/\/www.visit-ulcinj.com\/blog\/2013\/07\/10\/ambasador-eu-g-drobnic-u-posjeti-opstine-ulcinj\/","og_locale":"en_US","og_type":"article","og_title":"Ambasador EU g. Drobni\u010d u posjeti Op\u0161tine Ulcinj - Lajme nga Ulqini","og_description":"09 jula \u0161ef delagacije EU u Crnoj Gori Mitja Drobni\u010d bio je u jednodnevnoj posjeti op\u0161tini Ulcinj. Cilj ove posjete je informisanje javnosti o procesu","og_url":"https:\/\/www.visit-ulcinj.com\/blog\/2013\/07\/10\/ambasador-eu-g-drobnic-u-posjeti-opstine-ulcinj\/","og_site_name":"Lajme nga Ulqini","article_published_time":"2013-07-10T19:50:52+00:00","article_modified_time":"2013-07-10T19:51:08+00:00","twitter_misc":{"Written by":"ulqini","Est. reading time":"2 minutes"},"schema":{"@context":"https:\/\/schema.org","@graph":[{"@type":"WebSite","@id":"https:\/\/www.visit-ulcinj.com\/blog\/#website","url":"https:\/\/www.visit-ulcinj.com\/blog\/","name":"Lajme nga Ulqini","description":"Lajme,Vijesti,Ulqini,Ulqin,Crna Gora,Mali i Zi","potentialAction":[{"@type":"SearchAction","target":{"@type":"EntryPoint","urlTemplate":"https:\/\/www.visit-ulcinj.com\/blog\/?s={search_term_string}"},"query-input":"required name=search_term_string"}],"inLanguage":"en-US"},{"@type":"WebPage","@id":"https:\/\/www.visit-ulcinj.com\/blog\/2013\/07\/10\/ambasador-eu-g-drobnic-u-posjeti-opstine-ulcinj\/#webpage","url":"https:\/\/www.visit-ulcinj.com\/blog\/2013\/07\/10\/ambasador-eu-g-drobnic-u-posjeti-opstine-ulcinj\/","name":"Ambasador EU g. Drobni\u010d u posjeti Op\u0161tine Ulcinj - Lajme nga Ulqini","isPartOf":{"@id":"https:\/\/www.visit-ulcinj.com\/blog\/#website"},"datePublished":"2013-07-10T19:50:52+00:00","dateModified":"2013-07-10T19:51:08+00:00","author":{"@id":"https:\/\/www.visit-ulcinj.com\/blog\/#\/schema\/person\/dcab619c614d3038751c63bc2aadc06d"},"description":"09 jula \u0161ef delagacije EU u Crnoj Gori Mitja Drobni\u010d bio je u jednodnevnoj posjeti op\u0161tini Ulcinj. Cilj ove posjete je informisanje javnosti o procesu","breadcrumb":{"@id":"https:\/\/www.visit-ulcinj.com\/blog\/2013\/07\/10\/ambasador-eu-g-drobnic-u-posjeti-opstine-ulcinj\/#breadcrumb"},"inLanguage":"en-US","potentialAction":[{"@type":"ReadAction","target":["https:\/\/www.visit-ulcinj.com\/blog\/2013\/07\/10\/ambasador-eu-g-drobnic-u-posjeti-opstine-ulcinj\/"]}]},{"@type":"BreadcrumbList","@id":"https:\/\/www.visit-ulcinj.com\/blog\/2013\/07\/10\/ambasador-eu-g-drobnic-u-posjeti-opstine-ulcinj\/#breadcrumb","itemListElement":[{"@type":"ListItem","position":1,"name":"Ambasador EU g. Drobni\u010d u posjeti Op\u0161tine Ulcinj"}]},{"@type":"Person","@id":"https:\/\/www.visit-ulcinj.com\/blog\/#\/schema\/person\/dcab619c614d3038751c63bc2aadc06d","name":"ulqini","sameAs":["http:\/\/www.visit-ulcinj.com"],"url":"https:\/\/www.visit-ulcinj.com\/blog\/author\/admin\/"}]}},"jetpack_featured_media_url":"","jetpack_sharing_enabled":true,"jetpack_shortlink":"https:\/\/wp.me\/pe6lTn-j2j","_links":{"self":[{"href":"https:\/\/www.visit-ulcinj.com\/blog\/wp-json\/wp\/v2\/posts\/73179"}],"collection":[{"href":"https:\/\/www.visit-ulcinj.com\/blog\/wp-json\/wp\/v2\/posts"}],"about":[{"href":"https:\/\/www.visit-ulcinj.com\/blog\/wp-json\/wp\/v2\/types\/post"}],"author":[{"embeddable":true,"href":"https:\/\/www.visit-ulcinj.com\/blog\/wp-json\/wp\/v2\/users\/1"}],"replies":[{"embeddable":true,"href":"https:\/\/www.visit-ulcinj.com\/blog\/wp-json\/wp\/v2\/comments?post=73179"}],"version-history":[{"count":2,"href":"https:\/\/www.visit-ulcinj.com\/blog\/wp-json\/wp\/v2\/posts\/73179\/revisions"}],"predecessor-version":[{"id":73181,"href":"https:\/\/www.visit-ulcinj.com\/blog\/wp-json\/wp\/v2\/posts\/73179\/revisions\/73181"}],"wp:attachment":[{"href":"https:\/\/www.visit-ulcinj.com\/blog\/wp-json\/wp\/v2\/media?parent=73179"}],"wp:term":[{"taxonomy":"category","embeddable":true,"href":"https:\/\/www.visit-ulcinj.com\/blog\/wp-json\/wp\/v2\/categories?post=73179"},{"taxonomy":"post_tag","embeddable":true,"href":"https:\/\/www.visit-ulcinj.com\/blog\/wp-json\/wp\/v2\/tags?post=73179"}],"curies":[{"name":"wp","href":"https:\/\/api.w.org\/{rel}","templated":true}]}}