{"id":73182,"date":"2013-07-11T07:12:43","date_gmt":"2013-07-11T06:12:43","guid":{"rendered":"http:\/\/www.visit-ulcinj.com\/blog\/?p=73182"},"modified":"2013-07-11T07:13:09","modified_gmt":"2013-07-11T06:13:09","slug":"hapja-solemne-e-xhamise-se-klleznes","status":"publish","type":"post","link":"https:\/\/www.visit-ulcinj.com\/blog\/2013\/07\/11\/hapja-solemne-e-xhamise-se-klleznes\/","title":{"rendered":"Hapja solemne e xhamis\u00eb s\u00eb Kllezn\u00ebs"},"content":{"rendered":"<p><b><a href=\"http:\/\/www.visit-ulcinj.com\/blog\/wp-content\/uploads\/2013\/07\/hapja-solemne-e-xhamis\u00eb-s\u00eb-kllezn\u00ebs.jpg\"><img loading=\"lazy\" class=\"alignleft  wp-image-73183\" alt=\"hapja solemne e xhamis\u00eb s\u00eb kllezn\u00ebs\" src=\"http:\/\/www.visit-ulcinj.com\/blog\/wp-content\/uploads\/2013\/07\/hapja-solemne-e-xhamis\u00eb-s\u00eb-kllezn\u00ebs.jpg\" width=\"508\" height=\"360\" \/><\/a>T\u00eb shtun\u00ebn, m\u00eb 6 korrik 2013, u b\u00eb hapja solemne e Xhamis\u00eb s\u00eb rind\u00ebrtuar t\u00eb Kllezn\u00ebs, n\u00eb Kllez\u00ebn, komuna e Ulqinit. Ceremonin\u00eb e hapi dhe e udh\u00ebhoqi Ardita Rama, e cila p\u00ebrsh\u00ebndeti t\u00eb gjith\u00eb t\u00eb pranishmit dhe i fal\u00ebnderoi p\u00ebr pjes\u00ebmarrjen n\u00eb k\u00ebt\u00eb ngjarje me r\u00ebnd\u00ebsi t\u00eb ve\u00e7ant\u00eb dhe k\u00ebt\u00eb jo vet\u00ebm p\u00ebr katundin e Kllezn\u00ebs<\/b><\/p>\n<p>&nbsp;<\/p>\n<p>M\u00eb 6 korrik 2013 u b\u00eb hapja solemne e Xhamis\u00eb s\u00eb rind\u00ebrtuar t\u00eb Kllezn\u00ebs.<\/p>\n<p>T\u00eb pranish\u00ebm n\u00eb k\u00ebt\u00eb solemnitet ishin sekretari i par\u00eb i Ambasad\u00ebs s\u00eb Republik\u00ebs s\u00eb Turqis\u00eb n\u00eb Mal t\u00eb Zi, z. Fehim \u00c7etin, sekretari i par\u00eb i Ambasad\u00ebs s\u00eb Republik\u00ebs s\u00eb Shqip\u00ebris\u00eb n\u00eb Mal t\u00eb Zi, z. Lirim Ujkaj, kryetari i Bashk\u00ebsis\u00eb Islame n\u00eb Mal t\u00eb Zi, Rifat eff. Fejziq, koordinatori i Agjencis\u00eb Turke p\u00ebr Bashk\u00ebpunim Nd\u00ebrkomb\u00ebtar \u2013 TIKA, z. Biroll \u00c7etin, kryetari i Komun\u00ebs s\u00eb Ulqinit, z. Nazif Cungu, kryemami i Bashk\u00ebsis\u00eb Islame t\u00eb Ulqinit, Ali eff. Bardhi, prifti i amullis\u00eb s\u00eb Kllezn\u00ebs, don Simon Filipaj, p\u00ebrfaq\u00ebsues t\u00eb politik\u00ebs, t\u00eb pushtetit lokal, imam\u00eb, si dhe nj\u00eb num\u00ebr i madh i banor\u00ebve vendas e t\u00eb tjer\u00eb.<br \/>\n<a href=\"http:\/\/www.visit-ulcinj.com\/blog\/wp-content\/uploads\/2013\/07\/hapja-solemne-e-xhamis\u00eb-s\u00eb-kllezn\u00ebs.1.jpg\"><img loading=\"lazy\" class=\"alignleft  wp-image-73184\" alt=\"hapja solemne e xhamis\u00eb s\u00eb kllezn\u00ebs.1\" src=\"http:\/\/www.visit-ulcinj.com\/blog\/wp-content\/uploads\/2013\/07\/hapja-solemne-e-xhamis\u00eb-s\u00eb-kllezn\u00ebs.1.jpg\" width=\"508\" height=\"360\" \/><\/a><\/p>\n<p>T\u00eb gjith\u00eb ishin mbledhur q\u00eb s\u00eb bashku t\u00eb p\u00ebrjetojn\u00eb e festojn\u00eb g\u00ebzimin e p\u00ebrbashk\u00ebt, inaugurimin e Xhamis\u00eb s\u00eb re, e cila \u00ebsht\u00eb rezultat i nj\u00eb angazhimi dhe pune t\u00eb pashoq t\u00eb jo vet\u00ebm vendasve, por edhe shum\u00eb t\u00eb tjer\u00ebve, t\u00eb cil\u00ebt din\u00eb t\u00eb \u00e7mojn\u00eb r\u00ebnd\u00ebsin\u00eb e k\u00ebtij tempulli t\u00eb shenjt\u00eb. Iniciativ\u00ebn p\u00ebr rind\u00ebrtimin e saj e nd\u00ebrmori para disa muajve K\u00ebshilli i Xhamis\u00eb, pasi q\u00eb objekti ishte i vjet\u00ebr nuk i plot\u00ebsonte kushtet e duhura. Ishin t\u00eb shumt\u00eb ata t\u00eb cil\u00ebt kontribuuan n\u00eb rind\u00ebrtimin e saj. P\u00ebrve\u00e7 vendasve, t\u00eb tjer\u00ebve dhe diaspor\u00ebs, ndihm\u00eb t\u00eb madhe dha edhe Agjencia Turke p\u00ebr Bashk\u00ebpunim Nd\u00ebrkomb\u00ebtar &#8211; TIKA.<br \/>\n<a href=\"http:\/\/www.visit-ulcinj.com\/blog\/wp-content\/uploads\/2013\/07\/hapja-solemne-e-xhamis\u00eb-s\u00eb-kllezn\u00ebs.Tika_.jpg\"><img loading=\"lazy\" class=\"alignleft  wp-image-73185\" alt=\"hapja solemne e xhamis\u00eb s\u00eb kllezn\u00ebs.Tika\" src=\"http:\/\/www.visit-ulcinj.com\/blog\/wp-content\/uploads\/2013\/07\/hapja-solemne-e-xhamis\u00eb-s\u00eb-kllezn\u00ebs.Tika_.jpg\" width=\"508\" height=\"360\" \/><\/a><\/p>\n<p>Programi ishte i g\u00ebrshetuar me fjalime dhe ilahi e recitime nga Kori i Xhamis\u00eb s\u00eb Kllezn\u00ebs. Fjal\u00ebn e mor\u00ebn imami i Xhamis\u00eb Senad eff. Maku, kryeimami i Bashk\u00ebsis\u00eb Islame t\u00eb Ulqinit, Ali eff.Bardhi, kryetari i Komun\u00ebs s\u00eb Ulqinit, z. Nazif Cungu, koordinatori i Agjencis\u00eb Turke p\u00ebr Bashk\u00ebpunim Nd\u00ebrkomb\u00ebtar \u2013 TIKA, z. Biroll \u00c7etin, sekretari i par\u00eb i Ambasad\u00ebs s\u00eb Republik\u00ebs s\u00eb Turqis\u00eb n\u00eb Mal t\u00eb Zi, z. Fehim \u00c7etin, kryetari i Bashk\u00ebsis\u00eb Islame n\u00eb Mal t\u00eb Zi, Rifat eff. Fejziq dhe kryetari i K\u00ebshillit t\u00eb Xhamis\u00eb s\u00eb Kllezn\u00ebs, z. Samir Kurti. N\u00eb fund t\u00eb programit u b\u00eb prerja e shiritit dhe zbulimi i pllak\u00ebs n\u00eb hyrje t\u00eb Xhamis\u00eb, si dhe pjes\u00ebmarr\u00ebsit vizituan Xhamin\u00eb e re.<br \/>\n<a href=\"http:\/\/www.visit-ulcinj.com\/blog\/wp-content\/uploads\/2013\/07\/hapja-solemne-e-xhamis\u00eb-s\u00eb-kllezn\u00ebs.2.jpg\"><img loading=\"lazy\" class=\"alignleft  wp-image-73186\" alt=\"hapja solemne e xhamis\u00eb s\u00eb kllezn\u00ebs.2\" src=\"http:\/\/www.visit-ulcinj.com\/blog\/wp-content\/uploads\/2013\/07\/hapja-solemne-e-xhamis\u00eb-s\u00eb-kllezn\u00ebs.2.jpg\" width=\"508\" height=\"360\" \/><\/a><\/p>\n<p>Pas programit zyrtar, organizator\u00ebt p\u00ebr pjes\u00ebmarr\u00ebsit kishin shtruar nj\u00eb koktej me gjell\u00eb tradicionale, t\u00eb p\u00ebrgatitura nga vet\u00eb vendasit e Kllezn\u00ebs.<\/p>\n<p><a href=\"http:\/\/www.visit-ulcinj.com\/blog\/wp-content\/uploads\/2013\/07\/hapja-solemne-e-xhamis\u00eb-s\u00eb-kllezn\u00ebs.4.jpg\"><img loading=\"lazy\" class=\"alignleft  wp-image-73187\" alt=\"hapja solemne e xhamis\u00eb s\u00eb kllezn\u00ebs.4\" src=\"http:\/\/www.visit-ulcinj.com\/blog\/wp-content\/uploads\/2013\/07\/hapja-solemne-e-xhamis\u00eb-s\u00eb-kllezn\u00ebs.4.jpg\" width=\"508\" height=\"360\" \/><\/a><\/p>\n<p><b>Pak fjal\u00eb p\u00ebr Kllezn\u00ebn <\/b><\/p>\n<p>Kllezna \u00ebsht\u00eb fshat i cili i takon Komun\u00ebs s\u00eb Ulqinit. Ka nj\u00eb pozit\u00eb karakteristike gjeografike: shtrihet n\u00eb lugin\u00ebn e Kllezn\u00ebs, prej fshatit Pelink e kufizohet me liqenin e Shasit. Ajo n\u00eb veri-jug t\u00eb An\u00ebs s\u00eb Malit shtrihet n\u00eb mes maleve Mozhur &#8211; Zhgep dhe Malit t\u00eb Bris\u00eb nga Ulqini. Me An\u00eb t\u00eb Malit kufizohet me Malin e Shasit, Malin e K\u00ebrpnetit dhe Malin e Pavar\u00ebs. P\u00ebrb\u00ebhet\u00a0 prej dy t\u00ebr\u00ebsive: Kllezna e Sip\u00ebrme (Kllezna nalt\u00eb) dhe Kllezna e Poshtme (Kllezna posht\u00eb), t\u00eb cilat ndahen n\u00eb m\u00ebnyr\u00eb natyrore me sheun e Megjure\u00e7it.<br \/>\n<a href=\"http:\/\/www.visit-ulcinj.com\/blog\/wp-content\/uploads\/2013\/07\/hapja-solemne-e-xhamis\u00eb-s\u00eb-kllezn\u00ebs.3.jpg\"><img loading=\"lazy\" class=\"alignleft  wp-image-73188\" alt=\"hapja solemne e xhamis\u00eb s\u00eb kllezn\u00ebs.3\" src=\"http:\/\/www.visit-ulcinj.com\/blog\/wp-content\/uploads\/2013\/07\/hapja-solemne-e-xhamis\u00eb-s\u00eb-kllezn\u00ebs.3.jpg\" width=\"508\" height=\"360\" \/><\/a><\/p>\n<p>Ky fshat n\u00eb dokumentet arkivore dhe n\u00eb histori ka tre emra: Kalezina, Kelezena dhe Kllezna. Po ashtu t\u00eb mo\u00e7mit pohojn\u00eb se dikur moti ky vendbanim i vog\u00ebl, \u00ebsht\u00eb quajtur Bria, e nga kjo nd\u00ebrsa sot e k\u00ebsaj dite p\u00ebrdoren em\u00ebrtimet (toponimet) Mali i Bris\u00eb, Fusha e Bris\u00eb, Liqeni i Bris\u00eb, Mulliri i Bris\u00eb, Kroni i Bris\u00eb etj. \u00cbsht\u00eb e njohur edhe p\u00ebr monumentin unik t\u00eb kultur\u00ebs, Ur\u00ebn e Kllezn\u00ebs, e cila \u00ebsht\u00eb d\u00ebshmi e nj\u00eb lasht\u00ebsie shekullore. E nd\u00ebrtuar n\u00eb vitin 1696 nga nj\u00eb mjesht\u00ebr dibran, varri i t\u00eb cilit ende gjendet n\u00eb nj\u00eb ar\u00eb af\u00ebr xhamis\u00eb s\u00eb Kllezn\u00ebs, kjo ur\u00eb ka qen\u00eb e vetmja q\u00eb ka lidh\u00eb Ulqinin me Kllezn\u00ebn, por edhe me An\u00ebn e Malit dhe me Kraj\u00ebn.<\/p>\n<p>Kllezna \u00ebsht\u00eb e banuar me shqiptar\u00eb autokton\u00eb, t\u00eb cil\u00ebt jan\u00eb t\u00eb njohur p\u00ebr mikpritje, bujari, atdhetari, fisnik\u00ebri, besnik\u00ebri, ndershm\u00ebri dhe bashk\u00ebjetes\u00eb n\u00eb harmoni t\u00eb plot\u00eb fetare. Klleznor\u00ebt e t\u00eb tri konfesioneve njihen si besimtar\u00eb t\u00eb devotsh\u00ebm. Ajo q\u00eb i ka karakterizuar ata gjithmon\u00eb \u00ebsht\u00eb fakti se midis tyre gjithmon\u00eb ka mbret\u00ebruar toleranca fetare. Por, edhe Kllezna, sikur t\u00eb gjith\u00eb fshatrat e tjer\u00eb t\u00eb banuar me shqiptar\u00eb n\u00eb Mal t\u00eb Zi, l\u00ebngon nga nj\u00eb plag\u00eb e dhimbshme \u2013 emigrimi. Sot n\u00eb Kllez\u00ebn kan\u00eb mbetur rreth 80 familje. Shum\u00eb familje nga Kllezna jan\u00eb n\u00eb Shtete t\u00eb Bashkuara t\u00eb Amerik\u00ebs, ka edhe n\u00eb shtete t\u00eb Evrop\u00ebs, nd\u00ebrsa shum\u00eb t\u00eb tjera kan\u00eb dal\u00eb e jetojn\u00eb n\u00eb Ulqin. Megjithat\u00eb, asnj\u00eb nga ata nuk e harrojn\u00eb vendin e t\u00eb par\u00ebve t\u00eb tyre dhe kudo q\u00eb t\u00eb jetojn\u00eb e quajn\u00eb veten klleznor\u00eb.<br \/>\n<a href=\"http:\/\/www.visit-ulcinj.com\/blog\/wp-content\/uploads\/2013\/07\/kori-i-xhamis-kllezen.jpg\"><img loading=\"lazy\" class=\"alignleft  wp-image-73190\" alt=\"kori i xhamis-kllezen\" src=\"http:\/\/www.visit-ulcinj.com\/blog\/wp-content\/uploads\/2013\/07\/kori-i-xhamis-kllezen.jpg\" width=\"508\" height=\"360\" \/><\/a><\/p>\n<p>Sa i p\u00ebrket Xhamis\u00eb s\u00eb Kllezn\u00ebs, t\u00eb dh\u00ebnat e shkruara thon\u00eb se \u00ebsht\u00eb nd\u00ebrtuar n\u00eb vitin 1917 me kontributin e vet\u00eb besimtar\u00ebve, me sip\u00ebrfaqe prej 84 m2. Mir\u00ebpo, ekzistojn\u00eb t\u00eb dh\u00ebna, t\u00eb cilat duhen t\u00eb studiohen m\u00eb thell\u00eb, q\u00eb Xhamia e Kllezn\u00ebs \u00ebsht\u00eb nd\u00ebrtuar kur u nd\u00ebrtua edhe Ura e Kllezn\u00ebs, pra n\u00eb vitin 1696. N\u00eb oborrin e xhamis\u00eb jan\u00eb varrezet e fshatit, disa prej t\u00eb cilave jan\u00eb me shekuj t\u00eb vjet\u00ebr. Xhamia \u00ebsht\u00eb riparuar para vitit 1966, nd\u00ebrsa n\u00eb vitin 1984 u nd\u00ebrtua plot\u00ebsisht xhami e re, n\u00eb themelet e xhamis\u00eb s\u00eb rr\u00ebnuar nga termeti i vitit 1979. Pas 29 vitesh, Xhamia e Kllezn\u00ebs u rind\u00ebrtua p\u00ebrs\u00ebri dhe kjo dat\u00eb 6 korrik 2013 do t\u00eb hyj\u00eb n\u00eb historin\u00eb e re t\u00eb k\u00ebsaj xhamie, si dat\u00eb e r\u00ebnd\u00ebsishme jo vet\u00ebm p\u00ebr katundin e Kllezn\u00ebs, p\u00ebr banor\u00ebt e saj, por p\u00ebr mbar\u00eb shoq\u00ebrin\u00eb. <b>\u00a0<\/b><b><\/b><\/p>\n<p><a href=\"http:\/\/www.visit-ulcinj.com\/blog\/wp-content\/uploads\/2013\/07\/ardita-rama.jpg\"><img loading=\"lazy\" class=\"alignleft  wp-image-73189\" alt=\"ardita-rama\" src=\"http:\/\/www.visit-ulcinj.com\/blog\/wp-content\/uploads\/2013\/07\/ardita-rama.jpg\" width=\"508\" height=\"600\" \/><\/a><\/p>\n<p>N\u00eb k\u00ebt\u00eb xhami sh\u00ebrbyen shum\u00eb imam\u00eb, si\u00e7 ishin Mulla Dan Klezna, Osman Spahiq, Said Bisha, Sadik Llolla, Selim Shaptafa, Rifat Tulaj, nd\u00ebrsa nga 1 janari 2011 detyr\u00ebn e imamit e ushtron Senad eff. Maku, i cili kontribuoi shum\u00eb jo vet\u00ebm n\u00eb rind\u00ebrtimin e Xhamis\u00eb, por edhe n\u00eb ngjalljen e veprimtarive e aktiviteteve t\u00eb shumta n\u00eb kuad\u00ebr t\u00eb k\u00ebsaj Xhamie. Nj\u00eb prej d\u00ebshmive t\u00eb pun\u00ebs s\u00eb tij \u00ebsht\u00eb edhe formimi i Korit t\u00eb Xhamis\u00eb n\u00eb Ramazan t\u00eb vitit t\u00eb kaluar, i cili edhe u paraqit me disa ilahi e recitime para publikut t\u00eb shumt\u00eb n\u00eb hapjen e Xhamis\u00eb s\u00eb re.<\/p>\n<p><b>\u00a0<\/b><\/p>\n<p>&nbsp;<\/p>\n<p><b>Ardita Rama<\/b><\/p>\n<p><b>\u00a0<\/b><\/p>\n<p>&nbsp;<\/p>\n","protected":false},"excerpt":{"rendered":"<p>T\u00eb shtun\u00ebn, m\u00eb 6 korrik 2013, u b\u00eb hapja solemne e Xhamis\u00eb s\u00eb rind\u00ebrtuar t\u00eb Kllezn\u00ebs, n\u00eb Kllez\u00ebn, komuna e Ulqinit. Ceremonin\u00eb e hapi dhe e udh\u00ebhoqi Ardita Rama, e cila p\u00ebrsh\u00ebndeti t\u00eb gjith\u00eb t\u00eb pranishmit dhe i fal\u00ebnderoi p\u00ebr pjes\u00ebmarrjen n\u00eb k\u00ebt\u00eb ngjarje me r\u00ebnd\u00ebsi t\u00eb ve\u00e7ant\u00eb dhe k\u00ebt\u00eb jo vet\u00ebm p\u00ebr katundin e [&hellip;]<\/p>\n","protected":false},"author":1,"featured_media":0,"comment_status":"closed","ping_status":"closed","sticky":false,"template":"","format":"standard","meta":{"spay_email":"","jetpack_publicize_message":"","jetpack_is_tweetstorm":false,"jetpack_publicize_feature_enabled":true},"categories":[13],"tags":[],"jetpack_publicize_connections":[],"yoast_head":"<!-- This site is optimized with the Yoast SEO plugin v19.1 - https:\/\/yoast.com\/wordpress\/plugins\/seo\/ -->\n<title>Hapja solemne e xhamis\u00eb s\u00eb Kllezn\u00ebs - Lajme nga Ulqini<\/title>\n<meta name=\"description\" content=\"T\u00eb shtun\u00ebn, m\u00eb 6 korrik 2013, u b\u00eb hapja solemne e Xhamis\u00eb s\u00eb rind\u00ebrtuar t\u00eb Kllezn\u00ebs, n\u00eb Kllez\u00ebn, komuna e Ulqinit. Ceremonin\u00eb e hapi dhe e udh\u00ebhoqi\" \/>\n<meta name=\"robots\" content=\"index, follow, max-snippet:-1, max-image-preview:large, max-video-preview:-1\" \/>\n<link rel=\"canonical\" href=\"https:\/\/www.visit-ulcinj.com\/blog\/2013\/07\/11\/hapja-solemne-e-xhamise-se-klleznes\/\" \/>\n<meta property=\"og:locale\" content=\"en_US\" \/>\n<meta property=\"og:type\" content=\"article\" \/>\n<meta property=\"og:title\" content=\"Hapja solemne e xhamis\u00eb s\u00eb Kllezn\u00ebs - Lajme nga Ulqini\" \/>\n<meta property=\"og:description\" content=\"T\u00eb shtun\u00ebn, m\u00eb 6 korrik 2013, u b\u00eb hapja solemne e Xhamis\u00eb s\u00eb rind\u00ebrtuar t\u00eb Kllezn\u00ebs, n\u00eb Kllez\u00ebn, komuna e Ulqinit. Ceremonin\u00eb e hapi dhe e udh\u00ebhoqi\" \/>\n<meta property=\"og:url\" content=\"https:\/\/www.visit-ulcinj.com\/blog\/2013\/07\/11\/hapja-solemne-e-xhamise-se-klleznes\/\" \/>\n<meta property=\"og:site_name\" content=\"Lajme nga Ulqini\" \/>\n<meta property=\"article:published_time\" content=\"2013-07-11T06:12:43+00:00\" \/>\n<meta property=\"article:modified_time\" content=\"2013-07-11T06:13:09+00:00\" \/>\n<meta property=\"og:image\" content=\"http:\/\/www.visit-ulcinj.com\/blog\/wp-content\/uploads\/2013\/07\/kori-i-xhamis-kllezen.jpg\" \/>\n<meta name=\"twitter:label1\" content=\"Written by\" \/>\n\t<meta name=\"twitter:data1\" content=\"ulqini\" \/>\n\t<meta name=\"twitter:label2\" content=\"Est. reading time\" \/>\n\t<meta name=\"twitter:data2\" content=\"6 minutes\" \/>\n<script type=\"application\/ld+json\" class=\"yoast-schema-graph\">{\"@context\":\"https:\/\/schema.org\",\"@graph\":[{\"@type\":\"WebSite\",\"@id\":\"https:\/\/www.visit-ulcinj.com\/blog\/#website\",\"url\":\"https:\/\/www.visit-ulcinj.com\/blog\/\",\"name\":\"Lajme nga Ulqini\",\"description\":\"Lajme,Vijesti,Ulqini,Ulqin,Crna Gora,Mali i Zi\",\"potentialAction\":[{\"@type\":\"SearchAction\",\"target\":{\"@type\":\"EntryPoint\",\"urlTemplate\":\"https:\/\/www.visit-ulcinj.com\/blog\/?s={search_term_string}\"},\"query-input\":\"required name=search_term_string\"}],\"inLanguage\":\"en-US\"},{\"@type\":\"ImageObject\",\"inLanguage\":\"en-US\",\"@id\":\"https:\/\/www.visit-ulcinj.com\/blog\/2013\/07\/11\/hapja-solemne-e-xhamise-se-klleznes\/#primaryimage\",\"url\":\"https:\/\/www.visit-ulcinj.com\/blog\/wp-content\/uploads\/2013\/07\/kori-i-xhamis-kllezen.jpg\",\"contentUrl\":\"https:\/\/www.visit-ulcinj.com\/blog\/wp-content\/uploads\/2013\/07\/kori-i-xhamis-kllezen.jpg\",\"width\":960,\"height\":640},{\"@type\":\"WebPage\",\"@id\":\"https:\/\/www.visit-ulcinj.com\/blog\/2013\/07\/11\/hapja-solemne-e-xhamise-se-klleznes\/#webpage\",\"url\":\"https:\/\/www.visit-ulcinj.com\/blog\/2013\/07\/11\/hapja-solemne-e-xhamise-se-klleznes\/\",\"name\":\"Hapja solemne e xhamis\u00eb s\u00eb Kllezn\u00ebs - Lajme nga Ulqini\",\"isPartOf\":{\"@id\":\"https:\/\/www.visit-ulcinj.com\/blog\/#website\"},\"primaryImageOfPage\":{\"@id\":\"https:\/\/www.visit-ulcinj.com\/blog\/2013\/07\/11\/hapja-solemne-e-xhamise-se-klleznes\/#primaryimage\"},\"datePublished\":\"2013-07-11T06:12:43+00:00\",\"dateModified\":\"2013-07-11T06:13:09+00:00\",\"author\":{\"@id\":\"https:\/\/www.visit-ulcinj.com\/blog\/#\/schema\/person\/dcab619c614d3038751c63bc2aadc06d\"},\"description\":\"T\u00eb shtun\u00ebn, m\u00eb 6 korrik 2013, u b\u00eb hapja solemne e Xhamis\u00eb s\u00eb rind\u00ebrtuar t\u00eb Kllezn\u00ebs, n\u00eb Kllez\u00ebn, komuna e Ulqinit. Ceremonin\u00eb e hapi dhe e udh\u00ebhoqi\",\"breadcrumb\":{\"@id\":\"https:\/\/www.visit-ulcinj.com\/blog\/2013\/07\/11\/hapja-solemne-e-xhamise-se-klleznes\/#breadcrumb\"},\"inLanguage\":\"en-US\",\"potentialAction\":[{\"@type\":\"ReadAction\",\"target\":[\"https:\/\/www.visit-ulcinj.com\/blog\/2013\/07\/11\/hapja-solemne-e-xhamise-se-klleznes\/\"]}]},{\"@type\":\"BreadcrumbList\",\"@id\":\"https:\/\/www.visit-ulcinj.com\/blog\/2013\/07\/11\/hapja-solemne-e-xhamise-se-klleznes\/#breadcrumb\",\"itemListElement\":[{\"@type\":\"ListItem\",\"position\":1,\"name\":\"Hapja solemne e xhamis\u00eb s\u00eb Kllezn\u00ebs\"}]},{\"@type\":\"Person\",\"@id\":\"https:\/\/www.visit-ulcinj.com\/blog\/#\/schema\/person\/dcab619c614d3038751c63bc2aadc06d\",\"name\":\"ulqini\",\"sameAs\":[\"http:\/\/www.visit-ulcinj.com\"],\"url\":\"https:\/\/www.visit-ulcinj.com\/blog\/author\/admin\/\"}]}<\/script>\n<!-- \/ Yoast SEO plugin. -->","yoast_head_json":{"title":"Hapja solemne e xhamis\u00eb s\u00eb Kllezn\u00ebs - Lajme nga Ulqini","description":"T\u00eb shtun\u00ebn, m\u00eb 6 korrik 2013, u b\u00eb hapja solemne e Xhamis\u00eb s\u00eb rind\u00ebrtuar t\u00eb Kllezn\u00ebs, n\u00eb Kllez\u00ebn, komuna e Ulqinit. Ceremonin\u00eb e hapi dhe e udh\u00ebhoqi","robots":{"index":"index","follow":"follow","max-snippet":"max-snippet:-1","max-image-preview":"max-image-preview:large","max-video-preview":"max-video-preview:-1"},"canonical":"https:\/\/www.visit-ulcinj.com\/blog\/2013\/07\/11\/hapja-solemne-e-xhamise-se-klleznes\/","og_locale":"en_US","og_type":"article","og_title":"Hapja solemne e xhamis\u00eb s\u00eb Kllezn\u00ebs - Lajme nga Ulqini","og_description":"T\u00eb shtun\u00ebn, m\u00eb 6 korrik 2013, u b\u00eb hapja solemne e Xhamis\u00eb s\u00eb rind\u00ebrtuar t\u00eb Kllezn\u00ebs, n\u00eb Kllez\u00ebn, komuna e Ulqinit. Ceremonin\u00eb e hapi dhe e udh\u00ebhoqi","og_url":"https:\/\/www.visit-ulcinj.com\/blog\/2013\/07\/11\/hapja-solemne-e-xhamise-se-klleznes\/","og_site_name":"Lajme nga Ulqini","article_published_time":"2013-07-11T06:12:43+00:00","article_modified_time":"2013-07-11T06:13:09+00:00","og_image":[{"url":"http:\/\/www.visit-ulcinj.com\/blog\/wp-content\/uploads\/2013\/07\/kori-i-xhamis-kllezen.jpg"}],"twitter_misc":{"Written by":"ulqini","Est. reading time":"6 minutes"},"schema":{"@context":"https:\/\/schema.org","@graph":[{"@type":"WebSite","@id":"https:\/\/www.visit-ulcinj.com\/blog\/#website","url":"https:\/\/www.visit-ulcinj.com\/blog\/","name":"Lajme nga Ulqini","description":"Lajme,Vijesti,Ulqini,Ulqin,Crna Gora,Mali i Zi","potentialAction":[{"@type":"SearchAction","target":{"@type":"EntryPoint","urlTemplate":"https:\/\/www.visit-ulcinj.com\/blog\/?s={search_term_string}"},"query-input":"required name=search_term_string"}],"inLanguage":"en-US"},{"@type":"ImageObject","inLanguage":"en-US","@id":"https:\/\/www.visit-ulcinj.com\/blog\/2013\/07\/11\/hapja-solemne-e-xhamise-se-klleznes\/#primaryimage","url":"https:\/\/www.visit-ulcinj.com\/blog\/wp-content\/uploads\/2013\/07\/kori-i-xhamis-kllezen.jpg","contentUrl":"https:\/\/www.visit-ulcinj.com\/blog\/wp-content\/uploads\/2013\/07\/kori-i-xhamis-kllezen.jpg","width":960,"height":640},{"@type":"WebPage","@id":"https:\/\/www.visit-ulcinj.com\/blog\/2013\/07\/11\/hapja-solemne-e-xhamise-se-klleznes\/#webpage","url":"https:\/\/www.visit-ulcinj.com\/blog\/2013\/07\/11\/hapja-solemne-e-xhamise-se-klleznes\/","name":"Hapja solemne e xhamis\u00eb s\u00eb Kllezn\u00ebs - Lajme nga Ulqini","isPartOf":{"@id":"https:\/\/www.visit-ulcinj.com\/blog\/#website"},"primaryImageOfPage":{"@id":"https:\/\/www.visit-ulcinj.com\/blog\/2013\/07\/11\/hapja-solemne-e-xhamise-se-klleznes\/#primaryimage"},"datePublished":"2013-07-11T06:12:43+00:00","dateModified":"2013-07-11T06:13:09+00:00","author":{"@id":"https:\/\/www.visit-ulcinj.com\/blog\/#\/schema\/person\/dcab619c614d3038751c63bc2aadc06d"},"description":"T\u00eb shtun\u00ebn, m\u00eb 6 korrik 2013, u b\u00eb hapja solemne e Xhamis\u00eb s\u00eb rind\u00ebrtuar t\u00eb Kllezn\u00ebs, n\u00eb Kllez\u00ebn, komuna e Ulqinit. Ceremonin\u00eb e hapi dhe e udh\u00ebhoqi","breadcrumb":{"@id":"https:\/\/www.visit-ulcinj.com\/blog\/2013\/07\/11\/hapja-solemne-e-xhamise-se-klleznes\/#breadcrumb"},"inLanguage":"en-US","potentialAction":[{"@type":"ReadAction","target":["https:\/\/www.visit-ulcinj.com\/blog\/2013\/07\/11\/hapja-solemne-e-xhamise-se-klleznes\/"]}]},{"@type":"BreadcrumbList","@id":"https:\/\/www.visit-ulcinj.com\/blog\/2013\/07\/11\/hapja-solemne-e-xhamise-se-klleznes\/#breadcrumb","itemListElement":[{"@type":"ListItem","position":1,"name":"Hapja solemne e xhamis\u00eb s\u00eb Kllezn\u00ebs"}]},{"@type":"Person","@id":"https:\/\/www.visit-ulcinj.com\/blog\/#\/schema\/person\/dcab619c614d3038751c63bc2aadc06d","name":"ulqini","sameAs":["http:\/\/www.visit-ulcinj.com"],"url":"https:\/\/www.visit-ulcinj.com\/blog\/author\/admin\/"}]}},"jetpack_featured_media_url":"","jetpack_sharing_enabled":true,"jetpack_shortlink":"https:\/\/wp.me\/pe6lTn-j2m","_links":{"self":[{"href":"https:\/\/www.visit-ulcinj.com\/blog\/wp-json\/wp\/v2\/posts\/73182"}],"collection":[{"href":"https:\/\/www.visit-ulcinj.com\/blog\/wp-json\/wp\/v2\/posts"}],"about":[{"href":"https:\/\/www.visit-ulcinj.com\/blog\/wp-json\/wp\/v2\/types\/post"}],"author":[{"embeddable":true,"href":"https:\/\/www.visit-ulcinj.com\/blog\/wp-json\/wp\/v2\/users\/1"}],"replies":[{"embeddable":true,"href":"https:\/\/www.visit-ulcinj.com\/blog\/wp-json\/wp\/v2\/comments?post=73182"}],"version-history":[{"count":2,"href":"https:\/\/www.visit-ulcinj.com\/blog\/wp-json\/wp\/v2\/posts\/73182\/revisions"}],"predecessor-version":[{"id":73192,"href":"https:\/\/www.visit-ulcinj.com\/blog\/wp-json\/wp\/v2\/posts\/73182\/revisions\/73192"}],"wp:attachment":[{"href":"https:\/\/www.visit-ulcinj.com\/blog\/wp-json\/wp\/v2\/media?parent=73182"}],"wp:term":[{"taxonomy":"category","embeddable":true,"href":"https:\/\/www.visit-ulcinj.com\/blog\/wp-json\/wp\/v2\/categories?post=73182"},{"taxonomy":"post_tag","embeddable":true,"href":"https:\/\/www.visit-ulcinj.com\/blog\/wp-json\/wp\/v2\/tags?post=73182"}],"curies":[{"name":"wp","href":"https:\/\/api.w.org\/{rel}","templated":true}]}}