{"id":73216,"date":"2013-07-11T17:20:56","date_gmt":"2013-07-11T16:20:56","guid":{"rendered":"http:\/\/www.visit-ulcinj.com\/blog\/?p=73216"},"modified":"2013-07-11T17:21:15","modified_gmt":"2013-07-11T16:21:15","slug":"urimi-i-pd-per-muajin-e-ramazanit","status":"publish","type":"post","link":"https:\/\/www.visit-ulcinj.com\/blog\/2013\/07\/11\/urimi-i-pd-per-muajin-e-ramazanit\/","title":{"rendered":"Urimi i PD per muajin e ramazanit"},"content":{"rendered":"<p><strong><a href=\"http:\/\/www.visit-ulcinj.com\/blog\/wp-content\/uploads\/2013\/07\/Fatmir-Gjeka.jpg\"><img loading=\"lazy\" class=\"alignleft  wp-image-73217\" alt=\"Fatmir-Gjeka\" src=\"http:\/\/www.visit-ulcinj.com\/blog\/wp-content\/uploads\/2013\/07\/Fatmir-Gjeka.jpg\" width=\"508\" height=\"360\" \/><\/a>Agjerim t\u00eb leht\u00eb dhe frym\u00ebzues t\u00eb muajit t\u00eb Ramazanit<\/strong><\/p>\n<p>Kryetari i Partis\u00eb Demokratike,z. Fatmir Gjeka ka uruar t\u00eb gjith\u00eb besimtar\u00ebt islam\u00eb, me rastin e fillimit t\u00eb muajit t\u00eb madh\u00ebruesh\u00ebm t\u00eb Ramazanit.<br \/>\nN\u00eb k\u00ebt\u00eb urim, nd\u00ebr t\u00eb tjera thuhet: \u201c Me rastin e fillimit t\u00eb muajit t\u00eb madh\u00ebruesh\u00ebm t\u00eb Ramazanit, muajit m\u00eb t\u00eb r\u00ebnd\u00ebsish\u00ebm p\u00ebr besimtar\u00ebt islam\u00eb, ju shpreh urimet m\u00eb t\u00eb mira.Ju d\u00ebshiroj agj\u00ebrim t\u00eb leht\u00eb, harmoni,mir\u00ebqenie n\u00eb familjet tuaja.<br \/>\n\u201cDihet mir\u00ebfilli se muaji i Ramazanit \u00ebsht\u00eb muaj i sakrific\u00ebs dhe i p\u00ebrkushtimit ndaj Zotit, uroj q\u00eb ta kaloni n\u00eb paqe, mir\u00ebkuptim e solidaritet midis t\u00eb gjith\u00eb qytetar\u00ebve\u201d,- porosit z.Gjeka.<\/p>\n<p>&nbsp;<\/p>\n<p><strong>Sh\u00ebrbimi p\u00ebr informim i PD<\/strong><\/p>\n","protected":false},"excerpt":{"rendered":"<p>Agjerim t\u00eb leht\u00eb dhe frym\u00ebzues t\u00eb muajit t\u00eb Ramazanit Kryetari i Partis\u00eb Demokratike,z. Fatmir Gjeka ka uruar t\u00eb gjith\u00eb besimtar\u00ebt islam\u00eb, me rastin e fillimit t\u00eb muajit t\u00eb madh\u00ebruesh\u00ebm t\u00eb Ramazanit. N\u00eb k\u00ebt\u00eb urim, nd\u00ebr t\u00eb tjera thuhet: \u201c Me rastin e fillimit t\u00eb muajit t\u00eb madh\u00ebruesh\u00ebm t\u00eb Ramazanit, muajit m\u00eb t\u00eb r\u00ebnd\u00ebsish\u00ebm p\u00ebr besimtar\u00ebt [&hellip;]<\/p>\n","protected":false},"author":1,"featured_media":0,"comment_status":"closed","ping_status":"closed","sticky":false,"template":"","format":"standard","meta":{"spay_email":"","jetpack_publicize_message":"","jetpack_is_tweetstorm":false,"jetpack_publicize_feature_enabled":true},"categories":[11],"tags":[],"jetpack_publicize_connections":[],"yoast_head":"<!-- This site is optimized with the Yoast SEO plugin v19.1 - https:\/\/yoast.com\/wordpress\/plugins\/seo\/ -->\n<title>Urimi i PD per muajin e ramazanit - Lajme nga Ulqini<\/title>\n<meta name=\"description\" content=\"Agjerim t\u00eb leht\u00eb dhe frym\u00ebzues t\u00eb muajit t\u00eb Ramazanit Kryetari i Partis\u00eb Demokratike,z. Fatmir Gjeka ka uruar t\u00eb gjith\u00eb besimtar\u00ebt islam\u00eb, me rastin e\" \/>\n<meta name=\"robots\" content=\"index, follow, max-snippet:-1, max-image-preview:large, max-video-preview:-1\" \/>\n<link rel=\"canonical\" href=\"https:\/\/www.visit-ulcinj.com\/blog\/2013\/07\/11\/urimi-i-pd-per-muajin-e-ramazanit\/\" \/>\n<meta property=\"og:locale\" content=\"en_US\" \/>\n<meta property=\"og:type\" content=\"article\" \/>\n<meta property=\"og:title\" content=\"Urimi i PD per muajin e ramazanit - Lajme nga Ulqini\" \/>\n<meta property=\"og:description\" content=\"Agjerim t\u00eb leht\u00eb dhe frym\u00ebzues t\u00eb muajit t\u00eb Ramazanit Kryetari i Partis\u00eb Demokratike,z. Fatmir Gjeka ka uruar t\u00eb gjith\u00eb besimtar\u00ebt islam\u00eb, me rastin e\" \/>\n<meta property=\"og:url\" content=\"https:\/\/www.visit-ulcinj.com\/blog\/2013\/07\/11\/urimi-i-pd-per-muajin-e-ramazanit\/\" \/>\n<meta property=\"og:site_name\" content=\"Lajme nga Ulqini\" \/>\n<meta property=\"article:published_time\" content=\"2013-07-11T16:20:56+00:00\" \/>\n<meta property=\"article:modified_time\" content=\"2013-07-11T16:21:15+00:00\" \/>\n<meta property=\"og:image\" content=\"http:\/\/www.visit-ulcinj.com\/blog\/wp-content\/uploads\/2013\/07\/Fatmir-Gjeka.jpg\" \/>\n<meta name=\"twitter:label1\" content=\"Written by\" \/>\n\t<meta name=\"twitter:data1\" content=\"ulqini\" \/>\n\t<meta name=\"twitter:label2\" content=\"Est. reading time\" \/>\n\t<meta name=\"twitter:data2\" content=\"1 minute\" \/>\n<script type=\"application\/ld+json\" class=\"yoast-schema-graph\">{\"@context\":\"https:\/\/schema.org\",\"@graph\":[{\"@type\":\"WebSite\",\"@id\":\"https:\/\/www.visit-ulcinj.com\/blog\/#website\",\"url\":\"https:\/\/www.visit-ulcinj.com\/blog\/\",\"name\":\"Lajme nga Ulqini\",\"description\":\"Lajme,Vijesti,Ulqini,Ulqin,Crna Gora,Mali i Zi\",\"potentialAction\":[{\"@type\":\"SearchAction\",\"target\":{\"@type\":\"EntryPoint\",\"urlTemplate\":\"https:\/\/www.visit-ulcinj.com\/blog\/?s={search_term_string}\"},\"query-input\":\"required name=search_term_string\"}],\"inLanguage\":\"en-US\"},{\"@type\":\"ImageObject\",\"inLanguage\":\"en-US\",\"@id\":\"https:\/\/www.visit-ulcinj.com\/blog\/2013\/07\/11\/urimi-i-pd-per-muajin-e-ramazanit\/#primaryimage\",\"url\":\"https:\/\/www.visit-ulcinj.com\/blog\/wp-content\/uploads\/2013\/07\/Fatmir-Gjeka.jpg\",\"contentUrl\":\"https:\/\/www.visit-ulcinj.com\/blog\/wp-content\/uploads\/2013\/07\/Fatmir-Gjeka.jpg\",\"width\":540,\"height\":448},{\"@type\":\"WebPage\",\"@id\":\"https:\/\/www.visit-ulcinj.com\/blog\/2013\/07\/11\/urimi-i-pd-per-muajin-e-ramazanit\/#webpage\",\"url\":\"https:\/\/www.visit-ulcinj.com\/blog\/2013\/07\/11\/urimi-i-pd-per-muajin-e-ramazanit\/\",\"name\":\"Urimi i PD per muajin e ramazanit - Lajme nga Ulqini\",\"isPartOf\":{\"@id\":\"https:\/\/www.visit-ulcinj.com\/blog\/#website\"},\"primaryImageOfPage\":{\"@id\":\"https:\/\/www.visit-ulcinj.com\/blog\/2013\/07\/11\/urimi-i-pd-per-muajin-e-ramazanit\/#primaryimage\"},\"datePublished\":\"2013-07-11T16:20:56+00:00\",\"dateModified\":\"2013-07-11T16:21:15+00:00\",\"author\":{\"@id\":\"https:\/\/www.visit-ulcinj.com\/blog\/#\/schema\/person\/dcab619c614d3038751c63bc2aadc06d\"},\"description\":\"Agjerim t\u00eb leht\u00eb dhe frym\u00ebzues t\u00eb muajit t\u00eb Ramazanit Kryetari i Partis\u00eb Demokratike,z. Fatmir Gjeka ka uruar t\u00eb gjith\u00eb besimtar\u00ebt islam\u00eb, me rastin e\",\"breadcrumb\":{\"@id\":\"https:\/\/www.visit-ulcinj.com\/blog\/2013\/07\/11\/urimi-i-pd-per-muajin-e-ramazanit\/#breadcrumb\"},\"inLanguage\":\"en-US\",\"potentialAction\":[{\"@type\":\"ReadAction\",\"target\":[\"https:\/\/www.visit-ulcinj.com\/blog\/2013\/07\/11\/urimi-i-pd-per-muajin-e-ramazanit\/\"]}]},{\"@type\":\"BreadcrumbList\",\"@id\":\"https:\/\/www.visit-ulcinj.com\/blog\/2013\/07\/11\/urimi-i-pd-per-muajin-e-ramazanit\/#breadcrumb\",\"itemListElement\":[{\"@type\":\"ListItem\",\"position\":1,\"name\":\"Urimi i PD per muajin e ramazanit\"}]},{\"@type\":\"Person\",\"@id\":\"https:\/\/www.visit-ulcinj.com\/blog\/#\/schema\/person\/dcab619c614d3038751c63bc2aadc06d\",\"name\":\"ulqini\",\"sameAs\":[\"http:\/\/www.visit-ulcinj.com\"],\"url\":\"https:\/\/www.visit-ulcinj.com\/blog\/author\/admin\/\"}]}<\/script>\n<!-- \/ Yoast SEO plugin. -->","yoast_head_json":{"title":"Urimi i PD per muajin e ramazanit - Lajme nga Ulqini","description":"Agjerim t\u00eb leht\u00eb dhe frym\u00ebzues t\u00eb muajit t\u00eb Ramazanit Kryetari i Partis\u00eb Demokratike,z. Fatmir Gjeka ka uruar t\u00eb gjith\u00eb besimtar\u00ebt islam\u00eb, me rastin e","robots":{"index":"index","follow":"follow","max-snippet":"max-snippet:-1","max-image-preview":"max-image-preview:large","max-video-preview":"max-video-preview:-1"},"canonical":"https:\/\/www.visit-ulcinj.com\/blog\/2013\/07\/11\/urimi-i-pd-per-muajin-e-ramazanit\/","og_locale":"en_US","og_type":"article","og_title":"Urimi i PD per muajin e ramazanit - Lajme nga Ulqini","og_description":"Agjerim t\u00eb leht\u00eb dhe frym\u00ebzues t\u00eb muajit t\u00eb Ramazanit Kryetari i Partis\u00eb Demokratike,z. Fatmir Gjeka ka uruar t\u00eb gjith\u00eb besimtar\u00ebt islam\u00eb, me rastin e","og_url":"https:\/\/www.visit-ulcinj.com\/blog\/2013\/07\/11\/urimi-i-pd-per-muajin-e-ramazanit\/","og_site_name":"Lajme nga Ulqini","article_published_time":"2013-07-11T16:20:56+00:00","article_modified_time":"2013-07-11T16:21:15+00:00","og_image":[{"url":"http:\/\/www.visit-ulcinj.com\/blog\/wp-content\/uploads\/2013\/07\/Fatmir-Gjeka.jpg"}],"twitter_misc":{"Written by":"ulqini","Est. reading time":"1 minute"},"schema":{"@context":"https:\/\/schema.org","@graph":[{"@type":"WebSite","@id":"https:\/\/www.visit-ulcinj.com\/blog\/#website","url":"https:\/\/www.visit-ulcinj.com\/blog\/","name":"Lajme nga Ulqini","description":"Lajme,Vijesti,Ulqini,Ulqin,Crna Gora,Mali i Zi","potentialAction":[{"@type":"SearchAction","target":{"@type":"EntryPoint","urlTemplate":"https:\/\/www.visit-ulcinj.com\/blog\/?s={search_term_string}"},"query-input":"required name=search_term_string"}],"inLanguage":"en-US"},{"@type":"ImageObject","inLanguage":"en-US","@id":"https:\/\/www.visit-ulcinj.com\/blog\/2013\/07\/11\/urimi-i-pd-per-muajin-e-ramazanit\/#primaryimage","url":"https:\/\/www.visit-ulcinj.com\/blog\/wp-content\/uploads\/2013\/07\/Fatmir-Gjeka.jpg","contentUrl":"https:\/\/www.visit-ulcinj.com\/blog\/wp-content\/uploads\/2013\/07\/Fatmir-Gjeka.jpg","width":540,"height":448},{"@type":"WebPage","@id":"https:\/\/www.visit-ulcinj.com\/blog\/2013\/07\/11\/urimi-i-pd-per-muajin-e-ramazanit\/#webpage","url":"https:\/\/www.visit-ulcinj.com\/blog\/2013\/07\/11\/urimi-i-pd-per-muajin-e-ramazanit\/","name":"Urimi i PD per muajin e ramazanit - Lajme nga Ulqini","isPartOf":{"@id":"https:\/\/www.visit-ulcinj.com\/blog\/#website"},"primaryImageOfPage":{"@id":"https:\/\/www.visit-ulcinj.com\/blog\/2013\/07\/11\/urimi-i-pd-per-muajin-e-ramazanit\/#primaryimage"},"datePublished":"2013-07-11T16:20:56+00:00","dateModified":"2013-07-11T16:21:15+00:00","author":{"@id":"https:\/\/www.visit-ulcinj.com\/blog\/#\/schema\/person\/dcab619c614d3038751c63bc2aadc06d"},"description":"Agjerim t\u00eb leht\u00eb dhe frym\u00ebzues t\u00eb muajit t\u00eb Ramazanit Kryetari i Partis\u00eb Demokratike,z. Fatmir Gjeka ka uruar t\u00eb gjith\u00eb besimtar\u00ebt islam\u00eb, me rastin e","breadcrumb":{"@id":"https:\/\/www.visit-ulcinj.com\/blog\/2013\/07\/11\/urimi-i-pd-per-muajin-e-ramazanit\/#breadcrumb"},"inLanguage":"en-US","potentialAction":[{"@type":"ReadAction","target":["https:\/\/www.visit-ulcinj.com\/blog\/2013\/07\/11\/urimi-i-pd-per-muajin-e-ramazanit\/"]}]},{"@type":"BreadcrumbList","@id":"https:\/\/www.visit-ulcinj.com\/blog\/2013\/07\/11\/urimi-i-pd-per-muajin-e-ramazanit\/#breadcrumb","itemListElement":[{"@type":"ListItem","position":1,"name":"Urimi i PD per muajin e ramazanit"}]},{"@type":"Person","@id":"https:\/\/www.visit-ulcinj.com\/blog\/#\/schema\/person\/dcab619c614d3038751c63bc2aadc06d","name":"ulqini","sameAs":["http:\/\/www.visit-ulcinj.com"],"url":"https:\/\/www.visit-ulcinj.com\/blog\/author\/admin\/"}]}},"jetpack_featured_media_url":"","jetpack_sharing_enabled":true,"jetpack_shortlink":"https:\/\/wp.me\/pe6lTn-j2U","_links":{"self":[{"href":"https:\/\/www.visit-ulcinj.com\/blog\/wp-json\/wp\/v2\/posts\/73216"}],"collection":[{"href":"https:\/\/www.visit-ulcinj.com\/blog\/wp-json\/wp\/v2\/posts"}],"about":[{"href":"https:\/\/www.visit-ulcinj.com\/blog\/wp-json\/wp\/v2\/types\/post"}],"author":[{"embeddable":true,"href":"https:\/\/www.visit-ulcinj.com\/blog\/wp-json\/wp\/v2\/users\/1"}],"replies":[{"embeddable":true,"href":"https:\/\/www.visit-ulcinj.com\/blog\/wp-json\/wp\/v2\/comments?post=73216"}],"version-history":[{"count":2,"href":"https:\/\/www.visit-ulcinj.com\/blog\/wp-json\/wp\/v2\/posts\/73216\/revisions"}],"predecessor-version":[{"id":73219,"href":"https:\/\/www.visit-ulcinj.com\/blog\/wp-json\/wp\/v2\/posts\/73216\/revisions\/73219"}],"wp:attachment":[{"href":"https:\/\/www.visit-ulcinj.com\/blog\/wp-json\/wp\/v2\/media?parent=73216"}],"wp:term":[{"taxonomy":"category","embeddable":true,"href":"https:\/\/www.visit-ulcinj.com\/blog\/wp-json\/wp\/v2\/categories?post=73216"},{"taxonomy":"post_tag","embeddable":true,"href":"https:\/\/www.visit-ulcinj.com\/blog\/wp-json\/wp\/v2\/tags?post=73216"}],"curies":[{"name":"wp","href":"https:\/\/api.w.org\/{rel}","templated":true}]}}