{"id":73230,"date":"2013-07-12T16:29:58","date_gmt":"2013-07-12T15:29:58","guid":{"rendered":"http:\/\/www.visit-ulcinj.com\/blog\/?p=73230"},"modified":"2013-07-12T22:22:28","modified_gmt":"2013-07-12T21:22:28","slug":"ne-ulqin-bie-numri-i-pushuesve-nga-kosova","status":"publish","type":"post","link":"https:\/\/www.visit-ulcinj.com\/blog\/2013\/07\/12\/ne-ulqin-bie-numri-i-pushuesve-nga-kosova\/","title":{"rendered":"N\u00eb Ulqin bie numri i pushuesve nga Kosova"},"content":{"rendered":"<p><a href=\"http:\/\/www.visit-ulcinj.com\/blog\/wp-content\/uploads\/2013\/07\/1045102_348405955287428_645198286_n.jpg\"><img loading=\"lazy\" class=\"alignleft  wp-image-73231\" alt=\"1045102_348405955287428_645198286_n\" src=\"http:\/\/www.visit-ulcinj.com\/blog\/wp-content\/uploads\/2013\/07\/1045102_348405955287428_645198286_n.jpg\" width=\"508\" height=\"600\" \/><\/a>Sivjet po sh\u00ebnohet nj\u00eb r\u00ebnie e vizitor\u00ebve n\u00eb plazhet e Ulqinit nga turist\u00ebt Kosovar\u00eb dhe ata nga Maqedonia,Bosna , ku si shkaqe jan\u00eb edhe moti i paq\u00ebndruesh\u00ebm, por dhe ritja e TVSH-s\u00eb n\u00eb Mal t\u00eb Zi. Ulqinit i duhet ulja e taksave, heqja e TVSH-s\u00eb dhe rritja e pun\u00ebsimit n\u00eb komunen e Ulqinit. Por, nd\u00ebrkoh\u00eb, as numri i pushuesve vendas ditor\u00eb nuk \u00ebsht\u00eb aq i madh sa n\u00eb vitin e kaluar.<\/p>\n<p>Operator\u00ebt turistik\u00eb nga Ulqini pohojn\u00eb se kan\u00eb nisur edhe prenotimet, ndon\u00ebse ende jo n\u00eb nivelin e d\u00ebshiruar. Sipas tyre, \u00e7mimet e ofruara nuk jan\u00eb t\u00eb p\u00ebrballueshme p\u00ebr pushuesit e rajonit sikurse Kosova, Maqedonia dhe Bosna, ngaq\u00eb Ulqini nuk kan\u00eb ndryshuar shum\u00eb nga viti i kaluar, por ka ndryshuar q\u00eb qiradh\u00ebnsit jan\u00eb t\u00eb revoltuar me kontrollet e shpeshta inspektuese t\u00eb Organizates turistike t\u00eb Ulqinit n\u00eb objektet e tyre dhe ndryshimi i sistemit kontrollues q\u00eb do le pasoja per vitin e ardh\u00ebshem turistik.<\/p>\n<p>R\u00ebnia drastike e pushuesve esht\u00eb m\u00eb e madhe\u00a0 n\u00eb akomodimin privat, dhe at\u00eb 19 p\u00ebrqind m\u00eb pak se n\u00eb fillim t\u00eb korrikut t\u00eb vitit 2012.<\/p>\n","protected":false},"excerpt":{"rendered":"<p>Sivjet po sh\u00ebnohet nj\u00eb r\u00ebnie e vizitor\u00ebve n\u00eb plazhet e Ulqinit nga turist\u00ebt Kosovar\u00eb dhe ata nga Maqedonia,Bosna , ku si shkaqe jan\u00eb edhe moti i paq\u00ebndruesh\u00ebm, por dhe ritja e TVSH-s\u00eb n\u00eb Mal t\u00eb Zi. Ulqinit i duhet ulja e taksave, heqja e TVSH-s\u00eb dhe rritja e pun\u00ebsimit n\u00eb komunen e Ulqinit. Por, nd\u00ebrkoh\u00eb, [&hellip;]<\/p>\n","protected":false},"author":1,"featured_media":0,"comment_status":"closed","ping_status":"closed","sticky":false,"template":"","format":"standard","meta":{"spay_email":"","jetpack_publicize_message":"","jetpack_is_tweetstorm":false,"jetpack_publicize_feature_enabled":true},"categories":[1,15],"tags":[],"jetpack_publicize_connections":[],"yoast_head":"<!-- This site is optimized with the Yoast SEO plugin v19.1 - https:\/\/yoast.com\/wordpress\/plugins\/seo\/ -->\n<title>N\u00eb Ulqin bie numri i pushuesve nga Kosova - Lajme nga Ulqini<\/title>\n<meta name=\"description\" content=\"Sivjet po sh\u00ebnohet nj\u00eb r\u00ebnie e vizitor\u00ebve n\u00eb plazhet e Ulqinit nga turist\u00ebt Kosovar\u00eb dhe ata nga Maqedonia,Bosna , ku si shkaqe jan\u00eb edhe moti i\" \/>\n<meta name=\"robots\" content=\"index, follow, max-snippet:-1, max-image-preview:large, max-video-preview:-1\" \/>\n<link rel=\"canonical\" href=\"https:\/\/www.visit-ulcinj.com\/blog\/2013\/07\/12\/ne-ulqin-bie-numri-i-pushuesve-nga-kosova\/\" \/>\n<meta property=\"og:locale\" content=\"en_US\" \/>\n<meta property=\"og:type\" content=\"article\" \/>\n<meta property=\"og:title\" content=\"N\u00eb Ulqin bie numri i pushuesve nga Kosova - Lajme nga Ulqini\" \/>\n<meta property=\"og:description\" content=\"Sivjet po sh\u00ebnohet nj\u00eb r\u00ebnie e vizitor\u00ebve n\u00eb plazhet e Ulqinit nga turist\u00ebt Kosovar\u00eb dhe ata nga Maqedonia,Bosna , ku si shkaqe jan\u00eb edhe moti i\" \/>\n<meta property=\"og:url\" content=\"https:\/\/www.visit-ulcinj.com\/blog\/2013\/07\/12\/ne-ulqin-bie-numri-i-pushuesve-nga-kosova\/\" \/>\n<meta property=\"og:site_name\" content=\"Lajme nga Ulqini\" \/>\n<meta property=\"article:published_time\" content=\"2013-07-12T15:29:58+00:00\" \/>\n<meta property=\"article:modified_time\" content=\"2013-07-12T21:22:28+00:00\" \/>\n<meta property=\"og:image\" content=\"http:\/\/www.visit-ulcinj.com\/blog\/wp-content\/uploads\/2013\/07\/1045102_348405955287428_645198286_n.jpg\" \/>\n<meta name=\"twitter:label1\" content=\"Written by\" \/>\n\t<meta name=\"twitter:data1\" content=\"ulqini\" \/>\n\t<meta name=\"twitter:label2\" content=\"Est. reading time\" \/>\n\t<meta name=\"twitter:data2\" content=\"1 minute\" \/>\n<script type=\"application\/ld+json\" class=\"yoast-schema-graph\">{\"@context\":\"https:\/\/schema.org\",\"@graph\":[{\"@type\":\"WebSite\",\"@id\":\"https:\/\/www.visit-ulcinj.com\/blog\/#website\",\"url\":\"https:\/\/www.visit-ulcinj.com\/blog\/\",\"name\":\"Lajme nga Ulqini\",\"description\":\"Lajme,Vijesti,Ulqini,Ulqin,Crna Gora,Mali i Zi\",\"potentialAction\":[{\"@type\":\"SearchAction\",\"target\":{\"@type\":\"EntryPoint\",\"urlTemplate\":\"https:\/\/www.visit-ulcinj.com\/blog\/?s={search_term_string}\"},\"query-input\":\"required name=search_term_string\"}],\"inLanguage\":\"en-US\"},{\"@type\":\"ImageObject\",\"inLanguage\":\"en-US\",\"@id\":\"https:\/\/www.visit-ulcinj.com\/blog\/2013\/07\/12\/ne-ulqin-bie-numri-i-pushuesve-nga-kosova\/#primaryimage\",\"url\":\"https:\/\/www.visit-ulcinj.com\/blog\/wp-content\/uploads\/2013\/07\/1045102_348405955287428_645198286_n.jpg\",\"contentUrl\":\"https:\/\/www.visit-ulcinj.com\/blog\/wp-content\/uploads\/2013\/07\/1045102_348405955287428_645198286_n.jpg\",\"width\":720,\"height\":960},{\"@type\":\"WebPage\",\"@id\":\"https:\/\/www.visit-ulcinj.com\/blog\/2013\/07\/12\/ne-ulqin-bie-numri-i-pushuesve-nga-kosova\/#webpage\",\"url\":\"https:\/\/www.visit-ulcinj.com\/blog\/2013\/07\/12\/ne-ulqin-bie-numri-i-pushuesve-nga-kosova\/\",\"name\":\"N\u00eb Ulqin bie numri i pushuesve nga Kosova - Lajme nga Ulqini\",\"isPartOf\":{\"@id\":\"https:\/\/www.visit-ulcinj.com\/blog\/#website\"},\"primaryImageOfPage\":{\"@id\":\"https:\/\/www.visit-ulcinj.com\/blog\/2013\/07\/12\/ne-ulqin-bie-numri-i-pushuesve-nga-kosova\/#primaryimage\"},\"datePublished\":\"2013-07-12T15:29:58+00:00\",\"dateModified\":\"2013-07-12T21:22:28+00:00\",\"author\":{\"@id\":\"https:\/\/www.visit-ulcinj.com\/blog\/#\/schema\/person\/dcab619c614d3038751c63bc2aadc06d\"},\"description\":\"Sivjet po sh\u00ebnohet nj\u00eb r\u00ebnie e vizitor\u00ebve n\u00eb plazhet e Ulqinit nga turist\u00ebt Kosovar\u00eb dhe ata nga Maqedonia,Bosna , ku si shkaqe jan\u00eb edhe moti i\",\"breadcrumb\":{\"@id\":\"https:\/\/www.visit-ulcinj.com\/blog\/2013\/07\/12\/ne-ulqin-bie-numri-i-pushuesve-nga-kosova\/#breadcrumb\"},\"inLanguage\":\"en-US\",\"potentialAction\":[{\"@type\":\"ReadAction\",\"target\":[\"https:\/\/www.visit-ulcinj.com\/blog\/2013\/07\/12\/ne-ulqin-bie-numri-i-pushuesve-nga-kosova\/\"]}]},{\"@type\":\"BreadcrumbList\",\"@id\":\"https:\/\/www.visit-ulcinj.com\/blog\/2013\/07\/12\/ne-ulqin-bie-numri-i-pushuesve-nga-kosova\/#breadcrumb\",\"itemListElement\":[{\"@type\":\"ListItem\",\"position\":1,\"name\":\"N\u00eb Ulqin bie numri i pushuesve nga Kosova\"}]},{\"@type\":\"Person\",\"@id\":\"https:\/\/www.visit-ulcinj.com\/blog\/#\/schema\/person\/dcab619c614d3038751c63bc2aadc06d\",\"name\":\"ulqini\",\"sameAs\":[\"http:\/\/www.visit-ulcinj.com\"],\"url\":\"https:\/\/www.visit-ulcinj.com\/blog\/author\/admin\/\"}]}<\/script>\n<!-- \/ Yoast SEO plugin. -->","yoast_head_json":{"title":"N\u00eb Ulqin bie numri i pushuesve nga Kosova - Lajme nga Ulqini","description":"Sivjet po sh\u00ebnohet nj\u00eb r\u00ebnie e vizitor\u00ebve n\u00eb plazhet e Ulqinit nga turist\u00ebt Kosovar\u00eb dhe ata nga Maqedonia,Bosna , ku si shkaqe jan\u00eb edhe moti i","robots":{"index":"index","follow":"follow","max-snippet":"max-snippet:-1","max-image-preview":"max-image-preview:large","max-video-preview":"max-video-preview:-1"},"canonical":"https:\/\/www.visit-ulcinj.com\/blog\/2013\/07\/12\/ne-ulqin-bie-numri-i-pushuesve-nga-kosova\/","og_locale":"en_US","og_type":"article","og_title":"N\u00eb Ulqin bie numri i pushuesve nga Kosova - Lajme nga Ulqini","og_description":"Sivjet po sh\u00ebnohet nj\u00eb r\u00ebnie e vizitor\u00ebve n\u00eb plazhet e Ulqinit nga turist\u00ebt Kosovar\u00eb dhe ata nga Maqedonia,Bosna , ku si shkaqe jan\u00eb edhe moti i","og_url":"https:\/\/www.visit-ulcinj.com\/blog\/2013\/07\/12\/ne-ulqin-bie-numri-i-pushuesve-nga-kosova\/","og_site_name":"Lajme nga Ulqini","article_published_time":"2013-07-12T15:29:58+00:00","article_modified_time":"2013-07-12T21:22:28+00:00","og_image":[{"url":"http:\/\/www.visit-ulcinj.com\/blog\/wp-content\/uploads\/2013\/07\/1045102_348405955287428_645198286_n.jpg"}],"twitter_misc":{"Written by":"ulqini","Est. reading time":"1 minute"},"schema":{"@context":"https:\/\/schema.org","@graph":[{"@type":"WebSite","@id":"https:\/\/www.visit-ulcinj.com\/blog\/#website","url":"https:\/\/www.visit-ulcinj.com\/blog\/","name":"Lajme nga Ulqini","description":"Lajme,Vijesti,Ulqini,Ulqin,Crna Gora,Mali i Zi","potentialAction":[{"@type":"SearchAction","target":{"@type":"EntryPoint","urlTemplate":"https:\/\/www.visit-ulcinj.com\/blog\/?s={search_term_string}"},"query-input":"required name=search_term_string"}],"inLanguage":"en-US"},{"@type":"ImageObject","inLanguage":"en-US","@id":"https:\/\/www.visit-ulcinj.com\/blog\/2013\/07\/12\/ne-ulqin-bie-numri-i-pushuesve-nga-kosova\/#primaryimage","url":"https:\/\/www.visit-ulcinj.com\/blog\/wp-content\/uploads\/2013\/07\/1045102_348405955287428_645198286_n.jpg","contentUrl":"https:\/\/www.visit-ulcinj.com\/blog\/wp-content\/uploads\/2013\/07\/1045102_348405955287428_645198286_n.jpg","width":720,"height":960},{"@type":"WebPage","@id":"https:\/\/www.visit-ulcinj.com\/blog\/2013\/07\/12\/ne-ulqin-bie-numri-i-pushuesve-nga-kosova\/#webpage","url":"https:\/\/www.visit-ulcinj.com\/blog\/2013\/07\/12\/ne-ulqin-bie-numri-i-pushuesve-nga-kosova\/","name":"N\u00eb Ulqin bie numri i pushuesve nga Kosova - Lajme nga Ulqini","isPartOf":{"@id":"https:\/\/www.visit-ulcinj.com\/blog\/#website"},"primaryImageOfPage":{"@id":"https:\/\/www.visit-ulcinj.com\/blog\/2013\/07\/12\/ne-ulqin-bie-numri-i-pushuesve-nga-kosova\/#primaryimage"},"datePublished":"2013-07-12T15:29:58+00:00","dateModified":"2013-07-12T21:22:28+00:00","author":{"@id":"https:\/\/www.visit-ulcinj.com\/blog\/#\/schema\/person\/dcab619c614d3038751c63bc2aadc06d"},"description":"Sivjet po sh\u00ebnohet nj\u00eb r\u00ebnie e vizitor\u00ebve n\u00eb plazhet e Ulqinit nga turist\u00ebt Kosovar\u00eb dhe ata nga Maqedonia,Bosna , ku si shkaqe jan\u00eb edhe moti i","breadcrumb":{"@id":"https:\/\/www.visit-ulcinj.com\/blog\/2013\/07\/12\/ne-ulqin-bie-numri-i-pushuesve-nga-kosova\/#breadcrumb"},"inLanguage":"en-US","potentialAction":[{"@type":"ReadAction","target":["https:\/\/www.visit-ulcinj.com\/blog\/2013\/07\/12\/ne-ulqin-bie-numri-i-pushuesve-nga-kosova\/"]}]},{"@type":"BreadcrumbList","@id":"https:\/\/www.visit-ulcinj.com\/blog\/2013\/07\/12\/ne-ulqin-bie-numri-i-pushuesve-nga-kosova\/#breadcrumb","itemListElement":[{"@type":"ListItem","position":1,"name":"N\u00eb Ulqin bie numri i pushuesve nga Kosova"}]},{"@type":"Person","@id":"https:\/\/www.visit-ulcinj.com\/blog\/#\/schema\/person\/dcab619c614d3038751c63bc2aadc06d","name":"ulqini","sameAs":["http:\/\/www.visit-ulcinj.com"],"url":"https:\/\/www.visit-ulcinj.com\/blog\/author\/admin\/"}]}},"jetpack_featured_media_url":"","jetpack_sharing_enabled":true,"jetpack_shortlink":"https:\/\/wp.me\/pe6lTn-j38","_links":{"self":[{"href":"https:\/\/www.visit-ulcinj.com\/blog\/wp-json\/wp\/v2\/posts\/73230"}],"collection":[{"href":"https:\/\/www.visit-ulcinj.com\/blog\/wp-json\/wp\/v2\/posts"}],"about":[{"href":"https:\/\/www.visit-ulcinj.com\/blog\/wp-json\/wp\/v2\/types\/post"}],"author":[{"embeddable":true,"href":"https:\/\/www.visit-ulcinj.com\/blog\/wp-json\/wp\/v2\/users\/1"}],"replies":[{"embeddable":true,"href":"https:\/\/www.visit-ulcinj.com\/blog\/wp-json\/wp\/v2\/comments?post=73230"}],"version-history":[{"count":6,"href":"https:\/\/www.visit-ulcinj.com\/blog\/wp-json\/wp\/v2\/posts\/73230\/revisions"}],"predecessor-version":[{"id":73250,"href":"https:\/\/www.visit-ulcinj.com\/blog\/wp-json\/wp\/v2\/posts\/73230\/revisions\/73250"}],"wp:attachment":[{"href":"https:\/\/www.visit-ulcinj.com\/blog\/wp-json\/wp\/v2\/media?parent=73230"}],"wp:term":[{"taxonomy":"category","embeddable":true,"href":"https:\/\/www.visit-ulcinj.com\/blog\/wp-json\/wp\/v2\/categories?post=73230"},{"taxonomy":"post_tag","embeddable":true,"href":"https:\/\/www.visit-ulcinj.com\/blog\/wp-json\/wp\/v2\/tags?post=73230"}],"curies":[{"name":"wp","href":"https:\/\/api.w.org\/{rel}","templated":true}]}}