{"id":73238,"date":"2013-07-12T18:01:16","date_gmt":"2013-07-12T17:01:16","guid":{"rendered":"http:\/\/www.visit-ulcinj.com\/blog\/?p=73238"},"modified":"2013-07-13T19:46:18","modified_gmt":"2013-07-13T18:46:18","slug":"karamanaga-nje-dite-nuk-ka-me-pas-me-kalali-ne-kala","status":"publish","type":"post","link":"https:\/\/www.visit-ulcinj.com\/blog\/2013\/07\/12\/karamanaga-nje-dite-nuk-ka-me-pas-me-kalali-ne-kala\/","title":{"rendered":"Karamanaga: Nj\u00eb dite nuk ka me pas m\u00eb&#8221; Kalali&#8221; n\u00eb Kala"},"content":{"rendered":"<p><a href=\"http:\/\/www.visit-ulcinj.com\/blog\/wp-content\/uploads\/2013\/07\/Ish-sht\u00ebpia-e-Halit-Bushatit-ne-kala.jpg\"><img loading=\"lazy\" class=\"alignleft  wp-image-73239\" alt=\"Ish sht\u00ebpia e Halit Bushatit ne kala\" src=\"http:\/\/www.visit-ulcinj.com\/blog\/wp-content\/uploads\/2013\/07\/Ish-sht\u00ebpia-e-Halit-Bushatit-ne-kala.jpg\" width=\"508\" height=\"360\" \/><\/a>Ish sht\u00ebpia e Halit Bushatit. Sht\u00ebpia \u00ebsht\u00eb shitur dhe sot \u00ebsht\u00eb n\u00eb pron\u00ebn e &#8220;Anastasijes&#8221; nga Rusia. Sht\u00ebpia ka fitu nj\u00eb pamje t\u00eb bukur, \u00ebsht\u00eb rinovuar&#8221;relativisht&#8221; mir\u00eb, si pas standard\u00ebve t\u00eb cilat sundojn n\u00eb mjedise si\u00e7 \u00ebsht\u00eb Kalaja e jon..Edhe nj\u00eb sht\u00ebpi n\u00eb af\u00ebrsin e saj ka ndruar pronarin, prap nga Rusia, dhe kush e di ndoshta nj\u00eb dite nuk ka me pas m\u00eb&#8221; Kalali&#8221; n\u00eb Kala..<\/p>\n<p>&nbsp;<\/p>\n<p><strong><a id=\"js_6\" href=\"https:\/\/www.facebook.com\/ismet.karamanaga\" data-hovercard=\"\/ajax\/hovercard\/user.php?id=1359492972\">Ismet Karamanaga Facebook<\/a><\/strong><\/p>\n","protected":false},"excerpt":{"rendered":"<p>Ish sht\u00ebpia e Halit Bushatit. Sht\u00ebpia \u00ebsht\u00eb shitur dhe sot \u00ebsht\u00eb n\u00eb pron\u00ebn e &#8220;Anastasijes&#8221; nga Rusia. Sht\u00ebpia ka fitu nj\u00eb pamje t\u00eb bukur, \u00ebsht\u00eb rinovuar&#8221;relativisht&#8221; mir\u00eb, si pas standard\u00ebve t\u00eb cilat sundojn n\u00eb mjedise si\u00e7 \u00ebsht\u00eb Kalaja e jon..Edhe nj\u00eb sht\u00ebpi n\u00eb af\u00ebrsin e saj ka ndruar pronarin, prap nga Rusia, dhe kush e [&hellip;]<\/p>\n","protected":false},"author":1,"featured_media":0,"comment_status":"closed","ping_status":"closed","sticky":false,"template":"","format":"standard","meta":{"spay_email":"","jetpack_publicize_message":"","jetpack_is_tweetstorm":false,"jetpack_publicize_feature_enabled":true},"categories":[11],"tags":[],"jetpack_publicize_connections":[],"yoast_head":"<!-- This site is optimized with the Yoast SEO plugin v19.1 - https:\/\/yoast.com\/wordpress\/plugins\/seo\/ -->\n<title>Karamanaga: Nj\u00eb dite nuk ka me pas m\u00eb&quot; Kalali&quot; n\u00eb Kala - Lajme nga Ulqini<\/title>\n<meta name=\"description\" content=\"Ish sht\u00ebpia e Halit Bushatit. Sht\u00ebpia \u00ebsht\u00eb shitur dhe sot \u00ebsht\u00eb n\u00eb pron\u00ebn e &quot;Anastasijes&quot; nga Rusia. Sht\u00ebpia ka fitu nj\u00eb pamje t\u00eb bukur, \u00ebsht\u00eb\" \/>\n<meta name=\"robots\" content=\"index, follow, max-snippet:-1, max-image-preview:large, max-video-preview:-1\" \/>\n<link rel=\"canonical\" href=\"https:\/\/www.visit-ulcinj.com\/blog\/2013\/07\/12\/karamanaga-nje-dite-nuk-ka-me-pas-me-kalali-ne-kala\/\" \/>\n<meta property=\"og:locale\" content=\"en_US\" \/>\n<meta property=\"og:type\" content=\"article\" \/>\n<meta property=\"og:title\" content=\"Karamanaga: Nj\u00eb dite nuk ka me pas m\u00eb&quot; Kalali&quot; n\u00eb Kala - Lajme nga Ulqini\" \/>\n<meta property=\"og:description\" content=\"Ish sht\u00ebpia e Halit Bushatit. Sht\u00ebpia \u00ebsht\u00eb shitur dhe sot \u00ebsht\u00eb n\u00eb pron\u00ebn e &quot;Anastasijes&quot; nga Rusia. Sht\u00ebpia ka fitu nj\u00eb pamje t\u00eb bukur, \u00ebsht\u00eb\" \/>\n<meta property=\"og:url\" content=\"https:\/\/www.visit-ulcinj.com\/blog\/2013\/07\/12\/karamanaga-nje-dite-nuk-ka-me-pas-me-kalali-ne-kala\/\" \/>\n<meta property=\"og:site_name\" content=\"Lajme nga Ulqini\" \/>\n<meta property=\"article:published_time\" content=\"2013-07-12T17:01:16+00:00\" \/>\n<meta property=\"article:modified_time\" content=\"2013-07-13T18:46:18+00:00\" \/>\n<meta name=\"twitter:label1\" content=\"Written by\" \/>\n\t<meta name=\"twitter:data1\" content=\"ulqini\" \/>\n<script type=\"application\/ld+json\" class=\"yoast-schema-graph\">{\"@context\":\"https:\/\/schema.org\",\"@graph\":[{\"@type\":\"WebSite\",\"@id\":\"https:\/\/www.visit-ulcinj.com\/blog\/#website\",\"url\":\"https:\/\/www.visit-ulcinj.com\/blog\/\",\"name\":\"Lajme nga Ulqini\",\"description\":\"Lajme,Vijesti,Ulqini,Ulqin,Crna Gora,Mali i Zi\",\"potentialAction\":[{\"@type\":\"SearchAction\",\"target\":{\"@type\":\"EntryPoint\",\"urlTemplate\":\"https:\/\/www.visit-ulcinj.com\/blog\/?s={search_term_string}\"},\"query-input\":\"required name=search_term_string\"}],\"inLanguage\":\"en-US\"},{\"@type\":\"WebPage\",\"@id\":\"https:\/\/www.visit-ulcinj.com\/blog\/2013\/07\/12\/karamanaga-nje-dite-nuk-ka-me-pas-me-kalali-ne-kala\/#webpage\",\"url\":\"https:\/\/www.visit-ulcinj.com\/blog\/2013\/07\/12\/karamanaga-nje-dite-nuk-ka-me-pas-me-kalali-ne-kala\/\",\"name\":\"Karamanaga: Nj\u00eb dite nuk ka me pas m\u00eb\\\" Kalali\\\" n\u00eb Kala - Lajme nga Ulqini\",\"isPartOf\":{\"@id\":\"https:\/\/www.visit-ulcinj.com\/blog\/#website\"},\"datePublished\":\"2013-07-12T17:01:16+00:00\",\"dateModified\":\"2013-07-13T18:46:18+00:00\",\"author\":{\"@id\":\"https:\/\/www.visit-ulcinj.com\/blog\/#\/schema\/person\/dcab619c614d3038751c63bc2aadc06d\"},\"description\":\"Ish sht\u00ebpia e Halit Bushatit. Sht\u00ebpia \u00ebsht\u00eb shitur dhe sot \u00ebsht\u00eb n\u00eb pron\u00ebn e \\\"Anastasijes\\\" nga Rusia. Sht\u00ebpia ka fitu nj\u00eb pamje t\u00eb bukur, \u00ebsht\u00eb\",\"breadcrumb\":{\"@id\":\"https:\/\/www.visit-ulcinj.com\/blog\/2013\/07\/12\/karamanaga-nje-dite-nuk-ka-me-pas-me-kalali-ne-kala\/#breadcrumb\"},\"inLanguage\":\"en-US\",\"potentialAction\":[{\"@type\":\"ReadAction\",\"target\":[\"https:\/\/www.visit-ulcinj.com\/blog\/2013\/07\/12\/karamanaga-nje-dite-nuk-ka-me-pas-me-kalali-ne-kala\/\"]}]},{\"@type\":\"BreadcrumbList\",\"@id\":\"https:\/\/www.visit-ulcinj.com\/blog\/2013\/07\/12\/karamanaga-nje-dite-nuk-ka-me-pas-me-kalali-ne-kala\/#breadcrumb\",\"itemListElement\":[{\"@type\":\"ListItem\",\"position\":1,\"name\":\"Karamanaga: Nj\u00eb dite nuk ka me pas m\u00eb&#8221; Kalali&#8221; n\u00eb Kala\"}]},{\"@type\":\"Person\",\"@id\":\"https:\/\/www.visit-ulcinj.com\/blog\/#\/schema\/person\/dcab619c614d3038751c63bc2aadc06d\",\"name\":\"ulqini\",\"sameAs\":[\"http:\/\/www.visit-ulcinj.com\"],\"url\":\"https:\/\/www.visit-ulcinj.com\/blog\/author\/admin\/\"}]}<\/script>\n<!-- \/ Yoast SEO plugin. -->","yoast_head_json":{"title":"Karamanaga: Nj\u00eb dite nuk ka me pas m\u00eb\" Kalali\" n\u00eb Kala - Lajme nga Ulqini","description":"Ish sht\u00ebpia e Halit Bushatit. Sht\u00ebpia \u00ebsht\u00eb shitur dhe sot \u00ebsht\u00eb n\u00eb pron\u00ebn e \"Anastasijes\" nga Rusia. Sht\u00ebpia ka fitu nj\u00eb pamje t\u00eb bukur, \u00ebsht\u00eb","robots":{"index":"index","follow":"follow","max-snippet":"max-snippet:-1","max-image-preview":"max-image-preview:large","max-video-preview":"max-video-preview:-1"},"canonical":"https:\/\/www.visit-ulcinj.com\/blog\/2013\/07\/12\/karamanaga-nje-dite-nuk-ka-me-pas-me-kalali-ne-kala\/","og_locale":"en_US","og_type":"article","og_title":"Karamanaga: Nj\u00eb dite nuk ka me pas m\u00eb\" Kalali\" n\u00eb Kala - Lajme nga Ulqini","og_description":"Ish sht\u00ebpia e Halit Bushatit. Sht\u00ebpia \u00ebsht\u00eb shitur dhe sot \u00ebsht\u00eb n\u00eb pron\u00ebn e \"Anastasijes\" nga Rusia. Sht\u00ebpia ka fitu nj\u00eb pamje t\u00eb bukur, \u00ebsht\u00eb","og_url":"https:\/\/www.visit-ulcinj.com\/blog\/2013\/07\/12\/karamanaga-nje-dite-nuk-ka-me-pas-me-kalali-ne-kala\/","og_site_name":"Lajme nga Ulqini","article_published_time":"2013-07-12T17:01:16+00:00","article_modified_time":"2013-07-13T18:46:18+00:00","twitter_misc":{"Written by":"ulqini"},"schema":{"@context":"https:\/\/schema.org","@graph":[{"@type":"WebSite","@id":"https:\/\/www.visit-ulcinj.com\/blog\/#website","url":"https:\/\/www.visit-ulcinj.com\/blog\/","name":"Lajme nga Ulqini","description":"Lajme,Vijesti,Ulqini,Ulqin,Crna Gora,Mali i Zi","potentialAction":[{"@type":"SearchAction","target":{"@type":"EntryPoint","urlTemplate":"https:\/\/www.visit-ulcinj.com\/blog\/?s={search_term_string}"},"query-input":"required name=search_term_string"}],"inLanguage":"en-US"},{"@type":"WebPage","@id":"https:\/\/www.visit-ulcinj.com\/blog\/2013\/07\/12\/karamanaga-nje-dite-nuk-ka-me-pas-me-kalali-ne-kala\/#webpage","url":"https:\/\/www.visit-ulcinj.com\/blog\/2013\/07\/12\/karamanaga-nje-dite-nuk-ka-me-pas-me-kalali-ne-kala\/","name":"Karamanaga: Nj\u00eb dite nuk ka me pas m\u00eb\" Kalali\" n\u00eb Kala - Lajme nga Ulqini","isPartOf":{"@id":"https:\/\/www.visit-ulcinj.com\/blog\/#website"},"datePublished":"2013-07-12T17:01:16+00:00","dateModified":"2013-07-13T18:46:18+00:00","author":{"@id":"https:\/\/www.visit-ulcinj.com\/blog\/#\/schema\/person\/dcab619c614d3038751c63bc2aadc06d"},"description":"Ish sht\u00ebpia e Halit Bushatit. Sht\u00ebpia \u00ebsht\u00eb shitur dhe sot \u00ebsht\u00eb n\u00eb pron\u00ebn e \"Anastasijes\" nga Rusia. Sht\u00ebpia ka fitu nj\u00eb pamje t\u00eb bukur, \u00ebsht\u00eb","breadcrumb":{"@id":"https:\/\/www.visit-ulcinj.com\/blog\/2013\/07\/12\/karamanaga-nje-dite-nuk-ka-me-pas-me-kalali-ne-kala\/#breadcrumb"},"inLanguage":"en-US","potentialAction":[{"@type":"ReadAction","target":["https:\/\/www.visit-ulcinj.com\/blog\/2013\/07\/12\/karamanaga-nje-dite-nuk-ka-me-pas-me-kalali-ne-kala\/"]}]},{"@type":"BreadcrumbList","@id":"https:\/\/www.visit-ulcinj.com\/blog\/2013\/07\/12\/karamanaga-nje-dite-nuk-ka-me-pas-me-kalali-ne-kala\/#breadcrumb","itemListElement":[{"@type":"ListItem","position":1,"name":"Karamanaga: Nj\u00eb dite nuk ka me pas m\u00eb&#8221; Kalali&#8221; n\u00eb Kala"}]},{"@type":"Person","@id":"https:\/\/www.visit-ulcinj.com\/blog\/#\/schema\/person\/dcab619c614d3038751c63bc2aadc06d","name":"ulqini","sameAs":["http:\/\/www.visit-ulcinj.com"],"url":"https:\/\/www.visit-ulcinj.com\/blog\/author\/admin\/"}]}},"jetpack_featured_media_url":"","jetpack_sharing_enabled":true,"jetpack_shortlink":"https:\/\/wp.me\/pe6lTn-j3g","_links":{"self":[{"href":"https:\/\/www.visit-ulcinj.com\/blog\/wp-json\/wp\/v2\/posts\/73238"}],"collection":[{"href":"https:\/\/www.visit-ulcinj.com\/blog\/wp-json\/wp\/v2\/posts"}],"about":[{"href":"https:\/\/www.visit-ulcinj.com\/blog\/wp-json\/wp\/v2\/types\/post"}],"author":[{"embeddable":true,"href":"https:\/\/www.visit-ulcinj.com\/blog\/wp-json\/wp\/v2\/users\/1"}],"replies":[{"embeddable":true,"href":"https:\/\/www.visit-ulcinj.com\/blog\/wp-json\/wp\/v2\/comments?post=73238"}],"version-history":[{"count":3,"href":"https:\/\/www.visit-ulcinj.com\/blog\/wp-json\/wp\/v2\/posts\/73238\/revisions"}],"predecessor-version":[{"id":73288,"href":"https:\/\/www.visit-ulcinj.com\/blog\/wp-json\/wp\/v2\/posts\/73238\/revisions\/73288"}],"wp:attachment":[{"href":"https:\/\/www.visit-ulcinj.com\/blog\/wp-json\/wp\/v2\/media?parent=73238"}],"wp:term":[{"taxonomy":"category","embeddable":true,"href":"https:\/\/www.visit-ulcinj.com\/blog\/wp-json\/wp\/v2\/categories?post=73238"},{"taxonomy":"post_tag","embeddable":true,"href":"https:\/\/www.visit-ulcinj.com\/blog\/wp-json\/wp\/v2\/tags?post=73238"}],"curies":[{"name":"wp","href":"https:\/\/api.w.org\/{rel}","templated":true}]}}