{"id":73242,"date":"2013-07-12T22:17:34","date_gmt":"2013-07-12T21:17:34","guid":{"rendered":"http:\/\/www.visit-ulcinj.com\/blog\/?p=73242"},"modified":"2013-07-13T07:38:19","modified_gmt":"2013-07-13T06:38:19","slug":"kryetari-cungu-takon-perfaqesuesit-e-plazhave-te-ulqinit","status":"publish","type":"post","link":"https:\/\/www.visit-ulcinj.com\/blog\/2013\/07\/12\/kryetari-cungu-takon-perfaqesuesit-e-plazhave-te-ulqinit\/","title":{"rendered":"Kryetari Cungu, takon p\u00ebrfaq\u00ebsuesit e plazhave te Ulqinit"},"content":{"rendered":"<p><strong><a href=\"http:\/\/www.visit-ulcinj.com\/blog\/wp-content\/uploads\/2013\/07\/Nazif-Cungu-perfaqsuesit-e-plazhave-te-Ulqinit.jpg\"><img loading=\"lazy\" class=\"alignleft  wp-image-73243\" alt=\"Nazif-Cungu-perfaqsuesit e plazhave te Ulqinit\" src=\"http:\/\/www.visit-ulcinj.com\/blog\/wp-content\/uploads\/2013\/07\/Nazif-Cungu-perfaqsuesit-e-plazhave-te-Ulqinit.jpg\" width=\"508\" height=\"360\" \/><\/a>Kryetari Cungu u takua me plazhist\u00ebt e Ulqinit<\/strong><\/p>\n<p>Kryetari i komun\u00ebs z.Nazif Cungu me bashk\u00ebpuntor\u00ebt e tij u takua sot me p\u00ebrfaq\u00ebsuesit e plazhist\u00ebve t\u00eb Ulqinit p\u00ebr t\u00eb diskutuar lidhur me nevojat dhe k\u00ebrkesat e tyre.<br \/>\nAta u shprehen se gjat\u00eb k\u00ebsaj sezone turistike kan\u00eb b\u00ebr\u00eb p\u00ebrpjekjet maksimale n\u00eb pregaditjen e hapsirave t\u00eb tyre p\u00ebr pritjen e musafirve dhe u shprehen se k\u00ebto t\u00eb fundit jan\u00eb t\u00eb knaqur me nivelin e sherbimeve n\u00eb k\u00ebto plazha.<br \/>\nMegjithat\u00eb ata ve\u00e7uan edhe shqet\u00ebsimet e tyre duke theksuar se p\u00ebr shkak t\u00eb voneses s\u00eb Ministris\u00eb s\u00eb Turizmit n\u00eb hartimin e planit p\u00ebr objekte t\u00eb p\u00ebrkohshme dhe tenderimin e plazhave, shumica e plazhave n\u00eb Ulqin nuk kan\u00eb arritur t\u00eb realizojn\u00eb kontraten e tyre me T\u00eb Mirat Detare dhe nuk jan\u00eb paisur me lejen e pun\u00ebs.<\/p>\n<p><a href=\"http:\/\/www.visit-ulcinj.com\/blog\/wp-content\/uploads\/2013\/07\/Nazif-Cungu-perfaqsuesit-e-plazhave-te-Ulqinit.2.jpg\"><img loading=\"lazy\" class=\"alignleft  wp-image-73244\" alt=\"Nazif-Cungu-perfaqsuesit e plazhave te Ulqinit.2\" src=\"http:\/\/www.visit-ulcinj.com\/blog\/wp-content\/uploads\/2013\/07\/Nazif-Cungu-perfaqsuesit-e-plazhave-te-Ulqinit.2.jpg\" width=\"508\" height=\"360\" \/><\/a><br \/>\nP\u00ebr shkaqe t\u00eb tilla q\u00eb kan\u00eb t\u00eb b\u00ebjn\u00eb me afate administrative, inspeksionet republikane jan\u00eb duke realizuar kontrolla t\u00eb shpeshta, duke i d\u00ebnuar k\u00ebt\u00eb subjekte dhe n\u00eb t\u00eb shumten e rasteve duke i paralajmruar ata se do t\u00eb nd\u00ebrpresin aktivitetin e tyre.<br \/>\nMe k\u00ebt\u00eb rast ata k\u00ebrkuan nga kryetari i komun\u00ebs q\u00eb me mund\u00ebsin\u00eb dhe autoritetin e tij\u00eb t\u00eb ndikoj\u00eb tek inspeksionet republikane p\u00ebr t\u00eb toleruar raste t\u00eb tilla p\u00ebr nj\u00eb afat t\u00eb shkurter deri sa k\u00ebto subjekte t\u00eb paisen me dokumentacionet e nevojshme.<br \/>\nKryetari Cungu duke i falenderuar plazhistet e Ulqinit p\u00ebr\u00a0 pregaditjen dhe duke vlersuar se plazhet e Ulqinit mbeten nj\u00eb nga ofertat m\u00eb atraktive n\u00eb t\u00ebr\u00eb bregdetin e Malit t\u00eb Zi, u shpreh se n\u00eb fillim t\u00eb javes s\u00eb ardh\u00ebshme do t\u00eb organizoj nj\u00eb takim me p\u00ebrfaq\u00ebsuesit e k\u00ebtyre inspeksione p\u00ebr t\u00eb diskutuar lidhur me k\u00ebto problematika, duke shpresuar n\u00eb zhgjidhjen e tyre.<br \/>\nN\u00eb takim u diskutua p\u00ebr mund\u00ebsin\u00eb e realizimit t\u00eb nj\u00eb marrveshtjeje me pronar\u00ebt e anijeve-taksi p\u00ebr tju mund\u00ebsuar atyre t\u00eb ushtrojn\u00eb aktivitetin n\u00eb k\u00ebto plazha, si dhe p\u00ebr disa mund\u00ebsi dhe problematika tjara.<\/p>\n<p><strong>Op\u0161tina Ulcinj \/ Komuna e Ulqinit<\/strong><br \/>\nTel: +382 30 412 050<br \/>\nFax: +382 30 412 413<br \/>\nAdresa: Bul. Skenderbeu bb, 85360 Ulcinj, MNE<\/p>\n<p><a href=\"http:\/\/www.visit-ulcinj.com\/blog\/wp-content\/uploads\/2013\/07\/Nazif-Cungu-perfaqsuesit-e-plazhave-te-Ulqinit.1.jpg\"><img loading=\"lazy\" class=\"alignleft  wp-image-73245\" alt=\"Nazif-Cungu-perfaqsuesit e plazhave te Ulqinit.1\" src=\"http:\/\/www.visit-ulcinj.com\/blog\/wp-content\/uploads\/2013\/07\/Nazif-Cungu-perfaqsuesit-e-plazhave-te-Ulqinit.1.jpg\" width=\"508\" height=\"360\" \/><\/a> <a href=\"http:\/\/www.visit-ulcinj.com\/blog\/wp-content\/uploads\/2013\/07\/Nazif-Cungu-perfaqsuesit-e-plazhave-te-Ulqinit.3.jpg\"><img loading=\"lazy\" class=\"alignleft  wp-image-73246\" alt=\"Nazif-Cungu-perfaqsuesit e plazhave te Ulqinit.3\" src=\"http:\/\/www.visit-ulcinj.com\/blog\/wp-content\/uploads\/2013\/07\/Nazif-Cungu-perfaqsuesit-e-plazhave-te-Ulqinit.3.jpg\" width=\"508\" height=\"360\" \/><\/a><\/p>\n","protected":false},"excerpt":{"rendered":"<p>Kryetari Cungu u takua me plazhist\u00ebt e Ulqinit Kryetari i komun\u00ebs z.Nazif Cungu me bashk\u00ebpuntor\u00ebt e tij u takua sot me p\u00ebrfaq\u00ebsuesit e plazhist\u00ebve t\u00eb Ulqinit p\u00ebr t\u00eb diskutuar lidhur me nevojat dhe k\u00ebrkesat e tyre. Ata u shprehen se gjat\u00eb k\u00ebsaj sezone turistike kan\u00eb b\u00ebr\u00eb p\u00ebrpjekjet maksimale n\u00eb pregaditjen e hapsirave t\u00eb tyre p\u00ebr [&hellip;]<\/p>\n","protected":false},"author":1,"featured_media":0,"comment_status":"closed","ping_status":"closed","sticky":false,"template":"","format":"standard","meta":{"spay_email":"","jetpack_publicize_message":"","jetpack_is_tweetstorm":false,"jetpack_publicize_feature_enabled":true},"categories":[10,1],"tags":[],"jetpack_publicize_connections":[],"yoast_head":"<!-- This site is optimized with the Yoast SEO plugin v19.1 - https:\/\/yoast.com\/wordpress\/plugins\/seo\/ -->\n<title>Kryetari Cungu, takon p\u00ebrfaq\u00ebsuesit e plazhave te Ulqinit - Lajme nga Ulqini<\/title>\n<meta name=\"description\" content=\"Kryetari Cungu u takua me plazhist\u00ebt e Ulqinit Kryetari i komun\u00ebs z.Nazif Cungu me bashk\u00ebpuntor\u00ebt e tij u takua sot me p\u00ebrfaq\u00ebsuesit e plazhist\u00ebve t\u00eb\" \/>\n<meta name=\"robots\" content=\"index, follow, max-snippet:-1, max-image-preview:large, max-video-preview:-1\" \/>\n<link rel=\"canonical\" href=\"https:\/\/www.visit-ulcinj.com\/blog\/2013\/07\/12\/kryetari-cungu-takon-perfaqesuesit-e-plazhave-te-ulqinit\/\" \/>\n<meta property=\"og:locale\" content=\"en_US\" \/>\n<meta property=\"og:type\" content=\"article\" \/>\n<meta property=\"og:title\" content=\"Kryetari Cungu, takon p\u00ebrfaq\u00ebsuesit e plazhave te Ulqinit - Lajme nga Ulqini\" \/>\n<meta property=\"og:description\" content=\"Kryetari Cungu u takua me plazhist\u00ebt e Ulqinit Kryetari i komun\u00ebs z.Nazif Cungu me bashk\u00ebpuntor\u00ebt e tij u takua sot me p\u00ebrfaq\u00ebsuesit e plazhist\u00ebve t\u00eb\" \/>\n<meta property=\"og:url\" content=\"https:\/\/www.visit-ulcinj.com\/blog\/2013\/07\/12\/kryetari-cungu-takon-perfaqesuesit-e-plazhave-te-ulqinit\/\" \/>\n<meta property=\"og:site_name\" content=\"Lajme nga Ulqini\" \/>\n<meta property=\"article:published_time\" content=\"2013-07-12T21:17:34+00:00\" \/>\n<meta property=\"article:modified_time\" content=\"2013-07-13T06:38:19+00:00\" \/>\n<meta property=\"og:image\" content=\"http:\/\/www.visit-ulcinj.com\/blog\/wp-content\/uploads\/2013\/07\/Nazif-Cungu-perfaqsuesit-e-plazhave-te-Ulqinit.jpg\" \/>\n<meta name=\"twitter:label1\" content=\"Written by\" \/>\n\t<meta name=\"twitter:data1\" content=\"ulqini\" \/>\n\t<meta name=\"twitter:label2\" content=\"Est. reading time\" \/>\n\t<meta name=\"twitter:data2\" content=\"2 minutes\" \/>\n<script type=\"application\/ld+json\" class=\"yoast-schema-graph\">{\"@context\":\"https:\/\/schema.org\",\"@graph\":[{\"@type\":\"WebSite\",\"@id\":\"https:\/\/www.visit-ulcinj.com\/blog\/#website\",\"url\":\"https:\/\/www.visit-ulcinj.com\/blog\/\",\"name\":\"Lajme nga Ulqini\",\"description\":\"Lajme,Vijesti,Ulqini,Ulqin,Crna Gora,Mali i Zi\",\"potentialAction\":[{\"@type\":\"SearchAction\",\"target\":{\"@type\":\"EntryPoint\",\"urlTemplate\":\"https:\/\/www.visit-ulcinj.com\/blog\/?s={search_term_string}\"},\"query-input\":\"required name=search_term_string\"}],\"inLanguage\":\"en-US\"},{\"@type\":\"ImageObject\",\"inLanguage\":\"en-US\",\"@id\":\"https:\/\/www.visit-ulcinj.com\/blog\/2013\/07\/12\/kryetari-cungu-takon-perfaqesuesit-e-plazhave-te-ulqinit\/#primaryimage\",\"url\":\"https:\/\/www.visit-ulcinj.com\/blog\/wp-content\/uploads\/2013\/07\/Nazif-Cungu-perfaqsuesit-e-plazhave-te-Ulqinit.jpg\",\"contentUrl\":\"https:\/\/www.visit-ulcinj.com\/blog\/wp-content\/uploads\/2013\/07\/Nazif-Cungu-perfaqsuesit-e-plazhave-te-Ulqinit.jpg\",\"width\":640,\"height\":424},{\"@type\":\"WebPage\",\"@id\":\"https:\/\/www.visit-ulcinj.com\/blog\/2013\/07\/12\/kryetari-cungu-takon-perfaqesuesit-e-plazhave-te-ulqinit\/#webpage\",\"url\":\"https:\/\/www.visit-ulcinj.com\/blog\/2013\/07\/12\/kryetari-cungu-takon-perfaqesuesit-e-plazhave-te-ulqinit\/\",\"name\":\"Kryetari Cungu, takon p\u00ebrfaq\u00ebsuesit e plazhave te Ulqinit - Lajme nga Ulqini\",\"isPartOf\":{\"@id\":\"https:\/\/www.visit-ulcinj.com\/blog\/#website\"},\"primaryImageOfPage\":{\"@id\":\"https:\/\/www.visit-ulcinj.com\/blog\/2013\/07\/12\/kryetari-cungu-takon-perfaqesuesit-e-plazhave-te-ulqinit\/#primaryimage\"},\"datePublished\":\"2013-07-12T21:17:34+00:00\",\"dateModified\":\"2013-07-13T06:38:19+00:00\",\"author\":{\"@id\":\"https:\/\/www.visit-ulcinj.com\/blog\/#\/schema\/person\/dcab619c614d3038751c63bc2aadc06d\"},\"description\":\"Kryetari Cungu u takua me plazhist\u00ebt e Ulqinit Kryetari i komun\u00ebs z.Nazif Cungu me bashk\u00ebpuntor\u00ebt e tij u takua sot me p\u00ebrfaq\u00ebsuesit e plazhist\u00ebve t\u00eb\",\"breadcrumb\":{\"@id\":\"https:\/\/www.visit-ulcinj.com\/blog\/2013\/07\/12\/kryetari-cungu-takon-perfaqesuesit-e-plazhave-te-ulqinit\/#breadcrumb\"},\"inLanguage\":\"en-US\",\"potentialAction\":[{\"@type\":\"ReadAction\",\"target\":[\"https:\/\/www.visit-ulcinj.com\/blog\/2013\/07\/12\/kryetari-cungu-takon-perfaqesuesit-e-plazhave-te-ulqinit\/\"]}]},{\"@type\":\"BreadcrumbList\",\"@id\":\"https:\/\/www.visit-ulcinj.com\/blog\/2013\/07\/12\/kryetari-cungu-takon-perfaqesuesit-e-plazhave-te-ulqinit\/#breadcrumb\",\"itemListElement\":[{\"@type\":\"ListItem\",\"position\":1,\"name\":\"Kryetari Cungu, takon p\u00ebrfaq\u00ebsuesit e plazhave te Ulqinit\"}]},{\"@type\":\"Person\",\"@id\":\"https:\/\/www.visit-ulcinj.com\/blog\/#\/schema\/person\/dcab619c614d3038751c63bc2aadc06d\",\"name\":\"ulqini\",\"sameAs\":[\"http:\/\/www.visit-ulcinj.com\"],\"url\":\"https:\/\/www.visit-ulcinj.com\/blog\/author\/admin\/\"}]}<\/script>\n<!-- \/ Yoast SEO plugin. -->","yoast_head_json":{"title":"Kryetari Cungu, takon p\u00ebrfaq\u00ebsuesit e plazhave te Ulqinit - Lajme nga Ulqini","description":"Kryetari Cungu u takua me plazhist\u00ebt e Ulqinit Kryetari i komun\u00ebs z.Nazif Cungu me bashk\u00ebpuntor\u00ebt e tij u takua sot me p\u00ebrfaq\u00ebsuesit e plazhist\u00ebve t\u00eb","robots":{"index":"index","follow":"follow","max-snippet":"max-snippet:-1","max-image-preview":"max-image-preview:large","max-video-preview":"max-video-preview:-1"},"canonical":"https:\/\/www.visit-ulcinj.com\/blog\/2013\/07\/12\/kryetari-cungu-takon-perfaqesuesit-e-plazhave-te-ulqinit\/","og_locale":"en_US","og_type":"article","og_title":"Kryetari Cungu, takon p\u00ebrfaq\u00ebsuesit e plazhave te Ulqinit - Lajme nga Ulqini","og_description":"Kryetari Cungu u takua me plazhist\u00ebt e Ulqinit Kryetari i komun\u00ebs z.Nazif Cungu me bashk\u00ebpuntor\u00ebt e tij u takua sot me p\u00ebrfaq\u00ebsuesit e plazhist\u00ebve t\u00eb","og_url":"https:\/\/www.visit-ulcinj.com\/blog\/2013\/07\/12\/kryetari-cungu-takon-perfaqesuesit-e-plazhave-te-ulqinit\/","og_site_name":"Lajme nga Ulqini","article_published_time":"2013-07-12T21:17:34+00:00","article_modified_time":"2013-07-13T06:38:19+00:00","og_image":[{"url":"http:\/\/www.visit-ulcinj.com\/blog\/wp-content\/uploads\/2013\/07\/Nazif-Cungu-perfaqsuesit-e-plazhave-te-Ulqinit.jpg"}],"twitter_misc":{"Written by":"ulqini","Est. reading time":"2 minutes"},"schema":{"@context":"https:\/\/schema.org","@graph":[{"@type":"WebSite","@id":"https:\/\/www.visit-ulcinj.com\/blog\/#website","url":"https:\/\/www.visit-ulcinj.com\/blog\/","name":"Lajme nga Ulqini","description":"Lajme,Vijesti,Ulqini,Ulqin,Crna Gora,Mali i Zi","potentialAction":[{"@type":"SearchAction","target":{"@type":"EntryPoint","urlTemplate":"https:\/\/www.visit-ulcinj.com\/blog\/?s={search_term_string}"},"query-input":"required name=search_term_string"}],"inLanguage":"en-US"},{"@type":"ImageObject","inLanguage":"en-US","@id":"https:\/\/www.visit-ulcinj.com\/blog\/2013\/07\/12\/kryetari-cungu-takon-perfaqesuesit-e-plazhave-te-ulqinit\/#primaryimage","url":"https:\/\/www.visit-ulcinj.com\/blog\/wp-content\/uploads\/2013\/07\/Nazif-Cungu-perfaqsuesit-e-plazhave-te-Ulqinit.jpg","contentUrl":"https:\/\/www.visit-ulcinj.com\/blog\/wp-content\/uploads\/2013\/07\/Nazif-Cungu-perfaqsuesit-e-plazhave-te-Ulqinit.jpg","width":640,"height":424},{"@type":"WebPage","@id":"https:\/\/www.visit-ulcinj.com\/blog\/2013\/07\/12\/kryetari-cungu-takon-perfaqesuesit-e-plazhave-te-ulqinit\/#webpage","url":"https:\/\/www.visit-ulcinj.com\/blog\/2013\/07\/12\/kryetari-cungu-takon-perfaqesuesit-e-plazhave-te-ulqinit\/","name":"Kryetari Cungu, takon p\u00ebrfaq\u00ebsuesit e plazhave te Ulqinit - Lajme nga Ulqini","isPartOf":{"@id":"https:\/\/www.visit-ulcinj.com\/blog\/#website"},"primaryImageOfPage":{"@id":"https:\/\/www.visit-ulcinj.com\/blog\/2013\/07\/12\/kryetari-cungu-takon-perfaqesuesit-e-plazhave-te-ulqinit\/#primaryimage"},"datePublished":"2013-07-12T21:17:34+00:00","dateModified":"2013-07-13T06:38:19+00:00","author":{"@id":"https:\/\/www.visit-ulcinj.com\/blog\/#\/schema\/person\/dcab619c614d3038751c63bc2aadc06d"},"description":"Kryetari Cungu u takua me plazhist\u00ebt e Ulqinit Kryetari i komun\u00ebs z.Nazif Cungu me bashk\u00ebpuntor\u00ebt e tij u takua sot me p\u00ebrfaq\u00ebsuesit e plazhist\u00ebve t\u00eb","breadcrumb":{"@id":"https:\/\/www.visit-ulcinj.com\/blog\/2013\/07\/12\/kryetari-cungu-takon-perfaqesuesit-e-plazhave-te-ulqinit\/#breadcrumb"},"inLanguage":"en-US","potentialAction":[{"@type":"ReadAction","target":["https:\/\/www.visit-ulcinj.com\/blog\/2013\/07\/12\/kryetari-cungu-takon-perfaqesuesit-e-plazhave-te-ulqinit\/"]}]},{"@type":"BreadcrumbList","@id":"https:\/\/www.visit-ulcinj.com\/blog\/2013\/07\/12\/kryetari-cungu-takon-perfaqesuesit-e-plazhave-te-ulqinit\/#breadcrumb","itemListElement":[{"@type":"ListItem","position":1,"name":"Kryetari Cungu, takon p\u00ebrfaq\u00ebsuesit e plazhave te Ulqinit"}]},{"@type":"Person","@id":"https:\/\/www.visit-ulcinj.com\/blog\/#\/schema\/person\/dcab619c614d3038751c63bc2aadc06d","name":"ulqini","sameAs":["http:\/\/www.visit-ulcinj.com"],"url":"https:\/\/www.visit-ulcinj.com\/blog\/author\/admin\/"}]}},"jetpack_featured_media_url":"","jetpack_sharing_enabled":true,"jetpack_shortlink":"https:\/\/wp.me\/pe6lTn-j3k","_links":{"self":[{"href":"https:\/\/www.visit-ulcinj.com\/blog\/wp-json\/wp\/v2\/posts\/73242"}],"collection":[{"href":"https:\/\/www.visit-ulcinj.com\/blog\/wp-json\/wp\/v2\/posts"}],"about":[{"href":"https:\/\/www.visit-ulcinj.com\/blog\/wp-json\/wp\/v2\/types\/post"}],"author":[{"embeddable":true,"href":"https:\/\/www.visit-ulcinj.com\/blog\/wp-json\/wp\/v2\/users\/1"}],"replies":[{"embeddable":true,"href":"https:\/\/www.visit-ulcinj.com\/blog\/wp-json\/wp\/v2\/comments?post=73242"}],"version-history":[{"count":3,"href":"https:\/\/www.visit-ulcinj.com\/blog\/wp-json\/wp\/v2\/posts\/73242\/revisions"}],"predecessor-version":[{"id":73268,"href":"https:\/\/www.visit-ulcinj.com\/blog\/wp-json\/wp\/v2\/posts\/73242\/revisions\/73268"}],"wp:attachment":[{"href":"https:\/\/www.visit-ulcinj.com\/blog\/wp-json\/wp\/v2\/media?parent=73242"}],"wp:term":[{"taxonomy":"category","embeddable":true,"href":"https:\/\/www.visit-ulcinj.com\/blog\/wp-json\/wp\/v2\/categories?post=73242"},{"taxonomy":"post_tag","embeddable":true,"href":"https:\/\/www.visit-ulcinj.com\/blog\/wp-json\/wp\/v2\/tags?post=73242"}],"curies":[{"name":"wp","href":"https:\/\/api.w.org\/{rel}","templated":true}]}}