{"id":73251,"date":"2013-07-13T06:54:45","date_gmt":"2013-07-13T05:54:45","guid":{"rendered":"http:\/\/www.visit-ulcinj.com\/blog\/?p=73251"},"modified":"2013-07-13T06:54:45","modified_gmt":"2013-07-13T05:54:45","slug":"forca-ocekujemo-referendum-u-tuzima","status":"publish","type":"post","link":"https:\/\/www.visit-ulcinj.com\/blog\/2013\/07\/13\/forca-ocekujemo-referendum-u-tuzima\/","title":{"rendered":"FORCA: O\u010dekujemo referendum u Tuzima"},"content":{"rendered":"<p><strong><a href=\"http:\/\/www.visit-ulcinj.com\/blog\/wp-content\/uploads\/2013\/05\/genci-nimanbegu-FORCA.jpg\"><img loading=\"lazy\" class=\"alignleft  wp-image-71152\" alt=\"genci-nimanbegu-FORCA\" src=\"http:\/\/www.visit-ulcinj.com\/blog\/wp-content\/uploads\/2013\/05\/genci-nimanbegu-FORCA.jpg\" width=\"508\" height=\"360\" \/><\/a>Forca o\u010dekuje po\u0161tovanje politi\u010dkog dogovora u vezi odr\u017eavanja referenduma u Tuzima, kao koraka u ostvarivanju punopravne op\u0161tine, kazao je poslanik te stranke Genci Nimanbegu, navode\u0107i da \u0107e to pitanje biti demokratski test za dr\u017eavu.<\/strong><\/p>\n<p>Mediji su ranije prenijeli da su \u010delnici Gradske op\u0161tine Tuzi tra\u017eili su hitnu izmjenu elaborata za punopravnu op\u0161tinu koji je naru\u010dio gradona\u010delnik Podgorice Miomir Mugo\u0161a, a u kome se navodi da bi nova op\u0161tina imala bud\u017eet od 470 hiljada eura.<\/p>\n<p>Nimanbegu je kazao da sumnja da se nad radnim timom koji je bio zadu\u017een za nacrt elaborata vr\u0161io politi\u010dki uticaj iz pojedinih krugova kojima je samostalnost gradske op\u0161tine Tuzi politi\u010dki neprihvatljiva.<\/p>\n<p>&#8220;Svim politi\u010dkim subjektima koji u svom programu imaju zahtjev za punopravnu op\u0161tinu, stojimo na raspolaganju da prihvate elaborat koji je ve\u0107 u skup\u0161tinskoj proceduri i koji nedvosmisleno pokazuje da \u0107e bud\u017eet op\u0161tine Tuzi biti vi\u0161e od 2,5 miliona eura&#8221;, rekao je Nimanbegu u reagovanju dostavljenom agenciji MINA.<\/p>\n<p>On je podsjetio da je politi\u010dkim dogovorom iz januara izme\u0111u albanskih partija i Demokratske partije socijalista, septembar odre\u0111en kao termin za odr\u017eavanje referenduma u vezi samostalnosti op\u0161tine.<\/p>\n<p>&#8220;O\u010dekujemo po\u0161tovanje politi\u010dkog dogovora i po\u0161tovanje rokova oko odr\u017eavanja referenduma kao koraka u ostvarivanju punopravne op\u0161tine&#8221;, dodao je Nimanbegu.<\/p>\n<p>On smatra da punopravnost op\u0161tine Tuzi nije samo obi\u010dno ekonomsko pitanje.<\/p>\n<p>&#8220;Posebno ako se ima u vidu da je recimo Op\u0161tina Petnjica izglasana jednoglasno u Skup\u0161tini Crne Gore sa bud\u017eetom manjim od milion eura. To je i politi\u010dko pitanje i demokratski test za dr\u017eavu&#8221;, zaklju\u010dio je Nimanbegu.<\/p>\n<p><strong>Izvor: RTCG<\/strong><\/p>\n","protected":false},"excerpt":{"rendered":"<p>Forca o\u010dekuje po\u0161tovanje politi\u010dkog dogovora u vezi odr\u017eavanja referenduma u Tuzima, kao koraka u ostvarivanju punopravne op\u0161tine, kazao je poslanik te stranke Genci Nimanbegu, navode\u0107i da \u0107e to pitanje biti demokratski test za dr\u017eavu. Mediji su ranije prenijeli da su \u010delnici Gradske op\u0161tine Tuzi tra\u017eili su hitnu izmjenu elaborata za punopravnu op\u0161tinu koji je naru\u010dio [&hellip;]<\/p>\n","protected":false},"author":1,"featured_media":0,"comment_status":"closed","ping_status":"closed","sticky":false,"template":"","format":"standard","meta":{"spay_email":"","jetpack_publicize_message":"","jetpack_is_tweetstorm":false,"jetpack_publicize_feature_enabled":true},"categories":[8337],"tags":[],"jetpack_publicize_connections":[],"yoast_head":"<!-- This site is optimized with the Yoast SEO plugin v19.1 - https:\/\/yoast.com\/wordpress\/plugins\/seo\/ -->\n<title>FORCA: O\u010dekujemo referendum u Tuzima - Lajme nga Ulqini<\/title>\n<meta name=\"description\" content=\"Forca o\u010dekuje po\u0161tovanje politi\u010dkog dogovora u vezi odr\u017eavanja referenduma u Tuzima, kao koraka u ostvarivanju punopravne op\u0161tine, kazao je poslanik te\" \/>\n<meta name=\"robots\" content=\"index, follow, max-snippet:-1, max-image-preview:large, max-video-preview:-1\" \/>\n<link rel=\"canonical\" href=\"https:\/\/www.visit-ulcinj.com\/blog\/2013\/07\/13\/forca-ocekujemo-referendum-u-tuzima\/\" \/>\n<meta property=\"og:locale\" content=\"en_US\" \/>\n<meta property=\"og:type\" content=\"article\" \/>\n<meta property=\"og:title\" content=\"FORCA: O\u010dekujemo referendum u Tuzima - Lajme nga Ulqini\" \/>\n<meta property=\"og:description\" content=\"Forca o\u010dekuje po\u0161tovanje politi\u010dkog dogovora u vezi odr\u017eavanja referenduma u Tuzima, kao koraka u ostvarivanju punopravne op\u0161tine, kazao je poslanik te\" \/>\n<meta property=\"og:url\" content=\"https:\/\/www.visit-ulcinj.com\/blog\/2013\/07\/13\/forca-ocekujemo-referendum-u-tuzima\/\" \/>\n<meta property=\"og:site_name\" content=\"Lajme nga Ulqini\" \/>\n<meta property=\"article:published_time\" content=\"2013-07-13T05:54:45+00:00\" \/>\n<meta property=\"og:image\" content=\"http:\/\/www.visit-ulcinj.com\/blog\/wp-content\/uploads\/2013\/05\/genci-nimanbegu-FORCA.jpg\" \/>\n<meta name=\"twitter:label1\" content=\"Written by\" \/>\n\t<meta name=\"twitter:data1\" content=\"ulqini\" \/>\n\t<meta name=\"twitter:label2\" content=\"Est. reading time\" \/>\n\t<meta name=\"twitter:data2\" content=\"1 minute\" \/>\n<script type=\"application\/ld+json\" class=\"yoast-schema-graph\">{\"@context\":\"https:\/\/schema.org\",\"@graph\":[{\"@type\":\"WebSite\",\"@id\":\"https:\/\/www.visit-ulcinj.com\/blog\/#website\",\"url\":\"https:\/\/www.visit-ulcinj.com\/blog\/\",\"name\":\"Lajme nga Ulqini\",\"description\":\"Lajme,Vijesti,Ulqini,Ulqin,Crna Gora,Mali i Zi\",\"potentialAction\":[{\"@type\":\"SearchAction\",\"target\":{\"@type\":\"EntryPoint\",\"urlTemplate\":\"https:\/\/www.visit-ulcinj.com\/blog\/?s={search_term_string}\"},\"query-input\":\"required name=search_term_string\"}],\"inLanguage\":\"en-US\"},{\"@type\":\"ImageObject\",\"inLanguage\":\"en-US\",\"@id\":\"https:\/\/www.visit-ulcinj.com\/blog\/2013\/07\/13\/forca-ocekujemo-referendum-u-tuzima\/#primaryimage\",\"url\":\"https:\/\/www.visit-ulcinj.com\/blog\/wp-content\/uploads\/2013\/05\/genci-nimanbegu-FORCA.jpg\",\"contentUrl\":\"https:\/\/www.visit-ulcinj.com\/blog\/wp-content\/uploads\/2013\/05\/genci-nimanbegu-FORCA.jpg\",\"width\":508,\"height\":429},{\"@type\":\"WebPage\",\"@id\":\"https:\/\/www.visit-ulcinj.com\/blog\/2013\/07\/13\/forca-ocekujemo-referendum-u-tuzima\/#webpage\",\"url\":\"https:\/\/www.visit-ulcinj.com\/blog\/2013\/07\/13\/forca-ocekujemo-referendum-u-tuzima\/\",\"name\":\"FORCA: O\u010dekujemo referendum u Tuzima - Lajme nga Ulqini\",\"isPartOf\":{\"@id\":\"https:\/\/www.visit-ulcinj.com\/blog\/#website\"},\"primaryImageOfPage\":{\"@id\":\"https:\/\/www.visit-ulcinj.com\/blog\/2013\/07\/13\/forca-ocekujemo-referendum-u-tuzima\/#primaryimage\"},\"datePublished\":\"2013-07-13T05:54:45+00:00\",\"dateModified\":\"2013-07-13T05:54:45+00:00\",\"author\":{\"@id\":\"https:\/\/www.visit-ulcinj.com\/blog\/#\/schema\/person\/dcab619c614d3038751c63bc2aadc06d\"},\"description\":\"Forca o\u010dekuje po\u0161tovanje politi\u010dkog dogovora u vezi odr\u017eavanja referenduma u Tuzima, kao koraka u ostvarivanju punopravne op\u0161tine, kazao je poslanik te\",\"breadcrumb\":{\"@id\":\"https:\/\/www.visit-ulcinj.com\/blog\/2013\/07\/13\/forca-ocekujemo-referendum-u-tuzima\/#breadcrumb\"},\"inLanguage\":\"en-US\",\"potentialAction\":[{\"@type\":\"ReadAction\",\"target\":[\"https:\/\/www.visit-ulcinj.com\/blog\/2013\/07\/13\/forca-ocekujemo-referendum-u-tuzima\/\"]}]},{\"@type\":\"BreadcrumbList\",\"@id\":\"https:\/\/www.visit-ulcinj.com\/blog\/2013\/07\/13\/forca-ocekujemo-referendum-u-tuzima\/#breadcrumb\",\"itemListElement\":[{\"@type\":\"ListItem\",\"position\":1,\"name\":\"FORCA: O\u010dekujemo referendum u Tuzima\"}]},{\"@type\":\"Person\",\"@id\":\"https:\/\/www.visit-ulcinj.com\/blog\/#\/schema\/person\/dcab619c614d3038751c63bc2aadc06d\",\"name\":\"ulqini\",\"sameAs\":[\"http:\/\/www.visit-ulcinj.com\"],\"url\":\"https:\/\/www.visit-ulcinj.com\/blog\/author\/admin\/\"}]}<\/script>\n<!-- \/ Yoast SEO plugin. -->","yoast_head_json":{"title":"FORCA: O\u010dekujemo referendum u Tuzima - Lajme nga Ulqini","description":"Forca o\u010dekuje po\u0161tovanje politi\u010dkog dogovora u vezi odr\u017eavanja referenduma u Tuzima, kao koraka u ostvarivanju punopravne op\u0161tine, kazao je poslanik te","robots":{"index":"index","follow":"follow","max-snippet":"max-snippet:-1","max-image-preview":"max-image-preview:large","max-video-preview":"max-video-preview:-1"},"canonical":"https:\/\/www.visit-ulcinj.com\/blog\/2013\/07\/13\/forca-ocekujemo-referendum-u-tuzima\/","og_locale":"en_US","og_type":"article","og_title":"FORCA: O\u010dekujemo referendum u Tuzima - Lajme nga Ulqini","og_description":"Forca o\u010dekuje po\u0161tovanje politi\u010dkog dogovora u vezi odr\u017eavanja referenduma u Tuzima, kao koraka u ostvarivanju punopravne op\u0161tine, kazao je poslanik te","og_url":"https:\/\/www.visit-ulcinj.com\/blog\/2013\/07\/13\/forca-ocekujemo-referendum-u-tuzima\/","og_site_name":"Lajme nga Ulqini","article_published_time":"2013-07-13T05:54:45+00:00","og_image":[{"url":"http:\/\/www.visit-ulcinj.com\/blog\/wp-content\/uploads\/2013\/05\/genci-nimanbegu-FORCA.jpg"}],"twitter_misc":{"Written by":"ulqini","Est. reading time":"1 minute"},"schema":{"@context":"https:\/\/schema.org","@graph":[{"@type":"WebSite","@id":"https:\/\/www.visit-ulcinj.com\/blog\/#website","url":"https:\/\/www.visit-ulcinj.com\/blog\/","name":"Lajme nga Ulqini","description":"Lajme,Vijesti,Ulqini,Ulqin,Crna Gora,Mali i Zi","potentialAction":[{"@type":"SearchAction","target":{"@type":"EntryPoint","urlTemplate":"https:\/\/www.visit-ulcinj.com\/blog\/?s={search_term_string}"},"query-input":"required name=search_term_string"}],"inLanguage":"en-US"},{"@type":"ImageObject","inLanguage":"en-US","@id":"https:\/\/www.visit-ulcinj.com\/blog\/2013\/07\/13\/forca-ocekujemo-referendum-u-tuzima\/#primaryimage","url":"https:\/\/www.visit-ulcinj.com\/blog\/wp-content\/uploads\/2013\/05\/genci-nimanbegu-FORCA.jpg","contentUrl":"https:\/\/www.visit-ulcinj.com\/blog\/wp-content\/uploads\/2013\/05\/genci-nimanbegu-FORCA.jpg","width":508,"height":429},{"@type":"WebPage","@id":"https:\/\/www.visit-ulcinj.com\/blog\/2013\/07\/13\/forca-ocekujemo-referendum-u-tuzima\/#webpage","url":"https:\/\/www.visit-ulcinj.com\/blog\/2013\/07\/13\/forca-ocekujemo-referendum-u-tuzima\/","name":"FORCA: O\u010dekujemo referendum u Tuzima - Lajme nga Ulqini","isPartOf":{"@id":"https:\/\/www.visit-ulcinj.com\/blog\/#website"},"primaryImageOfPage":{"@id":"https:\/\/www.visit-ulcinj.com\/blog\/2013\/07\/13\/forca-ocekujemo-referendum-u-tuzima\/#primaryimage"},"datePublished":"2013-07-13T05:54:45+00:00","dateModified":"2013-07-13T05:54:45+00:00","author":{"@id":"https:\/\/www.visit-ulcinj.com\/blog\/#\/schema\/person\/dcab619c614d3038751c63bc2aadc06d"},"description":"Forca o\u010dekuje po\u0161tovanje politi\u010dkog dogovora u vezi odr\u017eavanja referenduma u Tuzima, kao koraka u ostvarivanju punopravne op\u0161tine, kazao je poslanik te","breadcrumb":{"@id":"https:\/\/www.visit-ulcinj.com\/blog\/2013\/07\/13\/forca-ocekujemo-referendum-u-tuzima\/#breadcrumb"},"inLanguage":"en-US","potentialAction":[{"@type":"ReadAction","target":["https:\/\/www.visit-ulcinj.com\/blog\/2013\/07\/13\/forca-ocekujemo-referendum-u-tuzima\/"]}]},{"@type":"BreadcrumbList","@id":"https:\/\/www.visit-ulcinj.com\/blog\/2013\/07\/13\/forca-ocekujemo-referendum-u-tuzima\/#breadcrumb","itemListElement":[{"@type":"ListItem","position":1,"name":"FORCA: O\u010dekujemo referendum u Tuzima"}]},{"@type":"Person","@id":"https:\/\/www.visit-ulcinj.com\/blog\/#\/schema\/person\/dcab619c614d3038751c63bc2aadc06d","name":"ulqini","sameAs":["http:\/\/www.visit-ulcinj.com"],"url":"https:\/\/www.visit-ulcinj.com\/blog\/author\/admin\/"}]}},"jetpack_featured_media_url":"","jetpack_sharing_enabled":true,"jetpack_shortlink":"https:\/\/wp.me\/pe6lTn-j3t","_links":{"self":[{"href":"https:\/\/www.visit-ulcinj.com\/blog\/wp-json\/wp\/v2\/posts\/73251"}],"collection":[{"href":"https:\/\/www.visit-ulcinj.com\/blog\/wp-json\/wp\/v2\/posts"}],"about":[{"href":"https:\/\/www.visit-ulcinj.com\/blog\/wp-json\/wp\/v2\/types\/post"}],"author":[{"embeddable":true,"href":"https:\/\/www.visit-ulcinj.com\/blog\/wp-json\/wp\/v2\/users\/1"}],"replies":[{"embeddable":true,"href":"https:\/\/www.visit-ulcinj.com\/blog\/wp-json\/wp\/v2\/comments?post=73251"}],"version-history":[{"count":1,"href":"https:\/\/www.visit-ulcinj.com\/blog\/wp-json\/wp\/v2\/posts\/73251\/revisions"}],"predecessor-version":[{"id":73252,"href":"https:\/\/www.visit-ulcinj.com\/blog\/wp-json\/wp\/v2\/posts\/73251\/revisions\/73252"}],"wp:attachment":[{"href":"https:\/\/www.visit-ulcinj.com\/blog\/wp-json\/wp\/v2\/media?parent=73251"}],"wp:term":[{"taxonomy":"category","embeddable":true,"href":"https:\/\/www.visit-ulcinj.com\/blog\/wp-json\/wp\/v2\/categories?post=73251"},{"taxonomy":"post_tag","embeddable":true,"href":"https:\/\/www.visit-ulcinj.com\/blog\/wp-json\/wp\/v2\/tags?post=73251"}],"curies":[{"name":"wp","href":"https:\/\/api.w.org\/{rel}","templated":true}]}}