{"id":73256,"date":"2013-07-13T07:06:59","date_gmt":"2013-07-13T06:06:59","guid":{"rendered":"http:\/\/www.visit-ulcinj.com\/blog\/?p=73256"},"modified":"2013-07-13T07:07:14","modified_gmt":"2013-07-13T06:07:14","slug":"zbog-hajke-inspektora-u-ulcinj-zakupci-najavili-zatvaranje-plaza","status":"publish","type":"post","link":"https:\/\/www.visit-ulcinj.com\/blog\/2013\/07\/13\/zbog-hajke-inspektora-u-ulcinj-zakupci-najavili-zatvaranje-plaza\/","title":{"rendered":"Zbog &#8220;hajke&#8221; inspektora u Ulcinj zakupci najavili zatvaranje pla\u017ea"},"content":{"rendered":"<p><strong><a href=\"http:\/\/www.visit-ulcinj.com\/blog\/wp-content\/uploads\/2013\/07\/prelja-skrelja.jpg\"><img loading=\"lazy\" class=\"alignleft  wp-image-73257\" alt=\"prelja-skrelja\" src=\"http:\/\/www.visit-ulcinj.com\/blog\/wp-content\/uploads\/2013\/07\/prelja-skrelja.jpg\" width=\"350\" height=\"300\" \/><\/a>Ulcinjski zakupci zaprijetili su da \u0107e prekinuti pru\u017eanje usluga turistima na kupali\u0161tima na dva sata u znak upozorenja, ako se nastavi, kako su kazali, hajka raznih inspekcija.<\/strong><\/p>\n<div>\n<p>Oni tra\u017ee od prvog \u010dovjeka grada <strong>Nazifa Cungua<\/strong> da ih za\u0161titi jer, kako navode, inspektora ima vi\u0161e nego turista.<\/p>\n<p>\u201cMi smo u velikoj muci. U odnosu na isti period pro\u0161le godine 50 odsto je manje turista u Ulcinju\u201d, kazao je za TV Vijesti predsjednik Udru\u017eenja zakupaca pla\u017ea Ulcinj Prelja \u0160krelja.<\/p>\n<p>Nazif Cungu ka\u017ee da je na dana\u0161njem sastanku saznao da su neki zakupci ka\u017enjeni i po dva puta za iznos od 500 eura.<\/p>\n<p>Veoma je te\u0161ko da korisnici tih pla\u017ea mogu da zarade toliko novca za tako kratak period. Nadam se da \u0107emo do\u0107i do dogovora, ali po\u0161tuju\u0107i zakon jer kontrole moraju da postoje na pla\u017eama i zbog samog poslovanja, ali i turista\u201d, istakao je on.<\/p>\n<p>Cungu je najavio sastanak sa koordinatorom inspekcijskih slu\u017ebi u utorak i o\u010dekuje da \u0107e do\u0107i do kompromisa.<\/p>\n<p>Zakupci su imali primjedbe i na pona\u0161anje inspektora.<\/p>\n<p>\u201cDolaze u \u0161orcevima, bez majica i bed\u017eeva\u201d, rekao je \u0160krelja.<\/p>\n<p>Predsjednik Op\u0161tine Ulcinj je naglasio da \u0107e na sastanku biti rije\u010di i o tome.<\/p>\n<p>\u201cTrudi\u0107emo se da to bude normalan sistem, a ne da turisti osjete takvu kontrolu koja li\u010di na hajku\u201d, zaklju\u010dio je on.<\/p>\n<\/div>\n<p><strong>Izvor: CDM<\/strong><\/p>\n","protected":false},"excerpt":{"rendered":"<p>Ulcinjski zakupci zaprijetili su da \u0107e prekinuti pru\u017eanje usluga turistima na kupali\u0161tima na dva sata u znak upozorenja, ako se nastavi, kako su kazali, hajka raznih inspekcija. Oni tra\u017ee od prvog \u010dovjeka grada Nazifa Cungua da ih za\u0161titi jer, kako navode, inspektora ima vi\u0161e nego turista. \u201cMi smo u velikoj muci. U odnosu na isti [&hellip;]<\/p>\n","protected":false},"author":1,"featured_media":0,"comment_status":"closed","ping_status":"closed","sticky":false,"template":"","format":"standard","meta":{"spay_email":"","jetpack_publicize_message":"","jetpack_is_tweetstorm":false,"jetpack_publicize_feature_enabled":true},"categories":[6950],"tags":[],"jetpack_publicize_connections":[],"yoast_head":"<!-- This site is optimized with the Yoast SEO plugin v19.1 - https:\/\/yoast.com\/wordpress\/plugins\/seo\/ -->\n<title>Zbog &quot;hajke&quot; inspektora u Ulcinj zakupci najavili zatvaranje pla\u017ea - Lajme nga Ulqini<\/title>\n<meta name=\"description\" content=\"Ulcinjski zakupci zaprijetili su da \u0107e prekinuti pru\u017eanje usluga turistima na kupali\u0161tima na dva sata u znak upozorenja, ako se nastavi, kako su kazali,\" \/>\n<meta name=\"robots\" content=\"index, follow, max-snippet:-1, max-image-preview:large, max-video-preview:-1\" \/>\n<link rel=\"canonical\" href=\"https:\/\/www.visit-ulcinj.com\/blog\/2013\/07\/13\/zbog-hajke-inspektora-u-ulcinj-zakupci-najavili-zatvaranje-plaza\/\" \/>\n<meta property=\"og:locale\" content=\"en_US\" \/>\n<meta property=\"og:type\" content=\"article\" \/>\n<meta property=\"og:title\" content=\"Zbog &quot;hajke&quot; inspektora u Ulcinj zakupci najavili zatvaranje pla\u017ea - Lajme nga Ulqini\" \/>\n<meta property=\"og:description\" content=\"Ulcinjski zakupci zaprijetili su da \u0107e prekinuti pru\u017eanje usluga turistima na kupali\u0161tima na dva sata u znak upozorenja, ako se nastavi, kako su kazali,\" \/>\n<meta property=\"og:url\" content=\"https:\/\/www.visit-ulcinj.com\/blog\/2013\/07\/13\/zbog-hajke-inspektora-u-ulcinj-zakupci-najavili-zatvaranje-plaza\/\" \/>\n<meta property=\"og:site_name\" content=\"Lajme nga Ulqini\" \/>\n<meta property=\"article:published_time\" content=\"2013-07-13T06:06:59+00:00\" \/>\n<meta property=\"article:modified_time\" content=\"2013-07-13T06:07:14+00:00\" \/>\n<meta property=\"og:image\" content=\"http:\/\/www.visit-ulcinj.com\/blog\/wp-content\/uploads\/2013\/07\/prelja-skrelja.jpg\" \/>\n<meta name=\"twitter:label1\" content=\"Written by\" \/>\n\t<meta name=\"twitter:data1\" content=\"ulqini\" \/>\n\t<meta name=\"twitter:label2\" content=\"Est. reading time\" \/>\n\t<meta name=\"twitter:data2\" content=\"1 minute\" \/>\n<script type=\"application\/ld+json\" class=\"yoast-schema-graph\">{\"@context\":\"https:\/\/schema.org\",\"@graph\":[{\"@type\":\"WebSite\",\"@id\":\"https:\/\/www.visit-ulcinj.com\/blog\/#website\",\"url\":\"https:\/\/www.visit-ulcinj.com\/blog\/\",\"name\":\"Lajme nga Ulqini\",\"description\":\"Lajme,Vijesti,Ulqini,Ulqin,Crna Gora,Mali i Zi\",\"potentialAction\":[{\"@type\":\"SearchAction\",\"target\":{\"@type\":\"EntryPoint\",\"urlTemplate\":\"https:\/\/www.visit-ulcinj.com\/blog\/?s={search_term_string}\"},\"query-input\":\"required name=search_term_string\"}],\"inLanguage\":\"en-US\"},{\"@type\":\"ImageObject\",\"inLanguage\":\"en-US\",\"@id\":\"https:\/\/www.visit-ulcinj.com\/blog\/2013\/07\/13\/zbog-hajke-inspektora-u-ulcinj-zakupci-najavili-zatvaranje-plaza\/#primaryimage\",\"url\":\"https:\/\/www.visit-ulcinj.com\/blog\/wp-content\/uploads\/2013\/07\/prelja-skrelja.jpg\",\"contentUrl\":\"https:\/\/www.visit-ulcinj.com\/blog\/wp-content\/uploads\/2013\/07\/prelja-skrelja.jpg\",\"width\":416,\"height\":353},{\"@type\":\"WebPage\",\"@id\":\"https:\/\/www.visit-ulcinj.com\/blog\/2013\/07\/13\/zbog-hajke-inspektora-u-ulcinj-zakupci-najavili-zatvaranje-plaza\/#webpage\",\"url\":\"https:\/\/www.visit-ulcinj.com\/blog\/2013\/07\/13\/zbog-hajke-inspektora-u-ulcinj-zakupci-najavili-zatvaranje-plaza\/\",\"name\":\"Zbog \\\"hajke\\\" inspektora u Ulcinj zakupci najavili zatvaranje pla\u017ea - Lajme nga Ulqini\",\"isPartOf\":{\"@id\":\"https:\/\/www.visit-ulcinj.com\/blog\/#website\"},\"primaryImageOfPage\":{\"@id\":\"https:\/\/www.visit-ulcinj.com\/blog\/2013\/07\/13\/zbog-hajke-inspektora-u-ulcinj-zakupci-najavili-zatvaranje-plaza\/#primaryimage\"},\"datePublished\":\"2013-07-13T06:06:59+00:00\",\"dateModified\":\"2013-07-13T06:07:14+00:00\",\"author\":{\"@id\":\"https:\/\/www.visit-ulcinj.com\/blog\/#\/schema\/person\/dcab619c614d3038751c63bc2aadc06d\"},\"description\":\"Ulcinjski zakupci zaprijetili su da \u0107e prekinuti pru\u017eanje usluga turistima na kupali\u0161tima na dva sata u znak upozorenja, ako se nastavi, kako su kazali,\",\"breadcrumb\":{\"@id\":\"https:\/\/www.visit-ulcinj.com\/blog\/2013\/07\/13\/zbog-hajke-inspektora-u-ulcinj-zakupci-najavili-zatvaranje-plaza\/#breadcrumb\"},\"inLanguage\":\"en-US\",\"potentialAction\":[{\"@type\":\"ReadAction\",\"target\":[\"https:\/\/www.visit-ulcinj.com\/blog\/2013\/07\/13\/zbog-hajke-inspektora-u-ulcinj-zakupci-najavili-zatvaranje-plaza\/\"]}]},{\"@type\":\"BreadcrumbList\",\"@id\":\"https:\/\/www.visit-ulcinj.com\/blog\/2013\/07\/13\/zbog-hajke-inspektora-u-ulcinj-zakupci-najavili-zatvaranje-plaza\/#breadcrumb\",\"itemListElement\":[{\"@type\":\"ListItem\",\"position\":1,\"name\":\"Zbog &#8220;hajke&#8221; inspektora u Ulcinj zakupci najavili zatvaranje pla\u017ea\"}]},{\"@type\":\"Person\",\"@id\":\"https:\/\/www.visit-ulcinj.com\/blog\/#\/schema\/person\/dcab619c614d3038751c63bc2aadc06d\",\"name\":\"ulqini\",\"sameAs\":[\"http:\/\/www.visit-ulcinj.com\"],\"url\":\"https:\/\/www.visit-ulcinj.com\/blog\/author\/admin\/\"}]}<\/script>\n<!-- \/ Yoast SEO plugin. -->","yoast_head_json":{"title":"Zbog \"hajke\" inspektora u Ulcinj zakupci najavili zatvaranje pla\u017ea - Lajme nga Ulqini","description":"Ulcinjski zakupci zaprijetili su da \u0107e prekinuti pru\u017eanje usluga turistima na kupali\u0161tima na dva sata u znak upozorenja, ako se nastavi, kako su kazali,","robots":{"index":"index","follow":"follow","max-snippet":"max-snippet:-1","max-image-preview":"max-image-preview:large","max-video-preview":"max-video-preview:-1"},"canonical":"https:\/\/www.visit-ulcinj.com\/blog\/2013\/07\/13\/zbog-hajke-inspektora-u-ulcinj-zakupci-najavili-zatvaranje-plaza\/","og_locale":"en_US","og_type":"article","og_title":"Zbog \"hajke\" inspektora u Ulcinj zakupci najavili zatvaranje pla\u017ea - Lajme nga Ulqini","og_description":"Ulcinjski zakupci zaprijetili su da \u0107e prekinuti pru\u017eanje usluga turistima na kupali\u0161tima na dva sata u znak upozorenja, ako se nastavi, kako su kazali,","og_url":"https:\/\/www.visit-ulcinj.com\/blog\/2013\/07\/13\/zbog-hajke-inspektora-u-ulcinj-zakupci-najavili-zatvaranje-plaza\/","og_site_name":"Lajme nga Ulqini","article_published_time":"2013-07-13T06:06:59+00:00","article_modified_time":"2013-07-13T06:07:14+00:00","og_image":[{"url":"http:\/\/www.visit-ulcinj.com\/blog\/wp-content\/uploads\/2013\/07\/prelja-skrelja.jpg"}],"twitter_misc":{"Written by":"ulqini","Est. reading time":"1 minute"},"schema":{"@context":"https:\/\/schema.org","@graph":[{"@type":"WebSite","@id":"https:\/\/www.visit-ulcinj.com\/blog\/#website","url":"https:\/\/www.visit-ulcinj.com\/blog\/","name":"Lajme nga Ulqini","description":"Lajme,Vijesti,Ulqini,Ulqin,Crna Gora,Mali i Zi","potentialAction":[{"@type":"SearchAction","target":{"@type":"EntryPoint","urlTemplate":"https:\/\/www.visit-ulcinj.com\/blog\/?s={search_term_string}"},"query-input":"required name=search_term_string"}],"inLanguage":"en-US"},{"@type":"ImageObject","inLanguage":"en-US","@id":"https:\/\/www.visit-ulcinj.com\/blog\/2013\/07\/13\/zbog-hajke-inspektora-u-ulcinj-zakupci-najavili-zatvaranje-plaza\/#primaryimage","url":"https:\/\/www.visit-ulcinj.com\/blog\/wp-content\/uploads\/2013\/07\/prelja-skrelja.jpg","contentUrl":"https:\/\/www.visit-ulcinj.com\/blog\/wp-content\/uploads\/2013\/07\/prelja-skrelja.jpg","width":416,"height":353},{"@type":"WebPage","@id":"https:\/\/www.visit-ulcinj.com\/blog\/2013\/07\/13\/zbog-hajke-inspektora-u-ulcinj-zakupci-najavili-zatvaranje-plaza\/#webpage","url":"https:\/\/www.visit-ulcinj.com\/blog\/2013\/07\/13\/zbog-hajke-inspektora-u-ulcinj-zakupci-najavili-zatvaranje-plaza\/","name":"Zbog \"hajke\" inspektora u Ulcinj zakupci najavili zatvaranje pla\u017ea - Lajme nga Ulqini","isPartOf":{"@id":"https:\/\/www.visit-ulcinj.com\/blog\/#website"},"primaryImageOfPage":{"@id":"https:\/\/www.visit-ulcinj.com\/blog\/2013\/07\/13\/zbog-hajke-inspektora-u-ulcinj-zakupci-najavili-zatvaranje-plaza\/#primaryimage"},"datePublished":"2013-07-13T06:06:59+00:00","dateModified":"2013-07-13T06:07:14+00:00","author":{"@id":"https:\/\/www.visit-ulcinj.com\/blog\/#\/schema\/person\/dcab619c614d3038751c63bc2aadc06d"},"description":"Ulcinjski zakupci zaprijetili su da \u0107e prekinuti pru\u017eanje usluga turistima na kupali\u0161tima na dva sata u znak upozorenja, ako se nastavi, kako su kazali,","breadcrumb":{"@id":"https:\/\/www.visit-ulcinj.com\/blog\/2013\/07\/13\/zbog-hajke-inspektora-u-ulcinj-zakupci-najavili-zatvaranje-plaza\/#breadcrumb"},"inLanguage":"en-US","potentialAction":[{"@type":"ReadAction","target":["https:\/\/www.visit-ulcinj.com\/blog\/2013\/07\/13\/zbog-hajke-inspektora-u-ulcinj-zakupci-najavili-zatvaranje-plaza\/"]}]},{"@type":"BreadcrumbList","@id":"https:\/\/www.visit-ulcinj.com\/blog\/2013\/07\/13\/zbog-hajke-inspektora-u-ulcinj-zakupci-najavili-zatvaranje-plaza\/#breadcrumb","itemListElement":[{"@type":"ListItem","position":1,"name":"Zbog &#8220;hajke&#8221; inspektora u Ulcinj zakupci najavili zatvaranje pla\u017ea"}]},{"@type":"Person","@id":"https:\/\/www.visit-ulcinj.com\/blog\/#\/schema\/person\/dcab619c614d3038751c63bc2aadc06d","name":"ulqini","sameAs":["http:\/\/www.visit-ulcinj.com"],"url":"https:\/\/www.visit-ulcinj.com\/blog\/author\/admin\/"}]}},"jetpack_featured_media_url":"","jetpack_sharing_enabled":true,"jetpack_shortlink":"https:\/\/wp.me\/pe6lTn-j3y","_links":{"self":[{"href":"https:\/\/www.visit-ulcinj.com\/blog\/wp-json\/wp\/v2\/posts\/73256"}],"collection":[{"href":"https:\/\/www.visit-ulcinj.com\/blog\/wp-json\/wp\/v2\/posts"}],"about":[{"href":"https:\/\/www.visit-ulcinj.com\/blog\/wp-json\/wp\/v2\/types\/post"}],"author":[{"embeddable":true,"href":"https:\/\/www.visit-ulcinj.com\/blog\/wp-json\/wp\/v2\/users\/1"}],"replies":[{"embeddable":true,"href":"https:\/\/www.visit-ulcinj.com\/blog\/wp-json\/wp\/v2\/comments?post=73256"}],"version-history":[{"count":2,"href":"https:\/\/www.visit-ulcinj.com\/blog\/wp-json\/wp\/v2\/posts\/73256\/revisions"}],"predecessor-version":[{"id":73259,"href":"https:\/\/www.visit-ulcinj.com\/blog\/wp-json\/wp\/v2\/posts\/73256\/revisions\/73259"}],"wp:attachment":[{"href":"https:\/\/www.visit-ulcinj.com\/blog\/wp-json\/wp\/v2\/media?parent=73256"}],"wp:term":[{"taxonomy":"category","embeddable":true,"href":"https:\/\/www.visit-ulcinj.com\/blog\/wp-json\/wp\/v2\/categories?post=73256"},{"taxonomy":"post_tag","embeddable":true,"href":"https:\/\/www.visit-ulcinj.com\/blog\/wp-json\/wp\/v2\/tags?post=73256"}],"curies":[{"name":"wp","href":"https:\/\/api.w.org\/{rel}","templated":true}]}}