{"id":73260,"date":"2013-07-13T07:19:50","date_gmt":"2013-07-13T06:19:50","guid":{"rendered":"http:\/\/www.visit-ulcinj.com\/blog\/?p=73260"},"modified":"2013-07-13T07:19:50","modified_gmt":"2013-07-13T06:19:50","slug":"karamanaga-lypsaret-ne-deren-e-xhamis-te-detareve-ne-rane","status":"publish","type":"post","link":"https:\/\/www.visit-ulcinj.com\/blog\/2013\/07\/13\/karamanaga-lypsaret-ne-deren-e-xhamis-te-detareve-ne-rane\/","title":{"rendered":"Karamanaga: Lypsar\u00ebt n\u00eb der\u00ebn e Xhamis t\u00eb Detar\u00ebve n\u00eb Ran\u00eb"},"content":{"rendered":"<p><a href=\"http:\/\/www.visit-ulcinj.com\/blog\/wp-content\/uploads\/2013\/07\/Lypsar\u00ebt-n\u00eb-der\u00ebn-e-Xhamis-t\u00eb-Detar\u00ebve-n\u00eb-Ran\u00eb.jpg\"><img loading=\"lazy\" class=\"alignleft  wp-image-73261\" alt=\"Lypsar\u00ebt n\u00eb der\u00ebn e Xhamis t\u00eb Detar\u00ebve n\u00eb Ran\u00eb\" src=\"http:\/\/www.visit-ulcinj.com\/blog\/wp-content\/uploads\/2013\/07\/Lypsar\u00ebt-n\u00eb-der\u00ebn-e-Xhamis-t\u00eb-Detar\u00ebve-n\u00eb-Ran\u00eb.jpg\" width=\"508\" height=\"360\" \/><\/a>Xhamia e Detar\u00ebve n\u00eb Ran\u00eb t\u00ebrheq\u00ebse p\u00ebr mira mysafir\u00eb dhe besimtar, nga vendi dhe nga bota, .. Historia e saj, rind\u00ebrtimi dhe hapja solemne nj\u00eb vit m\u00eb par, na ka b\u00ebr\u00eb t\u00eb gjith\u00eb krenar..Sezoni turistik, i cili tash m\u00eb, \u00ebsht\u00eb i duksh\u00ebm se nuk \u00ebsht\u00eb ashtu si\u00e7 e kemi pritur, na brengos.. Natyrisht, shkaqet jan t\u00eb shumta, dhe organet kompetente t\u00eb Komun\u00ebs dhe OT e Ulqinit duhet t\u00eb dalin n\u00eb opinion m\u00eb spjegime t\u00eb arsyesh\u00ebm e jo t\u00eb fajson&#8221; Ramazanin&#8221;.&#8221; Ekspertat&#8221; e Komun\u00ebs kan\u00eb marr\u00eb pjes\u00eb n\u00eb t\u00eb gjith panairat e Turizmit , an\u00eb e mbar\u00eb bot\u00ebs, duke na bindur se kan\u00eb b\u00ebr\u00eb nj\u00eb pun\u00eb t\u00eb mir\u00eb&#8230; Sa kan\u00eb b\u00ebr\u00eb pun\u00eb t\u00eb mir\u00eb shifet p\u00ebr \u00e7do dit\u00eb, duke e par\u00eb se n\u00eb \u00e7far gjendje \u00ebsht\u00eb qyteti yn\u00eb. Gjerman\u00ebt, Polak\u00ebt dhe tjer\u00ebt nuk kan\u00eb Ramazan, ku jan ato..vall mos t\u00eb kemi edhe ne ndonj\u00eb faj..M\u00eb von\u00eb do ta shkruaj nj\u00eb v\u00ebshtim m\u00eb t\u00eb gjer\u00eb, tash dyshiroj ve\u00e7 ti ftoj organet kompetente q\u00eb t\u00eb merren m\u00eb nj\u00eb dukuri e cila vite m\u00eb radh\u00eb p\u00ebrs\u00ebritet tek ne&#8230;N\u00eb secilin hap &#8220;lypsat&#8221;, nj\u00eb problem socijal i cili \u00ebsht\u00eb v\u00ebshtir\u00eb t\u00eb regullohet, por ke porta e Xhamis\u00eb s\u00eb Detar\u00ebve, edhe natyrisht ke ato t\u00eb tjerat, nuk duhet t\u00eb lejohet. Duhet t\u00eb largohen. Nj\u00eb pamje e tmerrshme, posa\u00e7\u00ebrisht k\u00ebtu n\u00eb Ran\u00eb, ke kjo xhami t\u00eb cil\u00ebn e vizitojn edhe ato nga vendet e huaja&#8230;<\/p>\n<p><a id=\"js_32\" tabindex=\"0\" href=\"https:\/\/www.facebook.com\/ismet.karamanaga\" data-ft=\"{&quot;type&quot;:4,&quot;tn&quot;:&quot;T&quot;}\" data-hovercard=\"\/ajax\/hovercard\/user.php?id=1359492972\"><img alt=\"\" src=\"https:\/\/fbcdn-profile-a.akamaihd.net\/hprofile-ak-ash4\/275066_1359492972_328357367_q.jpg\" \/><\/a><\/p>\n<p data-ft=\"{&quot;type&quot;:2,&quot;tn&quot;:&quot;:&quot;}\"><strong><a id=\"js_34\" href=\"https:\/\/www.facebook.com\/ismet.karamanaga?hc_location=stream\" data-ft=\"{&quot;tn&quot;:&quot;;&quot;}\" data-hovercard=\"\/ajax\/hovercard\/user.php?id=1359492972&amp;extragetparams=%7B%22hc_location%22%3A%22stream%22%7D\">Ismet Karamanaga Facebook<\/a><\/strong><\/p>\n","protected":false},"excerpt":{"rendered":"<p>Xhamia e Detar\u00ebve n\u00eb Ran\u00eb t\u00ebrheq\u00ebse p\u00ebr mira mysafir\u00eb dhe besimtar, nga vendi dhe nga bota, .. Historia e saj, rind\u00ebrtimi dhe hapja solemne nj\u00eb vit m\u00eb par, na ka b\u00ebr\u00eb t\u00eb gjith\u00eb krenar..Sezoni turistik, i cili tash m\u00eb, \u00ebsht\u00eb i duksh\u00ebm se nuk \u00ebsht\u00eb ashtu si\u00e7 e kemi pritur, na brengos.. Natyrisht, shkaqet jan [&hellip;]<\/p>\n","protected":false},"author":1,"featured_media":0,"comment_status":"closed","ping_status":"closed","sticky":false,"template":"","format":"standard","meta":{"spay_email":"","jetpack_publicize_message":"","jetpack_is_tweetstorm":false,"jetpack_publicize_feature_enabled":true},"categories":[4],"tags":[],"jetpack_publicize_connections":[],"yoast_head":"<!-- This site is optimized with the Yoast SEO plugin v19.1 - https:\/\/yoast.com\/wordpress\/plugins\/seo\/ -->\n<title>Karamanaga: Lypsar\u00ebt n\u00eb der\u00ebn e Xhamis t\u00eb Detar\u00ebve n\u00eb Ran\u00eb - Lajme nga Ulqini<\/title>\n<meta name=\"description\" content=\"Xhamia e Detar\u00ebve n\u00eb Ran\u00eb t\u00ebrheq\u00ebse p\u00ebr mira mysafir\u00eb dhe besimtar, nga vendi dhe nga bota, .. Historia e saj, rind\u00ebrtimi dhe hapja solemne nj\u00eb vit m\u00eb\" \/>\n<meta name=\"robots\" content=\"index, follow, max-snippet:-1, max-image-preview:large, max-video-preview:-1\" \/>\n<link rel=\"canonical\" href=\"https:\/\/www.visit-ulcinj.com\/blog\/2013\/07\/13\/karamanaga-lypsaret-ne-deren-e-xhamis-te-detareve-ne-rane\/\" \/>\n<meta property=\"og:locale\" content=\"en_US\" \/>\n<meta property=\"og:type\" content=\"article\" \/>\n<meta property=\"og:title\" content=\"Karamanaga: Lypsar\u00ebt n\u00eb der\u00ebn e Xhamis t\u00eb Detar\u00ebve n\u00eb Ran\u00eb - Lajme nga Ulqini\" \/>\n<meta property=\"og:description\" content=\"Xhamia e Detar\u00ebve n\u00eb Ran\u00eb t\u00ebrheq\u00ebse p\u00ebr mira mysafir\u00eb dhe besimtar, nga vendi dhe nga bota, .. Historia e saj, rind\u00ebrtimi dhe hapja solemne nj\u00eb vit m\u00eb\" \/>\n<meta property=\"og:url\" content=\"https:\/\/www.visit-ulcinj.com\/blog\/2013\/07\/13\/karamanaga-lypsaret-ne-deren-e-xhamis-te-detareve-ne-rane\/\" \/>\n<meta property=\"og:site_name\" content=\"Lajme nga Ulqini\" \/>\n<meta property=\"article:published_time\" content=\"2013-07-13T06:19:50+00:00\" \/>\n<meta property=\"og:image\" content=\"https:\/\/fbcdn-profile-a.akamaihd.net\/hprofile-ak-ash4\/275066_1359492972_328357367_q.jpg\" \/>\n<meta name=\"twitter:label1\" content=\"Written by\" \/>\n\t<meta name=\"twitter:data1\" content=\"ulqini\" \/>\n\t<meta name=\"twitter:label2\" content=\"Est. reading time\" \/>\n\t<meta name=\"twitter:data2\" content=\"1 minute\" \/>\n<script type=\"application\/ld+json\" class=\"yoast-schema-graph\">{\"@context\":\"https:\/\/schema.org\",\"@graph\":[{\"@type\":\"WebSite\",\"@id\":\"https:\/\/www.visit-ulcinj.com\/blog\/#website\",\"url\":\"https:\/\/www.visit-ulcinj.com\/blog\/\",\"name\":\"Lajme nga Ulqini\",\"description\":\"Lajme,Vijesti,Ulqini,Ulqin,Crna Gora,Mali i Zi\",\"potentialAction\":[{\"@type\":\"SearchAction\",\"target\":{\"@type\":\"EntryPoint\",\"urlTemplate\":\"https:\/\/www.visit-ulcinj.com\/blog\/?s={search_term_string}\"},\"query-input\":\"required name=search_term_string\"}],\"inLanguage\":\"en-US\"},{\"@type\":\"ImageObject\",\"inLanguage\":\"en-US\",\"@id\":\"https:\/\/www.visit-ulcinj.com\/blog\/2013\/07\/13\/karamanaga-lypsaret-ne-deren-e-xhamis-te-detareve-ne-rane\/#primaryimage\",\"url\":\"https:\/\/fbcdn-profile-a.akamaihd.net\/hprofile-ak-ash4\/275066_1359492972_328357367_q.jpg\",\"contentUrl\":\"https:\/\/fbcdn-profile-a.akamaihd.net\/hprofile-ak-ash4\/275066_1359492972_328357367_q.jpg\"},{\"@type\":\"WebPage\",\"@id\":\"https:\/\/www.visit-ulcinj.com\/blog\/2013\/07\/13\/karamanaga-lypsaret-ne-deren-e-xhamis-te-detareve-ne-rane\/#webpage\",\"url\":\"https:\/\/www.visit-ulcinj.com\/blog\/2013\/07\/13\/karamanaga-lypsaret-ne-deren-e-xhamis-te-detareve-ne-rane\/\",\"name\":\"Karamanaga: Lypsar\u00ebt n\u00eb der\u00ebn e Xhamis t\u00eb Detar\u00ebve n\u00eb Ran\u00eb - Lajme nga Ulqini\",\"isPartOf\":{\"@id\":\"https:\/\/www.visit-ulcinj.com\/blog\/#website\"},\"primaryImageOfPage\":{\"@id\":\"https:\/\/www.visit-ulcinj.com\/blog\/2013\/07\/13\/karamanaga-lypsaret-ne-deren-e-xhamis-te-detareve-ne-rane\/#primaryimage\"},\"datePublished\":\"2013-07-13T06:19:50+00:00\",\"dateModified\":\"2013-07-13T06:19:50+00:00\",\"author\":{\"@id\":\"https:\/\/www.visit-ulcinj.com\/blog\/#\/schema\/person\/dcab619c614d3038751c63bc2aadc06d\"},\"description\":\"Xhamia e Detar\u00ebve n\u00eb Ran\u00eb t\u00ebrheq\u00ebse p\u00ebr mira mysafir\u00eb dhe besimtar, nga vendi dhe nga bota, .. Historia e saj, rind\u00ebrtimi dhe hapja solemne nj\u00eb vit m\u00eb\",\"breadcrumb\":{\"@id\":\"https:\/\/www.visit-ulcinj.com\/blog\/2013\/07\/13\/karamanaga-lypsaret-ne-deren-e-xhamis-te-detareve-ne-rane\/#breadcrumb\"},\"inLanguage\":\"en-US\",\"potentialAction\":[{\"@type\":\"ReadAction\",\"target\":[\"https:\/\/www.visit-ulcinj.com\/blog\/2013\/07\/13\/karamanaga-lypsaret-ne-deren-e-xhamis-te-detareve-ne-rane\/\"]}]},{\"@type\":\"BreadcrumbList\",\"@id\":\"https:\/\/www.visit-ulcinj.com\/blog\/2013\/07\/13\/karamanaga-lypsaret-ne-deren-e-xhamis-te-detareve-ne-rane\/#breadcrumb\",\"itemListElement\":[{\"@type\":\"ListItem\",\"position\":1,\"name\":\"Karamanaga: Lypsar\u00ebt n\u00eb der\u00ebn e Xhamis t\u00eb Detar\u00ebve n\u00eb Ran\u00eb\"}]},{\"@type\":\"Person\",\"@id\":\"https:\/\/www.visit-ulcinj.com\/blog\/#\/schema\/person\/dcab619c614d3038751c63bc2aadc06d\",\"name\":\"ulqini\",\"sameAs\":[\"http:\/\/www.visit-ulcinj.com\"],\"url\":\"https:\/\/www.visit-ulcinj.com\/blog\/author\/admin\/\"}]}<\/script>\n<!-- \/ Yoast SEO plugin. -->","yoast_head_json":{"title":"Karamanaga: Lypsar\u00ebt n\u00eb der\u00ebn e Xhamis t\u00eb Detar\u00ebve n\u00eb Ran\u00eb - Lajme nga Ulqini","description":"Xhamia e Detar\u00ebve n\u00eb Ran\u00eb t\u00ebrheq\u00ebse p\u00ebr mira mysafir\u00eb dhe besimtar, nga vendi dhe nga bota, .. Historia e saj, rind\u00ebrtimi dhe hapja solemne nj\u00eb vit m\u00eb","robots":{"index":"index","follow":"follow","max-snippet":"max-snippet:-1","max-image-preview":"max-image-preview:large","max-video-preview":"max-video-preview:-1"},"canonical":"https:\/\/www.visit-ulcinj.com\/blog\/2013\/07\/13\/karamanaga-lypsaret-ne-deren-e-xhamis-te-detareve-ne-rane\/","og_locale":"en_US","og_type":"article","og_title":"Karamanaga: Lypsar\u00ebt n\u00eb der\u00ebn e Xhamis t\u00eb Detar\u00ebve n\u00eb Ran\u00eb - Lajme nga Ulqini","og_description":"Xhamia e Detar\u00ebve n\u00eb Ran\u00eb t\u00ebrheq\u00ebse p\u00ebr mira mysafir\u00eb dhe besimtar, nga vendi dhe nga bota, .. Historia e saj, rind\u00ebrtimi dhe hapja solemne nj\u00eb vit m\u00eb","og_url":"https:\/\/www.visit-ulcinj.com\/blog\/2013\/07\/13\/karamanaga-lypsaret-ne-deren-e-xhamis-te-detareve-ne-rane\/","og_site_name":"Lajme nga Ulqini","article_published_time":"2013-07-13T06:19:50+00:00","og_image":[{"url":"https:\/\/fbcdn-profile-a.akamaihd.net\/hprofile-ak-ash4\/275066_1359492972_328357367_q.jpg"}],"twitter_misc":{"Written by":"ulqini","Est. reading time":"1 minute"},"schema":{"@context":"https:\/\/schema.org","@graph":[{"@type":"WebSite","@id":"https:\/\/www.visit-ulcinj.com\/blog\/#website","url":"https:\/\/www.visit-ulcinj.com\/blog\/","name":"Lajme nga Ulqini","description":"Lajme,Vijesti,Ulqini,Ulqin,Crna Gora,Mali i Zi","potentialAction":[{"@type":"SearchAction","target":{"@type":"EntryPoint","urlTemplate":"https:\/\/www.visit-ulcinj.com\/blog\/?s={search_term_string}"},"query-input":"required name=search_term_string"}],"inLanguage":"en-US"},{"@type":"ImageObject","inLanguage":"en-US","@id":"https:\/\/www.visit-ulcinj.com\/blog\/2013\/07\/13\/karamanaga-lypsaret-ne-deren-e-xhamis-te-detareve-ne-rane\/#primaryimage","url":"https:\/\/fbcdn-profile-a.akamaihd.net\/hprofile-ak-ash4\/275066_1359492972_328357367_q.jpg","contentUrl":"https:\/\/fbcdn-profile-a.akamaihd.net\/hprofile-ak-ash4\/275066_1359492972_328357367_q.jpg"},{"@type":"WebPage","@id":"https:\/\/www.visit-ulcinj.com\/blog\/2013\/07\/13\/karamanaga-lypsaret-ne-deren-e-xhamis-te-detareve-ne-rane\/#webpage","url":"https:\/\/www.visit-ulcinj.com\/blog\/2013\/07\/13\/karamanaga-lypsaret-ne-deren-e-xhamis-te-detareve-ne-rane\/","name":"Karamanaga: Lypsar\u00ebt n\u00eb der\u00ebn e Xhamis t\u00eb Detar\u00ebve n\u00eb Ran\u00eb - Lajme nga Ulqini","isPartOf":{"@id":"https:\/\/www.visit-ulcinj.com\/blog\/#website"},"primaryImageOfPage":{"@id":"https:\/\/www.visit-ulcinj.com\/blog\/2013\/07\/13\/karamanaga-lypsaret-ne-deren-e-xhamis-te-detareve-ne-rane\/#primaryimage"},"datePublished":"2013-07-13T06:19:50+00:00","dateModified":"2013-07-13T06:19:50+00:00","author":{"@id":"https:\/\/www.visit-ulcinj.com\/blog\/#\/schema\/person\/dcab619c614d3038751c63bc2aadc06d"},"description":"Xhamia e Detar\u00ebve n\u00eb Ran\u00eb t\u00ebrheq\u00ebse p\u00ebr mira mysafir\u00eb dhe besimtar, nga vendi dhe nga bota, .. Historia e saj, rind\u00ebrtimi dhe hapja solemne nj\u00eb vit m\u00eb","breadcrumb":{"@id":"https:\/\/www.visit-ulcinj.com\/blog\/2013\/07\/13\/karamanaga-lypsaret-ne-deren-e-xhamis-te-detareve-ne-rane\/#breadcrumb"},"inLanguage":"en-US","potentialAction":[{"@type":"ReadAction","target":["https:\/\/www.visit-ulcinj.com\/blog\/2013\/07\/13\/karamanaga-lypsaret-ne-deren-e-xhamis-te-detareve-ne-rane\/"]}]},{"@type":"BreadcrumbList","@id":"https:\/\/www.visit-ulcinj.com\/blog\/2013\/07\/13\/karamanaga-lypsaret-ne-deren-e-xhamis-te-detareve-ne-rane\/#breadcrumb","itemListElement":[{"@type":"ListItem","position":1,"name":"Karamanaga: Lypsar\u00ebt n\u00eb der\u00ebn e Xhamis t\u00eb Detar\u00ebve n\u00eb Ran\u00eb"}]},{"@type":"Person","@id":"https:\/\/www.visit-ulcinj.com\/blog\/#\/schema\/person\/dcab619c614d3038751c63bc2aadc06d","name":"ulqini","sameAs":["http:\/\/www.visit-ulcinj.com"],"url":"https:\/\/www.visit-ulcinj.com\/blog\/author\/admin\/"}]}},"jetpack_featured_media_url":"","jetpack_sharing_enabled":true,"jetpack_shortlink":"https:\/\/wp.me\/pe6lTn-j3C","_links":{"self":[{"href":"https:\/\/www.visit-ulcinj.com\/blog\/wp-json\/wp\/v2\/posts\/73260"}],"collection":[{"href":"https:\/\/www.visit-ulcinj.com\/blog\/wp-json\/wp\/v2\/posts"}],"about":[{"href":"https:\/\/www.visit-ulcinj.com\/blog\/wp-json\/wp\/v2\/types\/post"}],"author":[{"embeddable":true,"href":"https:\/\/www.visit-ulcinj.com\/blog\/wp-json\/wp\/v2\/users\/1"}],"replies":[{"embeddable":true,"href":"https:\/\/www.visit-ulcinj.com\/blog\/wp-json\/wp\/v2\/comments?post=73260"}],"version-history":[{"count":1,"href":"https:\/\/www.visit-ulcinj.com\/blog\/wp-json\/wp\/v2\/posts\/73260\/revisions"}],"predecessor-version":[{"id":73262,"href":"https:\/\/www.visit-ulcinj.com\/blog\/wp-json\/wp\/v2\/posts\/73260\/revisions\/73262"}],"wp:attachment":[{"href":"https:\/\/www.visit-ulcinj.com\/blog\/wp-json\/wp\/v2\/media?parent=73260"}],"wp:term":[{"taxonomy":"category","embeddable":true,"href":"https:\/\/www.visit-ulcinj.com\/blog\/wp-json\/wp\/v2\/categories?post=73260"},{"taxonomy":"post_tag","embeddable":true,"href":"https:\/\/www.visit-ulcinj.com\/blog\/wp-json\/wp\/v2\/tags?post=73260"}],"curies":[{"name":"wp","href":"https:\/\/api.w.org\/{rel}","templated":true}]}}