{"id":73266,"date":"2013-07-13T07:37:47","date_gmt":"2013-07-13T06:37:47","guid":{"rendered":"http:\/\/www.visit-ulcinj.com\/blog\/?p=73266"},"modified":"2013-07-13T15:52:14","modified_gmt":"2013-07-13T14:52:14","slug":"ada-e-bunes-feston-40-vjetorin","status":"publish","type":"post","link":"https:\/\/www.visit-ulcinj.com\/blog\/2013\/07\/13\/ada-e-bunes-feston-40-vjetorin\/","title":{"rendered":"Ada e Bun\u00ebs feston 40 vjetorin"},"content":{"rendered":"<p><strong><a href=\"http:\/\/www.visit-ulcinj.com\/blog\/wp-content\/uploads\/2010\/05\/ada-bojana_-ulcinj_montenegro.jpg\"><img loading=\"lazy\" class=\"alignleft  wp-image-33320\" alt=\"ada bojana_ ulcinj_montenegro\" src=\"http:\/\/www.visit-ulcinj.com\/blog\/wp-content\/uploads\/2010\/05\/ada-bojana_-ulcinj_montenegro.jpg\" width=\"508\" height=\"368\" \/><\/a>40 vite Ad\u00eb: Vendi ku \u00e7do gj\u00eb fillon dhe mbaron <\/strong><\/p>\n<div>\n<p>T\u00eb shtun\u00ebn me 13 korrik b\u00ebhen plot 40 vite prej koh\u00ebs kur Ada e Bun\u00ebs ka mir\u00ebpritur mysafir\u00ebt e par\u00eb. Plot dyzet vjet Ada \u00ebsht\u00eb adres\u00eb e preferuar p\u00ebr dashamir\u00ebt e natyr\u00ebs dhe nudizmit, top destinacioni i Malit t\u00eb Zi, sinonim p\u00ebr pushim cil\u00ebsor dhe inspirim p\u00ebr artist\u00ebt.<\/p>\n<p>Si filloj\u2026Para kat\u00ebr dekadave agjencia turistike gjermane \u201cMiramare\u201d e v\u00ebllez\u00ebrve Halgat, e cila \u00ebsht\u00eb marr\u00eb vet\u00ebm me turiz\u00ebm naturist, ka investuar rreth gjysm\u00eb milioni marka p\u00ebr nd\u00ebrtimin e \u201cvilave t\u00eb zeza\u201d. Kur \u00ebsht\u00eb hapur Vendbanimi nudistik, aty kan\u00eb pushuar vet\u00ebm t\u00eb huajt dhe menj\u00ebher\u00eb ishte e qart\u00eb q\u00eb ka nevoj\u00eb t\u00eb nd\u00ebrtohen m\u00eb shum\u00eb kapacitete banuese sepse 100 shtret\u00ebr ishin pak. Shum\u00eb shpejt pas k\u00ebsaj u nd\u00ebrtuan dhe \u201cvilat e bardha\u201d dhe Ada kishte kapacitet prej 1000 shtret\u00ebrve. S\u00eb bashku me auto kampin, gjat\u00eb atyre viteve n\u00eb Ad\u00eb \u00e7do dit\u00eb kan\u00eb pushuar rreth nj\u00ebmij\u00eb e gjysm\u00eb njer\u00ebz. \u201cVilat e bardha\u201d prej koh\u00ebsh nuk p\u00ebrdor\u00ebn m\u00eb, por vitet e fundit \u00ebsht\u00eb investuar shum\u00eb n\u00eb llojet e tjera t\u00eb akomodimit, k\u00ebshtu q\u00eb Ada, ngadal\u00eb por sigurt po e kthen shk\u00eblqimin e vet. Kapaciteti i tanish\u00ebm i Ad\u00ebs \u00ebsht\u00eb 600 shtret\u00ebr, nd\u00ebrsa 350 shtret\u00ebr jan\u00eb n\u00eb dhomat e rinovuara.<br \/>\n<a href=\"http:\/\/www.visit-ulcinj.com\/blog\/wp-content\/uploads\/2010\/09\/Ulcinji-Rivi\u00e9ra-Montenegr\u00f3-Akci\u00f3s-aj\u00e1nlatok.1.jpg\"><img loading=\"lazy\" class=\"alignleft  wp-image-37556\" alt=\"Ulcinji Rivi\u00e9ra Montenegr\u00f3 - Akci\u00f3s aj\u00e1nlatok.1, Kis Strand , Strandok Ulcinj , Nudista Strand , V\u00f6r\u00f6s ulcinj , Nagy strand ulcinj , V\u00f6r\u00f6s strand ulcinj , Kir\u00e1lyn\u0151 strandja ulcinj , Montenegr\u00f3 orsz\u00e1gi apartmanok , Montenegr\u00f3 ulcinj orsz\u00e1gi sz\u00e1ll\u00e1sok , ulcinj mag\u00e1nsz\u00e1ll\u00e1sok , Montenegr\u00f3 orsz\u00e1g , K\u00e9k Adria , Apartmanok , sz\u00e1ll\u00e1sok , Montener\u00f3 - Apartments , accommodation , sz\u00e1ll\u00e1s , apartmanok , sz\u00e1ll\u00e1shely , foglal\u00e1s ,mag\u00e1nsz\u00e1ll\u00e1s , sz\u00e1ll\u00e1shely keres\u0151 , olcs\u00f3 sz\u00e1ll\u00e1s , akci\u00f3s aj\u00e1nlatok , Montenegr\u00f3 , ulcinj , wellness sz\u00e1ll\u00e1sok , utaz\u00e1s , nyaral\u00e1s , utazni , utaz\u00e1sok , last-minute , akci\u00f3s sz\u00e1ll\u00e1sok , wellness , idegenforgalom , pihen\u00e9s , program , rendezv\u00e9ny , szabadid\u0151 , sz\u00e1ll\u00e1slehet\u0151s\u00e9g , mag\u00e1nh\u00e1z , vend\u00e9gl\u00e1t\u00f3helyek , ada bojana , D\u00e9l ulcinj , tavak d\u00e9l \u0160as , fedett medence el\u0151- \u00e9s ut\u00f3szezonban , szauna , sportp\u00e1ly\u00e1k , v\u00edzisportok, terasz , \u00e9tterem , diszk\u00f3 , tenisz , lovagl\u00e1s. horg\u00e1szparadicsom a Bojana foly\u00f3n, naperny\u0151t , napoz\u00f3\u00e1gyat b\u00e9relni , \u00e9tkezni , j\u00e1tszani , sz\u00f6rf\u00f6zni , kite-olni , v\u00edzis\u00edelni , focizni , strand r\u00f6plabd\u00e1zni, Ulcinji Rivi\u00e9ra, Akci\u00f3s aj\u00e1nlatok,\" src=\"http:\/\/www.visit-ulcinj.com\/blog\/wp-content\/uploads\/2010\/09\/Ulcinji-Rivi\u00e9ra-Montenegr\u00f3-Akci\u00f3s-aj\u00e1nlatok.1.jpg\" width=\"508\" height=\"360\" \/><\/a><\/p>\n<p>K\u00ebt\u00eb ishull i cili gjendet n\u00eb jug t\u00eb Malit t\u00eb Zi e karakterizojn\u00eb bim\u00ebt sup-tropikale dhe mesdhetare, nd\u00ebrsa disa nga llojet bimore dhe t\u00eb kafsh\u00ebve jan\u00eb unike n\u00eb krejt Evrop\u00ebn. Vegjetacioni i dendur n\u00eb pjes\u00ebn e pasme t\u00eb ishullit Ad\u00ebs i jep \/\/\/ t\u00eb Amazonis\u00eb, nd\u00ebrsa s\u00eb bashku me bot\u00ebn e kafsh\u00ebve e b\u00ebn\u00eb hap\u00ebsir\u00eb mikro-ekologjike t\u00eb ve\u00e7ant\u00eb. Vler\u00eb t\u00eb jasht\u00ebzakonshme ka dhe r\u00ebnd\u00ebsia ornitologjike e Ad\u00ebs s\u00eb Bun\u00ebs e cila para s\u00eb gjithash pasqyrohet n\u00eb kolonit\u00eb e r\u00ebnd\u00ebsishme t\u00eb shum\u00eb llojeve t\u00eb zogjve. Hoteli n\u00eb Ad\u00eb t\u00eb Bun\u00ebs ka ofert\u00eb unike n\u00eb bregdetin e Malit t\u00eb Zi, e ajo \u00ebsht\u00eb Shkolla e hipizmit e cila punon prej viti 1975.<\/p>\n<p>N\u00eb Ad\u00eb n\u00eb vitin 1985 \u00ebsht\u00eb in\u00e7izuar filmi i Zhivko Nikoliqit \u201cLjepota Poroka\u201c. Nga vitet e n\u00ebnt\u00ebdhjeta, Ada b\u00ebhete e nj\u00ebhur n\u00eb hap\u00ebsirat e ish Jugosllavis\u00eb. Vitet e fundit Ada \u00ebsht\u00eb vend i njohur p\u00ebr surfing dhe kajtsurfing. Gjendet n\u00eb maje t\u00eb destinacioneve p\u00ebr dashamir\u00ebsit e k\u00ebtij sporti, para s\u00eb gjithash p\u00ebr arsye t\u00eb kombinimit t\u00eb mir\u00eb t\u00eb er\u00ebs, numrit t\u00eb dit\u00ebve me diell gjat\u00eb vitit, plazhet e gjata, gjer\u00ebsis\u00eb s\u00eb rripit ranor dhe thell\u00ebsis\u00eb s\u00eb detit, k\u00ebshtu q\u00eb sezoni i kajtsurfit k\u00ebtu zgjat pes\u00eb muaj.<\/p>\n<p>Deri n\u00eb ishull dikur \u00ebsht\u00eb shkuar me trap, nd\u00ebrsa nga viti 1987 Ada me bregun \u00ebsht\u00eb e lidhur me ur\u00eb. Ishulli \u00ebsht\u00eb n\u00eb form\u00eb trek\u00ebnd\u00ebshi me sip\u00ebrfaqe prej 5.4 km2. Nga dy an\u00eb \u00ebsht\u00eb i rrethuar me lumin Buna, nd\u00ebrsa ana e tret\u00eb \u00ebsht\u00eb kah deti dhe ka plazhin ranor t\u00eb gjat\u00eb gati tre kilomet\u00ebr.<\/p>\n<p>Plot kat\u00ebr shekuj Ada e Bun\u00ebs ask\u00ebnd nuk e l\u00eb indiferent\u00eb. Fansat e Ad\u00ebs s\u00eb Bun\u00ebs n\u00eb faqen e Facebook-ut e p\u00ebrshkruajn\u00eb Ad\u00ebn si \u201cVend ku \u00e7do gj\u00eb fillon dhe mbaron\u201d.<\/p>\n<p><strong>Burimi: Ulcinjska Rivijera<\/strong><\/p>\n<\/div>\n","protected":false},"excerpt":{"rendered":"<p>40 vite Ad\u00eb: Vendi ku \u00e7do gj\u00eb fillon dhe mbaron T\u00eb shtun\u00ebn me 13 korrik b\u00ebhen plot 40 vite prej koh\u00ebs kur Ada e Bun\u00ebs ka mir\u00ebpritur mysafir\u00ebt e par\u00eb. Plot dyzet vjet Ada \u00ebsht\u00eb adres\u00eb e preferuar p\u00ebr dashamir\u00ebt e natyr\u00ebs dhe nudizmit, top destinacioni i Malit t\u00eb Zi, sinonim p\u00ebr pushim cil\u00ebsor dhe [&hellip;]<\/p>\n","protected":false},"author":1,"featured_media":0,"comment_status":"closed","ping_status":"closed","sticky":false,"template":"","format":"standard","meta":{"spay_email":"","jetpack_publicize_message":"","jetpack_is_tweetstorm":false,"jetpack_publicize_feature_enabled":true},"categories":[1,13],"tags":[],"jetpack_publicize_connections":[],"yoast_head":"<!-- This site is optimized with the Yoast SEO plugin v19.1 - https:\/\/yoast.com\/wordpress\/plugins\/seo\/ -->\n<title>Ada e Bun\u00ebs feston 40 vjetorin - Lajme nga Ulqini<\/title>\n<meta name=\"description\" content=\"40 vite Ad\u00eb: Vendi ku \u00e7do gj\u00eb fillon dhe mbaron T\u00eb shtun\u00ebn me 13 korrik b\u00ebhen plot 40 vite prej koh\u00ebs kur Ada e Bun\u00ebs ka mir\u00ebpritur mysafir\u00ebt e par\u00eb. Plot\" \/>\n<meta name=\"robots\" content=\"index, follow, max-snippet:-1, max-image-preview:large, max-video-preview:-1\" \/>\n<link rel=\"canonical\" href=\"https:\/\/www.visit-ulcinj.com\/blog\/2013\/07\/13\/ada-e-bunes-feston-40-vjetorin\/\" \/>\n<meta property=\"og:locale\" content=\"en_US\" \/>\n<meta property=\"og:type\" content=\"article\" \/>\n<meta property=\"og:title\" content=\"Ada e Bun\u00ebs feston 40 vjetorin - Lajme nga Ulqini\" \/>\n<meta property=\"og:description\" content=\"40 vite Ad\u00eb: Vendi ku \u00e7do gj\u00eb fillon dhe mbaron T\u00eb shtun\u00ebn me 13 korrik b\u00ebhen plot 40 vite prej koh\u00ebs kur Ada e Bun\u00ebs ka mir\u00ebpritur mysafir\u00ebt e par\u00eb. Plot\" \/>\n<meta property=\"og:url\" content=\"https:\/\/www.visit-ulcinj.com\/blog\/2013\/07\/13\/ada-e-bunes-feston-40-vjetorin\/\" \/>\n<meta property=\"og:site_name\" content=\"Lajme nga Ulqini\" \/>\n<meta property=\"article:published_time\" content=\"2013-07-13T06:37:47+00:00\" \/>\n<meta property=\"article:modified_time\" content=\"2013-07-13T14:52:14+00:00\" \/>\n<meta property=\"og:image\" content=\"http:\/\/www.visit-ulcinj.com\/blog\/wp-content\/uploads\/2010\/05\/ada-bojana_-ulcinj_montenegro.jpg\" \/>\n<meta name=\"twitter:label1\" content=\"Written by\" \/>\n\t<meta name=\"twitter:data1\" content=\"ulqini\" \/>\n\t<meta name=\"twitter:label2\" content=\"Est. reading time\" \/>\n\t<meta name=\"twitter:data2\" content=\"3 minutes\" \/>\n<script type=\"application\/ld+json\" class=\"yoast-schema-graph\">{\"@context\":\"https:\/\/schema.org\",\"@graph\":[{\"@type\":\"WebSite\",\"@id\":\"https:\/\/www.visit-ulcinj.com\/blog\/#website\",\"url\":\"https:\/\/www.visit-ulcinj.com\/blog\/\",\"name\":\"Lajme nga Ulqini\",\"description\":\"Lajme,Vijesti,Ulqini,Ulqin,Crna Gora,Mali i Zi\",\"potentialAction\":[{\"@type\":\"SearchAction\",\"target\":{\"@type\":\"EntryPoint\",\"urlTemplate\":\"https:\/\/www.visit-ulcinj.com\/blog\/?s={search_term_string}\"},\"query-input\":\"required name=search_term_string\"}],\"inLanguage\":\"en-US\"},{\"@type\":\"ImageObject\",\"inLanguage\":\"en-US\",\"@id\":\"https:\/\/www.visit-ulcinj.com\/blog\/2013\/07\/13\/ada-e-bunes-feston-40-vjetorin\/#primaryimage\",\"url\":\"https:\/\/www.visit-ulcinj.com\/blog\/wp-content\/uploads\/2010\/05\/ada-bojana_-ulcinj_montenegro.jpg\",\"contentUrl\":\"https:\/\/www.visit-ulcinj.com\/blog\/wp-content\/uploads\/2010\/05\/ada-bojana_-ulcinj_montenegro.jpg\",\"width\":\"523\",\"height\":\"368\"},{\"@type\":\"WebPage\",\"@id\":\"https:\/\/www.visit-ulcinj.com\/blog\/2013\/07\/13\/ada-e-bunes-feston-40-vjetorin\/#webpage\",\"url\":\"https:\/\/www.visit-ulcinj.com\/blog\/2013\/07\/13\/ada-e-bunes-feston-40-vjetorin\/\",\"name\":\"Ada e Bun\u00ebs feston 40 vjetorin - Lajme nga Ulqini\",\"isPartOf\":{\"@id\":\"https:\/\/www.visit-ulcinj.com\/blog\/#website\"},\"primaryImageOfPage\":{\"@id\":\"https:\/\/www.visit-ulcinj.com\/blog\/2013\/07\/13\/ada-e-bunes-feston-40-vjetorin\/#primaryimage\"},\"datePublished\":\"2013-07-13T06:37:47+00:00\",\"dateModified\":\"2013-07-13T14:52:14+00:00\",\"author\":{\"@id\":\"https:\/\/www.visit-ulcinj.com\/blog\/#\/schema\/person\/dcab619c614d3038751c63bc2aadc06d\"},\"description\":\"40 vite Ad\u00eb: Vendi ku \u00e7do gj\u00eb fillon dhe mbaron T\u00eb shtun\u00ebn me 13 korrik b\u00ebhen plot 40 vite prej koh\u00ebs kur Ada e Bun\u00ebs ka mir\u00ebpritur mysafir\u00ebt e par\u00eb. Plot\",\"breadcrumb\":{\"@id\":\"https:\/\/www.visit-ulcinj.com\/blog\/2013\/07\/13\/ada-e-bunes-feston-40-vjetorin\/#breadcrumb\"},\"inLanguage\":\"en-US\",\"potentialAction\":[{\"@type\":\"ReadAction\",\"target\":[\"https:\/\/www.visit-ulcinj.com\/blog\/2013\/07\/13\/ada-e-bunes-feston-40-vjetorin\/\"]}]},{\"@type\":\"BreadcrumbList\",\"@id\":\"https:\/\/www.visit-ulcinj.com\/blog\/2013\/07\/13\/ada-e-bunes-feston-40-vjetorin\/#breadcrumb\",\"itemListElement\":[{\"@type\":\"ListItem\",\"position\":1,\"name\":\"Ada e Bun\u00ebs feston 40 vjetorin\"}]},{\"@type\":\"Person\",\"@id\":\"https:\/\/www.visit-ulcinj.com\/blog\/#\/schema\/person\/dcab619c614d3038751c63bc2aadc06d\",\"name\":\"ulqini\",\"sameAs\":[\"http:\/\/www.visit-ulcinj.com\"],\"url\":\"https:\/\/www.visit-ulcinj.com\/blog\/author\/admin\/\"}]}<\/script>\n<!-- \/ Yoast SEO plugin. -->","yoast_head_json":{"title":"Ada e Bun\u00ebs feston 40 vjetorin - Lajme nga Ulqini","description":"40 vite Ad\u00eb: Vendi ku \u00e7do gj\u00eb fillon dhe mbaron T\u00eb shtun\u00ebn me 13 korrik b\u00ebhen plot 40 vite prej koh\u00ebs kur Ada e Bun\u00ebs ka mir\u00ebpritur mysafir\u00ebt e par\u00eb. Plot","robots":{"index":"index","follow":"follow","max-snippet":"max-snippet:-1","max-image-preview":"max-image-preview:large","max-video-preview":"max-video-preview:-1"},"canonical":"https:\/\/www.visit-ulcinj.com\/blog\/2013\/07\/13\/ada-e-bunes-feston-40-vjetorin\/","og_locale":"en_US","og_type":"article","og_title":"Ada e Bun\u00ebs feston 40 vjetorin - Lajme nga Ulqini","og_description":"40 vite Ad\u00eb: Vendi ku \u00e7do gj\u00eb fillon dhe mbaron T\u00eb shtun\u00ebn me 13 korrik b\u00ebhen plot 40 vite prej koh\u00ebs kur Ada e Bun\u00ebs ka mir\u00ebpritur mysafir\u00ebt e par\u00eb. Plot","og_url":"https:\/\/www.visit-ulcinj.com\/blog\/2013\/07\/13\/ada-e-bunes-feston-40-vjetorin\/","og_site_name":"Lajme nga Ulqini","article_published_time":"2013-07-13T06:37:47+00:00","article_modified_time":"2013-07-13T14:52:14+00:00","og_image":[{"url":"http:\/\/www.visit-ulcinj.com\/blog\/wp-content\/uploads\/2010\/05\/ada-bojana_-ulcinj_montenegro.jpg"}],"twitter_misc":{"Written by":"ulqini","Est. reading time":"3 minutes"},"schema":{"@context":"https:\/\/schema.org","@graph":[{"@type":"WebSite","@id":"https:\/\/www.visit-ulcinj.com\/blog\/#website","url":"https:\/\/www.visit-ulcinj.com\/blog\/","name":"Lajme nga Ulqini","description":"Lajme,Vijesti,Ulqini,Ulqin,Crna Gora,Mali i Zi","potentialAction":[{"@type":"SearchAction","target":{"@type":"EntryPoint","urlTemplate":"https:\/\/www.visit-ulcinj.com\/blog\/?s={search_term_string}"},"query-input":"required name=search_term_string"}],"inLanguage":"en-US"},{"@type":"ImageObject","inLanguage":"en-US","@id":"https:\/\/www.visit-ulcinj.com\/blog\/2013\/07\/13\/ada-e-bunes-feston-40-vjetorin\/#primaryimage","url":"https:\/\/www.visit-ulcinj.com\/blog\/wp-content\/uploads\/2010\/05\/ada-bojana_-ulcinj_montenegro.jpg","contentUrl":"https:\/\/www.visit-ulcinj.com\/blog\/wp-content\/uploads\/2010\/05\/ada-bojana_-ulcinj_montenegro.jpg","width":"523","height":"368"},{"@type":"WebPage","@id":"https:\/\/www.visit-ulcinj.com\/blog\/2013\/07\/13\/ada-e-bunes-feston-40-vjetorin\/#webpage","url":"https:\/\/www.visit-ulcinj.com\/blog\/2013\/07\/13\/ada-e-bunes-feston-40-vjetorin\/","name":"Ada e Bun\u00ebs feston 40 vjetorin - Lajme nga Ulqini","isPartOf":{"@id":"https:\/\/www.visit-ulcinj.com\/blog\/#website"},"primaryImageOfPage":{"@id":"https:\/\/www.visit-ulcinj.com\/blog\/2013\/07\/13\/ada-e-bunes-feston-40-vjetorin\/#primaryimage"},"datePublished":"2013-07-13T06:37:47+00:00","dateModified":"2013-07-13T14:52:14+00:00","author":{"@id":"https:\/\/www.visit-ulcinj.com\/blog\/#\/schema\/person\/dcab619c614d3038751c63bc2aadc06d"},"description":"40 vite Ad\u00eb: Vendi ku \u00e7do gj\u00eb fillon dhe mbaron T\u00eb shtun\u00ebn me 13 korrik b\u00ebhen plot 40 vite prej koh\u00ebs kur Ada e Bun\u00ebs ka mir\u00ebpritur mysafir\u00ebt e par\u00eb. Plot","breadcrumb":{"@id":"https:\/\/www.visit-ulcinj.com\/blog\/2013\/07\/13\/ada-e-bunes-feston-40-vjetorin\/#breadcrumb"},"inLanguage":"en-US","potentialAction":[{"@type":"ReadAction","target":["https:\/\/www.visit-ulcinj.com\/blog\/2013\/07\/13\/ada-e-bunes-feston-40-vjetorin\/"]}]},{"@type":"BreadcrumbList","@id":"https:\/\/www.visit-ulcinj.com\/blog\/2013\/07\/13\/ada-e-bunes-feston-40-vjetorin\/#breadcrumb","itemListElement":[{"@type":"ListItem","position":1,"name":"Ada e Bun\u00ebs feston 40 vjetorin"}]},{"@type":"Person","@id":"https:\/\/www.visit-ulcinj.com\/blog\/#\/schema\/person\/dcab619c614d3038751c63bc2aadc06d","name":"ulqini","sameAs":["http:\/\/www.visit-ulcinj.com"],"url":"https:\/\/www.visit-ulcinj.com\/blog\/author\/admin\/"}]}},"jetpack_featured_media_url":"","jetpack_sharing_enabled":true,"jetpack_shortlink":"https:\/\/wp.me\/pe6lTn-j3I","_links":{"self":[{"href":"https:\/\/www.visit-ulcinj.com\/blog\/wp-json\/wp\/v2\/posts\/73266"}],"collection":[{"href":"https:\/\/www.visit-ulcinj.com\/blog\/wp-json\/wp\/v2\/posts"}],"about":[{"href":"https:\/\/www.visit-ulcinj.com\/blog\/wp-json\/wp\/v2\/types\/post"}],"author":[{"embeddable":true,"href":"https:\/\/www.visit-ulcinj.com\/blog\/wp-json\/wp\/v2\/users\/1"}],"replies":[{"embeddable":true,"href":"https:\/\/www.visit-ulcinj.com\/blog\/wp-json\/wp\/v2\/comments?post=73266"}],"version-history":[{"count":4,"href":"https:\/\/www.visit-ulcinj.com\/blog\/wp-json\/wp\/v2\/posts\/73266\/revisions"}],"predecessor-version":[{"id":73276,"href":"https:\/\/www.visit-ulcinj.com\/blog\/wp-json\/wp\/v2\/posts\/73266\/revisions\/73276"}],"wp:attachment":[{"href":"https:\/\/www.visit-ulcinj.com\/blog\/wp-json\/wp\/v2\/media?parent=73266"}],"wp:term":[{"taxonomy":"category","embeddable":true,"href":"https:\/\/www.visit-ulcinj.com\/blog\/wp-json\/wp\/v2\/categories?post=73266"},{"taxonomy":"post_tag","embeddable":true,"href":"https:\/\/www.visit-ulcinj.com\/blog\/wp-json\/wp\/v2\/tags?post=73266"}],"curies":[{"name":"wp","href":"https:\/\/api.w.org\/{rel}","templated":true}]}}