{"id":73283,"date":"2013-07-13T19:35:14","date_gmt":"2013-07-13T18:35:14","guid":{"rendered":"http:\/\/www.visit-ulcinj.com\/blog\/?p=73283"},"modified":"2013-07-13T19:39:38","modified_gmt":"2013-07-13T18:39:38","slug":"ne-ulqin-politika-zhgenjyese-kompromis-apo-percarje","status":"publish","type":"post","link":"https:\/\/www.visit-ulcinj.com\/blog\/2013\/07\/13\/ne-ulqin-politika-zhgenjyese-kompromis-apo-percarje\/","title":{"rendered":"N\u00eb Ulqin politika zhg\u00ebnjyese, kompromis apo p\u00ebr\u00e7arje"},"content":{"rendered":"<p><a href=\"http:\/\/www.visit-ulcinj.com\/blog\/wp-content\/uploads\/2013\/07\/ZGJEDHJET_IZBORI_ULCINJ_ULQIN-2010.3.jpg\"><img loading=\"lazy\" class=\"alignleft  wp-image-73284\" alt=\"ZGJEDHJET_IZBORI_ULCINJ_ULQIN-2010.3\" src=\"http:\/\/www.visit-ulcinj.com\/blog\/wp-content\/uploads\/2013\/07\/ZGJEDHJET_IZBORI_ULCINJ_ULQIN-2010.3.jpg\" width=\"300\" height=\"300\" \/><\/a>Zgjedhjet lokale n\u00eb Ulqin mund t\u00eb mbahen n\u00eb vjesht\u00eb n\u00eb paket\u00eb me parlamentaret, n\u00ebse do t\u00eb jen\u00eb, tha p\u00ebr Portalin UL-info funksionari i lart\u00eb i nj\u00ebr\u00ebs nga partit\u00eb n\u00eb pushtet n\u00eb k\u00ebt\u00eb komun\u00eb.<\/p>\n<p>Ai tha q\u00eb nuk pret q\u00eb para zgjedhjeve mund t\u00eb vij deri tek nd\u00ebrrimi i pushtetit komunal. \u201cLe t\u00eb vendosin zgjedh\u00ebsit kujt do ja besojn\u00eb udh\u00ebheqjen e vet\u00ebqeverisjes lokale\u201d, theksoi ai.<\/p>\n<h3 itemprop=\"name\">Nese nuk ndodh bashkimi rrofte per\u00e7arja &#8211; pse?<\/h3>\n<p>Nder shqiptaret ne Mal t\u00eb Zi e sidomos ne Ulqin ne si shume te tjere e kemi theksuar se ne zonat ku rezikohet fitorja e shqiptareve eshte mire qe te arrihet ndonje kompromis.<\/p>\n<p>Kjo nuk u behet dot n\u00eb Ulqin dhe si duket edhe nuk do te behet nga shkaku se partite shqiptare kane dallime esenciale si ne politiken e zhvillimit t\u00eb komun\u00ebs s\u00eb Ulqinit , ashtu dhe n\u00eb funkcionimin ekonomis s\u00eb shtetit.<\/p>\n<p>Pra eshte e qarte se me kategori te tille njerezish eshte veshtire te behet dicka me shume dhe bile mund te na mbuloje te gjithevetradhtia. Prandaj ne te tilla raste dhe rrethana me mire te per\u00e7ahemi se sa ti bashkohemi te keqes.<\/p>\n<p>&nbsp;<\/p>\n<p><strong>N\u00eb vend t\u00eb demokracis\u00eb zhvillimit ekonomik n\u00eb Ulqin u soll autokracia<\/strong><\/p>\n<p>N\u00eb t\u00ebr\u00eb hap\u00ebsir\u00ebn e Ulqinit shohim skamje, p\u00ebr\u00e7arje, sharje partiake, papun\u00ebsi, shkollim me defekte, ikje t\u00eb truri komb\u00ebtar, rinis\u00eb n\u00eb drejtim t\u00eb bot\u00ebs s\u00eb zhvilluar, kryesisht n\u00eb Evrop\u00ebn Per\u00ebndimore, SHBA, madje n\u00eb Australi deri n\u00eb Zeland\u00ebn e Re.<\/p>\n<p>Largimi nga t\u00eb kat\u00ebr an\u00ebt e hap\u00ebsir\u00ebs ku shtrihen shqiptar\u00ebt, t\u00eb b\u00ebn\u00eb t\u00eb mendosh se shqiptar\u00ebt aktualisht jetojn\u00eb n\u00eb sh. e XIX-t\u00eb e jo n\u00eb at\u00eb, XXI ! N\u00eb Ulqin aktualisht zhvillohet luft\u00eb p\u00ebr t\u00eb kap pushtetin.<\/p>\n<p>Ulqini hyn\u00eb n\u00eb kriz\u00ebn e thell\u00eb sociale. Me varf\u00ebri ekstreme n\u00eb t\u00eb gjitha shtresat e shoq\u00ebris\u00eb, duke filluar nga pensionistet, sh\u00ebndet\u00ebsia, arsimi, sidomos nga papun\u00ebsia e madhe e rinis\u00eb t\u00eb aft\u00eb p\u00ebr pun\u00eb, pun\u00ebtoria e larguar nga uzinat, fabrikat dhe kombinate e shitura.<\/p>\n<p>Politik\u00ebs shqiptare Ulqinake gjat\u00eb t\u00ebr\u00eb k\u00ebsaj periudhe i ka munguar uniteti politik, ai ekonomik, gjuha e marr\u00ebveshjeve koordinuese strategjike, diplomacia speciale p\u00ebr zhvillim ekonomik t\u00eb Ulqinit.<\/p>\n<p>N\u00eb Ulqin gj\u00ebrat jan\u00eb pak m\u00eb t\u00eb qarta. Mbas q\u00ebndrimit t\u00eb PDS-s\u00eb ka pak mund\u00ebsi q\u00eb mund t\u00eb miratohet Raporti i pun\u00ebs s\u00eb kryetarit t\u00eb komun\u00ebs Nazif Cungu p\u00ebr vitin 2012. N\u00ebse ai mbas k\u00ebsaj nuk jep dor\u00ebheqje, nj\u00eb e treta e k\u00ebshilltar\u00ebve mund t\u00eb k\u00ebrkoj shkarkimin e tij. \u201cMendojm\u00eb q\u00eb \u00ebsht\u00eb m\u00eb mir\u00eb q\u00eb kuvendi, meq\u00eb p\u00ebr k\u00ebt\u00eb gj\u00eb ekziston gati konsensusi i t\u00eb gjith\u00eb pjes\u00ebmarr\u00ebsve n\u00eb sken\u00ebn politike, t\u00eb ja shkurtoi vetes mandatin, nd\u00ebrsa pushteti aktual t\u00eb vazhdoi ti kryej pun\u00ebt n\u00eb vet\u00ebqeverisjen lokale deri n\u00eb zgjedhje\u201d, tha bashk\u00ebbiseduesi yn\u00eb p\u00ebr Portalin UL-info.<\/p>\n<p>Gjykoi pa anuar p\u00ebr asnj\u00ebr\u00ebn nga partin\u00eb, pozit\u00eb apo opozit\u00eb, pra t\u00eb dy partit\u00eb e regjura nga e kaluara n\u00eb pushtet, me shpirt karrierizmi, pasurimi dhe p\u00ebrfitimi!\u00a0 Lufta b\u00ebhet me demagogjike, pa ndonj\u00eb vizion t\u00eb qart\u00eb kreativ dhe pa ndonj\u00eb perspektiv\u00eb t\u00eb ndryshimeve rr\u00ebnj\u00ebsore n\u00eb Ulqin, p\u00ebr t\u00eb mir\u00ebn e gjeneratave dhe kombit n\u00eb p\u00ebrgjith\u00ebsi. Nuk jam pesimist, por \u00e7`ka piqet nuk hiqet, \u00e7`ka shihet nuk do ciceron, s`do as koment!<\/p>\n<p>Uroi q\u00eb fillimi i stin\u00ebs s\u00eb vjesht\u00ebs n\u00eb Ulqin t\u00eb mos e anatemojn\u00eb m\u00eb vendin me aq varf\u00ebri, papun\u00ebsi, zhg\u00ebnjime t\u00eb tilla politike, ekonomike, p\u00ebr\u00e7arje si deri tash.<\/p>\n<p>Duke par\u00eb Rinin\u00eb me valixhe n\u00eb ikje p\u00ebr udh\u00eb drejt\u00eb limaneve detare, stacioneve t\u00eb autobus\u00ebve dhe aeroporteve, p\u00ebr nj\u00eb jet\u00eb \u201cshp\u00ebtimi\u201d nga varf\u00ebria, mungesa e zhvillimit dhe katandisja e atdheut! Rinia e Ulqinit esht\u00eb duke\u00a0 marr\u00eb udh\u00eb si para 20-viteve, p\u00ebr n\u00eb dhera t\u00eb huaja, p\u00ebr \u201ct`shp\u00ebtuar\u201d, duke u pun\u00ebsuar sa p\u00ebr t`jetuar..! Prandaj, me \u00e7do kusht duhet dh\u00ebn\u00eb fund politik\u00ebs s\u00eb till\u00eb zhg\u00ebnjyese p\u00ebr shqiptar\u00ebt e Ulqinit. Pra kudo ku ata jetojn\u00eb, t`i kthehen Ulqinit q\u00eb aq shum\u00eb e duan\u00eb m\u00eb tep\u00ebr se kurr\u00eb, t\u00eb p\u00ebrparuar, zhvilluar dhe t\u00eb bashkuar. Me zgjedhjet e vjesht\u00ebs, (n\u00ebse do t\u00eb jen\u00eb t\u00eb rregullta, t\u00eb lira dhe t\u00eb pranueshme), nj\u00ebher\u00eb e m\u00eb, pra m\u00eb n\u00eb fund (t`i jepet fund politik\u00ebs zhg\u00ebnjyese\u00a0 sa vje\u00e7are)..! Ulqin dhe rini e dashur, u fal\u00ebm m\u00eb kok\u00eb zem\u00ebr dhe shpirt! M\u00eb n\u00eb fund ngrihuni dhe me vot\u00ebn tuaj e t`sovranit, votoni m\u00eb t\u00eb mir\u00ebt, p\u00ebr t\u00eb zhdukur politik\u00ebn zhg\u00ebnjyese\u00a0 shum\u00eb vje\u00e7are, varf\u00ebrin\u00eb, korrupsionin, p\u00ebr t\u00eb sjell\u00eb perspektiv\u00ebn, pun\u00ebsimin, qet\u00ebsin\u00eb, zhvillimin dhe harmonin\u00eb n\u00eb komun\u00ebn e Ulqinit!<\/p>\n<p><iframe loading=\"lazy\" src=\"\/\/www.youtube.com\/embed\/trKoqzaxj48\" height=\"360\" width=\"508\" allowfullscreen=\"\" frameborder=\"0\"><\/iframe><\/p>\n","protected":false},"excerpt":{"rendered":"<p>Zgjedhjet lokale n\u00eb Ulqin mund t\u00eb mbahen n\u00eb vjesht\u00eb n\u00eb paket\u00eb me parlamentaret, n\u00ebse do t\u00eb jen\u00eb, tha p\u00ebr Portalin UL-info funksionari i lart\u00eb i nj\u00ebr\u00ebs nga partit\u00eb n\u00eb pushtet n\u00eb k\u00ebt\u00eb komun\u00eb. Ai tha q\u00eb nuk pret q\u00eb para zgjedhjeve mund t\u00eb vij deri tek nd\u00ebrrimi i pushtetit komunal. \u201cLe t\u00eb vendosin zgjedh\u00ebsit kujt [&hellip;]<\/p>\n","protected":false},"author":1,"featured_media":0,"comment_status":"closed","ping_status":"closed","sticky":false,"template":"","format":"standard","meta":{"spay_email":"","jetpack_publicize_message":"","jetpack_is_tweetstorm":false,"jetpack_publicize_feature_enabled":true},"categories":[14249],"tags":[],"jetpack_publicize_connections":[],"yoast_head":"<!-- This site is optimized with the Yoast SEO plugin v19.1 - https:\/\/yoast.com\/wordpress\/plugins\/seo\/ -->\n<title>N\u00eb Ulqin politika zhg\u00ebnjyese, kompromis apo p\u00ebr\u00e7arje - Lajme nga Ulqini<\/title>\n<meta name=\"description\" content=\"Zgjedhjet lokale n\u00eb Ulqin mund t\u00eb mbahen n\u00eb vjesht\u00eb n\u00eb paket\u00eb me parlamentaret, n\u00ebse do t\u00eb jen\u00eb, tha p\u00ebr Portalin UL-info funksionari i lart\u00eb i nj\u00ebr\u00ebs nga\" \/>\n<meta name=\"robots\" content=\"index, follow, max-snippet:-1, max-image-preview:large, max-video-preview:-1\" \/>\n<link rel=\"canonical\" href=\"https:\/\/www.visit-ulcinj.com\/blog\/2013\/07\/13\/ne-ulqin-politika-zhgenjyese-kompromis-apo-percarje\/\" \/>\n<meta property=\"og:locale\" content=\"en_US\" \/>\n<meta property=\"og:type\" content=\"article\" \/>\n<meta property=\"og:title\" content=\"N\u00eb Ulqin politika zhg\u00ebnjyese, kompromis apo p\u00ebr\u00e7arje - Lajme nga Ulqini\" \/>\n<meta property=\"og:description\" content=\"Zgjedhjet lokale n\u00eb Ulqin mund t\u00eb mbahen n\u00eb vjesht\u00eb n\u00eb paket\u00eb me parlamentaret, n\u00ebse do t\u00eb jen\u00eb, tha p\u00ebr Portalin UL-info funksionari i lart\u00eb i nj\u00ebr\u00ebs nga\" \/>\n<meta property=\"og:url\" content=\"https:\/\/www.visit-ulcinj.com\/blog\/2013\/07\/13\/ne-ulqin-politika-zhgenjyese-kompromis-apo-percarje\/\" \/>\n<meta property=\"og:site_name\" content=\"Lajme nga Ulqini\" \/>\n<meta property=\"article:published_time\" content=\"2013-07-13T18:35:14+00:00\" \/>\n<meta property=\"article:modified_time\" content=\"2013-07-13T18:39:38+00:00\" \/>\n<meta property=\"og:image\" content=\"http:\/\/www.visit-ulcinj.com\/blog\/wp-content\/uploads\/2013\/07\/ZGJEDHJET_IZBORI_ULCINJ_ULQIN-2010.3.jpg\" \/>\n<meta name=\"twitter:label1\" content=\"Written by\" \/>\n\t<meta name=\"twitter:data1\" content=\"ulqini\" \/>\n\t<meta name=\"twitter:label2\" content=\"Est. reading time\" \/>\n\t<meta name=\"twitter:data2\" content=\"4 minutes\" \/>\n<script type=\"application\/ld+json\" class=\"yoast-schema-graph\">{\"@context\":\"https:\/\/schema.org\",\"@graph\":[{\"@type\":\"WebSite\",\"@id\":\"https:\/\/www.visit-ulcinj.com\/blog\/#website\",\"url\":\"https:\/\/www.visit-ulcinj.com\/blog\/\",\"name\":\"Lajme nga Ulqini\",\"description\":\"Lajme,Vijesti,Ulqini,Ulqin,Crna Gora,Mali i Zi\",\"potentialAction\":[{\"@type\":\"SearchAction\",\"target\":{\"@type\":\"EntryPoint\",\"urlTemplate\":\"https:\/\/www.visit-ulcinj.com\/blog\/?s={search_term_string}\"},\"query-input\":\"required name=search_term_string\"}],\"inLanguage\":\"en-US\"},{\"@type\":\"ImageObject\",\"inLanguage\":\"en-US\",\"@id\":\"https:\/\/www.visit-ulcinj.com\/blog\/2013\/07\/13\/ne-ulqin-politika-zhgenjyese-kompromis-apo-percarje\/#primaryimage\",\"url\":\"https:\/\/www.visit-ulcinj.com\/blog\/wp-content\/uploads\/2013\/07\/ZGJEDHJET_IZBORI_ULCINJ_ULQIN-2010.3.jpg\",\"contentUrl\":\"https:\/\/www.visit-ulcinj.com\/blog\/wp-content\/uploads\/2013\/07\/ZGJEDHJET_IZBORI_ULCINJ_ULQIN-2010.3.jpg\",\"width\":490,\"height\":365},{\"@type\":\"WebPage\",\"@id\":\"https:\/\/www.visit-ulcinj.com\/blog\/2013\/07\/13\/ne-ulqin-politika-zhgenjyese-kompromis-apo-percarje\/#webpage\",\"url\":\"https:\/\/www.visit-ulcinj.com\/blog\/2013\/07\/13\/ne-ulqin-politika-zhgenjyese-kompromis-apo-percarje\/\",\"name\":\"N\u00eb Ulqin politika zhg\u00ebnjyese, kompromis apo p\u00ebr\u00e7arje - Lajme nga Ulqini\",\"isPartOf\":{\"@id\":\"https:\/\/www.visit-ulcinj.com\/blog\/#website\"},\"primaryImageOfPage\":{\"@id\":\"https:\/\/www.visit-ulcinj.com\/blog\/2013\/07\/13\/ne-ulqin-politika-zhgenjyese-kompromis-apo-percarje\/#primaryimage\"},\"datePublished\":\"2013-07-13T18:35:14+00:00\",\"dateModified\":\"2013-07-13T18:39:38+00:00\",\"author\":{\"@id\":\"https:\/\/www.visit-ulcinj.com\/blog\/#\/schema\/person\/dcab619c614d3038751c63bc2aadc06d\"},\"description\":\"Zgjedhjet lokale n\u00eb Ulqin mund t\u00eb mbahen n\u00eb vjesht\u00eb n\u00eb paket\u00eb me parlamentaret, n\u00ebse do t\u00eb jen\u00eb, tha p\u00ebr Portalin UL-info funksionari i lart\u00eb i nj\u00ebr\u00ebs nga\",\"breadcrumb\":{\"@id\":\"https:\/\/www.visit-ulcinj.com\/blog\/2013\/07\/13\/ne-ulqin-politika-zhgenjyese-kompromis-apo-percarje\/#breadcrumb\"},\"inLanguage\":\"en-US\",\"potentialAction\":[{\"@type\":\"ReadAction\",\"target\":[\"https:\/\/www.visit-ulcinj.com\/blog\/2013\/07\/13\/ne-ulqin-politika-zhgenjyese-kompromis-apo-percarje\/\"]}]},{\"@type\":\"BreadcrumbList\",\"@id\":\"https:\/\/www.visit-ulcinj.com\/blog\/2013\/07\/13\/ne-ulqin-politika-zhgenjyese-kompromis-apo-percarje\/#breadcrumb\",\"itemListElement\":[{\"@type\":\"ListItem\",\"position\":1,\"name\":\"N\u00eb Ulqin politika zhg\u00ebnjyese, kompromis apo p\u00ebr\u00e7arje\"}]},{\"@type\":\"Person\",\"@id\":\"https:\/\/www.visit-ulcinj.com\/blog\/#\/schema\/person\/dcab619c614d3038751c63bc2aadc06d\",\"name\":\"ulqini\",\"sameAs\":[\"http:\/\/www.visit-ulcinj.com\"],\"url\":\"https:\/\/www.visit-ulcinj.com\/blog\/author\/admin\/\"}]}<\/script>\n<!-- \/ Yoast SEO plugin. -->","yoast_head_json":{"title":"N\u00eb Ulqin politika zhg\u00ebnjyese, kompromis apo p\u00ebr\u00e7arje - Lajme nga Ulqini","description":"Zgjedhjet lokale n\u00eb Ulqin mund t\u00eb mbahen n\u00eb vjesht\u00eb n\u00eb paket\u00eb me parlamentaret, n\u00ebse do t\u00eb jen\u00eb, tha p\u00ebr Portalin UL-info funksionari i lart\u00eb i nj\u00ebr\u00ebs nga","robots":{"index":"index","follow":"follow","max-snippet":"max-snippet:-1","max-image-preview":"max-image-preview:large","max-video-preview":"max-video-preview:-1"},"canonical":"https:\/\/www.visit-ulcinj.com\/blog\/2013\/07\/13\/ne-ulqin-politika-zhgenjyese-kompromis-apo-percarje\/","og_locale":"en_US","og_type":"article","og_title":"N\u00eb Ulqin politika zhg\u00ebnjyese, kompromis apo p\u00ebr\u00e7arje - Lajme nga Ulqini","og_description":"Zgjedhjet lokale n\u00eb Ulqin mund t\u00eb mbahen n\u00eb vjesht\u00eb n\u00eb paket\u00eb me parlamentaret, n\u00ebse do t\u00eb jen\u00eb, tha p\u00ebr Portalin UL-info funksionari i lart\u00eb i nj\u00ebr\u00ebs nga","og_url":"https:\/\/www.visit-ulcinj.com\/blog\/2013\/07\/13\/ne-ulqin-politika-zhgenjyese-kompromis-apo-percarje\/","og_site_name":"Lajme nga Ulqini","article_published_time":"2013-07-13T18:35:14+00:00","article_modified_time":"2013-07-13T18:39:38+00:00","og_image":[{"url":"http:\/\/www.visit-ulcinj.com\/blog\/wp-content\/uploads\/2013\/07\/ZGJEDHJET_IZBORI_ULCINJ_ULQIN-2010.3.jpg"}],"twitter_misc":{"Written by":"ulqini","Est. reading time":"4 minutes"},"schema":{"@context":"https:\/\/schema.org","@graph":[{"@type":"WebSite","@id":"https:\/\/www.visit-ulcinj.com\/blog\/#website","url":"https:\/\/www.visit-ulcinj.com\/blog\/","name":"Lajme nga Ulqini","description":"Lajme,Vijesti,Ulqini,Ulqin,Crna Gora,Mali i Zi","potentialAction":[{"@type":"SearchAction","target":{"@type":"EntryPoint","urlTemplate":"https:\/\/www.visit-ulcinj.com\/blog\/?s={search_term_string}"},"query-input":"required name=search_term_string"}],"inLanguage":"en-US"},{"@type":"ImageObject","inLanguage":"en-US","@id":"https:\/\/www.visit-ulcinj.com\/blog\/2013\/07\/13\/ne-ulqin-politika-zhgenjyese-kompromis-apo-percarje\/#primaryimage","url":"https:\/\/www.visit-ulcinj.com\/blog\/wp-content\/uploads\/2013\/07\/ZGJEDHJET_IZBORI_ULCINJ_ULQIN-2010.3.jpg","contentUrl":"https:\/\/www.visit-ulcinj.com\/blog\/wp-content\/uploads\/2013\/07\/ZGJEDHJET_IZBORI_ULCINJ_ULQIN-2010.3.jpg","width":490,"height":365},{"@type":"WebPage","@id":"https:\/\/www.visit-ulcinj.com\/blog\/2013\/07\/13\/ne-ulqin-politika-zhgenjyese-kompromis-apo-percarje\/#webpage","url":"https:\/\/www.visit-ulcinj.com\/blog\/2013\/07\/13\/ne-ulqin-politika-zhgenjyese-kompromis-apo-percarje\/","name":"N\u00eb Ulqin politika zhg\u00ebnjyese, kompromis apo p\u00ebr\u00e7arje - Lajme nga Ulqini","isPartOf":{"@id":"https:\/\/www.visit-ulcinj.com\/blog\/#website"},"primaryImageOfPage":{"@id":"https:\/\/www.visit-ulcinj.com\/blog\/2013\/07\/13\/ne-ulqin-politika-zhgenjyese-kompromis-apo-percarje\/#primaryimage"},"datePublished":"2013-07-13T18:35:14+00:00","dateModified":"2013-07-13T18:39:38+00:00","author":{"@id":"https:\/\/www.visit-ulcinj.com\/blog\/#\/schema\/person\/dcab619c614d3038751c63bc2aadc06d"},"description":"Zgjedhjet lokale n\u00eb Ulqin mund t\u00eb mbahen n\u00eb vjesht\u00eb n\u00eb paket\u00eb me parlamentaret, n\u00ebse do t\u00eb jen\u00eb, tha p\u00ebr Portalin UL-info funksionari i lart\u00eb i nj\u00ebr\u00ebs nga","breadcrumb":{"@id":"https:\/\/www.visit-ulcinj.com\/blog\/2013\/07\/13\/ne-ulqin-politika-zhgenjyese-kompromis-apo-percarje\/#breadcrumb"},"inLanguage":"en-US","potentialAction":[{"@type":"ReadAction","target":["https:\/\/www.visit-ulcinj.com\/blog\/2013\/07\/13\/ne-ulqin-politika-zhgenjyese-kompromis-apo-percarje\/"]}]},{"@type":"BreadcrumbList","@id":"https:\/\/www.visit-ulcinj.com\/blog\/2013\/07\/13\/ne-ulqin-politika-zhgenjyese-kompromis-apo-percarje\/#breadcrumb","itemListElement":[{"@type":"ListItem","position":1,"name":"N\u00eb Ulqin politika zhg\u00ebnjyese, kompromis apo p\u00ebr\u00e7arje"}]},{"@type":"Person","@id":"https:\/\/www.visit-ulcinj.com\/blog\/#\/schema\/person\/dcab619c614d3038751c63bc2aadc06d","name":"ulqini","sameAs":["http:\/\/www.visit-ulcinj.com"],"url":"https:\/\/www.visit-ulcinj.com\/blog\/author\/admin\/"}]}},"jetpack_featured_media_url":"","jetpack_sharing_enabled":true,"jetpack_shortlink":"https:\/\/wp.me\/pe6lTn-j3Z","_links":{"self":[{"href":"https:\/\/www.visit-ulcinj.com\/blog\/wp-json\/wp\/v2\/posts\/73283"}],"collection":[{"href":"https:\/\/www.visit-ulcinj.com\/blog\/wp-json\/wp\/v2\/posts"}],"about":[{"href":"https:\/\/www.visit-ulcinj.com\/blog\/wp-json\/wp\/v2\/types\/post"}],"author":[{"embeddable":true,"href":"https:\/\/www.visit-ulcinj.com\/blog\/wp-json\/wp\/v2\/users\/1"}],"replies":[{"embeddable":true,"href":"https:\/\/www.visit-ulcinj.com\/blog\/wp-json\/wp\/v2\/comments?post=73283"}],"version-history":[{"count":3,"href":"https:\/\/www.visit-ulcinj.com\/blog\/wp-json\/wp\/v2\/posts\/73283\/revisions"}],"predecessor-version":[{"id":73287,"href":"https:\/\/www.visit-ulcinj.com\/blog\/wp-json\/wp\/v2\/posts\/73283\/revisions\/73287"}],"wp:attachment":[{"href":"https:\/\/www.visit-ulcinj.com\/blog\/wp-json\/wp\/v2\/media?parent=73283"}],"wp:term":[{"taxonomy":"category","embeddable":true,"href":"https:\/\/www.visit-ulcinj.com\/blog\/wp-json\/wp\/v2\/categories?post=73283"},{"taxonomy":"post_tag","embeddable":true,"href":"https:\/\/www.visit-ulcinj.com\/blog\/wp-json\/wp\/v2\/tags?post=73283"}],"curies":[{"name":"wp","href":"https:\/\/api.w.org\/{rel}","templated":true}]}}