{"id":73291,"date":"2013-07-14T07:28:51","date_gmt":"2013-07-14T06:28:51","guid":{"rendered":"http:\/\/www.visit-ulcinj.com\/blog\/?p=73291"},"modified":"2013-07-15T06:41:41","modified_gmt":"2013-07-15T05:41:41","slug":"ngjarje-e-vertet-e-grabitjes-e-enver-ardian-nasradinit-ne-shqiperi-video","status":"publish","type":"post","link":"https:\/\/www.visit-ulcinj.com\/blog\/2013\/07\/14\/ngjarje-e-vertet-e-grabitjes-e-enver-ardian-nasradinit-ne-shqiperi-video\/","title":{"rendered":"Ngjarje e v\u00ebrtet e grabitjes e Enver &#038; Ardian Nasradinit n\u00eb Shqiperi &#8211; Video"},"content":{"rendered":"<p><a href=\"http:\/\/www.visit-ulcinj.com\/blog\/wp-content\/uploads\/2013\/07\/Adrian-Nasradini-ulqin.jpg\"><img loading=\"lazy\" class=\"alignleft  wp-image-73292\" alt=\"Adrian Nasradini-ulqin\" src=\"http:\/\/www.visit-ulcinj.com\/blog\/wp-content\/uploads\/2013\/07\/Adrian-Nasradini-ulqin.jpg\" width=\"300\" height=\"350\" \/><\/a>E verteta asht se isha duke udhetuar ne rrugen per ne prizren ma precize isha ne vendin Rr\u00ebshem, ne makin isha me baben tim Enver Nasradinin dhe me 2 djem te kosoves te cilet isha edhe duke i cuar per prizren ne rrug hasa ne nj\u00eb barikade e cila ishte e bere prej gomash te kamionash-autobusash dhe me gur\u00eb masi q\u00eb nuk pata si ta tejkaloj ate barikad isha i domozdoshem te kaloj permbi gur\u00eb ne ate kalim erdh deri te prishja e gumave dhe felmave te makines&#8230;dhe ishte e domozdoshme te ndalem per te shikuar d\u00ebmin e b\u00ebre ne makin\u00eb ceki ne momentin kur dolem nka makina pas 1-2minutit arriti nj\u00eb makin me tabela te kosoves 01 modeli ww bora i cili erdh me shpejtsi te vogel dhe let e tejkaloj barikaden aj u ndal perpara makines time dhe dulen 3 persona prej makines se kosoves per t\u00eb shikuar a e kam ba ndonj\u00eb dam n\u00eb makinen e tyre ne ate moment nisi krisma e pushkes&#8230;2personat qe ishin me mu per ti cuar per kosov morren \u00e7antat dhe pa koment me vrap shkun ne veturen 01 b\u00ebren pagesen qe u morrem vesht per udhetim deri ne prizren dhe iken me ate veture kurse une dhe baba im metem aty mir por kur vazhdoj krisma e armes edhe na vendosem te provojm te ikim prej aty u nisem dhe arritem te largohemi disa metra ndoshta 700-800metra kurse neve na u duk se kemi ik shum me shum dhe se peshtuam prej rrezikut masi qe ikem aq u ndalem per ta nderruar gumen tecilen ishte m\u00eb e rrezikshmja per te ecur dulem une dhe baba im edhe se une jam ne gjendje te rend\u00eb sh\u00ebndetsore sepse kam pas\u00eb operacion te r\u00ebnd dola ti ndihmoj babes mas 2-3min sa arritem ta hekim gumen arriten arrestuesit ku gjuajten direkt ne ne por arriti t\u00eb na peshtoj bankina e autobanit mas 2 gjuajtesh dolem mas neve dhe na arrestuan ku na morren babes 2 zinxhir te art kurse mu \u00e7anten me 1050\u20ac para gjyzdin me krejt dokumentat, \u00e7elcat e makines golf 5 i cili asht prona ime, oren marken FOSIL dhe ku me dit se sa e sa gj\u00ebra tjera qe as nuk kujtohem qe i kam pas ne xhant masi i morr\u00ebn u larguan ne drejtim te pa njohur posht rruges duke na frikesuar dhe duke na than se na presin tjeret me posht, ne masi e ndruam gumen vazhduam rrugen ne drejtim te Prizrenit eca me dy guma te zberthyra dhe arrita deri te pumpa e benzinit KASTRATI ku dhe u ndala dhe e thira policin te cil\u00ebt me than\u00eb kur ta rregullosh makinen hajde ne stacionin e policis rr\u00ebshem edhe se i thash se nuk mund te vi sepse i kam 3 guma te plasna pergjigja tyre ke lypi atyne shokve ne pump se ju ndihmojn prej ne ora 03:30 deri ne ora 09:30 q\u00eb une arrita te vi ne stacionin e rr\u00ebshemit masi q\u00eb arriti familja ime prej ulqinit per te mi sjell gumat tjera mrrita n\u00eb 09:30 ne stacion dhe prita deri ne or\u00ebn 11:15 t\u00eb vin komesar\u00ebt, deri q\u00eb une nuk kontaktova Ambasaden Malazeze z.Ferhat Dinosha pas thirjes p\u00ebr ndihm ne Ambasad dol\u00ebn polic\u00ebt per t\u00eb me thirur dhe me than se erdhen komesar\u00ebt dmth pa reagim te Ambasades kerkush nuk reagoj prej policis\u00eb&#8230;lus Ambasaden Malazeze ne krye me z. Ferhat Dinoshen te me ndihmojne ne zbulimin dhe kapjen e ketyre kriminelave.Pres reagim dhe arr\u00ebstim sa m\u00eb te shpejt q\u00eb asht e mundur.<\/p>\n<p><strong>Adrian Nasradini<\/strong><br \/>\n<iframe loading=\"lazy\" src=\"\/\/www.youtube.com\/embed\/n7Zd9WO9hgM\" height=\"360\" width=\"508\" allowfullscreen=\"\" frameborder=\"0\"><\/iframe><br \/>\n\n\t\t<style type=\"text\/css\">\n\t\t\t#gallery-1 {\n\t\t\t\tmargin: auto;\n\t\t\t}\n\t\t\t#gallery-1 .gallery-item {\n\t\t\t\tfloat: left;\n\t\t\t\tmargin-top: 10px;\n\t\t\t\ttext-align: center;\n\t\t\t\twidth: 33%;\n\t\t\t}\n\t\t\t#gallery-1 img {\n\t\t\t\tborder: 2px solid #cfcfcf;\n\t\t\t}\n\t\t\t#gallery-1 .gallery-caption {\n\t\t\t\tmargin-left: 0;\n\t\t\t}\n\t\t\t\/* see gallery_shortcode() in wp-includes\/media.php *\/\n\t\t<\/style>\n\t\t<div id='gallery-1' class='gallery galleryid-73291 gallery-columns-3 gallery-size-thumbnail'><dl class='gallery-item'>\n\t\t\t<dt class='gallery-icon landscape'>\n\t\t\t\t<a href='https:\/\/www.visit-ulcinj.com\/blog\/2013\/07\/14\/ngjarje-e-vertet-e-grabitjes-e-enver-ardian-nasradinit-ne-shqiperi-video\/attachment\/2\/'><img width=\"150\" height=\"150\" src=\"https:\/\/www.visit-ulcinj.com\/blog\/wp-content\/uploads\/2013\/07\/2-150x150.jpg\" class=\"attachment-thumbnail size-thumbnail\" alt=\"\" loading=\"lazy\" \/><\/a>\n\t\t\t<\/dt><\/dl><dl class='gallery-item'>\n\t\t\t<dt class='gallery-icon portrait'>\n\t\t\t\t<a href='https:\/\/www.visit-ulcinj.com\/blog\/2013\/07\/14\/ngjarje-e-vertet-e-grabitjes-e-enver-ardian-nasradinit-ne-shqiperi-video\/3-2\/'><img width=\"150\" height=\"150\" src=\"https:\/\/www.visit-ulcinj.com\/blog\/wp-content\/uploads\/2013\/07\/3-150x150.jpg\" class=\"attachment-thumbnail size-thumbnail\" alt=\"\" loading=\"lazy\" \/><\/a>\n\t\t\t<\/dt><\/dl><dl class='gallery-item'>\n\t\t\t<dt class='gallery-icon landscape'>\n\t\t\t\t<a href='https:\/\/www.visit-ulcinj.com\/blog\/2013\/07\/14\/ngjarje-e-vertet-e-grabitjes-e-enver-ardian-nasradinit-ne-shqiperi-video\/attachment\/4\/'><img width=\"150\" height=\"150\" src=\"https:\/\/www.visit-ulcinj.com\/blog\/wp-content\/uploads\/2013\/07\/4-150x150.jpg\" class=\"attachment-thumbnail size-thumbnail\" alt=\"\" loading=\"lazy\" \/><\/a>\n\t\t\t<\/dt><\/dl><br style=\"clear: both\" \/><dl class='gallery-item'>\n\t\t\t<dt class='gallery-icon portrait'>\n\t\t\t\t<a href='https:\/\/www.visit-ulcinj.com\/blog\/2013\/07\/14\/ngjarje-e-vertet-e-grabitjes-e-enver-ardian-nasradinit-ne-shqiperi-video\/attachment\/5\/'><img width=\"150\" height=\"150\" src=\"https:\/\/www.visit-ulcinj.com\/blog\/wp-content\/uploads\/2013\/07\/5-150x150.jpg\" class=\"attachment-thumbnail size-thumbnail\" alt=\"\" loading=\"lazy\" \/><\/a>\n\t\t\t<\/dt><\/dl><dl class='gallery-item'>\n\t\t\t<dt class='gallery-icon portrait'>\n\t\t\t\t<a href='https:\/\/www.visit-ulcinj.com\/blog\/2013\/07\/14\/ngjarje-e-vertet-e-grabitjes-e-enver-ardian-nasradinit-ne-shqiperi-video\/6-2\/'><img width=\"150\" height=\"150\" src=\"https:\/\/www.visit-ulcinj.com\/blog\/wp-content\/uploads\/2013\/07\/6-150x150.jpg\" class=\"attachment-thumbnail size-thumbnail\" alt=\"\" loading=\"lazy\" \/><\/a>\n\t\t\t<\/dt><\/dl><dl class='gallery-item'>\n\t\t\t<dt class='gallery-icon portrait'>\n\t\t\t\t<a href='https:\/\/www.visit-ulcinj.com\/blog\/2013\/07\/14\/ngjarje-e-vertet-e-grabitjes-e-enver-ardian-nasradinit-ne-shqiperi-video\/7-2\/'><img width=\"150\" height=\"150\" src=\"https:\/\/www.visit-ulcinj.com\/blog\/wp-content\/uploads\/2013\/07\/7-150x150.jpg\" class=\"attachment-thumbnail size-thumbnail\" alt=\"\" loading=\"lazy\" \/><\/a>\n\t\t\t<\/dt><\/dl><br style=\"clear: both\" \/><dl class='gallery-item'>\n\t\t\t<dt class='gallery-icon portrait'>\n\t\t\t\t<a href='https:\/\/www.visit-ulcinj.com\/blog\/2013\/07\/14\/ngjarje-e-vertet-e-grabitjes-e-enver-ardian-nasradinit-ne-shqiperi-video\/attachment\/8\/'><img width=\"150\" height=\"150\" src=\"https:\/\/www.visit-ulcinj.com\/blog\/wp-content\/uploads\/2013\/07\/8-150x150.jpg\" class=\"attachment-thumbnail size-thumbnail\" alt=\"\" loading=\"lazy\" \/><\/a>\n\t\t\t<\/dt><\/dl><dl class='gallery-item'>\n\t\t\t<dt class='gallery-icon portrait'>\n\t\t\t\t<a href='https:\/\/www.visit-ulcinj.com\/blog\/2013\/07\/14\/ngjarje-e-vertet-e-grabitjes-e-enver-ardian-nasradinit-ne-shqiperi-video\/9-2\/'><img width=\"150\" height=\"150\" src=\"https:\/\/www.visit-ulcinj.com\/blog\/wp-content\/uploads\/2013\/07\/9-150x150.jpg\" class=\"attachment-thumbnail size-thumbnail\" alt=\"\" loading=\"lazy\" \/><\/a>\n\t\t\t<\/dt><\/dl>\n\t\t\t<br style='clear: both' \/>\n\t\t<\/div>\n<\/p>\n","protected":false},"excerpt":{"rendered":"<p>E verteta asht se isha duke udhetuar ne rrugen per ne prizren ma precize isha ne vendin Rr\u00ebshem, ne makin isha me baben tim Enver Nasradinin dhe me 2 djem te kosoves te cilet isha edhe duke i cuar per prizren ne rrug hasa ne nj\u00eb barikade e cila ishte e bere prej gomash te [&hellip;]<\/p>\n","protected":false},"author":1,"featured_media":0,"comment_status":"closed","ping_status":"closed","sticky":false,"template":"","format":"standard","meta":{"spay_email":"","jetpack_publicize_message":"","jetpack_is_tweetstorm":false,"jetpack_publicize_feature_enabled":true},"categories":[1,12],"tags":[],"jetpack_publicize_connections":[],"yoast_head":"<!-- This site is optimized with the Yoast SEO plugin v19.1 - https:\/\/yoast.com\/wordpress\/plugins\/seo\/ -->\n<title>Ngjarje e v\u00ebrtet e grabitjes e Enver &amp; Ardian Nasradinit n\u00eb Shqiperi - Video - Lajme nga Ulqini<\/title>\n<meta name=\"description\" content=\"E verteta asht se isha duke udhetuar ne rrugen per ne prizren ma precize isha ne vendin Rr\u00ebshem, ne makin isha me baben tim Enver Nasradinin dhe me 2 djem\" \/>\n<meta name=\"robots\" content=\"index, follow, max-snippet:-1, max-image-preview:large, max-video-preview:-1\" \/>\n<link rel=\"canonical\" href=\"https:\/\/www.visit-ulcinj.com\/blog\/2013\/07\/14\/ngjarje-e-vertet-e-grabitjes-e-enver-ardian-nasradinit-ne-shqiperi-video\/\" \/>\n<meta property=\"og:locale\" content=\"en_US\" \/>\n<meta property=\"og:type\" content=\"article\" \/>\n<meta property=\"og:title\" content=\"Ngjarje e v\u00ebrtet e grabitjes e Enver &amp; Ardian Nasradinit n\u00eb Shqiperi - Video - Lajme nga Ulqini\" \/>\n<meta property=\"og:description\" content=\"E verteta asht se isha duke udhetuar ne rrugen per ne prizren ma precize isha ne vendin Rr\u00ebshem, ne makin isha me baben tim Enver Nasradinin dhe me 2 djem\" \/>\n<meta property=\"og:url\" content=\"https:\/\/www.visit-ulcinj.com\/blog\/2013\/07\/14\/ngjarje-e-vertet-e-grabitjes-e-enver-ardian-nasradinit-ne-shqiperi-video\/\" \/>\n<meta property=\"og:site_name\" content=\"Lajme nga Ulqini\" \/>\n<meta property=\"article:published_time\" content=\"2013-07-14T06:28:51+00:00\" \/>\n<meta property=\"article:modified_time\" content=\"2013-07-15T05:41:41+00:00\" \/>\n<meta property=\"og:image\" content=\"https:\/\/www.visit-ulcinj.com\/blog\/wp-content\/uploads\/2013\/07\/1-150x150.jpg\" \/>\n<meta name=\"twitter:label1\" content=\"Written by\" \/>\n\t<meta name=\"twitter:data1\" content=\"ulqini\" \/>\n\t<meta name=\"twitter:label2\" content=\"Est. reading time\" \/>\n\t<meta name=\"twitter:data2\" content=\"3 minutes\" \/>\n<script type=\"application\/ld+json\" class=\"yoast-schema-graph\">{\"@context\":\"https:\/\/schema.org\",\"@graph\":[{\"@type\":\"WebSite\",\"@id\":\"https:\/\/www.visit-ulcinj.com\/blog\/#website\",\"url\":\"https:\/\/www.visit-ulcinj.com\/blog\/\",\"name\":\"Lajme nga Ulqini\",\"description\":\"Lajme,Vijesti,Ulqini,Ulqin,Crna Gora,Mali i Zi\",\"potentialAction\":[{\"@type\":\"SearchAction\",\"target\":{\"@type\":\"EntryPoint\",\"urlTemplate\":\"https:\/\/www.visit-ulcinj.com\/blog\/?s={search_term_string}\"},\"query-input\":\"required name=search_term_string\"}],\"inLanguage\":\"en-US\"},{\"@type\":\"ImageObject\",\"inLanguage\":\"en-US\",\"@id\":\"https:\/\/www.visit-ulcinj.com\/blog\/2013\/07\/14\/ngjarje-e-vertet-e-grabitjes-e-enver-ardian-nasradinit-ne-shqiperi-video\/#primaryimage\",\"url\":\"http:\/\/www.visit-ulcinj.com\/blog\/wp-content\/uploads\/2013\/07\/Adrian-Nasradini-ulqin.jpg\",\"contentUrl\":\"http:\/\/www.visit-ulcinj.com\/blog\/wp-content\/uploads\/2013\/07\/Adrian-Nasradini-ulqin.jpg\"},{\"@type\":\"WebPage\",\"@id\":\"https:\/\/www.visit-ulcinj.com\/blog\/2013\/07\/14\/ngjarje-e-vertet-e-grabitjes-e-enver-ardian-nasradinit-ne-shqiperi-video\/#webpage\",\"url\":\"https:\/\/www.visit-ulcinj.com\/blog\/2013\/07\/14\/ngjarje-e-vertet-e-grabitjes-e-enver-ardian-nasradinit-ne-shqiperi-video\/\",\"name\":\"Ngjarje e v\u00ebrtet e grabitjes e Enver & Ardian Nasradinit n\u00eb Shqiperi - Video - Lajme nga Ulqini\",\"isPartOf\":{\"@id\":\"https:\/\/www.visit-ulcinj.com\/blog\/#website\"},\"primaryImageOfPage\":{\"@id\":\"https:\/\/www.visit-ulcinj.com\/blog\/2013\/07\/14\/ngjarje-e-vertet-e-grabitjes-e-enver-ardian-nasradinit-ne-shqiperi-video\/#primaryimage\"},\"datePublished\":\"2013-07-14T06:28:51+00:00\",\"dateModified\":\"2013-07-15T05:41:41+00:00\",\"author\":{\"@id\":\"https:\/\/www.visit-ulcinj.com\/blog\/#\/schema\/person\/dcab619c614d3038751c63bc2aadc06d\"},\"description\":\"E verteta asht se isha duke udhetuar ne rrugen per ne prizren ma precize isha ne vendin Rr\u00ebshem, ne makin isha me baben tim Enver Nasradinin dhe me 2 djem\",\"breadcrumb\":{\"@id\":\"https:\/\/www.visit-ulcinj.com\/blog\/2013\/07\/14\/ngjarje-e-vertet-e-grabitjes-e-enver-ardian-nasradinit-ne-shqiperi-video\/#breadcrumb\"},\"inLanguage\":\"en-US\",\"potentialAction\":[{\"@type\":\"ReadAction\",\"target\":[\"https:\/\/www.visit-ulcinj.com\/blog\/2013\/07\/14\/ngjarje-e-vertet-e-grabitjes-e-enver-ardian-nasradinit-ne-shqiperi-video\/\"]}]},{\"@type\":\"BreadcrumbList\",\"@id\":\"https:\/\/www.visit-ulcinj.com\/blog\/2013\/07\/14\/ngjarje-e-vertet-e-grabitjes-e-enver-ardian-nasradinit-ne-shqiperi-video\/#breadcrumb\",\"itemListElement\":[{\"@type\":\"ListItem\",\"position\":1,\"name\":\"Ngjarje e v\u00ebrtet e grabitjes e Enver &#038; Ardian Nasradinit n\u00eb Shqiperi &#8211; Video\"}]},{\"@type\":\"Person\",\"@id\":\"https:\/\/www.visit-ulcinj.com\/blog\/#\/schema\/person\/dcab619c614d3038751c63bc2aadc06d\",\"name\":\"ulqini\",\"sameAs\":[\"http:\/\/www.visit-ulcinj.com\"],\"url\":\"https:\/\/www.visit-ulcinj.com\/blog\/author\/admin\/\"}]}<\/script>\n<!-- \/ Yoast SEO plugin. -->","yoast_head_json":{"title":"Ngjarje e v\u00ebrtet e grabitjes e Enver & Ardian Nasradinit n\u00eb Shqiperi - Video - Lajme nga Ulqini","description":"E verteta asht se isha duke udhetuar ne rrugen per ne prizren ma precize isha ne vendin Rr\u00ebshem, ne makin isha me baben tim Enver Nasradinin dhe me 2 djem","robots":{"index":"index","follow":"follow","max-snippet":"max-snippet:-1","max-image-preview":"max-image-preview:large","max-video-preview":"max-video-preview:-1"},"canonical":"https:\/\/www.visit-ulcinj.com\/blog\/2013\/07\/14\/ngjarje-e-vertet-e-grabitjes-e-enver-ardian-nasradinit-ne-shqiperi-video\/","og_locale":"en_US","og_type":"article","og_title":"Ngjarje e v\u00ebrtet e grabitjes e Enver & Ardian Nasradinit n\u00eb Shqiperi - Video - Lajme nga Ulqini","og_description":"E verteta asht se isha duke udhetuar ne rrugen per ne prizren ma precize isha ne vendin Rr\u00ebshem, ne makin isha me baben tim Enver Nasradinin dhe me 2 djem","og_url":"https:\/\/www.visit-ulcinj.com\/blog\/2013\/07\/14\/ngjarje-e-vertet-e-grabitjes-e-enver-ardian-nasradinit-ne-shqiperi-video\/","og_site_name":"Lajme nga Ulqini","article_published_time":"2013-07-14T06:28:51+00:00","article_modified_time":"2013-07-15T05:41:41+00:00","og_image":[{"url":"https:\/\/www.visit-ulcinj.com\/blog\/wp-content\/uploads\/2013\/07\/1-150x150.jpg"}],"twitter_misc":{"Written by":"ulqini","Est. reading time":"3 minutes"},"schema":{"@context":"https:\/\/schema.org","@graph":[{"@type":"WebSite","@id":"https:\/\/www.visit-ulcinj.com\/blog\/#website","url":"https:\/\/www.visit-ulcinj.com\/blog\/","name":"Lajme nga Ulqini","description":"Lajme,Vijesti,Ulqini,Ulqin,Crna Gora,Mali i Zi","potentialAction":[{"@type":"SearchAction","target":{"@type":"EntryPoint","urlTemplate":"https:\/\/www.visit-ulcinj.com\/blog\/?s={search_term_string}"},"query-input":"required name=search_term_string"}],"inLanguage":"en-US"},{"@type":"ImageObject","inLanguage":"en-US","@id":"https:\/\/www.visit-ulcinj.com\/blog\/2013\/07\/14\/ngjarje-e-vertet-e-grabitjes-e-enver-ardian-nasradinit-ne-shqiperi-video\/#primaryimage","url":"http:\/\/www.visit-ulcinj.com\/blog\/wp-content\/uploads\/2013\/07\/Adrian-Nasradini-ulqin.jpg","contentUrl":"http:\/\/www.visit-ulcinj.com\/blog\/wp-content\/uploads\/2013\/07\/Adrian-Nasradini-ulqin.jpg"},{"@type":"WebPage","@id":"https:\/\/www.visit-ulcinj.com\/blog\/2013\/07\/14\/ngjarje-e-vertet-e-grabitjes-e-enver-ardian-nasradinit-ne-shqiperi-video\/#webpage","url":"https:\/\/www.visit-ulcinj.com\/blog\/2013\/07\/14\/ngjarje-e-vertet-e-grabitjes-e-enver-ardian-nasradinit-ne-shqiperi-video\/","name":"Ngjarje e v\u00ebrtet e grabitjes e Enver & Ardian Nasradinit n\u00eb Shqiperi - Video - Lajme nga Ulqini","isPartOf":{"@id":"https:\/\/www.visit-ulcinj.com\/blog\/#website"},"primaryImageOfPage":{"@id":"https:\/\/www.visit-ulcinj.com\/blog\/2013\/07\/14\/ngjarje-e-vertet-e-grabitjes-e-enver-ardian-nasradinit-ne-shqiperi-video\/#primaryimage"},"datePublished":"2013-07-14T06:28:51+00:00","dateModified":"2013-07-15T05:41:41+00:00","author":{"@id":"https:\/\/www.visit-ulcinj.com\/blog\/#\/schema\/person\/dcab619c614d3038751c63bc2aadc06d"},"description":"E verteta asht se isha duke udhetuar ne rrugen per ne prizren ma precize isha ne vendin Rr\u00ebshem, ne makin isha me baben tim Enver Nasradinin dhe me 2 djem","breadcrumb":{"@id":"https:\/\/www.visit-ulcinj.com\/blog\/2013\/07\/14\/ngjarje-e-vertet-e-grabitjes-e-enver-ardian-nasradinit-ne-shqiperi-video\/#breadcrumb"},"inLanguage":"en-US","potentialAction":[{"@type":"ReadAction","target":["https:\/\/www.visit-ulcinj.com\/blog\/2013\/07\/14\/ngjarje-e-vertet-e-grabitjes-e-enver-ardian-nasradinit-ne-shqiperi-video\/"]}]},{"@type":"BreadcrumbList","@id":"https:\/\/www.visit-ulcinj.com\/blog\/2013\/07\/14\/ngjarje-e-vertet-e-grabitjes-e-enver-ardian-nasradinit-ne-shqiperi-video\/#breadcrumb","itemListElement":[{"@type":"ListItem","position":1,"name":"Ngjarje e v\u00ebrtet e grabitjes e Enver &#038; Ardian Nasradinit n\u00eb Shqiperi &#8211; Video"}]},{"@type":"Person","@id":"https:\/\/www.visit-ulcinj.com\/blog\/#\/schema\/person\/dcab619c614d3038751c63bc2aadc06d","name":"ulqini","sameAs":["http:\/\/www.visit-ulcinj.com"],"url":"https:\/\/www.visit-ulcinj.com\/blog\/author\/admin\/"}]}},"jetpack_featured_media_url":"","jetpack_sharing_enabled":true,"jetpack_shortlink":"https:\/\/wp.me\/pe6lTn-j47","_links":{"self":[{"href":"https:\/\/www.visit-ulcinj.com\/blog\/wp-json\/wp\/v2\/posts\/73291"}],"collection":[{"href":"https:\/\/www.visit-ulcinj.com\/blog\/wp-json\/wp\/v2\/posts"}],"about":[{"href":"https:\/\/www.visit-ulcinj.com\/blog\/wp-json\/wp\/v2\/types\/post"}],"author":[{"embeddable":true,"href":"https:\/\/www.visit-ulcinj.com\/blog\/wp-json\/wp\/v2\/users\/1"}],"replies":[{"embeddable":true,"href":"https:\/\/www.visit-ulcinj.com\/blog\/wp-json\/wp\/v2\/comments?post=73291"}],"version-history":[{"count":2,"href":"https:\/\/www.visit-ulcinj.com\/blog\/wp-json\/wp\/v2\/posts\/73291\/revisions"}],"predecessor-version":[{"id":73349,"href":"https:\/\/www.visit-ulcinj.com\/blog\/wp-json\/wp\/v2\/posts\/73291\/revisions\/73349"}],"wp:attachment":[{"href":"https:\/\/www.visit-ulcinj.com\/blog\/wp-json\/wp\/v2\/media?parent=73291"}],"wp:term":[{"taxonomy":"category","embeddable":true,"href":"https:\/\/www.visit-ulcinj.com\/blog\/wp-json\/wp\/v2\/categories?post=73291"},{"taxonomy":"post_tag","embeddable":true,"href":"https:\/\/www.visit-ulcinj.com\/blog\/wp-json\/wp\/v2\/tags?post=73291"}],"curies":[{"name":"wp","href":"https:\/\/api.w.org\/{rel}","templated":true}]}}