{"id":73304,"date":"2013-07-14T14:36:36","date_gmt":"2013-07-14T13:36:36","guid":{"rendered":"http:\/\/www.visit-ulcinj.com\/blog\/?p=73304"},"modified":"2013-07-16T15:26:36","modified_gmt":"2013-07-16T14:26:36","slug":"hotel-mediteran-organizon-iftare-per-qytetaret-e-ulqinit","status":"publish","type":"post","link":"https:\/\/www.visit-ulcinj.com\/blog\/2013\/07\/14\/hotel-mediteran-organizon-iftare-per-qytetaret-e-ulqinit\/","title":{"rendered":"Hotel Mediteran organizon iftare per qytetaret e ulqinit"},"content":{"rendered":"<p><a href=\"http:\/\/www.visit-ulcinj.com\/blog\/wp-content\/uploads\/2013\/07\/Hotel-Mediteran-organizon-iftare.jpg\"><img loading=\"lazy\" class=\"alignleft  wp-image-73305\" alt=\"Hotel Mediteran organizon iftare\" src=\"http:\/\/www.visit-ulcinj.com\/blog\/wp-content\/uploads\/2013\/07\/Hotel-Mediteran-organizon-iftare.jpg\" width=\"508\" height=\"360\" \/><\/a>Muaji i Ramazanit ka trokitur ne cdo familje muslimane, dhe sic eshte tradite sapo afrohet ora e iftarit shtrohen tavolina te medha me ushqime nga me te larmishmet duke mbledhur familjaret dhe shoqerite se bashku.<\/p>\n<p><a href=\"http:\/\/www.visit-ulcinj.com\/blog\/wp-content\/uploads\/2013\/07\/Hotel-Mediteran-organizon-iftare-1.jpg\"><img loading=\"lazy\" class=\"alignleft  wp-image-73306\" alt=\"Hotel-Mediteran-organizon-iftare-1\" src=\"http:\/\/www.visit-ulcinj.com\/blog\/wp-content\/uploads\/2013\/07\/Hotel-Mediteran-organizon-iftare-1.jpg\" width=\"508\" height=\"360\" \/><\/a><br \/>\nSi cdo vit, Hoteli Mediteran qendron afer qytetareve dhe nevojave te tyre duke organizuar pritje dhe evenimente te ndryshme. Kete vite ky muaj i shenjte i ramazanit per besimtaret musliman ka shenuar pritjen e radhes ne hotelin mediteran. Darkat e iftarit shtrohen ne menyre te organizuar per familjaret te cilet deshirojne qe per mysafiret e tyre te kene nje pritje dinjitoze dhe me nje meny te larmishme.<br \/>\n<a href=\"http:\/\/www.visit-ulcinj.com\/blog\/wp-content\/uploads\/2013\/07\/Hotel-Mediteran-organizon-iftare-2.jpg\"><img loading=\"lazy\" class=\"alignleft  wp-image-73307\" alt=\"Hotel-Mediteran-organizon-iftare-2\" src=\"http:\/\/www.visit-ulcinj.com\/blog\/wp-content\/uploads\/2013\/07\/Hotel-Mediteran-organizon-iftare-2.jpg\" width=\"508\" height=\"360\" \/><\/a><\/p>\n<p>Hotel Mediteran merret me gjithe organizimin dhe ofron nje sherbim cilesore, menyja bazohet ne ushqimet tradicionale te ramazanit. Per personat qe deshirojne dicka me te personalizuar hoteli ofron mundesine e perzgjedhjes se menyse qe deshiron tju serviri mysafireve te tij. Ketu nuk perjashtohen as individualet te cilet ne menyre rastesore vendosin te konsumojne ushqimet e iftarit ne hotel meditera.<br \/>\n<a href=\"http:\/\/www.visit-ulcinj.com\/blog\/wp-content\/uploads\/2013\/07\/Hotel-Mediteran-organizon-iftare-3.jpg\"><img loading=\"lazy\" class=\"alignleft  wp-image-73308\" alt=\"Hotel-Mediteran-organizon-iftare-3\" src=\"http:\/\/www.visit-ulcinj.com\/blog\/wp-content\/uploads\/2013\/07\/Hotel-Mediteran-organizon-iftare-3.jpg\" width=\"508\" height=\"300\" \/><\/a><\/p>\n<p>Per organizimin e pritjeve te iftareve hoteli vendos ne dispozicionin e te interesuarve numrat e telefonit si edhe kontaktet online.<br \/>\n<strong>Phone\u00a0\u00a0 \u00a0030 403 124<\/strong><\/p>\n<p><strong>Email\u00a0\u00a0 \u00a0 <a href=\"mailto:sales@hotel-mediteran.com\">sales@hotel-mediteran.com<\/a> <\/strong><br \/>\nHotel Mediteran ju uron agj\u00ebrim t\u00eb leht\u00eb dhe t\u00eb pranuar, t\u00eb gjith\u00eb besimtar\u00ebve mysliman\u00eb\u00a0 ! Ju ftojme te kaloni iftare te kendshem ne ambjentet e restoranit qe do jete i hapur per ju me nje fryme mikepritese dhe familjare.<\/p>\n<p><iframe loading=\"lazy\" src=\"\/\/www.youtube.com\/embed\/nvI_q7fj_1Y\" height=\"360\" width=\"508\" allowfullscreen=\"\" frameborder=\"0\"><\/iframe><\/p>\n","protected":false},"excerpt":{"rendered":"<p>Muaji i Ramazanit ka trokitur ne cdo familje muslimane, dhe sic eshte tradite sapo afrohet ora e iftarit shtrohen tavolina te medha me ushqime nga me te larmishmet duke mbledhur familjaret dhe shoqerite se bashku. Si cdo vit, Hoteli Mediteran qendron afer qytetareve dhe nevojave te tyre duke organizuar pritje dhe evenimente te ndryshme. Kete [&hellip;]<\/p>\n","protected":false},"author":1,"featured_media":0,"comment_status":"closed","ping_status":"closed","sticky":false,"template":"","format":"standard","meta":{"spay_email":"","jetpack_publicize_message":"","jetpack_is_tweetstorm":false,"jetpack_publicize_feature_enabled":true},"categories":[10,6950],"tags":[],"jetpack_publicize_connections":[],"yoast_head":"<!-- This site is optimized with the Yoast SEO plugin v19.1 - https:\/\/yoast.com\/wordpress\/plugins\/seo\/ -->\n<title>Hotel Mediteran organizon iftare per qytetaret e ulqinit - Lajme nga Ulqini<\/title>\n<meta name=\"description\" content=\"Muaji i Ramazanit ka trokitur ne cdo familje muslimane, dhe sic eshte tradite sapo afrohet ora e iftarit shtrohen tavolina te medha me ushqime nga me te\" \/>\n<meta name=\"robots\" content=\"index, follow, max-snippet:-1, max-image-preview:large, max-video-preview:-1\" \/>\n<link rel=\"canonical\" href=\"https:\/\/www.visit-ulcinj.com\/blog\/2013\/07\/14\/hotel-mediteran-organizon-iftare-per-qytetaret-e-ulqinit\/\" \/>\n<meta property=\"og:locale\" content=\"en_US\" \/>\n<meta property=\"og:type\" content=\"article\" \/>\n<meta property=\"og:title\" content=\"Hotel Mediteran organizon iftare per qytetaret e ulqinit - Lajme nga Ulqini\" \/>\n<meta property=\"og:description\" content=\"Muaji i Ramazanit ka trokitur ne cdo familje muslimane, dhe sic eshte tradite sapo afrohet ora e iftarit shtrohen tavolina te medha me ushqime nga me te\" \/>\n<meta property=\"og:url\" content=\"https:\/\/www.visit-ulcinj.com\/blog\/2013\/07\/14\/hotel-mediteran-organizon-iftare-per-qytetaret-e-ulqinit\/\" \/>\n<meta property=\"og:site_name\" content=\"Lajme nga Ulqini\" \/>\n<meta property=\"article:published_time\" content=\"2013-07-14T13:36:36+00:00\" \/>\n<meta property=\"article:modified_time\" content=\"2013-07-16T14:26:36+00:00\" \/>\n<meta property=\"og:image\" content=\"http:\/\/www.visit-ulcinj.com\/blog\/wp-content\/uploads\/2013\/07\/Hotel-Mediteran-organizon-iftare.jpg\" \/>\n<meta name=\"twitter:label1\" content=\"Written by\" \/>\n\t<meta name=\"twitter:data1\" content=\"ulqini\" \/>\n\t<meta name=\"twitter:label2\" content=\"Est. reading time\" \/>\n\t<meta name=\"twitter:data2\" content=\"1 minute\" \/>\n<script type=\"application\/ld+json\" class=\"yoast-schema-graph\">{\"@context\":\"https:\/\/schema.org\",\"@graph\":[{\"@type\":\"WebSite\",\"@id\":\"https:\/\/www.visit-ulcinj.com\/blog\/#website\",\"url\":\"https:\/\/www.visit-ulcinj.com\/blog\/\",\"name\":\"Lajme nga Ulqini\",\"description\":\"Lajme,Vijesti,Ulqini,Ulqin,Crna Gora,Mali i Zi\",\"potentialAction\":[{\"@type\":\"SearchAction\",\"target\":{\"@type\":\"EntryPoint\",\"urlTemplate\":\"https:\/\/www.visit-ulcinj.com\/blog\/?s={search_term_string}\"},\"query-input\":\"required name=search_term_string\"}],\"inLanguage\":\"en-US\"},{\"@type\":\"ImageObject\",\"inLanguage\":\"en-US\",\"@id\":\"https:\/\/www.visit-ulcinj.com\/blog\/2013\/07\/14\/hotel-mediteran-organizon-iftare-per-qytetaret-e-ulqinit\/#primaryimage\",\"url\":\"https:\/\/www.visit-ulcinj.com\/blog\/wp-content\/uploads\/2013\/07\/Hotel-Mediteran-organizon-iftare.jpg\",\"contentUrl\":\"https:\/\/www.visit-ulcinj.com\/blog\/wp-content\/uploads\/2013\/07\/Hotel-Mediteran-organizon-iftare.jpg\",\"width\":1000,\"height\":750},{\"@type\":\"WebPage\",\"@id\":\"https:\/\/www.visit-ulcinj.com\/blog\/2013\/07\/14\/hotel-mediteran-organizon-iftare-per-qytetaret-e-ulqinit\/#webpage\",\"url\":\"https:\/\/www.visit-ulcinj.com\/blog\/2013\/07\/14\/hotel-mediteran-organizon-iftare-per-qytetaret-e-ulqinit\/\",\"name\":\"Hotel Mediteran organizon iftare per qytetaret e ulqinit - Lajme nga Ulqini\",\"isPartOf\":{\"@id\":\"https:\/\/www.visit-ulcinj.com\/blog\/#website\"},\"primaryImageOfPage\":{\"@id\":\"https:\/\/www.visit-ulcinj.com\/blog\/2013\/07\/14\/hotel-mediteran-organizon-iftare-per-qytetaret-e-ulqinit\/#primaryimage\"},\"datePublished\":\"2013-07-14T13:36:36+00:00\",\"dateModified\":\"2013-07-16T14:26:36+00:00\",\"author\":{\"@id\":\"https:\/\/www.visit-ulcinj.com\/blog\/#\/schema\/person\/dcab619c614d3038751c63bc2aadc06d\"},\"description\":\"Muaji i Ramazanit ka trokitur ne cdo familje muslimane, dhe sic eshte tradite sapo afrohet ora e iftarit shtrohen tavolina te medha me ushqime nga me te\",\"breadcrumb\":{\"@id\":\"https:\/\/www.visit-ulcinj.com\/blog\/2013\/07\/14\/hotel-mediteran-organizon-iftare-per-qytetaret-e-ulqinit\/#breadcrumb\"},\"inLanguage\":\"en-US\",\"potentialAction\":[{\"@type\":\"ReadAction\",\"target\":[\"https:\/\/www.visit-ulcinj.com\/blog\/2013\/07\/14\/hotel-mediteran-organizon-iftare-per-qytetaret-e-ulqinit\/\"]}]},{\"@type\":\"BreadcrumbList\",\"@id\":\"https:\/\/www.visit-ulcinj.com\/blog\/2013\/07\/14\/hotel-mediteran-organizon-iftare-per-qytetaret-e-ulqinit\/#breadcrumb\",\"itemListElement\":[{\"@type\":\"ListItem\",\"position\":1,\"name\":\"Hotel Mediteran organizon iftare per qytetaret e ulqinit\"}]},{\"@type\":\"Person\",\"@id\":\"https:\/\/www.visit-ulcinj.com\/blog\/#\/schema\/person\/dcab619c614d3038751c63bc2aadc06d\",\"name\":\"ulqini\",\"sameAs\":[\"http:\/\/www.visit-ulcinj.com\"],\"url\":\"https:\/\/www.visit-ulcinj.com\/blog\/author\/admin\/\"}]}<\/script>\n<!-- \/ Yoast SEO plugin. -->","yoast_head_json":{"title":"Hotel Mediteran organizon iftare per qytetaret e ulqinit - Lajme nga Ulqini","description":"Muaji i Ramazanit ka trokitur ne cdo familje muslimane, dhe sic eshte tradite sapo afrohet ora e iftarit shtrohen tavolina te medha me ushqime nga me te","robots":{"index":"index","follow":"follow","max-snippet":"max-snippet:-1","max-image-preview":"max-image-preview:large","max-video-preview":"max-video-preview:-1"},"canonical":"https:\/\/www.visit-ulcinj.com\/blog\/2013\/07\/14\/hotel-mediteran-organizon-iftare-per-qytetaret-e-ulqinit\/","og_locale":"en_US","og_type":"article","og_title":"Hotel Mediteran organizon iftare per qytetaret e ulqinit - Lajme nga Ulqini","og_description":"Muaji i Ramazanit ka trokitur ne cdo familje muslimane, dhe sic eshte tradite sapo afrohet ora e iftarit shtrohen tavolina te medha me ushqime nga me te","og_url":"https:\/\/www.visit-ulcinj.com\/blog\/2013\/07\/14\/hotel-mediteran-organizon-iftare-per-qytetaret-e-ulqinit\/","og_site_name":"Lajme nga Ulqini","article_published_time":"2013-07-14T13:36:36+00:00","article_modified_time":"2013-07-16T14:26:36+00:00","og_image":[{"url":"http:\/\/www.visit-ulcinj.com\/blog\/wp-content\/uploads\/2013\/07\/Hotel-Mediteran-organizon-iftare.jpg"}],"twitter_misc":{"Written by":"ulqini","Est. reading time":"1 minute"},"schema":{"@context":"https:\/\/schema.org","@graph":[{"@type":"WebSite","@id":"https:\/\/www.visit-ulcinj.com\/blog\/#website","url":"https:\/\/www.visit-ulcinj.com\/blog\/","name":"Lajme nga Ulqini","description":"Lajme,Vijesti,Ulqini,Ulqin,Crna Gora,Mali i Zi","potentialAction":[{"@type":"SearchAction","target":{"@type":"EntryPoint","urlTemplate":"https:\/\/www.visit-ulcinj.com\/blog\/?s={search_term_string}"},"query-input":"required name=search_term_string"}],"inLanguage":"en-US"},{"@type":"ImageObject","inLanguage":"en-US","@id":"https:\/\/www.visit-ulcinj.com\/blog\/2013\/07\/14\/hotel-mediteran-organizon-iftare-per-qytetaret-e-ulqinit\/#primaryimage","url":"https:\/\/www.visit-ulcinj.com\/blog\/wp-content\/uploads\/2013\/07\/Hotel-Mediteran-organizon-iftare.jpg","contentUrl":"https:\/\/www.visit-ulcinj.com\/blog\/wp-content\/uploads\/2013\/07\/Hotel-Mediteran-organizon-iftare.jpg","width":1000,"height":750},{"@type":"WebPage","@id":"https:\/\/www.visit-ulcinj.com\/blog\/2013\/07\/14\/hotel-mediteran-organizon-iftare-per-qytetaret-e-ulqinit\/#webpage","url":"https:\/\/www.visit-ulcinj.com\/blog\/2013\/07\/14\/hotel-mediteran-organizon-iftare-per-qytetaret-e-ulqinit\/","name":"Hotel Mediteran organizon iftare per qytetaret e ulqinit - Lajme nga Ulqini","isPartOf":{"@id":"https:\/\/www.visit-ulcinj.com\/blog\/#website"},"primaryImageOfPage":{"@id":"https:\/\/www.visit-ulcinj.com\/blog\/2013\/07\/14\/hotel-mediteran-organizon-iftare-per-qytetaret-e-ulqinit\/#primaryimage"},"datePublished":"2013-07-14T13:36:36+00:00","dateModified":"2013-07-16T14:26:36+00:00","author":{"@id":"https:\/\/www.visit-ulcinj.com\/blog\/#\/schema\/person\/dcab619c614d3038751c63bc2aadc06d"},"description":"Muaji i Ramazanit ka trokitur ne cdo familje muslimane, dhe sic eshte tradite sapo afrohet ora e iftarit shtrohen tavolina te medha me ushqime nga me te","breadcrumb":{"@id":"https:\/\/www.visit-ulcinj.com\/blog\/2013\/07\/14\/hotel-mediteran-organizon-iftare-per-qytetaret-e-ulqinit\/#breadcrumb"},"inLanguage":"en-US","potentialAction":[{"@type":"ReadAction","target":["https:\/\/www.visit-ulcinj.com\/blog\/2013\/07\/14\/hotel-mediteran-organizon-iftare-per-qytetaret-e-ulqinit\/"]}]},{"@type":"BreadcrumbList","@id":"https:\/\/www.visit-ulcinj.com\/blog\/2013\/07\/14\/hotel-mediteran-organizon-iftare-per-qytetaret-e-ulqinit\/#breadcrumb","itemListElement":[{"@type":"ListItem","position":1,"name":"Hotel Mediteran organizon iftare per qytetaret e ulqinit"}]},{"@type":"Person","@id":"https:\/\/www.visit-ulcinj.com\/blog\/#\/schema\/person\/dcab619c614d3038751c63bc2aadc06d","name":"ulqini","sameAs":["http:\/\/www.visit-ulcinj.com"],"url":"https:\/\/www.visit-ulcinj.com\/blog\/author\/admin\/"}]}},"jetpack_featured_media_url":"","jetpack_sharing_enabled":true,"jetpack_shortlink":"https:\/\/wp.me\/pe6lTn-j4k","_links":{"self":[{"href":"https:\/\/www.visit-ulcinj.com\/blog\/wp-json\/wp\/v2\/posts\/73304"}],"collection":[{"href":"https:\/\/www.visit-ulcinj.com\/blog\/wp-json\/wp\/v2\/posts"}],"about":[{"href":"https:\/\/www.visit-ulcinj.com\/blog\/wp-json\/wp\/v2\/types\/post"}],"author":[{"embeddable":true,"href":"https:\/\/www.visit-ulcinj.com\/blog\/wp-json\/wp\/v2\/users\/1"}],"replies":[{"embeddable":true,"href":"https:\/\/www.visit-ulcinj.com\/blog\/wp-json\/wp\/v2\/comments?post=73304"}],"version-history":[{"count":4,"href":"https:\/\/www.visit-ulcinj.com\/blog\/wp-json\/wp\/v2\/posts\/73304\/revisions"}],"predecessor-version":[{"id":73372,"href":"https:\/\/www.visit-ulcinj.com\/blog\/wp-json\/wp\/v2\/posts\/73304\/revisions\/73372"}],"wp:attachment":[{"href":"https:\/\/www.visit-ulcinj.com\/blog\/wp-json\/wp\/v2\/media?parent=73304"}],"wp:term":[{"taxonomy":"category","embeddable":true,"href":"https:\/\/www.visit-ulcinj.com\/blog\/wp-json\/wp\/v2\/categories?post=73304"},{"taxonomy":"post_tag","embeddable":true,"href":"https:\/\/www.visit-ulcinj.com\/blog\/wp-json\/wp\/v2\/tags?post=73304"}],"curies":[{"name":"wp","href":"https:\/\/api.w.org\/{rel}","templated":true}]}}