{"id":73317,"date":"2013-07-14T14:56:40","date_gmt":"2013-07-14T13:56:40","guid":{"rendered":"http:\/\/www.visit-ulcinj.com\/blog\/?p=73317"},"modified":"2013-07-14T14:56:40","modified_gmt":"2013-07-14T13:56:40","slug":"pukla-i-vlast-i-sezona-u-ulcinju","status":"publish","type":"post","link":"https:\/\/www.visit-ulcinj.com\/blog\/2013\/07\/14\/pukla-i-vlast-i-sezona-u-ulcinju\/","title":{"rendered":"Pukla i Vlast i Sezona u Ulcinju"},"content":{"rendered":"<div>\n<p align=\"center\"><strong><a href=\"http:\/\/www.visit-ulcinj.com\/blog\/wp-content\/uploads\/2013\/07\/Komuna-e-Ulqinit_Opstina-Ulcinj1.jpg\"><img loading=\"lazy\" class=\"alignleft  wp-image-73318\" alt=\"Komuna-e-Ulqinit_Opstina-Ulcinj\" src=\"http:\/\/www.visit-ulcinj.com\/blog\/wp-content\/uploads\/2013\/07\/Komuna-e-Ulqinit_Opstina-Ulcinj1.jpg\" width=\"508\" height=\"360\" \/><\/a>Vladaju\u0107a koalicija u Ulcinju vi\u0161e ne postoji. Za manje od dvije godine ona je iznevjerila prakti\u010dno sva obe\u0107anja, razo\u010darala gra\u0111ane, a op\u0161tinu uvela u ste\u010daj.<\/strong><\/p>\n<p>To ni najve\u0107i pesimisti nijesu mogli predvidjeti. Za manje od dvije godine vladaju\u0107a koalicija koju u Ulcinju \u010dine Nova demokratska snaga FORCA, Demokratska partija <strong>Fatmira \u0110eke<\/strong>, Socijaldemokratska partija i Gra\u0111anski pokret \u201ePerspektiva\u201c <strong>Amira Holaja<\/strong> nepovratno je propustila jedinstvenu \u0161ansu da Ulcinj u\u010dini prijatnijim mjestom za \u017eivljenje. U su\u0161tini, osim dono\u0161enja detaljnih urbanisti\u010dkih planova, na svim drugim poljima ona je u prethodnih 600 dana do\u017eivjela potpuni debakl. Dugovi su rasli, zarade zapo\u0161ljenima u op\u0161tini i preduze\u0107ima \u010diji je ona osniva\u010d kasne od tri do 14 mjeseci, nijedan novi hotel nije zapo\u010deo da se gradi, nije \u010dak usvojen ni Strate\u0161ki plan op\u0161tine \u0161to zna\u010di da trenutna vlast nema ni vizije ni strategije kako dalje. To se mo\u017ee zaklju\u010diti i iz izvje\u0161taja o radu za 2012. godinu predsjednika op\u0161tine <strong>Nazifa Cungua, <\/strong>koji nakon 50 stranica opisivanja stanja u \u201ePrijedlozima i mjerama\u201c tek jednom jedinom re\u010denicom zaklju\u010duje:<strong> <\/strong>\u201ePo\u0161to se op\u0161tina Ulcinj i javna preduze\u0107a nalaze u veoma te\u0161koj finansijskoj situaciji, neophodna je pomo\u0107 Vlade i Ministarstva finansija i time bi se stvorile realne pretpostavke za po\u010detak valorizacije najzna\u010dajnijih privrednih resursa Crne Gore i ujedno sprije\u010dile te\u0161ke mogu\u0107e posljedice\u201c!?<\/p>\n<p>No, one su ve\u0107 tu. Cungu je prije mjesec dana potpisao Sanacioni plan sa Ministarstvom finansija, kojim je, kako tvrde u Socijalisti\u010dkoj narodnoj partiji, uveden ste\u010daj u op\u0161tini Ulcinj. I poslanik Pozitivne Crne Gore <strong>Dritan Abazovi\u0107<\/strong> smatra da je na taj na\u010din \u201eCungu priznao poraz, a da je novi predsjednik op\u0161tine Ulcinj crnogorski ministar finansija <strong>Radoje \u017dugi\u0107\u201c<\/strong>. U opoziciji pozivaju vlast da javnosti prezentuje taj dokument kako bi se znalo da li su potpisali otpu\u0161tanje gotovo tre\u0107ine zapo\u0161ljenih radnika i zna\u010dajno smanjenje zarada. \u201eTime su jednim potezom pera derogirali ingerencije lokalne samouprave, dok su im istovremeno usta puna pri\u010de o decentralizaciji\u201c, ka\u017ee \u0161efica Odborni\u010dkog kluba Demokratske unije Albanaca <strong>Hadid\u017ea \u0110onovi\u0107<\/strong>. Cungu nevoljno priznaje da \u201eSanacioni plan podrazumijeva preno\u0161enje nadle\u017enosti i odlu\u010divanja na Ministarstvo finansija i na crnogorsku Vladu\u201c, te navodi da op\u0161tina mora da uzme novi kredit od oko dva miliona eura da bi izmirivala obaveze za poreze i doprinose na plate zapo\u0161ljenih koje nijesu upla\u0107ivane godinama. \u201eOp\u0161tina je bila du\u017ena da potpi\u0161e Protokol o izmirivanju tih obaveza, jer bi nam uzeli 2.450.000 eura koliko smo du\u017eni, odnosno bio bi nam stalno blokiran \u017eiro-ra\u010dun\u201c, dodaje on.<\/p>\n<p>No, njegovi koalicioni partneri tvrde da nijesu u\u010destvovali u dono\u0161enju te odluke, te da su sasvim marginalizovani u upravljanju lokalnom samoupravom. \u201cSporazum o vr\u0161enju koalicione vlasti kojeg smo mi potpisali predvi\u0111a stalnu saradnju, me\u0111usobno uva\u017eavanje i potpunu saglasnost koalicionih partnera kod predlaganja i usvajanja nekih va\u017enih akata, kao \u0161to je bud\u017eet, zavr\u0161ni ra\u010dun, odluke o zadu\u017eenjima i sl. Ovaj dio Sporazuma je kr\u0161en od po\u010detka i u kontinuitetu od strane najja\u010deg partnera u koaliciji, to jest FORCE\u201d, navodi predsjednik OO SDP i potpredsjednik op\u0161tine Ulcinj <strong>Selim Resulbegovi\u0107<\/strong>.<\/p>\n<p>\u201cCungu nikada nije iskazivao spremnost za saradnju. Vjerovali smo da \u0107e se vremenom to popraviti. Ali, sada znamo da je on nepopravljiv\u201d, kazali su <em>Monitoru<\/em> iz Demokratske partije <strong>Fatmira \u0110eke<\/strong>. Stoga je ta albanska nacionalna stranka, koja ima pet odbornika u op\u0161tinskoj Skup\u0161tini, odlu\u010dila da ne podr\u017ei Cunguov Izvje\u0161taj o radu, \u0161to su u\u010dinile i ostale dvije \u010dlanice koalicije, pa se Cungu po\u010detkom ovog mjeseca na zasjedanju Skup\u0161tine op\u0161tine na\u0161ao na ledu. Spas je poku\u0161ao da na\u0111e u opozicionoj Demokratskoj partiji socijalista, koja u lokalnom Parlamentu ima sedam odbornika. No, promptna reakcija iz centrale stranke sprije\u010dio je \u010delnika op\u0161tinskog odbora \u0110ukanovi\u0107evih socijalista <strong>Ljora Nreki\u0107a<\/strong> da Cunguu pru\u017ei \u201cpojas za spasavanje\u201d, tako da je sada FORCA ostala prakti\u010dno sama. Nastavak sjednice, koja je prekinuta upravo dok se raspravljalo o Izvje\u0161taju o radu predsjednika op\u0161tine i koja se mora okon\u010dati do kraja jula, pokaza\u0107e kako \u0107e se stvari dalje odvijati na ulcinjskoj politi\u010dkoj sceni. Ako on ne bude prihva\u0107en, a malo je naznaka, to \u0107e prakti\u010dno zna\u010diti da se ne samo vladaju\u0107a koalicija i formalno raspala, nego i da Cunguova administracija mo\u017ee \u201cpakovati kofere\u201d.<\/p>\n<p>\u201eNezadovoljan sam radom koalicionih partnera. Lokalna vlast ne funkcioni\u0161e kako treba, tako da bi uskoro mogli o\u010dekivati izbore. Mo\u017eda bi to bilo najkorektnije prema gra\u0111anima\u201c, ka\u017ee sada predsjednik Ulcinja i lider FORCE.<\/p>\n<p>To je stav i gotovo svih ostalih aktera na politi\u010dkoj sceni, pa \u0107e se novi lokalni izbori u Ulcinju odr\u017eati najesen. Ako budu i parlamentarni na nivou dr\u017eave, onda u paketu sa njima. Kome \u0107e se posre\u0107iti, tek ostaje da se vidi. Ono \u0161to je ve\u0107 sada izvjesno jeste da je odlaze\u0107a vlast stra\u0161no razo\u010darala gra\u0111ane koji su ih o\u010dekivali kao spasioce, pa za njom niko ne\u0107e \u017ealiti. Posebno ne nakon jo\u0161 jedne u nizu veoma lo\u0161ih turisti\u010dkih sezona. A ko se ne bi sje\u0107ao sa koliko su se samo \u017eara tokom \u010ditave zime i prolje\u0107a de\u017eurni optimisti utrkivali u procjenama da \u0107e ona biti uspje\u0161na. Ljudima koji jedinu priliku za dobit imaju samo tokom ljeta, gradu koji ima najmanju prosje\u010dnu zaradu u zemlji i koji jedini na Primorju bilje\u017ei pad broja stanovnika, ova bi kap mogla preliti \u201c\u010da\u0161u nezadovoljstva\u201d. Za Abazovi\u0107a to je i koketiranje FORCE, protivno \u017eelji bira\u010da i simpatizera, sa DPS-om, koji je, kako tvrdi, najve\u0107i krivac za ovo stanje u Ulcinju. \u201c Zato Ulcinju trebaju ne samo novi izbori, ve\u0107 i nova politi\u010dka klasa. Ovaj grad je umoran od politi\u010dkih patuljaka i digitron-uprava koji se kontroli\u0161u sa drugih adresa\u201c, dodaje Abazovi\u0107.<\/p>\n<p><strong>Mustafa CANKA (Monitor)<\/strong><\/p>\n<\/div>\n","protected":false},"excerpt":{"rendered":"<p>Vladaju\u0107a koalicija u Ulcinju vi\u0161e ne postoji. Za manje od dvije godine ona je iznevjerila prakti\u010dno sva obe\u0107anja, razo\u010darala gra\u0111ane, a op\u0161tinu uvela u ste\u010daj. To ni najve\u0107i pesimisti nijesu mogli predvidjeti. Za manje od dvije godine vladaju\u0107a koalicija koju u Ulcinju \u010dine Nova demokratska snaga FORCA, Demokratska partija Fatmira \u0110eke, Socijaldemokratska partija i Gra\u0111anski [&hellip;]<\/p>\n","protected":false},"author":1,"featured_media":0,"comment_status":"closed","ping_status":"closed","sticky":false,"template":"","format":"standard","meta":{"spay_email":"","jetpack_publicize_message":"","jetpack_is_tweetstorm":false,"jetpack_publicize_feature_enabled":true},"categories":[8337],"tags":[],"jetpack_publicize_connections":[],"yoast_head":"<!-- This site is optimized with the Yoast SEO plugin v19.1 - https:\/\/yoast.com\/wordpress\/plugins\/seo\/ -->\n<title>Pukla i Vlast i Sezona u Ulcinju - Lajme nga Ulqini<\/title>\n<meta name=\"description\" content=\"Vladaju\u0107a koalicija u Ulcinju vi\u0161e ne postoji. Za manje od dvije godine ona je iznevjerila prakti\u010dno sva obe\u0107anja, razo\u010darala gra\u0111ane, a op\u0161tinu uvela u\" \/>\n<meta name=\"robots\" content=\"index, follow, max-snippet:-1, max-image-preview:large, max-video-preview:-1\" \/>\n<link rel=\"canonical\" href=\"https:\/\/www.visit-ulcinj.com\/blog\/2013\/07\/14\/pukla-i-vlast-i-sezona-u-ulcinju\/\" \/>\n<meta property=\"og:locale\" content=\"en_US\" \/>\n<meta property=\"og:type\" content=\"article\" \/>\n<meta property=\"og:title\" content=\"Pukla i Vlast i Sezona u Ulcinju - Lajme nga Ulqini\" \/>\n<meta property=\"og:description\" content=\"Vladaju\u0107a koalicija u Ulcinju vi\u0161e ne postoji. Za manje od dvije godine ona je iznevjerila prakti\u010dno sva obe\u0107anja, razo\u010darala gra\u0111ane, a op\u0161tinu uvela u\" \/>\n<meta property=\"og:url\" content=\"https:\/\/www.visit-ulcinj.com\/blog\/2013\/07\/14\/pukla-i-vlast-i-sezona-u-ulcinju\/\" \/>\n<meta property=\"og:site_name\" content=\"Lajme nga Ulqini\" \/>\n<meta property=\"article:published_time\" content=\"2013-07-14T13:56:40+00:00\" \/>\n<meta property=\"og:image\" content=\"http:\/\/www.visit-ulcinj.com\/blog\/wp-content\/uploads\/2013\/07\/Komuna-e-Ulqinit_Opstina-Ulcinj1.jpg\" \/>\n<meta name=\"twitter:label1\" content=\"Written by\" \/>\n\t<meta name=\"twitter:data1\" content=\"ulqini\" \/>\n\t<meta name=\"twitter:label2\" content=\"Est. reading time\" \/>\n\t<meta name=\"twitter:data2\" content=\"5 minutes\" \/>\n<script type=\"application\/ld+json\" class=\"yoast-schema-graph\">{\"@context\":\"https:\/\/schema.org\",\"@graph\":[{\"@type\":\"WebSite\",\"@id\":\"https:\/\/www.visit-ulcinj.com\/blog\/#website\",\"url\":\"https:\/\/www.visit-ulcinj.com\/blog\/\",\"name\":\"Lajme nga Ulqini\",\"description\":\"Lajme,Vijesti,Ulqini,Ulqin,Crna Gora,Mali i Zi\",\"potentialAction\":[{\"@type\":\"SearchAction\",\"target\":{\"@type\":\"EntryPoint\",\"urlTemplate\":\"https:\/\/www.visit-ulcinj.com\/blog\/?s={search_term_string}\"},\"query-input\":\"required name=search_term_string\"}],\"inLanguage\":\"en-US\"},{\"@type\":\"ImageObject\",\"inLanguage\":\"en-US\",\"@id\":\"https:\/\/www.visit-ulcinj.com\/blog\/2013\/07\/14\/pukla-i-vlast-i-sezona-u-ulcinju\/#primaryimage\",\"url\":\"https:\/\/www.visit-ulcinj.com\/blog\/wp-content\/uploads\/2013\/07\/Komuna-e-Ulqinit_Opstina-Ulcinj1.jpg\",\"contentUrl\":\"https:\/\/www.visit-ulcinj.com\/blog\/wp-content\/uploads\/2013\/07\/Komuna-e-Ulqinit_Opstina-Ulcinj1.jpg\",\"width\":600,\"height\":500},{\"@type\":\"WebPage\",\"@id\":\"https:\/\/www.visit-ulcinj.com\/blog\/2013\/07\/14\/pukla-i-vlast-i-sezona-u-ulcinju\/#webpage\",\"url\":\"https:\/\/www.visit-ulcinj.com\/blog\/2013\/07\/14\/pukla-i-vlast-i-sezona-u-ulcinju\/\",\"name\":\"Pukla i Vlast i Sezona u Ulcinju - Lajme nga Ulqini\",\"isPartOf\":{\"@id\":\"https:\/\/www.visit-ulcinj.com\/blog\/#website\"},\"primaryImageOfPage\":{\"@id\":\"https:\/\/www.visit-ulcinj.com\/blog\/2013\/07\/14\/pukla-i-vlast-i-sezona-u-ulcinju\/#primaryimage\"},\"datePublished\":\"2013-07-14T13:56:40+00:00\",\"dateModified\":\"2013-07-14T13:56:40+00:00\",\"author\":{\"@id\":\"https:\/\/www.visit-ulcinj.com\/blog\/#\/schema\/person\/dcab619c614d3038751c63bc2aadc06d\"},\"description\":\"Vladaju\u0107a koalicija u Ulcinju vi\u0161e ne postoji. Za manje od dvije godine ona je iznevjerila prakti\u010dno sva obe\u0107anja, razo\u010darala gra\u0111ane, a op\u0161tinu uvela u\",\"breadcrumb\":{\"@id\":\"https:\/\/www.visit-ulcinj.com\/blog\/2013\/07\/14\/pukla-i-vlast-i-sezona-u-ulcinju\/#breadcrumb\"},\"inLanguage\":\"en-US\",\"potentialAction\":[{\"@type\":\"ReadAction\",\"target\":[\"https:\/\/www.visit-ulcinj.com\/blog\/2013\/07\/14\/pukla-i-vlast-i-sezona-u-ulcinju\/\"]}]},{\"@type\":\"BreadcrumbList\",\"@id\":\"https:\/\/www.visit-ulcinj.com\/blog\/2013\/07\/14\/pukla-i-vlast-i-sezona-u-ulcinju\/#breadcrumb\",\"itemListElement\":[{\"@type\":\"ListItem\",\"position\":1,\"name\":\"Pukla i Vlast i Sezona u Ulcinju\"}]},{\"@type\":\"Person\",\"@id\":\"https:\/\/www.visit-ulcinj.com\/blog\/#\/schema\/person\/dcab619c614d3038751c63bc2aadc06d\",\"name\":\"ulqini\",\"sameAs\":[\"http:\/\/www.visit-ulcinj.com\"],\"url\":\"https:\/\/www.visit-ulcinj.com\/blog\/author\/admin\/\"}]}<\/script>\n<!-- \/ Yoast SEO plugin. -->","yoast_head_json":{"title":"Pukla i Vlast i Sezona u Ulcinju - Lajme nga Ulqini","description":"Vladaju\u0107a koalicija u Ulcinju vi\u0161e ne postoji. Za manje od dvije godine ona je iznevjerila prakti\u010dno sva obe\u0107anja, razo\u010darala gra\u0111ane, a op\u0161tinu uvela u","robots":{"index":"index","follow":"follow","max-snippet":"max-snippet:-1","max-image-preview":"max-image-preview:large","max-video-preview":"max-video-preview:-1"},"canonical":"https:\/\/www.visit-ulcinj.com\/blog\/2013\/07\/14\/pukla-i-vlast-i-sezona-u-ulcinju\/","og_locale":"en_US","og_type":"article","og_title":"Pukla i Vlast i Sezona u Ulcinju - Lajme nga Ulqini","og_description":"Vladaju\u0107a koalicija u Ulcinju vi\u0161e ne postoji. Za manje od dvije godine ona je iznevjerila prakti\u010dno sva obe\u0107anja, razo\u010darala gra\u0111ane, a op\u0161tinu uvela u","og_url":"https:\/\/www.visit-ulcinj.com\/blog\/2013\/07\/14\/pukla-i-vlast-i-sezona-u-ulcinju\/","og_site_name":"Lajme nga Ulqini","article_published_time":"2013-07-14T13:56:40+00:00","og_image":[{"url":"http:\/\/www.visit-ulcinj.com\/blog\/wp-content\/uploads\/2013\/07\/Komuna-e-Ulqinit_Opstina-Ulcinj1.jpg"}],"twitter_misc":{"Written by":"ulqini","Est. reading time":"5 minutes"},"schema":{"@context":"https:\/\/schema.org","@graph":[{"@type":"WebSite","@id":"https:\/\/www.visit-ulcinj.com\/blog\/#website","url":"https:\/\/www.visit-ulcinj.com\/blog\/","name":"Lajme nga Ulqini","description":"Lajme,Vijesti,Ulqini,Ulqin,Crna Gora,Mali i Zi","potentialAction":[{"@type":"SearchAction","target":{"@type":"EntryPoint","urlTemplate":"https:\/\/www.visit-ulcinj.com\/blog\/?s={search_term_string}"},"query-input":"required name=search_term_string"}],"inLanguage":"en-US"},{"@type":"ImageObject","inLanguage":"en-US","@id":"https:\/\/www.visit-ulcinj.com\/blog\/2013\/07\/14\/pukla-i-vlast-i-sezona-u-ulcinju\/#primaryimage","url":"https:\/\/www.visit-ulcinj.com\/blog\/wp-content\/uploads\/2013\/07\/Komuna-e-Ulqinit_Opstina-Ulcinj1.jpg","contentUrl":"https:\/\/www.visit-ulcinj.com\/blog\/wp-content\/uploads\/2013\/07\/Komuna-e-Ulqinit_Opstina-Ulcinj1.jpg","width":600,"height":500},{"@type":"WebPage","@id":"https:\/\/www.visit-ulcinj.com\/blog\/2013\/07\/14\/pukla-i-vlast-i-sezona-u-ulcinju\/#webpage","url":"https:\/\/www.visit-ulcinj.com\/blog\/2013\/07\/14\/pukla-i-vlast-i-sezona-u-ulcinju\/","name":"Pukla i Vlast i Sezona u Ulcinju - Lajme nga Ulqini","isPartOf":{"@id":"https:\/\/www.visit-ulcinj.com\/blog\/#website"},"primaryImageOfPage":{"@id":"https:\/\/www.visit-ulcinj.com\/blog\/2013\/07\/14\/pukla-i-vlast-i-sezona-u-ulcinju\/#primaryimage"},"datePublished":"2013-07-14T13:56:40+00:00","dateModified":"2013-07-14T13:56:40+00:00","author":{"@id":"https:\/\/www.visit-ulcinj.com\/blog\/#\/schema\/person\/dcab619c614d3038751c63bc2aadc06d"},"description":"Vladaju\u0107a koalicija u Ulcinju vi\u0161e ne postoji. Za manje od dvije godine ona je iznevjerila prakti\u010dno sva obe\u0107anja, razo\u010darala gra\u0111ane, a op\u0161tinu uvela u","breadcrumb":{"@id":"https:\/\/www.visit-ulcinj.com\/blog\/2013\/07\/14\/pukla-i-vlast-i-sezona-u-ulcinju\/#breadcrumb"},"inLanguage":"en-US","potentialAction":[{"@type":"ReadAction","target":["https:\/\/www.visit-ulcinj.com\/blog\/2013\/07\/14\/pukla-i-vlast-i-sezona-u-ulcinju\/"]}]},{"@type":"BreadcrumbList","@id":"https:\/\/www.visit-ulcinj.com\/blog\/2013\/07\/14\/pukla-i-vlast-i-sezona-u-ulcinju\/#breadcrumb","itemListElement":[{"@type":"ListItem","position":1,"name":"Pukla i Vlast i Sezona u Ulcinju"}]},{"@type":"Person","@id":"https:\/\/www.visit-ulcinj.com\/blog\/#\/schema\/person\/dcab619c614d3038751c63bc2aadc06d","name":"ulqini","sameAs":["http:\/\/www.visit-ulcinj.com"],"url":"https:\/\/www.visit-ulcinj.com\/blog\/author\/admin\/"}]}},"jetpack_featured_media_url":"","jetpack_sharing_enabled":true,"jetpack_shortlink":"https:\/\/wp.me\/pe6lTn-j4x","_links":{"self":[{"href":"https:\/\/www.visit-ulcinj.com\/blog\/wp-json\/wp\/v2\/posts\/73317"}],"collection":[{"href":"https:\/\/www.visit-ulcinj.com\/blog\/wp-json\/wp\/v2\/posts"}],"about":[{"href":"https:\/\/www.visit-ulcinj.com\/blog\/wp-json\/wp\/v2\/types\/post"}],"author":[{"embeddable":true,"href":"https:\/\/www.visit-ulcinj.com\/blog\/wp-json\/wp\/v2\/users\/1"}],"replies":[{"embeddable":true,"href":"https:\/\/www.visit-ulcinj.com\/blog\/wp-json\/wp\/v2\/comments?post=73317"}],"version-history":[{"count":1,"href":"https:\/\/www.visit-ulcinj.com\/blog\/wp-json\/wp\/v2\/posts\/73317\/revisions"}],"predecessor-version":[{"id":73319,"href":"https:\/\/www.visit-ulcinj.com\/blog\/wp-json\/wp\/v2\/posts\/73317\/revisions\/73319"}],"wp:attachment":[{"href":"https:\/\/www.visit-ulcinj.com\/blog\/wp-json\/wp\/v2\/media?parent=73317"}],"wp:term":[{"taxonomy":"category","embeddable":true,"href":"https:\/\/www.visit-ulcinj.com\/blog\/wp-json\/wp\/v2\/categories?post=73317"},{"taxonomy":"post_tag","embeddable":true,"href":"https:\/\/www.visit-ulcinj.com\/blog\/wp-json\/wp\/v2\/tags?post=73317"}],"curies":[{"name":"wp","href":"https:\/\/api.w.org\/{rel}","templated":true}]}}