{"id":73320,"date":"2013-07-14T15:00:34","date_gmt":"2013-07-14T14:00:34","guid":{"rendered":"http:\/\/www.visit-ulcinj.com\/blog\/?p=73320"},"modified":"2013-07-14T15:00:53","modified_gmt":"2013-07-14T14:00:53","slug":"plasi-edhe-pushteti-edhe-sezoni-ne-ulqin","status":"publish","type":"post","link":"https:\/\/www.visit-ulcinj.com\/blog\/2013\/07\/14\/plasi-edhe-pushteti-edhe-sezoni-ne-ulqin\/","title":{"rendered":"Plasi edhe pushteti edhe sezoni n\u00eb Ulqin"},"content":{"rendered":"<div>\n<p align=\"center\"><strong><a href=\"http:\/\/www.visit-ulcinj.com\/blog\/wp-content\/uploads\/2013\/07\/Komuna-e-Ulqinit_Opstina-Ulcinj1.jpg\"><img loading=\"lazy\" class=\"alignleft  wp-image-73318\" alt=\"Komuna-e-Ulqinit_Opstina-Ulcinj\" src=\"http:\/\/www.visit-ulcinj.com\/blog\/wp-content\/uploads\/2013\/07\/Komuna-e-Ulqinit_Opstina-Ulcinj1.jpg\" width=\"508\" height=\"360\" \/><\/a>Koalicioni n\u00eb pushtet n\u00eb Ulqin nuk ekziston m\u00eb. P\u00ebr m\u00eb pak se dy vite ky koalicion ka d\u00ebshtuar n\u00eb t\u00eb gjitha premtimet, ka zhg\u00ebnjyer qytetar\u00ebt, nd\u00ebrsa n\u00eb komun\u00eb vendosi falimentimin.<\/strong><\/p>\n<p align=\"center\">\n<p>K\u00ebt\u00eb as pesimist\u00ebt m\u00eb t\u00eb m\u00ebdhenj nuk mund ta parashikonin. P\u00ebr m\u00eb pak se dy vite koalicioni n\u00eb pushtet t\u00eb cilin n\u00eb Ulqin e p\u00ebrb\u00ebjn\u00eb FORCA e re demokratike, Partia demokratike e <strong>Fatmir<\/strong> <strong>Gjekes<\/strong>, Partia socialdemokrate dhe L\u00ebvizja \u201cqytetare Perspektiva\u201d e <strong>Amir Hollajt<\/strong> n\u00eb m\u00ebnyr\u00eb t\u00eb pakthyeshme e humbi shansin unik q\u00eb Ulqinin ta b\u00ebj vend m\u00eb t\u00eb k\u00ebndsh\u00ebm p\u00ebr jetes\u00eb. N\u00eb thelb, p\u00ebrve\u00e7 prurjes s\u00eb planeve detaje urbanistike, n\u00eb t\u00eb gjitha fushat tjera n\u00eb 600 dit\u00ebt e m\u00ebparshme ka p\u00ebsuar debak\u00ebl. Borxhet jan\u00eb rritur, rrogat e pun\u00ebtor\u00ebve n\u00eb komun\u00eb dhe nd\u00ebrmarrje ku themelues \u00ebsht\u00eb ajo vonojn\u00eb nga 3 deri n\u00eb 14 muaj, asnj\u00eb hotel i ri nuk ka filluar t\u00eb nd\u00ebrtohet, bile nuk \u00ebsht\u00eb miratuar as Plani strategjik i komun\u00ebs q\u00eb do t\u00eb thot\u00eb q\u00eb pushteti aktual nuk ka as vizion dhe as strategji si t\u00eb vazhdoi m\u00eb tej. Ky p\u00ebrfundim mund t\u00eb bihet dhe nga raporti i pun\u00ebs p\u00ebr vitin 2012 i kryetarit t\u00eb komun\u00ebs Nazif Cungu, i cili n\u00eb 50 faqet e shpjegimit t\u00eb gjendjes n\u00eb \u201cPropozimet dhe masat\u201d p\u00ebrfundon vet\u00ebm me nj\u00eb fjali t\u00eb vetme: \u201cMeq\u00eb komuna e Ulqinit dhe nd\u00ebrmarrjet publike ndodhen n\u00eb situat\u00eb tep\u00ebr t\u00eb v\u00ebshtir\u00eb ekonomike, \u00ebsht\u00eb e domosdoshme ndihma e Qeveris\u00eb dhe Ministris\u00eb s\u00eb financave dhe me k\u00ebt\u00eb do t\u00eb krijoheshin parakushtet reale p\u00ebr fillimin e valorizimit t\u00eb resurseve m\u00eb t\u00eb r\u00ebnd\u00ebsishme t\u00eb Malit t\u00eb Zi dhe nj\u00ebkoh\u00ebsisht t\u00eb parandalohen pasojat e r\u00ebnda t\u00eb mundshme\u201d!?<\/p>\n<p>Por, ato q\u00eb tani jan\u00eb k\u00ebtu. Cungu para nj\u00eb muaji ka n\u00ebnshkruar Planin e sanimit me Ministrin\u00eb e financave, me t\u00eb cilin, si\u00e7 pohojn\u00eb n\u00eb Partin\u00eb socialiste popullore, u\u00a0 vendos falimentimi n\u00eb komun\u00ebn e Ulqinit. Dhe deputeti i Malit t\u00eb Zi Pozitiv <strong>Dritan Abazoviq<\/strong> mendon q\u00eb n\u00eb k\u00ebt\u00eb m\u00ebnyr\u00eb \u201cCungu pranoi humbjen, nd\u00ebrsa kryetari i ri i komun\u00ebs s\u00eb Ulqinit \u00ebsht\u00eb ministri i financave Radoje Zhugiq\u201d. Nga opozita ftojn\u00eb pushtetin q\u00eb t\u00eb ja prezantoj opinionit k\u00ebt\u00eb dokument n\u00eb m\u00ebnyr\u00eb q\u00eb t\u00eb dihet a ka n\u00ebnshkruar p\u00ebrjashtimin nga puna\u00a0e gati nj\u00eb t\u00eb tret\u00ebs t\u00eb pun\u00ebsuarve dhe zvog\u00eblimin e ndjesh\u00ebm t\u00eb rrogave. \u201cMe k\u00ebt\u00eb gj\u00eb, me nj\u00eb l\u00ebvizje t\u00eb pen\u00ebs kan\u00eb deroguar kompetencat e vet\u00ebqeverisjes lokale, derisa nj\u00ebkoh\u00ebsisht e kan\u00eb goj\u00ebn plot\u00eb me decentralizim\u201d, thot\u00eb kryetarja e klubit t\u00eb k\u00ebshilltar\u00ebve t\u00eb Unionit Demokratik t\u00eb Shqiptar\u00ebve <strong>Hadixha Gjoni<\/strong>. Cungu kund\u00ebr vullnetit pranon q\u00eb \u201cPlani i sanimit n\u00ebnkupton kalimin e kompetencave dhe vendosjes n\u00eb Ministrin\u00eb e financave dhe Qeverin\u00eb e Malit t\u00eb Zi\u201d, dhe thot\u00eb q\u00eb komuna duhet t\u00eb marr\u00eb kredi t\u00eb re prej rreth dy milion euro n\u00eb m\u00ebnyr\u00eb q\u00eb ti shlyej detyrimet dhe kontributet p\u00ebr rroga t\u00eb cilat nuk jan\u00eb paguar me vite. \u201cKomuna ishte e obliguar t\u00eb n\u00ebnshkruaj Protokollin p\u00ebr shlyerjen e k\u00ebtyre detyrimeve, sepse do t\u00eb na merrnin 2.450.000 euro sa kemi borxh, gjegj\u00ebsisht do ta kishim vazhdimisht t\u00eb bllokuar xhiro-llogarin\u00eb\u201d, shtoi ai.<\/p>\n<p>Por, partner\u00ebt e tij t\u00eb koalicionit pohojn\u00eb q\u00eb nuk mor\u00ebn pjes\u00eb n\u00eb prurjen e k\u00ebtij vendimi dhe q\u00eb jan\u00eb krejt\u00ebsisht t\u00eb margjinalizuar n\u00eb udh\u00ebheqjen e vet\u00ebqeverisjes lokale. \u201cMarr\u00ebveshja p\u00ebr ushtrimin e pushtetit t\u00eb cil\u00ebn ne e n\u00ebnshkruam parasheh bashk\u00ebpunim t\u00eb vazhduesh\u00ebm, respekt t\u00eb nd\u00ebrsjell\u00ebt dhe pajtueshm\u00ebri t\u00eb plot\u00eb t\u00eb partner\u00ebve t\u00eb koalicionit tek propozimi dhe miratimi i disa akteve t\u00eb r\u00ebnd\u00ebsishme, si\u00e7 \u00ebsht\u00eb buxheti, llogaria p\u00ebrfundimtare, vendimet p\u00ebr huamarrje dhe t\u00eb ngjashme. Kjo pjes\u00eb e Marr\u00ebveshjes \u00ebsht\u00eb shkelur prej fillimit dhe n\u00eb vazhdueshm\u00ebri nga ana e partnerit m\u00eb t\u00eb fuqish\u00ebm t\u00eb koalicionit, p\u00ebrkat\u00ebsisht FORC\u00cbS\u201d, tha kryetari i KK PSD Ulqin dhe n\u00ebnkryetari i komun\u00ebs s\u00eb Ulqinit <strong>Selim Resulbegoviq<\/strong>.<\/p>\n<p>\u201cCungu asnj\u00ebher\u00eb nuk ka treguar gatishm\u00ebri p\u00ebr bashk\u00ebpunim. Kemi besuar q\u00eb me koh\u00eb kjo do t\u00eb p\u00ebrmir\u00ebsohet. Por, tani e dim\u00eb q\u00eb ai \u00ebsht\u00eb i pandreqsh\u00ebm\u201d, than\u00eb p\u00ebr Monitor nga Partia demokratike e Fatmir Gjekes. P\u00ebr k\u00ebt\u00eb arsye kjo parti nacionale shqiptare, e cila ka pes\u00eb k\u00ebshilltar n\u00eb Kuvendin komunal, ka vendosur mos ta p\u00ebrkrah Raportin e pun\u00ebs s\u00eb Cungut, gj\u00eb q\u00eb b\u00ebn\u00eb edhe dy pjes\u00ebtar\u00ebt e tjer\u00eb t\u00eb koalicionit, k\u00ebshtu q\u00eb Cungu n\u00eb fillim t\u00eb k\u00ebtij muaji n\u00eb seanc\u00ebn e Kuvendit u gjet n\u00eb akull. Shp\u00ebtimin u mundua ta gjej n\u00eb Partin\u00eb demokratike t\u00eb socialist\u00ebve e cila \u00ebsht\u00eb n\u00eb opozit\u00eb dhe e cila n\u00eb Parlamentin lokal ka shtat\u00eb k\u00ebshilltar. Mir\u00ebpo, reagimi i menj\u00ebhersh\u00ebm nga qendra e partis\u00eb e parandaloj\u00eb kryetarin e k\u00ebshillit komunal t\u00eb socialist\u00ebve t\u00eb Gjukanoviqit Loro Nrekiqin t\u00eb ja jap Cungut \u201cbrezin e shp\u00ebtimit\u201d, k\u00ebshtu q\u00eb tani FORCA ka mbetur praktikisht vet\u00ebm. Vazhdimi i mbledhjes, e cila \u00ebsht\u00eb ndalur pik\u00ebrisht kur \u00ebsht\u00eb diskutuar p\u00ebr Raportin e pun\u00ebs s\u00eb kryetarit t\u00eb komun\u00ebs dhe e cila duhet t\u00eb p\u00ebrfundohet deri n\u00eb fund t\u00eb korrikut, do t\u00eb tregoj si do t\u00eb zhvillohen gj\u00ebrat m\u00eb tej n\u00eb sken\u00ebn politike t\u00eb Ulqinit. N\u00ebse raporti nuk pranohet, e pak ka shenja q\u00eb kjo mund t\u00eb ndodh, kjo praktikisht do t\u00eb thot\u00eb q\u00eb jo vet\u00ebm q\u00eb koalicioni qeveris\u00ebs dhe formalisht \u00ebsht\u00eb shp\u00ebrb\u00ebr\u00eb, por edhe q\u00eb administrata e Cungut mund t\u00eb \u201cpaketoj \u00e7antat\u201d. \u201cJam i pak\u00ebnaqur me pun\u00ebn e partner\u00ebve t\u00eb koalicionit. Pushteti lokal nuk funksionon si\u00e7 duhet, k\u00ebshtu q\u00eb s\u00eb shpejti mund t\u00eb presim votimet. Ndoshta kjo do t\u00eb ishte m\u00eb korrekte ndaj qytetar\u00ebve\u201d, thot\u00eb tani kryetari i Ulqinit dhe lideri i FORC\u00cbS.<\/p>\n<p>Ky \u00ebsht\u00eb q\u00ebndrimi i gati t\u00eb gjith\u00eb pjes\u00ebmarr\u00ebsve n\u00eb sken\u00ebn politike, k\u00ebshtu q\u00eb zgjedhjet e reja lokale n\u00eb Ulqin do t\u00eb mbahen n\u00eb vjesht\u00eb. N\u00ebse do t\u00eb jen\u00eb edhe parlamentaret n\u00eb nivel shtet\u00ebror, at\u00ebher\u00eb n\u00eb paket\u00eb me to. Kujt do ti sjellin fat, mbetet p\u00ebr tu par\u00eb. Ajo \u00e7far\u00eb \u00ebsht\u00eb tashm\u00eb e qart\u00eb \u00ebsht\u00eb q\u00eb pushteti n\u00eb largim tmerr\u00ebsisht i ka zhg\u00ebnjyer qytetar\u00ebt t\u00eb cil\u00ebt i kan\u00eb pritur si shp\u00ebtimtar, k\u00ebshtu q\u00eb p\u00ebr t\u00eb askush nuk do t\u00eb ankoj. Posa\u00e7\u00ebrisht jo mbas edhe nj\u00eb sezoni t\u00eb dob\u00ebt turistik. E kush nuk do t\u00eb kujtoheshe tani se me sa entuziaz\u00ebm gjat\u00eb gjith\u00eb dimrit dhe pranver\u00ebs optimist\u00ebt jan\u00eb kaluar n\u00eb vler\u00ebsime q\u00eb do t\u00eb jet\u00eb sezon i suksesshme. Njer\u00ebzve q\u00eb t\u00eb vetmen mund\u00ebsi fitimi e kan\u00eb gjat\u00eb ver\u00ebs, qytetit i cili e ka rrog\u00ebn m\u00eb t\u00eb vog\u00ebl mesatare n\u00eb vend dhe i cili \u00ebsht\u00eb i vetmi n\u00eb bregdet i cili sh\u00ebnon r\u00ebnien e numrit t\u00eb popullsis\u00eb, kjo mund t\u00eb jet\u00eb pika e fundit \u201cq\u00eb e mbushi kup\u00ebn\u201d. P\u00ebr Abazoviqin kjo \u00ebsht\u00eb dhe flirtimi i Forc\u00ebs, kund\u00ebr d\u00ebshir\u00ebs s\u00eb votuesve dhe simpatizuesve, me PDS-n\u00eb, i cili \u00ebsht\u00eb, si\u00e7 pohon ai, fajtori kryesor p\u00ebr k\u00ebt\u00eb gjendje n\u00eb Ulqin. \u201cP\u00ebr k\u00ebt\u00eb arsye Ulqinit i nevojiten jo vet\u00ebm zgjedhje t\u00eb reja, por edhe klasa e re politike. Ky qytet \u00ebsht\u00eb lodhur nga xhuxhat politik dhe administratat-telekomand\u00eb t\u00eb cil\u00ebt kontrollohen nga adresat tjera\u201d, shtoi ai.<\/p>\n<p><strong>Mustafa CANKA (Monitor)<br \/>\nUl-info<br \/>\n<\/strong><\/p>\n<\/div>\n","protected":false},"excerpt":{"rendered":"<p>Koalicioni n\u00eb pushtet n\u00eb Ulqin nuk ekziston m\u00eb. P\u00ebr m\u00eb pak se dy vite ky koalicion ka d\u00ebshtuar n\u00eb t\u00eb gjitha premtimet, ka zhg\u00ebnjyer qytetar\u00ebt, nd\u00ebrsa n\u00eb komun\u00eb vendosi falimentimin. K\u00ebt\u00eb as pesimist\u00ebt m\u00eb t\u00eb m\u00ebdhenj nuk mund ta parashikonin. P\u00ebr m\u00eb pak se dy vite koalicioni n\u00eb pushtet t\u00eb cilin n\u00eb Ulqin e p\u00ebrb\u00ebjn\u00eb [&hellip;]<\/p>\n","protected":false},"author":1,"featured_media":0,"comment_status":"closed","ping_status":"closed","sticky":false,"template":"","format":"standard","meta":{"spay_email":"","jetpack_publicize_message":"","jetpack_is_tweetstorm":false,"jetpack_publicize_feature_enabled":true},"categories":[6],"tags":[],"jetpack_publicize_connections":[],"yoast_head":"<!-- This site is optimized with the Yoast SEO plugin v19.1 - https:\/\/yoast.com\/wordpress\/plugins\/seo\/ -->\n<title>Plasi edhe pushteti edhe sezoni n\u00eb Ulqin - Lajme nga Ulqini<\/title>\n<meta name=\"description\" content=\"Koalicioni n\u00eb pushtet n\u00eb Ulqin nuk ekziston m\u00eb. P\u00ebr m\u00eb pak se dy vite ky koalicion ka d\u00ebshtuar n\u00eb t\u00eb gjitha premtimet, ka zhg\u00ebnjyer qytetar\u00ebt, nd\u00ebrsa n\u00eb\" \/>\n<meta name=\"robots\" content=\"index, follow, max-snippet:-1, max-image-preview:large, max-video-preview:-1\" \/>\n<link rel=\"canonical\" href=\"https:\/\/www.visit-ulcinj.com\/blog\/2013\/07\/14\/plasi-edhe-pushteti-edhe-sezoni-ne-ulqin\/\" \/>\n<meta property=\"og:locale\" content=\"en_US\" \/>\n<meta property=\"og:type\" content=\"article\" \/>\n<meta property=\"og:title\" content=\"Plasi edhe pushteti edhe sezoni n\u00eb Ulqin - Lajme nga Ulqini\" \/>\n<meta property=\"og:description\" content=\"Koalicioni n\u00eb pushtet n\u00eb Ulqin nuk ekziston m\u00eb. P\u00ebr m\u00eb pak se dy vite ky koalicion ka d\u00ebshtuar n\u00eb t\u00eb gjitha premtimet, ka zhg\u00ebnjyer qytetar\u00ebt, nd\u00ebrsa n\u00eb\" \/>\n<meta property=\"og:url\" content=\"https:\/\/www.visit-ulcinj.com\/blog\/2013\/07\/14\/plasi-edhe-pushteti-edhe-sezoni-ne-ulqin\/\" \/>\n<meta property=\"og:site_name\" content=\"Lajme nga Ulqini\" \/>\n<meta property=\"article:published_time\" content=\"2013-07-14T14:00:34+00:00\" \/>\n<meta property=\"article:modified_time\" content=\"2013-07-14T14:00:53+00:00\" \/>\n<meta property=\"og:image\" content=\"http:\/\/www.visit-ulcinj.com\/blog\/wp-content\/uploads\/2013\/07\/Komuna-e-Ulqinit_Opstina-Ulcinj1.jpg\" \/>\n<meta name=\"twitter:label1\" content=\"Written by\" \/>\n\t<meta name=\"twitter:data1\" content=\"ulqini\" \/>\n\t<meta name=\"twitter:label2\" content=\"Est. reading time\" \/>\n\t<meta name=\"twitter:data2\" content=\"6 minutes\" \/>\n<script type=\"application\/ld+json\" class=\"yoast-schema-graph\">{\"@context\":\"https:\/\/schema.org\",\"@graph\":[{\"@type\":\"WebSite\",\"@id\":\"https:\/\/www.visit-ulcinj.com\/blog\/#website\",\"url\":\"https:\/\/www.visit-ulcinj.com\/blog\/\",\"name\":\"Lajme nga Ulqini\",\"description\":\"Lajme,Vijesti,Ulqini,Ulqin,Crna Gora,Mali i Zi\",\"potentialAction\":[{\"@type\":\"SearchAction\",\"target\":{\"@type\":\"EntryPoint\",\"urlTemplate\":\"https:\/\/www.visit-ulcinj.com\/blog\/?s={search_term_string}\"},\"query-input\":\"required name=search_term_string\"}],\"inLanguage\":\"en-US\"},{\"@type\":\"ImageObject\",\"inLanguage\":\"en-US\",\"@id\":\"https:\/\/www.visit-ulcinj.com\/blog\/2013\/07\/14\/plasi-edhe-pushteti-edhe-sezoni-ne-ulqin\/#primaryimage\",\"url\":\"https:\/\/www.visit-ulcinj.com\/blog\/wp-content\/uploads\/2013\/07\/Komuna-e-Ulqinit_Opstina-Ulcinj1.jpg\",\"contentUrl\":\"https:\/\/www.visit-ulcinj.com\/blog\/wp-content\/uploads\/2013\/07\/Komuna-e-Ulqinit_Opstina-Ulcinj1.jpg\",\"width\":600,\"height\":500},{\"@type\":\"WebPage\",\"@id\":\"https:\/\/www.visit-ulcinj.com\/blog\/2013\/07\/14\/plasi-edhe-pushteti-edhe-sezoni-ne-ulqin\/#webpage\",\"url\":\"https:\/\/www.visit-ulcinj.com\/blog\/2013\/07\/14\/plasi-edhe-pushteti-edhe-sezoni-ne-ulqin\/\",\"name\":\"Plasi edhe pushteti edhe sezoni n\u00eb Ulqin - Lajme nga Ulqini\",\"isPartOf\":{\"@id\":\"https:\/\/www.visit-ulcinj.com\/blog\/#website\"},\"primaryImageOfPage\":{\"@id\":\"https:\/\/www.visit-ulcinj.com\/blog\/2013\/07\/14\/plasi-edhe-pushteti-edhe-sezoni-ne-ulqin\/#primaryimage\"},\"datePublished\":\"2013-07-14T14:00:34+00:00\",\"dateModified\":\"2013-07-14T14:00:53+00:00\",\"author\":{\"@id\":\"https:\/\/www.visit-ulcinj.com\/blog\/#\/schema\/person\/dcab619c614d3038751c63bc2aadc06d\"},\"description\":\"Koalicioni n\u00eb pushtet n\u00eb Ulqin nuk ekziston m\u00eb. P\u00ebr m\u00eb pak se dy vite ky koalicion ka d\u00ebshtuar n\u00eb t\u00eb gjitha premtimet, ka zhg\u00ebnjyer qytetar\u00ebt, nd\u00ebrsa n\u00eb\",\"breadcrumb\":{\"@id\":\"https:\/\/www.visit-ulcinj.com\/blog\/2013\/07\/14\/plasi-edhe-pushteti-edhe-sezoni-ne-ulqin\/#breadcrumb\"},\"inLanguage\":\"en-US\",\"potentialAction\":[{\"@type\":\"ReadAction\",\"target\":[\"https:\/\/www.visit-ulcinj.com\/blog\/2013\/07\/14\/plasi-edhe-pushteti-edhe-sezoni-ne-ulqin\/\"]}]},{\"@type\":\"BreadcrumbList\",\"@id\":\"https:\/\/www.visit-ulcinj.com\/blog\/2013\/07\/14\/plasi-edhe-pushteti-edhe-sezoni-ne-ulqin\/#breadcrumb\",\"itemListElement\":[{\"@type\":\"ListItem\",\"position\":1,\"name\":\"Plasi edhe pushteti edhe sezoni n\u00eb Ulqin\"}]},{\"@type\":\"Person\",\"@id\":\"https:\/\/www.visit-ulcinj.com\/blog\/#\/schema\/person\/dcab619c614d3038751c63bc2aadc06d\",\"name\":\"ulqini\",\"sameAs\":[\"http:\/\/www.visit-ulcinj.com\"],\"url\":\"https:\/\/www.visit-ulcinj.com\/blog\/author\/admin\/\"}]}<\/script>\n<!-- \/ Yoast SEO plugin. -->","yoast_head_json":{"title":"Plasi edhe pushteti edhe sezoni n\u00eb Ulqin - Lajme nga Ulqini","description":"Koalicioni n\u00eb pushtet n\u00eb Ulqin nuk ekziston m\u00eb. P\u00ebr m\u00eb pak se dy vite ky koalicion ka d\u00ebshtuar n\u00eb t\u00eb gjitha premtimet, ka zhg\u00ebnjyer qytetar\u00ebt, nd\u00ebrsa n\u00eb","robots":{"index":"index","follow":"follow","max-snippet":"max-snippet:-1","max-image-preview":"max-image-preview:large","max-video-preview":"max-video-preview:-1"},"canonical":"https:\/\/www.visit-ulcinj.com\/blog\/2013\/07\/14\/plasi-edhe-pushteti-edhe-sezoni-ne-ulqin\/","og_locale":"en_US","og_type":"article","og_title":"Plasi edhe pushteti edhe sezoni n\u00eb Ulqin - Lajme nga Ulqini","og_description":"Koalicioni n\u00eb pushtet n\u00eb Ulqin nuk ekziston m\u00eb. P\u00ebr m\u00eb pak se dy vite ky koalicion ka d\u00ebshtuar n\u00eb t\u00eb gjitha premtimet, ka zhg\u00ebnjyer qytetar\u00ebt, nd\u00ebrsa n\u00eb","og_url":"https:\/\/www.visit-ulcinj.com\/blog\/2013\/07\/14\/plasi-edhe-pushteti-edhe-sezoni-ne-ulqin\/","og_site_name":"Lajme nga Ulqini","article_published_time":"2013-07-14T14:00:34+00:00","article_modified_time":"2013-07-14T14:00:53+00:00","og_image":[{"url":"http:\/\/www.visit-ulcinj.com\/blog\/wp-content\/uploads\/2013\/07\/Komuna-e-Ulqinit_Opstina-Ulcinj1.jpg"}],"twitter_misc":{"Written by":"ulqini","Est. reading time":"6 minutes"},"schema":{"@context":"https:\/\/schema.org","@graph":[{"@type":"WebSite","@id":"https:\/\/www.visit-ulcinj.com\/blog\/#website","url":"https:\/\/www.visit-ulcinj.com\/blog\/","name":"Lajme nga Ulqini","description":"Lajme,Vijesti,Ulqini,Ulqin,Crna Gora,Mali i Zi","potentialAction":[{"@type":"SearchAction","target":{"@type":"EntryPoint","urlTemplate":"https:\/\/www.visit-ulcinj.com\/blog\/?s={search_term_string}"},"query-input":"required name=search_term_string"}],"inLanguage":"en-US"},{"@type":"ImageObject","inLanguage":"en-US","@id":"https:\/\/www.visit-ulcinj.com\/blog\/2013\/07\/14\/plasi-edhe-pushteti-edhe-sezoni-ne-ulqin\/#primaryimage","url":"https:\/\/www.visit-ulcinj.com\/blog\/wp-content\/uploads\/2013\/07\/Komuna-e-Ulqinit_Opstina-Ulcinj1.jpg","contentUrl":"https:\/\/www.visit-ulcinj.com\/blog\/wp-content\/uploads\/2013\/07\/Komuna-e-Ulqinit_Opstina-Ulcinj1.jpg","width":600,"height":500},{"@type":"WebPage","@id":"https:\/\/www.visit-ulcinj.com\/blog\/2013\/07\/14\/plasi-edhe-pushteti-edhe-sezoni-ne-ulqin\/#webpage","url":"https:\/\/www.visit-ulcinj.com\/blog\/2013\/07\/14\/plasi-edhe-pushteti-edhe-sezoni-ne-ulqin\/","name":"Plasi edhe pushteti edhe sezoni n\u00eb Ulqin - Lajme nga Ulqini","isPartOf":{"@id":"https:\/\/www.visit-ulcinj.com\/blog\/#website"},"primaryImageOfPage":{"@id":"https:\/\/www.visit-ulcinj.com\/blog\/2013\/07\/14\/plasi-edhe-pushteti-edhe-sezoni-ne-ulqin\/#primaryimage"},"datePublished":"2013-07-14T14:00:34+00:00","dateModified":"2013-07-14T14:00:53+00:00","author":{"@id":"https:\/\/www.visit-ulcinj.com\/blog\/#\/schema\/person\/dcab619c614d3038751c63bc2aadc06d"},"description":"Koalicioni n\u00eb pushtet n\u00eb Ulqin nuk ekziston m\u00eb. P\u00ebr m\u00eb pak se dy vite ky koalicion ka d\u00ebshtuar n\u00eb t\u00eb gjitha premtimet, ka zhg\u00ebnjyer qytetar\u00ebt, nd\u00ebrsa n\u00eb","breadcrumb":{"@id":"https:\/\/www.visit-ulcinj.com\/blog\/2013\/07\/14\/plasi-edhe-pushteti-edhe-sezoni-ne-ulqin\/#breadcrumb"},"inLanguage":"en-US","potentialAction":[{"@type":"ReadAction","target":["https:\/\/www.visit-ulcinj.com\/blog\/2013\/07\/14\/plasi-edhe-pushteti-edhe-sezoni-ne-ulqin\/"]}]},{"@type":"BreadcrumbList","@id":"https:\/\/www.visit-ulcinj.com\/blog\/2013\/07\/14\/plasi-edhe-pushteti-edhe-sezoni-ne-ulqin\/#breadcrumb","itemListElement":[{"@type":"ListItem","position":1,"name":"Plasi edhe pushteti edhe sezoni n\u00eb Ulqin"}]},{"@type":"Person","@id":"https:\/\/www.visit-ulcinj.com\/blog\/#\/schema\/person\/dcab619c614d3038751c63bc2aadc06d","name":"ulqini","sameAs":["http:\/\/www.visit-ulcinj.com"],"url":"https:\/\/www.visit-ulcinj.com\/blog\/author\/admin\/"}]}},"jetpack_featured_media_url":"","jetpack_sharing_enabled":true,"jetpack_shortlink":"https:\/\/wp.me\/pe6lTn-j4A","_links":{"self":[{"href":"https:\/\/www.visit-ulcinj.com\/blog\/wp-json\/wp\/v2\/posts\/73320"}],"collection":[{"href":"https:\/\/www.visit-ulcinj.com\/blog\/wp-json\/wp\/v2\/posts"}],"about":[{"href":"https:\/\/www.visit-ulcinj.com\/blog\/wp-json\/wp\/v2\/types\/post"}],"author":[{"embeddable":true,"href":"https:\/\/www.visit-ulcinj.com\/blog\/wp-json\/wp\/v2\/users\/1"}],"replies":[{"embeddable":true,"href":"https:\/\/www.visit-ulcinj.com\/blog\/wp-json\/wp\/v2\/comments?post=73320"}],"version-history":[{"count":3,"href":"https:\/\/www.visit-ulcinj.com\/blog\/wp-json\/wp\/v2\/posts\/73320\/revisions"}],"predecessor-version":[{"id":73322,"href":"https:\/\/www.visit-ulcinj.com\/blog\/wp-json\/wp\/v2\/posts\/73320\/revisions\/73322"}],"wp:attachment":[{"href":"https:\/\/www.visit-ulcinj.com\/blog\/wp-json\/wp\/v2\/media?parent=73320"}],"wp:term":[{"taxonomy":"category","embeddable":true,"href":"https:\/\/www.visit-ulcinj.com\/blog\/wp-json\/wp\/v2\/categories?post=73320"},{"taxonomy":"post_tag","embeddable":true,"href":"https:\/\/www.visit-ulcinj.com\/blog\/wp-json\/wp\/v2\/tags?post=73320"}],"curies":[{"name":"wp","href":"https:\/\/api.w.org\/{rel}","templated":true}]}}