{"id":73342,"date":"2013-07-15T05:43:04","date_gmt":"2013-07-15T04:43:04","guid":{"rendered":"http:\/\/www.visit-ulcinj.com\/blog\/?p=73342"},"modified":"2013-07-15T05:43:04","modified_gmt":"2013-07-15T04:43:04","slug":"mbytet-ne-det-te-ulqinit-19-vjecari-adrian-hameli","status":"publish","type":"post","link":"https:\/\/www.visit-ulcinj.com\/blog\/2013\/07\/15\/mbytet-ne-det-te-ulqinit-19-vjecari-adrian-hameli\/","title":{"rendered":"Mbytet n\u00eb det t\u00eb Ulqinit 19-vje\u00e7ari Adrian Hameli"},"content":{"rendered":"<p><a href=\"http:\/\/www.visit-ulcinj.com\/blog\/wp-content\/uploads\/2013\/07\/Noki-beach-ulcinj.jpg\"><img loading=\"lazy\" class=\"alignleft size-full wp-image-73340\" alt=\"Noki-beach-ulcinj\" src=\"http:\/\/www.visit-ulcinj.com\/blog\/wp-content\/uploads\/2013\/07\/Noki-beach-ulcinj.jpg\" width=\"508\" height=\"360\" \/><\/a><br \/>\n<strong>\u00a019- vje\u00e7ari Adrian Hameli, i cili kishte zgjedhur qytetin e Ulqinit p\u00ebr t\u00eb pushuar, humbi jet\u00ebn<\/strong><\/p>\n<p>Ulqin, 14 korrik &#8211; N\u00eb Noki Beach, plazhin e qytetit t\u00eb Ulqinit, \u00ebsht\u00eb mbytur i riu nga Republika e Kosov\u00ebs, Adrian Hameli, n\u00ebnt\u00ebmb\u00ebdhjet\u00eb vje\u00e7ar nga Prizreni.<\/p>\n<p>Ai u mbyt t\u00eb diel\u00ebn n\u00eb or\u00ebt e pasdites n\u00eb ora 17:00.<\/p>\n<p>I riu nga Prizreni gjeti vdekjen n\u00eb detin e hapur p\u00ebr shkak t\u00eb rrymave t\u00eb fuqishme detare. Por, m\u00eb pastaj, val\u00ebt e pam\u00ebshirshme e mor\u00ebn me vete, nd\u00ebrsa shp\u00ebtimtar\u00ebt e plazhit nuk arrit\u00ebn ta nxjerrin t\u00eb gjall\u00eb nga deti.<\/p>\n<p>Ekipi i Urgjenc\u00ebs nga Ulqinit e cila doli n\u00eb vendngjarje ka mb\u00ebrritur menj\u00ebher\u00eb mbas thirrjes, ku ka mundur vet\u00ebm t\u00eb konstatoj vdekjen e Adrian Hamelit nga Prizreni.<\/p>\n","protected":false},"excerpt":{"rendered":"<p>\u00a019- vje\u00e7ari Adrian Hameli, i cili kishte zgjedhur qytetin e Ulqinit p\u00ebr t\u00eb pushuar, humbi jet\u00ebn Ulqin, 14 korrik &#8211; N\u00eb Noki Beach, plazhin e qytetit t\u00eb Ulqinit, \u00ebsht\u00eb mbytur i riu nga Republika e Kosov\u00ebs, Adrian Hameli, n\u00ebnt\u00ebmb\u00ebdhjet\u00eb vje\u00e7ar nga Prizreni. Ai u mbyt t\u00eb diel\u00ebn n\u00eb or\u00ebt e pasdites n\u00eb ora 17:00. I [&hellip;]<\/p>\n","protected":false},"author":1,"featured_media":0,"comment_status":"closed","ping_status":"closed","sticky":false,"template":"","format":"standard","meta":{"spay_email":"","jetpack_publicize_message":"","jetpack_is_tweetstorm":false,"jetpack_publicize_feature_enabled":true},"categories":[6950],"tags":[],"jetpack_publicize_connections":[],"yoast_head":"<!-- This site is optimized with the Yoast SEO plugin v19.1 - https:\/\/yoast.com\/wordpress\/plugins\/seo\/ -->\n<title>Mbytet n\u00eb det t\u00eb Ulqinit 19-vje\u00e7ari Adrian Hameli - Lajme nga Ulqini<\/title>\n<meta name=\"description\" content=\"\u00a019- vje\u00e7ari Adrian Hameli, i cili kishte zgjedhur qytetin e Ulqinit p\u00ebr t\u00eb pushuar, humbi jet\u00ebn Ulqin, 14 korrik - N\u00eb Noki Beach, plazhin e qytetit t\u00eb\" \/>\n<meta name=\"robots\" content=\"index, follow, max-snippet:-1, max-image-preview:large, max-video-preview:-1\" \/>\n<link rel=\"canonical\" href=\"https:\/\/www.visit-ulcinj.com\/blog\/2013\/07\/15\/mbytet-ne-det-te-ulqinit-19-vjecari-adrian-hameli\/\" \/>\n<meta property=\"og:locale\" content=\"en_US\" \/>\n<meta property=\"og:type\" content=\"article\" \/>\n<meta property=\"og:title\" content=\"Mbytet n\u00eb det t\u00eb Ulqinit 19-vje\u00e7ari Adrian Hameli - Lajme nga Ulqini\" \/>\n<meta property=\"og:description\" content=\"\u00a019- vje\u00e7ari Adrian Hameli, i cili kishte zgjedhur qytetin e Ulqinit p\u00ebr t\u00eb pushuar, humbi jet\u00ebn Ulqin, 14 korrik - N\u00eb Noki Beach, plazhin e qytetit t\u00eb\" \/>\n<meta property=\"og:url\" content=\"https:\/\/www.visit-ulcinj.com\/blog\/2013\/07\/15\/mbytet-ne-det-te-ulqinit-19-vjecari-adrian-hameli\/\" \/>\n<meta property=\"og:site_name\" content=\"Lajme nga Ulqini\" \/>\n<meta property=\"article:published_time\" content=\"2013-07-15T04:43:04+00:00\" \/>\n<meta property=\"og:image\" content=\"http:\/\/www.visit-ulcinj.com\/blog\/wp-content\/uploads\/2013\/07\/Noki-beach-ulcinj.jpg\" \/>\n<meta name=\"twitter:label1\" content=\"Written by\" \/>\n\t<meta name=\"twitter:data1\" content=\"ulqini\" \/>\n\t<meta name=\"twitter:label2\" content=\"Est. reading time\" \/>\n\t<meta name=\"twitter:data2\" content=\"1 minute\" \/>\n<script type=\"application\/ld+json\" class=\"yoast-schema-graph\">{\"@context\":\"https:\/\/schema.org\",\"@graph\":[{\"@type\":\"WebSite\",\"@id\":\"https:\/\/www.visit-ulcinj.com\/blog\/#website\",\"url\":\"https:\/\/www.visit-ulcinj.com\/blog\/\",\"name\":\"Lajme nga Ulqini\",\"description\":\"Lajme,Vijesti,Ulqini,Ulqin,Crna Gora,Mali i Zi\",\"potentialAction\":[{\"@type\":\"SearchAction\",\"target\":{\"@type\":\"EntryPoint\",\"urlTemplate\":\"https:\/\/www.visit-ulcinj.com\/blog\/?s={search_term_string}\"},\"query-input\":\"required name=search_term_string\"}],\"inLanguage\":\"en-US\"},{\"@type\":\"ImageObject\",\"inLanguage\":\"en-US\",\"@id\":\"https:\/\/www.visit-ulcinj.com\/blog\/2013\/07\/15\/mbytet-ne-det-te-ulqinit-19-vjecari-adrian-hameli\/#primaryimage\",\"url\":\"https:\/\/www.visit-ulcinj.com\/blog\/wp-content\/uploads\/2013\/07\/Noki-beach-ulcinj.jpg\",\"contentUrl\":\"https:\/\/www.visit-ulcinj.com\/blog\/wp-content\/uploads\/2013\/07\/Noki-beach-ulcinj.jpg\",\"width\":960,\"height\":517},{\"@type\":\"WebPage\",\"@id\":\"https:\/\/www.visit-ulcinj.com\/blog\/2013\/07\/15\/mbytet-ne-det-te-ulqinit-19-vjecari-adrian-hameli\/#webpage\",\"url\":\"https:\/\/www.visit-ulcinj.com\/blog\/2013\/07\/15\/mbytet-ne-det-te-ulqinit-19-vjecari-adrian-hameli\/\",\"name\":\"Mbytet n\u00eb det t\u00eb Ulqinit 19-vje\u00e7ari Adrian Hameli - Lajme nga Ulqini\",\"isPartOf\":{\"@id\":\"https:\/\/www.visit-ulcinj.com\/blog\/#website\"},\"primaryImageOfPage\":{\"@id\":\"https:\/\/www.visit-ulcinj.com\/blog\/2013\/07\/15\/mbytet-ne-det-te-ulqinit-19-vjecari-adrian-hameli\/#primaryimage\"},\"datePublished\":\"2013-07-15T04:43:04+00:00\",\"dateModified\":\"2013-07-15T04:43:04+00:00\",\"author\":{\"@id\":\"https:\/\/www.visit-ulcinj.com\/blog\/#\/schema\/person\/dcab619c614d3038751c63bc2aadc06d\"},\"description\":\"\u00a019- vje\u00e7ari Adrian Hameli, i cili kishte zgjedhur qytetin e Ulqinit p\u00ebr t\u00eb pushuar, humbi jet\u00ebn Ulqin, 14 korrik - N\u00eb Noki Beach, plazhin e qytetit t\u00eb\",\"breadcrumb\":{\"@id\":\"https:\/\/www.visit-ulcinj.com\/blog\/2013\/07\/15\/mbytet-ne-det-te-ulqinit-19-vjecari-adrian-hameli\/#breadcrumb\"},\"inLanguage\":\"en-US\",\"potentialAction\":[{\"@type\":\"ReadAction\",\"target\":[\"https:\/\/www.visit-ulcinj.com\/blog\/2013\/07\/15\/mbytet-ne-det-te-ulqinit-19-vjecari-adrian-hameli\/\"]}]},{\"@type\":\"BreadcrumbList\",\"@id\":\"https:\/\/www.visit-ulcinj.com\/blog\/2013\/07\/15\/mbytet-ne-det-te-ulqinit-19-vjecari-adrian-hameli\/#breadcrumb\",\"itemListElement\":[{\"@type\":\"ListItem\",\"position\":1,\"name\":\"Mbytet n\u00eb det t\u00eb Ulqinit 19-vje\u00e7ari Adrian Hameli\"}]},{\"@type\":\"Person\",\"@id\":\"https:\/\/www.visit-ulcinj.com\/blog\/#\/schema\/person\/dcab619c614d3038751c63bc2aadc06d\",\"name\":\"ulqini\",\"sameAs\":[\"http:\/\/www.visit-ulcinj.com\"],\"url\":\"https:\/\/www.visit-ulcinj.com\/blog\/author\/admin\/\"}]}<\/script>\n<!-- \/ Yoast SEO plugin. -->","yoast_head_json":{"title":"Mbytet n\u00eb det t\u00eb Ulqinit 19-vje\u00e7ari Adrian Hameli - Lajme nga Ulqini","description":"\u00a019- vje\u00e7ari Adrian Hameli, i cili kishte zgjedhur qytetin e Ulqinit p\u00ebr t\u00eb pushuar, humbi jet\u00ebn Ulqin, 14 korrik - N\u00eb Noki Beach, plazhin e qytetit t\u00eb","robots":{"index":"index","follow":"follow","max-snippet":"max-snippet:-1","max-image-preview":"max-image-preview:large","max-video-preview":"max-video-preview:-1"},"canonical":"https:\/\/www.visit-ulcinj.com\/blog\/2013\/07\/15\/mbytet-ne-det-te-ulqinit-19-vjecari-adrian-hameli\/","og_locale":"en_US","og_type":"article","og_title":"Mbytet n\u00eb det t\u00eb Ulqinit 19-vje\u00e7ari Adrian Hameli - Lajme nga Ulqini","og_description":"\u00a019- vje\u00e7ari Adrian Hameli, i cili kishte zgjedhur qytetin e Ulqinit p\u00ebr t\u00eb pushuar, humbi jet\u00ebn Ulqin, 14 korrik - N\u00eb Noki Beach, plazhin e qytetit t\u00eb","og_url":"https:\/\/www.visit-ulcinj.com\/blog\/2013\/07\/15\/mbytet-ne-det-te-ulqinit-19-vjecari-adrian-hameli\/","og_site_name":"Lajme nga Ulqini","article_published_time":"2013-07-15T04:43:04+00:00","og_image":[{"url":"http:\/\/www.visit-ulcinj.com\/blog\/wp-content\/uploads\/2013\/07\/Noki-beach-ulcinj.jpg"}],"twitter_misc":{"Written by":"ulqini","Est. reading time":"1 minute"},"schema":{"@context":"https:\/\/schema.org","@graph":[{"@type":"WebSite","@id":"https:\/\/www.visit-ulcinj.com\/blog\/#website","url":"https:\/\/www.visit-ulcinj.com\/blog\/","name":"Lajme nga Ulqini","description":"Lajme,Vijesti,Ulqini,Ulqin,Crna Gora,Mali i Zi","potentialAction":[{"@type":"SearchAction","target":{"@type":"EntryPoint","urlTemplate":"https:\/\/www.visit-ulcinj.com\/blog\/?s={search_term_string}"},"query-input":"required name=search_term_string"}],"inLanguage":"en-US"},{"@type":"ImageObject","inLanguage":"en-US","@id":"https:\/\/www.visit-ulcinj.com\/blog\/2013\/07\/15\/mbytet-ne-det-te-ulqinit-19-vjecari-adrian-hameli\/#primaryimage","url":"https:\/\/www.visit-ulcinj.com\/blog\/wp-content\/uploads\/2013\/07\/Noki-beach-ulcinj.jpg","contentUrl":"https:\/\/www.visit-ulcinj.com\/blog\/wp-content\/uploads\/2013\/07\/Noki-beach-ulcinj.jpg","width":960,"height":517},{"@type":"WebPage","@id":"https:\/\/www.visit-ulcinj.com\/blog\/2013\/07\/15\/mbytet-ne-det-te-ulqinit-19-vjecari-adrian-hameli\/#webpage","url":"https:\/\/www.visit-ulcinj.com\/blog\/2013\/07\/15\/mbytet-ne-det-te-ulqinit-19-vjecari-adrian-hameli\/","name":"Mbytet n\u00eb det t\u00eb Ulqinit 19-vje\u00e7ari Adrian Hameli - Lajme nga Ulqini","isPartOf":{"@id":"https:\/\/www.visit-ulcinj.com\/blog\/#website"},"primaryImageOfPage":{"@id":"https:\/\/www.visit-ulcinj.com\/blog\/2013\/07\/15\/mbytet-ne-det-te-ulqinit-19-vjecari-adrian-hameli\/#primaryimage"},"datePublished":"2013-07-15T04:43:04+00:00","dateModified":"2013-07-15T04:43:04+00:00","author":{"@id":"https:\/\/www.visit-ulcinj.com\/blog\/#\/schema\/person\/dcab619c614d3038751c63bc2aadc06d"},"description":"\u00a019- vje\u00e7ari Adrian Hameli, i cili kishte zgjedhur qytetin e Ulqinit p\u00ebr t\u00eb pushuar, humbi jet\u00ebn Ulqin, 14 korrik - N\u00eb Noki Beach, plazhin e qytetit t\u00eb","breadcrumb":{"@id":"https:\/\/www.visit-ulcinj.com\/blog\/2013\/07\/15\/mbytet-ne-det-te-ulqinit-19-vjecari-adrian-hameli\/#breadcrumb"},"inLanguage":"en-US","potentialAction":[{"@type":"ReadAction","target":["https:\/\/www.visit-ulcinj.com\/blog\/2013\/07\/15\/mbytet-ne-det-te-ulqinit-19-vjecari-adrian-hameli\/"]}]},{"@type":"BreadcrumbList","@id":"https:\/\/www.visit-ulcinj.com\/blog\/2013\/07\/15\/mbytet-ne-det-te-ulqinit-19-vjecari-adrian-hameli\/#breadcrumb","itemListElement":[{"@type":"ListItem","position":1,"name":"Mbytet n\u00eb det t\u00eb Ulqinit 19-vje\u00e7ari Adrian Hameli"}]},{"@type":"Person","@id":"https:\/\/www.visit-ulcinj.com\/blog\/#\/schema\/person\/dcab619c614d3038751c63bc2aadc06d","name":"ulqini","sameAs":["http:\/\/www.visit-ulcinj.com"],"url":"https:\/\/www.visit-ulcinj.com\/blog\/author\/admin\/"}]}},"jetpack_featured_media_url":"","jetpack_sharing_enabled":true,"jetpack_shortlink":"https:\/\/wp.me\/pe6lTn-j4W","_links":{"self":[{"href":"https:\/\/www.visit-ulcinj.com\/blog\/wp-json\/wp\/v2\/posts\/73342"}],"collection":[{"href":"https:\/\/www.visit-ulcinj.com\/blog\/wp-json\/wp\/v2\/posts"}],"about":[{"href":"https:\/\/www.visit-ulcinj.com\/blog\/wp-json\/wp\/v2\/types\/post"}],"author":[{"embeddable":true,"href":"https:\/\/www.visit-ulcinj.com\/blog\/wp-json\/wp\/v2\/users\/1"}],"replies":[{"embeddable":true,"href":"https:\/\/www.visit-ulcinj.com\/blog\/wp-json\/wp\/v2\/comments?post=73342"}],"version-history":[{"count":2,"href":"https:\/\/www.visit-ulcinj.com\/blog\/wp-json\/wp\/v2\/posts\/73342\/revisions"}],"predecessor-version":[{"id":73345,"href":"https:\/\/www.visit-ulcinj.com\/blog\/wp-json\/wp\/v2\/posts\/73342\/revisions\/73345"}],"wp:attachment":[{"href":"https:\/\/www.visit-ulcinj.com\/blog\/wp-json\/wp\/v2\/media?parent=73342"}],"wp:term":[{"taxonomy":"category","embeddable":true,"href":"https:\/\/www.visit-ulcinj.com\/blog\/wp-json\/wp\/v2\/categories?post=73342"},{"taxonomy":"post_tag","embeddable":true,"href":"https:\/\/www.visit-ulcinj.com\/blog\/wp-json\/wp\/v2\/tags?post=73342"}],"curies":[{"name":"wp","href":"https:\/\/api.w.org\/{rel}","templated":true}]}}