{"id":73346,"date":"2013-07-15T06:39:04","date_gmt":"2013-07-15T05:39:04","guid":{"rendered":"http:\/\/www.visit-ulcinj.com\/blog\/?p=73346"},"modified":"2013-07-23T16:11:18","modified_gmt":"2013-07-23T15:11:18","slug":"shporta-e-ramazanit-aktiviteti-humanitar-xhamia-klleznes","status":"publish","type":"post","link":"https:\/\/www.visit-ulcinj.com\/blog\/2013\/07\/15\/shporta-e-ramazanit-aktiviteti-humanitar-xhamia-klleznes\/","title":{"rendered":"Shporta e Ramazanit aktiviteti humanitar &#8211; Xhamia Klleznes"},"content":{"rendered":"<p><strong>Kontribuo edhe ti!<\/strong><\/p>\n<p>Me 10\u00a0 euro dhurojuni buz\u00ebqeshje, skamnor\u00ebve,jetim\u00ebve dhe nevojtar\u00ebve!!!<\/p>\n<p>Me rastin e muajit t\u00eb shent\u00eb t\u00eb Ramazanit, muajit t\u00eb m\u00ebshir\u00ebs dhe solidaritetit Xhamia e Kllezn\u00ebs organizon aktivitetin humanitar &#8220;Shporta e Ramazanit&#8221;.<br \/>\nQ\u00ebllimi i k\u00ebtij aksioni \u00ebsht\u00eb q\u00eb t\u2019u vihet n\u00eb ndihm\u00eb njerz\u00ebve nevojtar. Ky aktivitet p\u00ebrfshin\u00eb dhurimin e pakove me vler\u00eb prej 10 Euro t\u00eb cilat mblidhen nga donator\u00ebt ose dhuruesit vullnetar\u00eb.<br \/>\n<a href=\"http:\/\/www.visit-ulcinj.com\/blog\/wp-content\/uploads\/2013\/07\/Shporta-e-Ramazanit-aktiviteti-humanitar-Xhamia-Klleznes-ana-malit-ulqin.jpg\"><img loading=\"lazy\" class=\"alignleft  wp-image-73347\" alt=\"Shporta e Ramazanit aktiviteti humanitar - Xhamia Klleznes-ana-malit-ulqin\" src=\"http:\/\/www.visit-ulcinj.com\/blog\/wp-content\/uploads\/2013\/07\/Shporta-e-Ramazanit-aktiviteti-humanitar-Xhamia-Klleznes-ana-malit-ulqin.jpg\" width=\"507\" height=\"720\" \/><\/a><br \/>\nShporta e Ramazanit \u00ebsht\u00eb nj\u00eb aksion i madh humanitar p\u00ebr nder t\u00eb muajit t\u00eb Ramazanit q\u00eb organizohet nga Xhamia e Kllezn\u00ebs. Aktiviteti i cili titullohet &#8216;Shporta e Ramazanit&#8217; ka p\u00ebr q\u00ebllim q\u00eb n\u00eb k\u00ebt\u00eb muaji me t\u00eb ardhura m\u00eb t\u00eb mira t\u00eb solidarizohet me skamnor\u00ebt. Aksioni do t\u00eb vazhdoi n\u00eb dit\u00ebt vijuese dhe synohet t\u00eb p\u00ebrkrahen deri n\u00eb fund t\u00eb Ramazanit shum\u00eb familje skmanore. T\u00eb gjith\u00eb ju q\u00eb d\u00ebshironi t\u00eb kontribuoni, k\u00ebt\u00eb mund ta b\u00ebni\u00a0 duke paguar 10 euro.<\/p>\n<p>Organizator\u00ebt e k\u00ebtij aksioni humanitar shpresojn\u00eb n\u00eb nj\u00eb p\u00ebrkrahje m\u00eb t\u00eb madhe t\u00eb qytetar\u00ebve\u00a0 nga Ulqini dhe diaspora sepse ata n\u00eb k\u00ebt\u00eb form\u00eb ndihmojn\u00eb bashk\u00ebqytetar\u00ebt e tyre t\u00eb cil\u00ebt kan\u00eb nevoj\u00eb.<\/p>\n<p><strong>Donacionet p\u00ebr shport\u00ebn e Ramazanit mund ti d\u00ebrgoni n\u00eb:<\/strong><\/p>\n<p>Telefonat kujdestar per kontakt<\/p>\n<p><strong>Tel: 069 649 664<\/strong> &#8211; \u00a0Imami i Xhamis n\u00eb Kllez\u00ebn<\/p>\n<p><strong>Tel: 069 826 829<\/strong> &#8211; An\u00ebtar\u00eb i komisionit<\/p>\n<p><strong>Tel: 069 829 579<\/strong> &#8211; An\u00ebtar\u00eb i komisionit<\/p>\n<p><strong>Emai: <a href=\"mailto: xhamiaklleznes@yahoo.com\" target=\"_blank\">xhamiaklleznes@yahoo.com<\/a><\/strong><\/p>\n<p><a href=\"https:\/\/www.facebook.com\/photo.php?fbid=218757901606700&amp;set=a.101869889962169.3549.100004174742969&amp;type=1&amp;theater\" target=\"_blank\"><strong>Like + share faqes Shporta e Ramazanit Xhamia e Klleznes\u00a0<\/strong><\/a><\/p>\n<p><strong>I lutemi\u00a0 \u00e7do antari ta Shperndaje ne Facebook lajmin.Faliminderit<br \/>\n<\/strong><\/p>\n<p><strong>Sponsor gjeneral: Lajme nga Ulqini<\/strong><\/p>\n","protected":false},"excerpt":{"rendered":"<p>Kontribuo edhe ti! Me 10\u00a0 euro dhurojuni buz\u00ebqeshje, skamnor\u00ebve,jetim\u00ebve dhe nevojtar\u00ebve!!! Me rastin e muajit t\u00eb shent\u00eb t\u00eb Ramazanit, muajit t\u00eb m\u00ebshir\u00ebs dhe solidaritetit Xhamia e Kllezn\u00ebs organizon aktivitetin humanitar &#8220;Shporta e Ramazanit&#8221;. Q\u00ebllimi i k\u00ebtij aksioni \u00ebsht\u00eb q\u00eb t\u2019u vihet n\u00eb ndihm\u00eb njerz\u00ebve nevojtar. Ky aktivitet p\u00ebrfshin\u00eb dhurimin e pakove me vler\u00eb prej 10 [&hellip;]<\/p>\n","protected":false},"author":1,"featured_media":0,"comment_status":"closed","ping_status":"closed","sticky":false,"template":"","format":"standard","meta":{"spay_email":"","jetpack_publicize_message":"","jetpack_is_tweetstorm":false,"jetpack_publicize_feature_enabled":true},"categories":[7,4,1],"tags":[],"jetpack_publicize_connections":[],"yoast_head":"<!-- This site is optimized with the Yoast SEO plugin v19.1 - https:\/\/yoast.com\/wordpress\/plugins\/seo\/ -->\n<title>Shporta e Ramazanit aktiviteti humanitar - Xhamia Klleznes - Lajme nga Ulqini<\/title>\n<meta name=\"description\" content=\"Kontribuo edhe ti! Me 10\u00a0 euro dhurojuni buz\u00ebqeshje, skamnor\u00ebve,jetim\u00ebve dhe nevojtar\u00ebve!!! Me rastin e muajit t\u00eb shent\u00eb t\u00eb Ramazanit, muajit t\u00eb m\u00ebshir\u00ebs\" \/>\n<meta name=\"robots\" content=\"index, follow, max-snippet:-1, max-image-preview:large, max-video-preview:-1\" \/>\n<link rel=\"canonical\" href=\"https:\/\/www.visit-ulcinj.com\/blog\/2013\/07\/15\/shporta-e-ramazanit-aktiviteti-humanitar-xhamia-klleznes\/\" \/>\n<meta property=\"og:locale\" content=\"en_US\" \/>\n<meta property=\"og:type\" content=\"article\" \/>\n<meta property=\"og:title\" content=\"Shporta e Ramazanit aktiviteti humanitar - Xhamia Klleznes - Lajme nga Ulqini\" \/>\n<meta property=\"og:description\" content=\"Kontribuo edhe ti! Me 10\u00a0 euro dhurojuni buz\u00ebqeshje, skamnor\u00ebve,jetim\u00ebve dhe nevojtar\u00ebve!!! Me rastin e muajit t\u00eb shent\u00eb t\u00eb Ramazanit, muajit t\u00eb m\u00ebshir\u00ebs\" \/>\n<meta property=\"og:url\" content=\"https:\/\/www.visit-ulcinj.com\/blog\/2013\/07\/15\/shporta-e-ramazanit-aktiviteti-humanitar-xhamia-klleznes\/\" \/>\n<meta property=\"og:site_name\" content=\"Lajme nga Ulqini\" \/>\n<meta property=\"article:published_time\" content=\"2013-07-15T05:39:04+00:00\" \/>\n<meta property=\"article:modified_time\" content=\"2013-07-23T15:11:18+00:00\" \/>\n<meta property=\"og:image\" content=\"http:\/\/www.visit-ulcinj.com\/blog\/wp-content\/uploads\/2013\/07\/Shporta-e-Ramazanit-aktiviteti-humanitar-Xhamia-Klleznes-ana-malit-ulqin.jpg\" \/>\n<meta name=\"twitter:label1\" content=\"Written by\" \/>\n\t<meta name=\"twitter:data1\" content=\"ulqini\" \/>\n\t<meta name=\"twitter:label2\" content=\"Est. reading time\" \/>\n\t<meta name=\"twitter:data2\" content=\"1 minute\" \/>\n<script type=\"application\/ld+json\" class=\"yoast-schema-graph\">{\"@context\":\"https:\/\/schema.org\",\"@graph\":[{\"@type\":\"WebSite\",\"@id\":\"https:\/\/www.visit-ulcinj.com\/blog\/#website\",\"url\":\"https:\/\/www.visit-ulcinj.com\/blog\/\",\"name\":\"Lajme nga Ulqini\",\"description\":\"Lajme,Vijesti,Ulqini,Ulqin,Crna Gora,Mali i Zi\",\"potentialAction\":[{\"@type\":\"SearchAction\",\"target\":{\"@type\":\"EntryPoint\",\"urlTemplate\":\"https:\/\/www.visit-ulcinj.com\/blog\/?s={search_term_string}\"},\"query-input\":\"required name=search_term_string\"}],\"inLanguage\":\"en-US\"},{\"@type\":\"ImageObject\",\"inLanguage\":\"en-US\",\"@id\":\"https:\/\/www.visit-ulcinj.com\/blog\/2013\/07\/15\/shporta-e-ramazanit-aktiviteti-humanitar-xhamia-klleznes\/#primaryimage\",\"url\":\"https:\/\/www.visit-ulcinj.com\/blog\/wp-content\/uploads\/2013\/07\/Shporta-e-Ramazanit-aktiviteti-humanitar-Xhamia-Klleznes-ana-malit-ulqin.jpg\",\"contentUrl\":\"https:\/\/www.visit-ulcinj.com\/blog\/wp-content\/uploads\/2013\/07\/Shporta-e-Ramazanit-aktiviteti-humanitar-Xhamia-Klleznes-ana-malit-ulqin.jpg\",\"width\":509,\"height\":720},{\"@type\":\"WebPage\",\"@id\":\"https:\/\/www.visit-ulcinj.com\/blog\/2013\/07\/15\/shporta-e-ramazanit-aktiviteti-humanitar-xhamia-klleznes\/#webpage\",\"url\":\"https:\/\/www.visit-ulcinj.com\/blog\/2013\/07\/15\/shporta-e-ramazanit-aktiviteti-humanitar-xhamia-klleznes\/\",\"name\":\"Shporta e Ramazanit aktiviteti humanitar - Xhamia Klleznes - Lajme nga Ulqini\",\"isPartOf\":{\"@id\":\"https:\/\/www.visit-ulcinj.com\/blog\/#website\"},\"primaryImageOfPage\":{\"@id\":\"https:\/\/www.visit-ulcinj.com\/blog\/2013\/07\/15\/shporta-e-ramazanit-aktiviteti-humanitar-xhamia-klleznes\/#primaryimage\"},\"datePublished\":\"2013-07-15T05:39:04+00:00\",\"dateModified\":\"2013-07-23T15:11:18+00:00\",\"author\":{\"@id\":\"https:\/\/www.visit-ulcinj.com\/blog\/#\/schema\/person\/dcab619c614d3038751c63bc2aadc06d\"},\"description\":\"Kontribuo edhe ti! Me 10\u00a0 euro dhurojuni buz\u00ebqeshje, skamnor\u00ebve,jetim\u00ebve dhe nevojtar\u00ebve!!! Me rastin e muajit t\u00eb shent\u00eb t\u00eb Ramazanit, muajit t\u00eb m\u00ebshir\u00ebs\",\"breadcrumb\":{\"@id\":\"https:\/\/www.visit-ulcinj.com\/blog\/2013\/07\/15\/shporta-e-ramazanit-aktiviteti-humanitar-xhamia-klleznes\/#breadcrumb\"},\"inLanguage\":\"en-US\",\"potentialAction\":[{\"@type\":\"ReadAction\",\"target\":[\"https:\/\/www.visit-ulcinj.com\/blog\/2013\/07\/15\/shporta-e-ramazanit-aktiviteti-humanitar-xhamia-klleznes\/\"]}]},{\"@type\":\"BreadcrumbList\",\"@id\":\"https:\/\/www.visit-ulcinj.com\/blog\/2013\/07\/15\/shporta-e-ramazanit-aktiviteti-humanitar-xhamia-klleznes\/#breadcrumb\",\"itemListElement\":[{\"@type\":\"ListItem\",\"position\":1,\"name\":\"Shporta e Ramazanit aktiviteti humanitar &#8211; Xhamia Klleznes\"}]},{\"@type\":\"Person\",\"@id\":\"https:\/\/www.visit-ulcinj.com\/blog\/#\/schema\/person\/dcab619c614d3038751c63bc2aadc06d\",\"name\":\"ulqini\",\"sameAs\":[\"http:\/\/www.visit-ulcinj.com\"],\"url\":\"https:\/\/www.visit-ulcinj.com\/blog\/author\/admin\/\"}]}<\/script>\n<!-- \/ Yoast SEO plugin. -->","yoast_head_json":{"title":"Shporta e Ramazanit aktiviteti humanitar - Xhamia Klleznes - Lajme nga Ulqini","description":"Kontribuo edhe ti! Me 10\u00a0 euro dhurojuni buz\u00ebqeshje, skamnor\u00ebve,jetim\u00ebve dhe nevojtar\u00ebve!!! Me rastin e muajit t\u00eb shent\u00eb t\u00eb Ramazanit, muajit t\u00eb m\u00ebshir\u00ebs","robots":{"index":"index","follow":"follow","max-snippet":"max-snippet:-1","max-image-preview":"max-image-preview:large","max-video-preview":"max-video-preview:-1"},"canonical":"https:\/\/www.visit-ulcinj.com\/blog\/2013\/07\/15\/shporta-e-ramazanit-aktiviteti-humanitar-xhamia-klleznes\/","og_locale":"en_US","og_type":"article","og_title":"Shporta e Ramazanit aktiviteti humanitar - Xhamia Klleznes - Lajme nga Ulqini","og_description":"Kontribuo edhe ti! Me 10\u00a0 euro dhurojuni buz\u00ebqeshje, skamnor\u00ebve,jetim\u00ebve dhe nevojtar\u00ebve!!! Me rastin e muajit t\u00eb shent\u00eb t\u00eb Ramazanit, muajit t\u00eb m\u00ebshir\u00ebs","og_url":"https:\/\/www.visit-ulcinj.com\/blog\/2013\/07\/15\/shporta-e-ramazanit-aktiviteti-humanitar-xhamia-klleznes\/","og_site_name":"Lajme nga Ulqini","article_published_time":"2013-07-15T05:39:04+00:00","article_modified_time":"2013-07-23T15:11:18+00:00","og_image":[{"url":"http:\/\/www.visit-ulcinj.com\/blog\/wp-content\/uploads\/2013\/07\/Shporta-e-Ramazanit-aktiviteti-humanitar-Xhamia-Klleznes-ana-malit-ulqin.jpg"}],"twitter_misc":{"Written by":"ulqini","Est. reading time":"1 minute"},"schema":{"@context":"https:\/\/schema.org","@graph":[{"@type":"WebSite","@id":"https:\/\/www.visit-ulcinj.com\/blog\/#website","url":"https:\/\/www.visit-ulcinj.com\/blog\/","name":"Lajme nga Ulqini","description":"Lajme,Vijesti,Ulqini,Ulqin,Crna Gora,Mali i Zi","potentialAction":[{"@type":"SearchAction","target":{"@type":"EntryPoint","urlTemplate":"https:\/\/www.visit-ulcinj.com\/blog\/?s={search_term_string}"},"query-input":"required name=search_term_string"}],"inLanguage":"en-US"},{"@type":"ImageObject","inLanguage":"en-US","@id":"https:\/\/www.visit-ulcinj.com\/blog\/2013\/07\/15\/shporta-e-ramazanit-aktiviteti-humanitar-xhamia-klleznes\/#primaryimage","url":"https:\/\/www.visit-ulcinj.com\/blog\/wp-content\/uploads\/2013\/07\/Shporta-e-Ramazanit-aktiviteti-humanitar-Xhamia-Klleznes-ana-malit-ulqin.jpg","contentUrl":"https:\/\/www.visit-ulcinj.com\/blog\/wp-content\/uploads\/2013\/07\/Shporta-e-Ramazanit-aktiviteti-humanitar-Xhamia-Klleznes-ana-malit-ulqin.jpg","width":509,"height":720},{"@type":"WebPage","@id":"https:\/\/www.visit-ulcinj.com\/blog\/2013\/07\/15\/shporta-e-ramazanit-aktiviteti-humanitar-xhamia-klleznes\/#webpage","url":"https:\/\/www.visit-ulcinj.com\/blog\/2013\/07\/15\/shporta-e-ramazanit-aktiviteti-humanitar-xhamia-klleznes\/","name":"Shporta e Ramazanit aktiviteti humanitar - Xhamia Klleznes - Lajme nga Ulqini","isPartOf":{"@id":"https:\/\/www.visit-ulcinj.com\/blog\/#website"},"primaryImageOfPage":{"@id":"https:\/\/www.visit-ulcinj.com\/blog\/2013\/07\/15\/shporta-e-ramazanit-aktiviteti-humanitar-xhamia-klleznes\/#primaryimage"},"datePublished":"2013-07-15T05:39:04+00:00","dateModified":"2013-07-23T15:11:18+00:00","author":{"@id":"https:\/\/www.visit-ulcinj.com\/blog\/#\/schema\/person\/dcab619c614d3038751c63bc2aadc06d"},"description":"Kontribuo edhe ti! Me 10\u00a0 euro dhurojuni buz\u00ebqeshje, skamnor\u00ebve,jetim\u00ebve dhe nevojtar\u00ebve!!! Me rastin e muajit t\u00eb shent\u00eb t\u00eb Ramazanit, muajit t\u00eb m\u00ebshir\u00ebs","breadcrumb":{"@id":"https:\/\/www.visit-ulcinj.com\/blog\/2013\/07\/15\/shporta-e-ramazanit-aktiviteti-humanitar-xhamia-klleznes\/#breadcrumb"},"inLanguage":"en-US","potentialAction":[{"@type":"ReadAction","target":["https:\/\/www.visit-ulcinj.com\/blog\/2013\/07\/15\/shporta-e-ramazanit-aktiviteti-humanitar-xhamia-klleznes\/"]}]},{"@type":"BreadcrumbList","@id":"https:\/\/www.visit-ulcinj.com\/blog\/2013\/07\/15\/shporta-e-ramazanit-aktiviteti-humanitar-xhamia-klleznes\/#breadcrumb","itemListElement":[{"@type":"ListItem","position":1,"name":"Shporta e Ramazanit aktiviteti humanitar &#8211; Xhamia Klleznes"}]},{"@type":"Person","@id":"https:\/\/www.visit-ulcinj.com\/blog\/#\/schema\/person\/dcab619c614d3038751c63bc2aadc06d","name":"ulqini","sameAs":["http:\/\/www.visit-ulcinj.com"],"url":"https:\/\/www.visit-ulcinj.com\/blog\/author\/admin\/"}]}},"jetpack_featured_media_url":"","jetpack_sharing_enabled":true,"jetpack_shortlink":"https:\/\/wp.me\/pe6lTn-j50","_links":{"self":[{"href":"https:\/\/www.visit-ulcinj.com\/blog\/wp-json\/wp\/v2\/posts\/73346"}],"collection":[{"href":"https:\/\/www.visit-ulcinj.com\/blog\/wp-json\/wp\/v2\/posts"}],"about":[{"href":"https:\/\/www.visit-ulcinj.com\/blog\/wp-json\/wp\/v2\/types\/post"}],"author":[{"embeddable":true,"href":"https:\/\/www.visit-ulcinj.com\/blog\/wp-json\/wp\/v2\/users\/1"}],"replies":[{"embeddable":true,"href":"https:\/\/www.visit-ulcinj.com\/blog\/wp-json\/wp\/v2\/comments?post=73346"}],"version-history":[{"count":3,"href":"https:\/\/www.visit-ulcinj.com\/blog\/wp-json\/wp\/v2\/posts\/73346\/revisions"}],"predecessor-version":[{"id":73570,"href":"https:\/\/www.visit-ulcinj.com\/blog\/wp-json\/wp\/v2\/posts\/73346\/revisions\/73570"}],"wp:attachment":[{"href":"https:\/\/www.visit-ulcinj.com\/blog\/wp-json\/wp\/v2\/media?parent=73346"}],"wp:term":[{"taxonomy":"category","embeddable":true,"href":"https:\/\/www.visit-ulcinj.com\/blog\/wp-json\/wp\/v2\/categories?post=73346"},{"taxonomy":"post_tag","embeddable":true,"href":"https:\/\/www.visit-ulcinj.com\/blog\/wp-json\/wp\/v2\/tags?post=73346"}],"curies":[{"name":"wp","href":"https:\/\/api.w.org\/{rel}","templated":true}]}}