{"id":73357,"date":"2013-07-15T18:30:13","date_gmt":"2013-07-15T17:30:13","guid":{"rendered":"http:\/\/www.visit-ulcinj.com\/blog\/?p=73357"},"modified":"2013-07-16T15:26:08","modified_gmt":"2013-07-16T14:26:08","slug":"shkurt-dhe-shqip-ulqini-almakos-antishqiptar","status":"publish","type":"post","link":"https:\/\/www.visit-ulcinj.com\/blog\/2013\/07\/15\/shkurt-dhe-shqip-ulqini-almakos-antishqiptar\/","title":{"rendered":"Shkurt dhe Shqip &#8211; Ulqini &#8211; almakos antishqiptar"},"content":{"rendered":"<p><strong><a href=\"http:\/\/www.visit-ulcinj.com\/blog\/wp-content\/uploads\/2013\/07\/Ulqini.jpg\"><img loading=\"lazy\" class=\"alignleft  wp-image-73358\" alt=\"Ulqini\" src=\"http:\/\/www.visit-ulcinj.com\/blog\/wp-content\/uploads\/2013\/07\/Ulqini.jpg\" width=\"508\" height=\"400\" \/><\/a>Shkurt dhe Shqip &#8211; Ulqini &#8211; T\u00eb jesh aty, do t\u00eb thot\u00eb t\u00eb jesh tek koka e atdheut.<\/strong><\/p>\n<p>\u00cbsht\u00eb leht\u00eb t\u00eb gjykosh verb\u00ebrisht kur nuk sheh me larg se hunda. T\u00eb till\u00ebt nuk shohin m\u00eb larg. Ata q\u00eb mundohen t\u00eb b\u00ebjn\u00eb p\u00ebr\u00e7arje midis vendeve shqiptare, ata jan\u00eb t\u00eb p\u00ebr\u00e7ar\u00eb brenda organizmit t\u00eb tyre q\u00eb as nj\u00eb lloj kardiografi nuk mund ta p\u00ebrshkruaj\u00eb ritmin e \u00e7rregulluar t\u00eb trupit t\u00eb tyre fund e krye. Ulqini, q\u00eb ata supozojn\u00eb se \u00ebsht\u00eb \u2018\u2019i kufizuar\u2019\u2019 \u00ebsht\u00eb nj\u00eb nga vendet e shenjta t\u00eb Shqip\u00ebris\u00eb. \u00cbsht\u00eb atje ku shpirti gjen\u00eb freskin\u00eb, por, shpirti i past\u00ebr Shqiptar. N\u00eb val\u00ebt e t\u00eb dy plazheve q\u00ebndron kuptimi i flladit, pushimit dhe k\u00ebnaq\u00ebsis\u00eb. N\u00eb rrug\u00ebt e atij qyteti jehon k\u00ebnaq\u00ebsia e t\u00eb shetiturit. N\u00eb dyqanet p\u00ebrreth q\u00ebndrojn\u00eb varur stolit\u00eb e historis\u00eb son\u00eb q\u00eb num\u00ebron n\u00eb or\u00eb pa numra dhe q\u00eb zgjat\u00eb m\u00eb m\u00eb shum\u00eb se shekuj drit\u00eb. Ulqini, ky emer i madh q\u00eb daton n\u00eb parahistori, nuk \u00ebsht\u00eb mposhtur asnjeher\u00eb nga rrufet\u00eb e urrejtjes s\u00eb armiqve, asnjeh\u00ebr\u00eb nga er\u00ebrat e besdisshme t\u00eb njer\u00ebzve mendjemdhenj dhe nuk do mposhtet kurr\u00eb nga njer\u00ebz t\u00eb pamend. T\u00eb jesh aty, do t\u00eb thot\u00eb t\u00eb jesh tek koka e atdheut. Ta njoh\u00ebsh at\u00eb, ke njohur qenien t\u00ebnde fatlume, sepse \u00ebsht\u00eb fat ta kesh brenda shpirtit dhe ta duash. Gur\u00ebt mijevje\u00e7ar\u00eb i rrah vala e detit t\u00eb madh, por asnj\u00ebher\u00eb nuk i rrah injoranca q\u00eb sot po shfaqet nga analfabetistet (almakos).<br \/>\nKy vend kultivon shpirtin e lar\u00eb n\u00eb bardh\u00ebsi t\u00eb shkum\u00ebs q\u00eb p\u00ebrplas\u00ebt n\u00eb gur\u00eb. Ky vend l\u00eb hapur \u00e7do der\u00eb, n\u00eb \u00e7do stin\u00eb dhe \u00e7do koh\u00eb. \u00cbsht\u00eb fole p\u00ebr \u00e7do shqiponj\u00eb. \u00cbsht\u00eb rrug\u00eb q\u00eb t\u00eb shpie n\u00eb \u00e7do rrug\u00eb rehatimi. T\u00eb pikturosh at\u00eb, ke b\u00ebr\u00eb pun\u00ebn m\u00eb t\u00eb panevojshme, ai \u00ebsht\u00eb i pikturuar dhe Zoti. T\u00eb mundohesh ta m\u00ebsosh at\u00eb, j\u00eb futur brenda faqeve t\u00eb enciklopedis\u00eb s\u00eb nj\u00eb libri t\u00eb shenjt\u00eb. N\u00eb libra t\u00eb till\u00eb, injoranca (almakos) nuk z\u00eb vend.<br \/>\nAta atje kan\u00eb d\u00ebshmuar p\u00ebr mikpritje zem\u00ebr\u00e7elur. Andaj, t\u00eb jetosh nuk do t\u00eb thot t\u00eb vizitosh repartin e pulmologjis\u00eb, s\u00eb s\u2019do ket\u00eb vet\u00ebm aty shkrum por n\u00eb gjith\u00eb shpirtin e njer\u00ebzve me hendikep n\u00eb kok\u00eb. T\u00eb jetosh do t\u00eb thot\u00eb ta vizitosh Ulqinin, Beratin, Camerin\u00eb, Prishtin\u00ebn, Ilirid\u00ebn dhe Preshev\u00ebn tek un\u00eb.<br \/>\nT\u00eb jesh Shqiptar, nuk ma d\u00ebshmon dot vet\u00ebm me t\u00eb folurit shqip, se ndodh t\u00eb jesh poliglot i huaj. Ndodh t\u00eb jesh antishqiptar.<\/p>\n<p>&nbsp;<\/p>\n<p><strong><a id=\"js_24\" href=\"https:\/\/www.facebook.com\/memishi1\" data-hovercard=\"\/ajax\/hovercard\/hovercard.php?id=715116707&amp;extragetparams=%7B%7D\">Salim Memishi Facebook<\/a><\/strong><\/p>\n<p><strong>Univeziteti Bern &#8211; Zvic\u00ebr<\/strong><\/p>\n","protected":false},"excerpt":{"rendered":"<p>Shkurt dhe Shqip &#8211; Ulqini &#8211; T\u00eb jesh aty, do t\u00eb thot\u00eb t\u00eb jesh tek koka e atdheut. \u00cbsht\u00eb leht\u00eb t\u00eb gjykosh verb\u00ebrisht kur nuk sheh me larg se hunda. T\u00eb till\u00ebt nuk shohin m\u00eb larg. Ata q\u00eb mundohen t\u00eb b\u00ebjn\u00eb p\u00ebr\u00e7arje midis vendeve shqiptare, ata jan\u00eb t\u00eb p\u00ebr\u00e7ar\u00eb brenda organizmit t\u00eb tyre q\u00eb as [&hellip;]<\/p>\n","protected":false},"author":1,"featured_media":0,"comment_status":"closed","ping_status":"closed","sticky":false,"template":"","format":"standard","meta":{"spay_email":"","jetpack_publicize_message":"","jetpack_is_tweetstorm":false,"jetpack_publicize_feature_enabled":true},"categories":[1,14249],"tags":[],"jetpack_publicize_connections":[],"yoast_head":"<!-- This site is optimized with the Yoast SEO plugin v19.1 - https:\/\/yoast.com\/wordpress\/plugins\/seo\/ -->\n<title>Shkurt dhe Shqip - Ulqini - almakos antishqiptar - Lajme nga Ulqini<\/title>\n<meta name=\"description\" content=\"Shkurt dhe Shqip - Ulqini - T\u00eb jesh aty, do t\u00eb thot\u00eb t\u00eb jesh tek koka e atdheut. \u00cbsht\u00eb leht\u00eb t\u00eb gjykosh verb\u00ebrisht kur nuk sheh me larg se hunda. T\u00eb\" \/>\n<meta name=\"robots\" content=\"index, follow, max-snippet:-1, max-image-preview:large, max-video-preview:-1\" \/>\n<link rel=\"canonical\" href=\"https:\/\/www.visit-ulcinj.com\/blog\/2013\/07\/15\/shkurt-dhe-shqip-ulqini-almakos-antishqiptar\/\" \/>\n<meta property=\"og:locale\" content=\"en_US\" \/>\n<meta property=\"og:type\" content=\"article\" \/>\n<meta property=\"og:title\" content=\"Shkurt dhe Shqip - Ulqini - almakos antishqiptar - Lajme nga Ulqini\" \/>\n<meta property=\"og:description\" content=\"Shkurt dhe Shqip - Ulqini - T\u00eb jesh aty, do t\u00eb thot\u00eb t\u00eb jesh tek koka e atdheut. \u00cbsht\u00eb leht\u00eb t\u00eb gjykosh verb\u00ebrisht kur nuk sheh me larg se hunda. T\u00eb\" \/>\n<meta property=\"og:url\" content=\"https:\/\/www.visit-ulcinj.com\/blog\/2013\/07\/15\/shkurt-dhe-shqip-ulqini-almakos-antishqiptar\/\" \/>\n<meta property=\"og:site_name\" content=\"Lajme nga Ulqini\" \/>\n<meta property=\"article:published_time\" content=\"2013-07-15T17:30:13+00:00\" \/>\n<meta property=\"article:modified_time\" content=\"2013-07-16T14:26:08+00:00\" \/>\n<meta property=\"og:image\" content=\"http:\/\/www.visit-ulcinj.com\/blog\/wp-content\/uploads\/2013\/07\/Ulqini.jpg\" \/>\n<meta name=\"twitter:label1\" content=\"Written by\" \/>\n\t<meta name=\"twitter:data1\" content=\"ulqini\" \/>\n\t<meta name=\"twitter:label2\" content=\"Est. reading time\" \/>\n\t<meta name=\"twitter:data2\" content=\"2 minutes\" \/>\n<script type=\"application\/ld+json\" class=\"yoast-schema-graph\">{\"@context\":\"https:\/\/schema.org\",\"@graph\":[{\"@type\":\"WebSite\",\"@id\":\"https:\/\/www.visit-ulcinj.com\/blog\/#website\",\"url\":\"https:\/\/www.visit-ulcinj.com\/blog\/\",\"name\":\"Lajme nga Ulqini\",\"description\":\"Lajme,Vijesti,Ulqini,Ulqin,Crna Gora,Mali i Zi\",\"potentialAction\":[{\"@type\":\"SearchAction\",\"target\":{\"@type\":\"EntryPoint\",\"urlTemplate\":\"https:\/\/www.visit-ulcinj.com\/blog\/?s={search_term_string}\"},\"query-input\":\"required name=search_term_string\"}],\"inLanguage\":\"en-US\"},{\"@type\":\"ImageObject\",\"inLanguage\":\"en-US\",\"@id\":\"https:\/\/www.visit-ulcinj.com\/blog\/2013\/07\/15\/shkurt-dhe-shqip-ulqini-almakos-antishqiptar\/#primaryimage\",\"url\":\"https:\/\/www.visit-ulcinj.com\/blog\/wp-content\/uploads\/2013\/07\/Ulqini.jpg\",\"contentUrl\":\"https:\/\/www.visit-ulcinj.com\/blog\/wp-content\/uploads\/2013\/07\/Ulqini.jpg\",\"width\":611,\"height\":600},{\"@type\":\"WebPage\",\"@id\":\"https:\/\/www.visit-ulcinj.com\/blog\/2013\/07\/15\/shkurt-dhe-shqip-ulqini-almakos-antishqiptar\/#webpage\",\"url\":\"https:\/\/www.visit-ulcinj.com\/blog\/2013\/07\/15\/shkurt-dhe-shqip-ulqini-almakos-antishqiptar\/\",\"name\":\"Shkurt dhe Shqip - Ulqini - almakos antishqiptar - Lajme nga Ulqini\",\"isPartOf\":{\"@id\":\"https:\/\/www.visit-ulcinj.com\/blog\/#website\"},\"primaryImageOfPage\":{\"@id\":\"https:\/\/www.visit-ulcinj.com\/blog\/2013\/07\/15\/shkurt-dhe-shqip-ulqini-almakos-antishqiptar\/#primaryimage\"},\"datePublished\":\"2013-07-15T17:30:13+00:00\",\"dateModified\":\"2013-07-16T14:26:08+00:00\",\"author\":{\"@id\":\"https:\/\/www.visit-ulcinj.com\/blog\/#\/schema\/person\/dcab619c614d3038751c63bc2aadc06d\"},\"description\":\"Shkurt dhe Shqip - Ulqini - T\u00eb jesh aty, do t\u00eb thot\u00eb t\u00eb jesh tek koka e atdheut. \u00cbsht\u00eb leht\u00eb t\u00eb gjykosh verb\u00ebrisht kur nuk sheh me larg se hunda. T\u00eb\",\"breadcrumb\":{\"@id\":\"https:\/\/www.visit-ulcinj.com\/blog\/2013\/07\/15\/shkurt-dhe-shqip-ulqini-almakos-antishqiptar\/#breadcrumb\"},\"inLanguage\":\"en-US\",\"potentialAction\":[{\"@type\":\"ReadAction\",\"target\":[\"https:\/\/www.visit-ulcinj.com\/blog\/2013\/07\/15\/shkurt-dhe-shqip-ulqini-almakos-antishqiptar\/\"]}]},{\"@type\":\"BreadcrumbList\",\"@id\":\"https:\/\/www.visit-ulcinj.com\/blog\/2013\/07\/15\/shkurt-dhe-shqip-ulqini-almakos-antishqiptar\/#breadcrumb\",\"itemListElement\":[{\"@type\":\"ListItem\",\"position\":1,\"name\":\"Shkurt dhe Shqip &#8211; Ulqini &#8211; almakos antishqiptar\"}]},{\"@type\":\"Person\",\"@id\":\"https:\/\/www.visit-ulcinj.com\/blog\/#\/schema\/person\/dcab619c614d3038751c63bc2aadc06d\",\"name\":\"ulqini\",\"sameAs\":[\"http:\/\/www.visit-ulcinj.com\"],\"url\":\"https:\/\/www.visit-ulcinj.com\/blog\/author\/admin\/\"}]}<\/script>\n<!-- \/ Yoast SEO plugin. -->","yoast_head_json":{"title":"Shkurt dhe Shqip - Ulqini - almakos antishqiptar - Lajme nga Ulqini","description":"Shkurt dhe Shqip - Ulqini - T\u00eb jesh aty, do t\u00eb thot\u00eb t\u00eb jesh tek koka e atdheut. \u00cbsht\u00eb leht\u00eb t\u00eb gjykosh verb\u00ebrisht kur nuk sheh me larg se hunda. T\u00eb","robots":{"index":"index","follow":"follow","max-snippet":"max-snippet:-1","max-image-preview":"max-image-preview:large","max-video-preview":"max-video-preview:-1"},"canonical":"https:\/\/www.visit-ulcinj.com\/blog\/2013\/07\/15\/shkurt-dhe-shqip-ulqini-almakos-antishqiptar\/","og_locale":"en_US","og_type":"article","og_title":"Shkurt dhe Shqip - Ulqini - almakos antishqiptar - Lajme nga Ulqini","og_description":"Shkurt dhe Shqip - Ulqini - T\u00eb jesh aty, do t\u00eb thot\u00eb t\u00eb jesh tek koka e atdheut. \u00cbsht\u00eb leht\u00eb t\u00eb gjykosh verb\u00ebrisht kur nuk sheh me larg se hunda. T\u00eb","og_url":"https:\/\/www.visit-ulcinj.com\/blog\/2013\/07\/15\/shkurt-dhe-shqip-ulqini-almakos-antishqiptar\/","og_site_name":"Lajme nga Ulqini","article_published_time":"2013-07-15T17:30:13+00:00","article_modified_time":"2013-07-16T14:26:08+00:00","og_image":[{"url":"http:\/\/www.visit-ulcinj.com\/blog\/wp-content\/uploads\/2013\/07\/Ulqini.jpg"}],"twitter_misc":{"Written by":"ulqini","Est. reading time":"2 minutes"},"schema":{"@context":"https:\/\/schema.org","@graph":[{"@type":"WebSite","@id":"https:\/\/www.visit-ulcinj.com\/blog\/#website","url":"https:\/\/www.visit-ulcinj.com\/blog\/","name":"Lajme nga Ulqini","description":"Lajme,Vijesti,Ulqini,Ulqin,Crna Gora,Mali i Zi","potentialAction":[{"@type":"SearchAction","target":{"@type":"EntryPoint","urlTemplate":"https:\/\/www.visit-ulcinj.com\/blog\/?s={search_term_string}"},"query-input":"required name=search_term_string"}],"inLanguage":"en-US"},{"@type":"ImageObject","inLanguage":"en-US","@id":"https:\/\/www.visit-ulcinj.com\/blog\/2013\/07\/15\/shkurt-dhe-shqip-ulqini-almakos-antishqiptar\/#primaryimage","url":"https:\/\/www.visit-ulcinj.com\/blog\/wp-content\/uploads\/2013\/07\/Ulqini.jpg","contentUrl":"https:\/\/www.visit-ulcinj.com\/blog\/wp-content\/uploads\/2013\/07\/Ulqini.jpg","width":611,"height":600},{"@type":"WebPage","@id":"https:\/\/www.visit-ulcinj.com\/blog\/2013\/07\/15\/shkurt-dhe-shqip-ulqini-almakos-antishqiptar\/#webpage","url":"https:\/\/www.visit-ulcinj.com\/blog\/2013\/07\/15\/shkurt-dhe-shqip-ulqini-almakos-antishqiptar\/","name":"Shkurt dhe Shqip - Ulqini - almakos antishqiptar - Lajme nga Ulqini","isPartOf":{"@id":"https:\/\/www.visit-ulcinj.com\/blog\/#website"},"primaryImageOfPage":{"@id":"https:\/\/www.visit-ulcinj.com\/blog\/2013\/07\/15\/shkurt-dhe-shqip-ulqini-almakos-antishqiptar\/#primaryimage"},"datePublished":"2013-07-15T17:30:13+00:00","dateModified":"2013-07-16T14:26:08+00:00","author":{"@id":"https:\/\/www.visit-ulcinj.com\/blog\/#\/schema\/person\/dcab619c614d3038751c63bc2aadc06d"},"description":"Shkurt dhe Shqip - Ulqini - T\u00eb jesh aty, do t\u00eb thot\u00eb t\u00eb jesh tek koka e atdheut. \u00cbsht\u00eb leht\u00eb t\u00eb gjykosh verb\u00ebrisht kur nuk sheh me larg se hunda. T\u00eb","breadcrumb":{"@id":"https:\/\/www.visit-ulcinj.com\/blog\/2013\/07\/15\/shkurt-dhe-shqip-ulqini-almakos-antishqiptar\/#breadcrumb"},"inLanguage":"en-US","potentialAction":[{"@type":"ReadAction","target":["https:\/\/www.visit-ulcinj.com\/blog\/2013\/07\/15\/shkurt-dhe-shqip-ulqini-almakos-antishqiptar\/"]}]},{"@type":"BreadcrumbList","@id":"https:\/\/www.visit-ulcinj.com\/blog\/2013\/07\/15\/shkurt-dhe-shqip-ulqini-almakos-antishqiptar\/#breadcrumb","itemListElement":[{"@type":"ListItem","position":1,"name":"Shkurt dhe Shqip &#8211; Ulqini &#8211; almakos antishqiptar"}]},{"@type":"Person","@id":"https:\/\/www.visit-ulcinj.com\/blog\/#\/schema\/person\/dcab619c614d3038751c63bc2aadc06d","name":"ulqini","sameAs":["http:\/\/www.visit-ulcinj.com"],"url":"https:\/\/www.visit-ulcinj.com\/blog\/author\/admin\/"}]}},"jetpack_featured_media_url":"","jetpack_sharing_enabled":true,"jetpack_shortlink":"https:\/\/wp.me\/pe6lTn-j5b","_links":{"self":[{"href":"https:\/\/www.visit-ulcinj.com\/blog\/wp-json\/wp\/v2\/posts\/73357"}],"collection":[{"href":"https:\/\/www.visit-ulcinj.com\/blog\/wp-json\/wp\/v2\/posts"}],"about":[{"href":"https:\/\/www.visit-ulcinj.com\/blog\/wp-json\/wp\/v2\/types\/post"}],"author":[{"embeddable":true,"href":"https:\/\/www.visit-ulcinj.com\/blog\/wp-json\/wp\/v2\/users\/1"}],"replies":[{"embeddable":true,"href":"https:\/\/www.visit-ulcinj.com\/blog\/wp-json\/wp\/v2\/comments?post=73357"}],"version-history":[{"count":4,"href":"https:\/\/www.visit-ulcinj.com\/blog\/wp-json\/wp\/v2\/posts\/73357\/revisions"}],"predecessor-version":[{"id":73371,"href":"https:\/\/www.visit-ulcinj.com\/blog\/wp-json\/wp\/v2\/posts\/73357\/revisions\/73371"}],"wp:attachment":[{"href":"https:\/\/www.visit-ulcinj.com\/blog\/wp-json\/wp\/v2\/media?parent=73357"}],"wp:term":[{"taxonomy":"category","embeddable":true,"href":"https:\/\/www.visit-ulcinj.com\/blog\/wp-json\/wp\/v2\/categories?post=73357"},{"taxonomy":"post_tag","embeddable":true,"href":"https:\/\/www.visit-ulcinj.com\/blog\/wp-json\/wp\/v2\/tags?post=73357"}],"curies":[{"name":"wp","href":"https:\/\/api.w.org\/{rel}","templated":true}]}}