{"id":73363,"date":"2013-07-16T15:14:53","date_gmt":"2013-07-16T14:14:53","guid":{"rendered":"http:\/\/www.visit-ulcinj.com\/blog\/?p=73363"},"modified":"2013-07-16T22:14:58","modified_gmt":"2013-07-16T21:14:58","slug":"cungu-takon-pronaret-e-plazheve-dhe-organet-e-inspekcionit","status":"publish","type":"post","link":"https:\/\/www.visit-ulcinj.com\/blog\/2013\/07\/16\/cungu-takon-pronaret-e-plazheve-dhe-organet-e-inspekcionit\/","title":{"rendered":"Cungu takon pronar\u00ebt e plazheve dhe organet e inspekcionit"},"content":{"rendered":"<p><strong><a href=\"http:\/\/www.visit-ulcinj.com\/blog\/wp-content\/uploads\/2013\/07\/Cungu-takon-pronar\u00ebt-e-plazheve.jpg\"><img loading=\"lazy\" class=\"alignleft  wp-image-73364\" alt=\"Cungu takon pronar\u00ebt e plazheve\" src=\"http:\/\/www.visit-ulcinj.com\/blog\/wp-content\/uploads\/2013\/07\/Cungu-takon-pronar\u00ebt-e-plazheve.jpg\" width=\"508\" height=\"360\" \/><\/a>Takimi me pronar\u00ebt e plazheve dhe organet e inspekcionit<\/strong><\/p>\n<p>Pas takimit t\u00eb par\u00eb n\u00eb t\u00eb cilin pronar\u00ebt e plazheve k\u00ebrkuan ndihm\u00eb nga Kryetari i Komun\u00ebs s\u00eb Ulqinit p\u00ebr zgjidhjen e problemeve t\u00eb tyre me organet e inspekcionit, sot n\u00eb kabinetin e kryetarit Cungu u mbajt nj\u00eb takim me p\u00ebrfaq\u00ebsuesit e k\u00ebtyre organe. Krahas p\u00ebrfaq\u00ebsuesit t\u00eb Drejtoris\u00eb p\u00ebr pun\u00eb t\u00eb inspekcionit dhe Drejtoris\u00eb s\u00eb tatimeve n\u00eb takim mori pjes\u00eb edhe z. Prel\u00eb Shkrela si p\u00ebrfaq\u00ebsuese i OJQ &#8220;Shfryt\u00ebzuesit e plazheve t\u00eb Plazhit t\u00eb madh n\u00eb Ulqin&#8221;.<\/p>\n<p>Shkrela n\u00eb em\u00ebr t\u00eb t\u00eb gjith\u00eb an\u00ebtar\u00ebve t\u00eb shoqat\u00ebs s\u00eb p\u00ebrmendur i ka kumtuar t\u00eb gjitha problemet me t\u00eb cilat pronar\u00ebt e plazheve ballafaqohen dhe p\u00ebr shkak t\u00eb t\u00eb cil\u00ebve nuk kan\u00eb mund\u00ebsi t\u00eb kryejn\u00eb t\u00eb gjitha obligimet e duhura p\u00ebr t&#8217;u pajisur me lejen e pun\u00ebs. Ai theksoi q\u00eb t\u00eb gjith\u00eb an\u00ebtar\u00ebt e shoqat\u00ebs jan\u00eb t\u00eb gatsh\u00ebm t\u00eb respektojn\u00eb t\u00eb gjitha obligimet ligjore, por p\u00ebr shkak t kushteve financiare q\u00eb i dikton n\u00ebnshkrimi i kontrat\u00ebs me NP p\u00ebr t\u00eb mirat detare q\u00eb \u00ebsht\u00eb kusht p\u00ebr marrjen e lejes, nuk kan\u00eb mund\u00ebsi q\u00eb t\u00eb kryejn\u00eb k\u00ebto obligime. Ai po ashtu tha q\u00eb sot do t\u00eb mbaj\u00eb nj\u00eb takim me t\u00eb gjith\u00eb an\u00ebtar\u00ebt e shoqat\u00ebs dhe k\u00ebrkoj nga organet e inspekcionit q\u00eb qiramarr\u00ebsve t\u00eb plazheve t&#8217;u mund\u00ebsohet nj\u00eb afat i ri kohor p\u00ebr marrjen e lejes s\u00eb pun\u00ebs deri, m\u00eb 25 korrik. Kryetari Cungu pas marrjes s\u00eb raportit nga takimi i sot\u00ebm t\u00eb cilin z. Shkrela do t\u00eb mbaj\u00eb me qiramarr\u00ebsit e plazheve do t\u00eb d\u00ebrgoj\u00eb nj\u00eb k\u00ebrkes\u00eb n\u00eb adres\u00eb t\u00eb NP P\u00ebr t\u00eb mirat detare me q\u00ebllim t\u00eb daljes n\u00eb ndihm\u00eb qiramarr\u00ebsve t\u00eb plazheve.<\/p>\n<p>&nbsp;<\/p>\n<p><strong>Op\u0161tina Ulcinj \/ Komuna e Ulqinit<\/strong><br \/>\nTel: +382 30 412 050<br \/>\nFax: +382 30 412 413<br \/>\nAdresa: Bul. Skenderbeu bb, 85360 Ulcinj, MNE<\/p>\n","protected":false},"excerpt":{"rendered":"<p>Takimi me pronar\u00ebt e plazheve dhe organet e inspekcionit Pas takimit t\u00eb par\u00eb n\u00eb t\u00eb cilin pronar\u00ebt e plazheve k\u00ebrkuan ndihm\u00eb nga Kryetari i Komun\u00ebs s\u00eb Ulqinit p\u00ebr zgjidhjen e problemeve t\u00eb tyre me organet e inspekcionit, sot n\u00eb kabinetin e kryetarit Cungu u mbajt nj\u00eb takim me p\u00ebrfaq\u00ebsuesit e k\u00ebtyre organe. Krahas p\u00ebrfaq\u00ebsuesit t\u00eb [&hellip;]<\/p>\n","protected":false},"author":1,"featured_media":0,"comment_status":"closed","ping_status":"closed","sticky":false,"template":"","format":"standard","meta":{"spay_email":"","jetpack_publicize_message":"","jetpack_is_tweetstorm":false,"jetpack_publicize_feature_enabled":true},"categories":[1,6],"tags":[],"jetpack_publicize_connections":[],"yoast_head":"<!-- This site is optimized with the Yoast SEO plugin v19.1 - https:\/\/yoast.com\/wordpress\/plugins\/seo\/ -->\n<title>Cungu takon pronar\u00ebt e plazheve dhe organet e inspekcionit - Lajme nga Ulqini<\/title>\n<meta name=\"description\" content=\"Takimi me pronar\u00ebt e plazheve dhe organet e inspekcionit Pas takimit t\u00eb par\u00eb n\u00eb t\u00eb cilin pronar\u00ebt e plazheve k\u00ebrkuan ndihm\u00eb nga Kryetari i Komun\u00ebs s\u00eb\" \/>\n<meta name=\"robots\" content=\"index, follow, max-snippet:-1, max-image-preview:large, max-video-preview:-1\" \/>\n<link rel=\"canonical\" href=\"https:\/\/www.visit-ulcinj.com\/blog\/2013\/07\/16\/cungu-takon-pronaret-e-plazheve-dhe-organet-e-inspekcionit\/\" \/>\n<meta property=\"og:locale\" content=\"en_US\" \/>\n<meta property=\"og:type\" content=\"article\" \/>\n<meta property=\"og:title\" content=\"Cungu takon pronar\u00ebt e plazheve dhe organet e inspekcionit - Lajme nga Ulqini\" \/>\n<meta property=\"og:description\" content=\"Takimi me pronar\u00ebt e plazheve dhe organet e inspekcionit Pas takimit t\u00eb par\u00eb n\u00eb t\u00eb cilin pronar\u00ebt e plazheve k\u00ebrkuan ndihm\u00eb nga Kryetari i Komun\u00ebs s\u00eb\" \/>\n<meta property=\"og:url\" content=\"https:\/\/www.visit-ulcinj.com\/blog\/2013\/07\/16\/cungu-takon-pronaret-e-plazheve-dhe-organet-e-inspekcionit\/\" \/>\n<meta property=\"og:site_name\" content=\"Lajme nga Ulqini\" \/>\n<meta property=\"article:published_time\" content=\"2013-07-16T14:14:53+00:00\" \/>\n<meta property=\"article:modified_time\" content=\"2013-07-16T21:14:58+00:00\" \/>\n<meta name=\"twitter:label1\" content=\"Written by\" \/>\n\t<meta name=\"twitter:data1\" content=\"ulqini\" \/>\n\t<meta name=\"twitter:label2\" content=\"Est. reading time\" \/>\n\t<meta name=\"twitter:data2\" content=\"2 minutes\" \/>\n<script type=\"application\/ld+json\" class=\"yoast-schema-graph\">{\"@context\":\"https:\/\/schema.org\",\"@graph\":[{\"@type\":\"WebSite\",\"@id\":\"https:\/\/www.visit-ulcinj.com\/blog\/#website\",\"url\":\"https:\/\/www.visit-ulcinj.com\/blog\/\",\"name\":\"Lajme nga Ulqini\",\"description\":\"Lajme,Vijesti,Ulqini,Ulqin,Crna Gora,Mali i Zi\",\"potentialAction\":[{\"@type\":\"SearchAction\",\"target\":{\"@type\":\"EntryPoint\",\"urlTemplate\":\"https:\/\/www.visit-ulcinj.com\/blog\/?s={search_term_string}\"},\"query-input\":\"required name=search_term_string\"}],\"inLanguage\":\"en-US\"},{\"@type\":\"WebPage\",\"@id\":\"https:\/\/www.visit-ulcinj.com\/blog\/2013\/07\/16\/cungu-takon-pronaret-e-plazheve-dhe-organet-e-inspekcionit\/#webpage\",\"url\":\"https:\/\/www.visit-ulcinj.com\/blog\/2013\/07\/16\/cungu-takon-pronaret-e-plazheve-dhe-organet-e-inspekcionit\/\",\"name\":\"Cungu takon pronar\u00ebt e plazheve dhe organet e inspekcionit - Lajme nga Ulqini\",\"isPartOf\":{\"@id\":\"https:\/\/www.visit-ulcinj.com\/blog\/#website\"},\"datePublished\":\"2013-07-16T14:14:53+00:00\",\"dateModified\":\"2013-07-16T21:14:58+00:00\",\"author\":{\"@id\":\"https:\/\/www.visit-ulcinj.com\/blog\/#\/schema\/person\/dcab619c614d3038751c63bc2aadc06d\"},\"description\":\"Takimi me pronar\u00ebt e plazheve dhe organet e inspekcionit Pas takimit t\u00eb par\u00eb n\u00eb t\u00eb cilin pronar\u00ebt e plazheve k\u00ebrkuan ndihm\u00eb nga Kryetari i Komun\u00ebs s\u00eb\",\"breadcrumb\":{\"@id\":\"https:\/\/www.visit-ulcinj.com\/blog\/2013\/07\/16\/cungu-takon-pronaret-e-plazheve-dhe-organet-e-inspekcionit\/#breadcrumb\"},\"inLanguage\":\"en-US\",\"potentialAction\":[{\"@type\":\"ReadAction\",\"target\":[\"https:\/\/www.visit-ulcinj.com\/blog\/2013\/07\/16\/cungu-takon-pronaret-e-plazheve-dhe-organet-e-inspekcionit\/\"]}]},{\"@type\":\"BreadcrumbList\",\"@id\":\"https:\/\/www.visit-ulcinj.com\/blog\/2013\/07\/16\/cungu-takon-pronaret-e-plazheve-dhe-organet-e-inspekcionit\/#breadcrumb\",\"itemListElement\":[{\"@type\":\"ListItem\",\"position\":1,\"name\":\"Cungu takon pronar\u00ebt e plazheve dhe organet e inspekcionit\"}]},{\"@type\":\"Person\",\"@id\":\"https:\/\/www.visit-ulcinj.com\/blog\/#\/schema\/person\/dcab619c614d3038751c63bc2aadc06d\",\"name\":\"ulqini\",\"sameAs\":[\"http:\/\/www.visit-ulcinj.com\"],\"url\":\"https:\/\/www.visit-ulcinj.com\/blog\/author\/admin\/\"}]}<\/script>\n<!-- \/ Yoast SEO plugin. -->","yoast_head_json":{"title":"Cungu takon pronar\u00ebt e plazheve dhe organet e inspekcionit - Lajme nga Ulqini","description":"Takimi me pronar\u00ebt e plazheve dhe organet e inspekcionit Pas takimit t\u00eb par\u00eb n\u00eb t\u00eb cilin pronar\u00ebt e plazheve k\u00ebrkuan ndihm\u00eb nga Kryetari i Komun\u00ebs s\u00eb","robots":{"index":"index","follow":"follow","max-snippet":"max-snippet:-1","max-image-preview":"max-image-preview:large","max-video-preview":"max-video-preview:-1"},"canonical":"https:\/\/www.visit-ulcinj.com\/blog\/2013\/07\/16\/cungu-takon-pronaret-e-plazheve-dhe-organet-e-inspekcionit\/","og_locale":"en_US","og_type":"article","og_title":"Cungu takon pronar\u00ebt e plazheve dhe organet e inspekcionit - Lajme nga Ulqini","og_description":"Takimi me pronar\u00ebt e plazheve dhe organet e inspekcionit Pas takimit t\u00eb par\u00eb n\u00eb t\u00eb cilin pronar\u00ebt e plazheve k\u00ebrkuan ndihm\u00eb nga Kryetari i Komun\u00ebs s\u00eb","og_url":"https:\/\/www.visit-ulcinj.com\/blog\/2013\/07\/16\/cungu-takon-pronaret-e-plazheve-dhe-organet-e-inspekcionit\/","og_site_name":"Lajme nga Ulqini","article_published_time":"2013-07-16T14:14:53+00:00","article_modified_time":"2013-07-16T21:14:58+00:00","twitter_misc":{"Written by":"ulqini","Est. reading time":"2 minutes"},"schema":{"@context":"https:\/\/schema.org","@graph":[{"@type":"WebSite","@id":"https:\/\/www.visit-ulcinj.com\/blog\/#website","url":"https:\/\/www.visit-ulcinj.com\/blog\/","name":"Lajme nga Ulqini","description":"Lajme,Vijesti,Ulqini,Ulqin,Crna Gora,Mali i Zi","potentialAction":[{"@type":"SearchAction","target":{"@type":"EntryPoint","urlTemplate":"https:\/\/www.visit-ulcinj.com\/blog\/?s={search_term_string}"},"query-input":"required name=search_term_string"}],"inLanguage":"en-US"},{"@type":"WebPage","@id":"https:\/\/www.visit-ulcinj.com\/blog\/2013\/07\/16\/cungu-takon-pronaret-e-plazheve-dhe-organet-e-inspekcionit\/#webpage","url":"https:\/\/www.visit-ulcinj.com\/blog\/2013\/07\/16\/cungu-takon-pronaret-e-plazheve-dhe-organet-e-inspekcionit\/","name":"Cungu takon pronar\u00ebt e plazheve dhe organet e inspekcionit - Lajme nga Ulqini","isPartOf":{"@id":"https:\/\/www.visit-ulcinj.com\/blog\/#website"},"datePublished":"2013-07-16T14:14:53+00:00","dateModified":"2013-07-16T21:14:58+00:00","author":{"@id":"https:\/\/www.visit-ulcinj.com\/blog\/#\/schema\/person\/dcab619c614d3038751c63bc2aadc06d"},"description":"Takimi me pronar\u00ebt e plazheve dhe organet e inspekcionit Pas takimit t\u00eb par\u00eb n\u00eb t\u00eb cilin pronar\u00ebt e plazheve k\u00ebrkuan ndihm\u00eb nga Kryetari i Komun\u00ebs s\u00eb","breadcrumb":{"@id":"https:\/\/www.visit-ulcinj.com\/blog\/2013\/07\/16\/cungu-takon-pronaret-e-plazheve-dhe-organet-e-inspekcionit\/#breadcrumb"},"inLanguage":"en-US","potentialAction":[{"@type":"ReadAction","target":["https:\/\/www.visit-ulcinj.com\/blog\/2013\/07\/16\/cungu-takon-pronaret-e-plazheve-dhe-organet-e-inspekcionit\/"]}]},{"@type":"BreadcrumbList","@id":"https:\/\/www.visit-ulcinj.com\/blog\/2013\/07\/16\/cungu-takon-pronaret-e-plazheve-dhe-organet-e-inspekcionit\/#breadcrumb","itemListElement":[{"@type":"ListItem","position":1,"name":"Cungu takon pronar\u00ebt e plazheve dhe organet e inspekcionit"}]},{"@type":"Person","@id":"https:\/\/www.visit-ulcinj.com\/blog\/#\/schema\/person\/dcab619c614d3038751c63bc2aadc06d","name":"ulqini","sameAs":["http:\/\/www.visit-ulcinj.com"],"url":"https:\/\/www.visit-ulcinj.com\/blog\/author\/admin\/"}]}},"jetpack_featured_media_url":"","jetpack_sharing_enabled":true,"jetpack_shortlink":"https:\/\/wp.me\/pe6lTn-j5h","_links":{"self":[{"href":"https:\/\/www.visit-ulcinj.com\/blog\/wp-json\/wp\/v2\/posts\/73363"}],"collection":[{"href":"https:\/\/www.visit-ulcinj.com\/blog\/wp-json\/wp\/v2\/posts"}],"about":[{"href":"https:\/\/www.visit-ulcinj.com\/blog\/wp-json\/wp\/v2\/types\/post"}],"author":[{"embeddable":true,"href":"https:\/\/www.visit-ulcinj.com\/blog\/wp-json\/wp\/v2\/users\/1"}],"replies":[{"embeddable":true,"href":"https:\/\/www.visit-ulcinj.com\/blog\/wp-json\/wp\/v2\/comments?post=73363"}],"version-history":[{"count":3,"href":"https:\/\/www.visit-ulcinj.com\/blog\/wp-json\/wp\/v2\/posts\/73363\/revisions"}],"predecessor-version":[{"id":73401,"href":"https:\/\/www.visit-ulcinj.com\/blog\/wp-json\/wp\/v2\/posts\/73363\/revisions\/73401"}],"wp:attachment":[{"href":"https:\/\/www.visit-ulcinj.com\/blog\/wp-json\/wp\/v2\/media?parent=73363"}],"wp:term":[{"taxonomy":"category","embeddable":true,"href":"https:\/\/www.visit-ulcinj.com\/blog\/wp-json\/wp\/v2\/categories?post=73363"},{"taxonomy":"post_tag","embeddable":true,"href":"https:\/\/www.visit-ulcinj.com\/blog\/wp-json\/wp\/v2\/tags?post=73363"}],"curies":[{"name":"wp","href":"https:\/\/api.w.org\/{rel}","templated":true}]}}