{"id":73373,"date":"2013-07-16T15:29:07","date_gmt":"2013-07-16T14:29:07","guid":{"rendered":"http:\/\/www.visit-ulcinj.com\/blog\/?p=73373"},"modified":"2013-07-16T15:29:24","modified_gmt":"2013-07-16T14:29:24","slug":"cungu-se-sastao-sa-zakupcima-plaza-i-inspekcijskim-organima","status":"publish","type":"post","link":"https:\/\/www.visit-ulcinj.com\/blog\/2013\/07\/16\/cungu-se-sastao-sa-zakupcima-plaza-i-inspekcijskim-organima\/","title":{"rendered":"Cungu se sastao sa zakupcima pla\u017ea i inspekcijskim organima"},"content":{"rendered":"<p><strong><a href=\"http:\/\/www.visit-ulcinj.com\/blog\/wp-content\/uploads\/2013\/07\/Cungu-takon-pronar\u00ebt-e-plazheve.jpg\"><img loading=\"lazy\" class=\"alignleft  wp-image-73364\" alt=\"Cungu takon pronar\u00ebt e plazheve\" src=\"http:\/\/www.visit-ulcinj.com\/blog\/wp-content\/uploads\/2013\/07\/Cungu-takon-pronar\u00ebt-e-plazheve.jpg\" width=\"508\" height=\"360\" \/><\/a>Sastanak sa zakupcima pla\u017ea i inspekcijskim organima<\/strong><\/p>\n<p>Nakon prvog sastanka na kojem su zakupci pla\u017ea zatra\u017eili pomo\u0107 od predsjednika op\u0161tine Ulcinj u rije\u0161avanju njihovih problema sa inspekcijskim organima, danas je u kabinetu predsjednika Cungua odr\u017ean sastanak i sa predstavnicima ovih organa. Pored predstavnika Uprave za inspekcijske poslove i Poreske Uprave na sastanku je u\u010destvovao i gdin. Prelja \u0160krelja kao predsjednik NVU &#8220;Korisnici Pla\u017ea Velike Pla\u017ee Ulcinj&#8221;.<\/p>\n<p>\u0160krelja je u ime svih \u010dlanova NVU &#8220;Korisnici Pla\u017ea Velike Pla\u017ee Ulcinj&#8221; saop\u0161tio sve probleme sa kojima se zakupci pla\u017ea susre\u0107u i zbog kojih nisu bili u mogu\u0107nosti da zavr\u0161e sve potrebne obaveze za dobijanje odobrenja za rad. On je naveo da su svi \u010dlanovi njegovog udru\u017eenja voljni da ispo\u0161tuju sve zakonske obaveze ali da zbog finasijskih uslova koje name\u0107e potpisivanje ugovora sa JP &#8220;Morsko dobro&#8221;, koji je uslov za dobijanje dozvole, nisi svi bili u mogu\u0107nosti da zavr\u0161e ove obaveze. On obavjestio da \u0107e danas odr\u017eati sastanak sa \u010dlanovima udru\u017eenja i tra\u017eio od inspekcijskih organa da se zakupcima pla\u017ea omogu\u0107i novi vremenski rok za pribavljanje odobrenja za rad, do 25og jula. Predsjednik Cungu \u0107e nakon dobijanja izvje\u0161taja sa dana\u0161njeg sastanka koji \u0107e gdin. \u0160krelja odr\u017eati sa zakupcima pla\u017ea uputiti zahtjev prema JP Morsko dobro kako bi se iza\u0161lo u susret zakupcima pla\u017ea.<\/p>\n<p>&nbsp;<\/p>\n<p><strong>Op\u0161tina Ulcinj \/ Komuna e Ulqinit<\/strong><br \/>\nTel: +382 30 412 050<br \/>\nFax: +382 30 412 413<br \/>\nAdresa: Bul. Skenderbeu bb, 85360 Ulcinj, MNE<\/p>\n","protected":false},"excerpt":{"rendered":"<p>Sastanak sa zakupcima pla\u017ea i inspekcijskim organima Nakon prvog sastanka na kojem su zakupci pla\u017ea zatra\u017eili pomo\u0107 od predsjednika op\u0161tine Ulcinj u rije\u0161avanju njihovih problema sa inspekcijskim organima, danas je u kabinetu predsjednika Cungua odr\u017ean sastanak i sa predstavnicima ovih organa. Pored predstavnika Uprave za inspekcijske poslove i Poreske Uprave na sastanku je u\u010destvovao i [&hellip;]<\/p>\n","protected":false},"author":1,"featured_media":0,"comment_status":"closed","ping_status":"closed","sticky":false,"template":"","format":"standard","meta":{"spay_email":"","jetpack_publicize_message":"","jetpack_is_tweetstorm":false,"jetpack_publicize_feature_enabled":true},"categories":[8337],"tags":[],"jetpack_publicize_connections":[],"yoast_head":"<!-- This site is optimized with the Yoast SEO plugin v19.1 - https:\/\/yoast.com\/wordpress\/plugins\/seo\/ -->\n<title>Cungu se sastao sa zakupcima pla\u017ea i inspekcijskim organima - Lajme nga Ulqini<\/title>\n<meta name=\"description\" content=\"Sastanak sa zakupcima pla\u017ea i inspekcijskim organima Nakon prvog sastanka na kojem su zakupci pla\u017ea zatra\u017eili pomo\u0107 od predsjednika op\u0161tine Ulcinj u\" \/>\n<meta name=\"robots\" content=\"index, follow, max-snippet:-1, max-image-preview:large, max-video-preview:-1\" \/>\n<link rel=\"canonical\" href=\"https:\/\/www.visit-ulcinj.com\/blog\/2013\/07\/16\/cungu-se-sastao-sa-zakupcima-plaza-i-inspekcijskim-organima\/\" \/>\n<meta property=\"og:locale\" content=\"en_US\" \/>\n<meta property=\"og:type\" content=\"article\" \/>\n<meta property=\"og:title\" content=\"Cungu se sastao sa zakupcima pla\u017ea i inspekcijskim organima - Lajme nga Ulqini\" \/>\n<meta property=\"og:description\" content=\"Sastanak sa zakupcima pla\u017ea i inspekcijskim organima Nakon prvog sastanka na kojem su zakupci pla\u017ea zatra\u017eili pomo\u0107 od predsjednika op\u0161tine Ulcinj u\" \/>\n<meta property=\"og:url\" content=\"https:\/\/www.visit-ulcinj.com\/blog\/2013\/07\/16\/cungu-se-sastao-sa-zakupcima-plaza-i-inspekcijskim-organima\/\" \/>\n<meta property=\"og:site_name\" content=\"Lajme nga Ulqini\" \/>\n<meta property=\"article:published_time\" content=\"2013-07-16T14:29:07+00:00\" \/>\n<meta property=\"article:modified_time\" content=\"2013-07-16T14:29:24+00:00\" \/>\n<meta name=\"twitter:label1\" content=\"Written by\" \/>\n\t<meta name=\"twitter:data1\" content=\"ulqini\" \/>\n\t<meta name=\"twitter:label2\" content=\"Est. reading time\" \/>\n\t<meta name=\"twitter:data2\" content=\"1 minute\" \/>\n<script type=\"application\/ld+json\" class=\"yoast-schema-graph\">{\"@context\":\"https:\/\/schema.org\",\"@graph\":[{\"@type\":\"WebSite\",\"@id\":\"https:\/\/www.visit-ulcinj.com\/blog\/#website\",\"url\":\"https:\/\/www.visit-ulcinj.com\/blog\/\",\"name\":\"Lajme nga Ulqini\",\"description\":\"Lajme,Vijesti,Ulqini,Ulqin,Crna Gora,Mali i Zi\",\"potentialAction\":[{\"@type\":\"SearchAction\",\"target\":{\"@type\":\"EntryPoint\",\"urlTemplate\":\"https:\/\/www.visit-ulcinj.com\/blog\/?s={search_term_string}\"},\"query-input\":\"required name=search_term_string\"}],\"inLanguage\":\"en-US\"},{\"@type\":\"WebPage\",\"@id\":\"https:\/\/www.visit-ulcinj.com\/blog\/2013\/07\/16\/cungu-se-sastao-sa-zakupcima-plaza-i-inspekcijskim-organima\/#webpage\",\"url\":\"https:\/\/www.visit-ulcinj.com\/blog\/2013\/07\/16\/cungu-se-sastao-sa-zakupcima-plaza-i-inspekcijskim-organima\/\",\"name\":\"Cungu se sastao sa zakupcima pla\u017ea i inspekcijskim organima - Lajme nga Ulqini\",\"isPartOf\":{\"@id\":\"https:\/\/www.visit-ulcinj.com\/blog\/#website\"},\"datePublished\":\"2013-07-16T14:29:07+00:00\",\"dateModified\":\"2013-07-16T14:29:24+00:00\",\"author\":{\"@id\":\"https:\/\/www.visit-ulcinj.com\/blog\/#\/schema\/person\/dcab619c614d3038751c63bc2aadc06d\"},\"description\":\"Sastanak sa zakupcima pla\u017ea i inspekcijskim organima Nakon prvog sastanka na kojem su zakupci pla\u017ea zatra\u017eili pomo\u0107 od predsjednika op\u0161tine Ulcinj u\",\"breadcrumb\":{\"@id\":\"https:\/\/www.visit-ulcinj.com\/blog\/2013\/07\/16\/cungu-se-sastao-sa-zakupcima-plaza-i-inspekcijskim-organima\/#breadcrumb\"},\"inLanguage\":\"en-US\",\"potentialAction\":[{\"@type\":\"ReadAction\",\"target\":[\"https:\/\/www.visit-ulcinj.com\/blog\/2013\/07\/16\/cungu-se-sastao-sa-zakupcima-plaza-i-inspekcijskim-organima\/\"]}]},{\"@type\":\"BreadcrumbList\",\"@id\":\"https:\/\/www.visit-ulcinj.com\/blog\/2013\/07\/16\/cungu-se-sastao-sa-zakupcima-plaza-i-inspekcijskim-organima\/#breadcrumb\",\"itemListElement\":[{\"@type\":\"ListItem\",\"position\":1,\"name\":\"Cungu se sastao sa zakupcima pla\u017ea i inspekcijskim organima\"}]},{\"@type\":\"Person\",\"@id\":\"https:\/\/www.visit-ulcinj.com\/blog\/#\/schema\/person\/dcab619c614d3038751c63bc2aadc06d\",\"name\":\"ulqini\",\"sameAs\":[\"http:\/\/www.visit-ulcinj.com\"],\"url\":\"https:\/\/www.visit-ulcinj.com\/blog\/author\/admin\/\"}]}<\/script>\n<!-- \/ Yoast SEO plugin. -->","yoast_head_json":{"title":"Cungu se sastao sa zakupcima pla\u017ea i inspekcijskim organima - Lajme nga Ulqini","description":"Sastanak sa zakupcima pla\u017ea i inspekcijskim organima Nakon prvog sastanka na kojem su zakupci pla\u017ea zatra\u017eili pomo\u0107 od predsjednika op\u0161tine Ulcinj u","robots":{"index":"index","follow":"follow","max-snippet":"max-snippet:-1","max-image-preview":"max-image-preview:large","max-video-preview":"max-video-preview:-1"},"canonical":"https:\/\/www.visit-ulcinj.com\/blog\/2013\/07\/16\/cungu-se-sastao-sa-zakupcima-plaza-i-inspekcijskim-organima\/","og_locale":"en_US","og_type":"article","og_title":"Cungu se sastao sa zakupcima pla\u017ea i inspekcijskim organima - Lajme nga Ulqini","og_description":"Sastanak sa zakupcima pla\u017ea i inspekcijskim organima Nakon prvog sastanka na kojem su zakupci pla\u017ea zatra\u017eili pomo\u0107 od predsjednika op\u0161tine Ulcinj u","og_url":"https:\/\/www.visit-ulcinj.com\/blog\/2013\/07\/16\/cungu-se-sastao-sa-zakupcima-plaza-i-inspekcijskim-organima\/","og_site_name":"Lajme nga Ulqini","article_published_time":"2013-07-16T14:29:07+00:00","article_modified_time":"2013-07-16T14:29:24+00:00","twitter_misc":{"Written by":"ulqini","Est. reading time":"1 minute"},"schema":{"@context":"https:\/\/schema.org","@graph":[{"@type":"WebSite","@id":"https:\/\/www.visit-ulcinj.com\/blog\/#website","url":"https:\/\/www.visit-ulcinj.com\/blog\/","name":"Lajme nga Ulqini","description":"Lajme,Vijesti,Ulqini,Ulqin,Crna Gora,Mali i Zi","potentialAction":[{"@type":"SearchAction","target":{"@type":"EntryPoint","urlTemplate":"https:\/\/www.visit-ulcinj.com\/blog\/?s={search_term_string}"},"query-input":"required name=search_term_string"}],"inLanguage":"en-US"},{"@type":"WebPage","@id":"https:\/\/www.visit-ulcinj.com\/blog\/2013\/07\/16\/cungu-se-sastao-sa-zakupcima-plaza-i-inspekcijskim-organima\/#webpage","url":"https:\/\/www.visit-ulcinj.com\/blog\/2013\/07\/16\/cungu-se-sastao-sa-zakupcima-plaza-i-inspekcijskim-organima\/","name":"Cungu se sastao sa zakupcima pla\u017ea i inspekcijskim organima - Lajme nga Ulqini","isPartOf":{"@id":"https:\/\/www.visit-ulcinj.com\/blog\/#website"},"datePublished":"2013-07-16T14:29:07+00:00","dateModified":"2013-07-16T14:29:24+00:00","author":{"@id":"https:\/\/www.visit-ulcinj.com\/blog\/#\/schema\/person\/dcab619c614d3038751c63bc2aadc06d"},"description":"Sastanak sa zakupcima pla\u017ea i inspekcijskim organima Nakon prvog sastanka na kojem su zakupci pla\u017ea zatra\u017eili pomo\u0107 od predsjednika op\u0161tine Ulcinj u","breadcrumb":{"@id":"https:\/\/www.visit-ulcinj.com\/blog\/2013\/07\/16\/cungu-se-sastao-sa-zakupcima-plaza-i-inspekcijskim-organima\/#breadcrumb"},"inLanguage":"en-US","potentialAction":[{"@type":"ReadAction","target":["https:\/\/www.visit-ulcinj.com\/blog\/2013\/07\/16\/cungu-se-sastao-sa-zakupcima-plaza-i-inspekcijskim-organima\/"]}]},{"@type":"BreadcrumbList","@id":"https:\/\/www.visit-ulcinj.com\/blog\/2013\/07\/16\/cungu-se-sastao-sa-zakupcima-plaza-i-inspekcijskim-organima\/#breadcrumb","itemListElement":[{"@type":"ListItem","position":1,"name":"Cungu se sastao sa zakupcima pla\u017ea i inspekcijskim organima"}]},{"@type":"Person","@id":"https:\/\/www.visit-ulcinj.com\/blog\/#\/schema\/person\/dcab619c614d3038751c63bc2aadc06d","name":"ulqini","sameAs":["http:\/\/www.visit-ulcinj.com"],"url":"https:\/\/www.visit-ulcinj.com\/blog\/author\/admin\/"}]}},"jetpack_featured_media_url":"","jetpack_sharing_enabled":true,"jetpack_shortlink":"https:\/\/wp.me\/pe6lTn-j5r","_links":{"self":[{"href":"https:\/\/www.visit-ulcinj.com\/blog\/wp-json\/wp\/v2\/posts\/73373"}],"collection":[{"href":"https:\/\/www.visit-ulcinj.com\/blog\/wp-json\/wp\/v2\/posts"}],"about":[{"href":"https:\/\/www.visit-ulcinj.com\/blog\/wp-json\/wp\/v2\/types\/post"}],"author":[{"embeddable":true,"href":"https:\/\/www.visit-ulcinj.com\/blog\/wp-json\/wp\/v2\/users\/1"}],"replies":[{"embeddable":true,"href":"https:\/\/www.visit-ulcinj.com\/blog\/wp-json\/wp\/v2\/comments?post=73373"}],"version-history":[{"count":2,"href":"https:\/\/www.visit-ulcinj.com\/blog\/wp-json\/wp\/v2\/posts\/73373\/revisions"}],"predecessor-version":[{"id":73375,"href":"https:\/\/www.visit-ulcinj.com\/blog\/wp-json\/wp\/v2\/posts\/73373\/revisions\/73375"}],"wp:attachment":[{"href":"https:\/\/www.visit-ulcinj.com\/blog\/wp-json\/wp\/v2\/media?parent=73373"}],"wp:term":[{"taxonomy":"category","embeddable":true,"href":"https:\/\/www.visit-ulcinj.com\/blog\/wp-json\/wp\/v2\/categories?post=73373"},{"taxonomy":"post_tag","embeddable":true,"href":"https:\/\/www.visit-ulcinj.com\/blog\/wp-json\/wp\/v2\/tags?post=73373"}],"curies":[{"name":"wp","href":"https:\/\/api.w.org\/{rel}","templated":true}]}}