{"id":73379,"date":"2013-07-16T15:39:49","date_gmt":"2013-07-16T14:39:49","guid":{"rendered":"http:\/\/www.visit-ulcinj.com\/blog\/?p=73379"},"modified":"2013-07-16T15:40:05","modified_gmt":"2013-07-16T14:40:05","slug":"ulcinj-sletio-autom-medu-kupace","status":"publish","type":"post","link":"https:\/\/www.visit-ulcinj.com\/blog\/2013\/07\/16\/ulcinj-sletio-autom-medu-kupace\/","title":{"rendered":"Ulcinj: Sletio autom me\u0111u kupa\u010de"},"content":{"rendered":"<p><a href=\"http:\/\/www.visit-ulcinj.com\/blog\/wp-content\/uploads\/2013\/07\/automobil-plaza-ulcinj.jpg\"><img loading=\"lazy\" class=\"alignleft  wp-image-73380\" alt=\"automobil-plaza-ulcinj\" src=\"http:\/\/www.visit-ulcinj.com\/blog\/wp-content\/uploads\/2013\/07\/automobil-plaza-ulcinj.jpg\" width=\"300\" height=\"350\" \/><\/a>Pukom sre\u0107om niko nije poginuo kada se Ze\u0107ir Bajrami (60) terenskim vozilom\u00a0\u201eopel frontera\u201c\u00a0sunovratio sa puta\u00a0na punu pla\u017eu Liman 2 u Ulcinju.<\/p>\n<p>Bajrami je u udesu polomio rebra. Preba\u010den je u barsku bolnicu, gdje je hospitalizovan. Mje\u0161tani su ga iznijeli iz d\u017eipa, a vozilom hitne pomo\u0107i prevezen je prvo u slu\u017ebu hitne pomo\u0107i u Ulcinju, gdje su mu konstatovane povrede. Pretpostavlja se da je izgubio kontrolu nad vozilom zato \u0161to mu je pozlilo u toku vo\u017enje.<\/p>\n<p>Vozilo je ju\u010de oko 16.40 sati, sa visine od 10 metara palo na bok, i to na metar od plo\u010de na kojoj \u010desto ima puno ljudi.<\/p>\n<p>-Prosto je nevjerovatno da niko nije povrije\u0111en. Hvala bogu da niko nije bio na tim stijenama. Danas je voda bila dosta hladna i zbog toga se u momentu nesre\u0107e niko tu nije nalazio. Ina\u010de, tu se uvijek igraju djeca \u2013 rekla nam je mje\u0161tanka koja svaki dan dolazi na ovu pla\u017eu.<\/p>\n<p>Bajrami je bio sam u vozilu i kretao se iz pravca Starog grada prema svojoj ku\u0107i koja se nalazi u Limanu 3.<\/p>\n<p>Nakon \u0161to je \u201efrontera\u201c \u0161vajcarskih tablica sletjela na pla\u017eu, ubrzo su na mjesto doga\u0111aja do\u0161le policija i Slu\u017eba za\u0161tite i spa\u0161avanja.<\/p>\n<p>Donji put u Limanu 2 skoro \u010ditavom du\u017einom nije osiguran. Samo u dijelu iznad pla\u017ee Liman 1 stavljena je bankina koja na nekim djelovima visi i metar od puta.<\/p>\n<p>Godinama molim da se na ovaj put postavi bankina ili neki sigurnosni zid, ali niko me ne \u010duje. Da li treba neko da pogine da bi se ne\u0161to uradilo po tom pitanju \u2013 pita se Predrag Klikovac, zakupac pla\u017ee Liman 2.<\/p>\n<p>&nbsp;<\/p>\n<p><strong>Izvor: Pobjeda<\/strong><\/p>\n","protected":false},"excerpt":{"rendered":"<p>Pukom sre\u0107om niko nije poginuo kada se Ze\u0107ir Bajrami (60) terenskim vozilom\u00a0\u201eopel frontera\u201c\u00a0sunovratio sa puta\u00a0na punu pla\u017eu Liman 2 u Ulcinju. Bajrami je u udesu polomio rebra. Preba\u010den je u barsku bolnicu, gdje je hospitalizovan. Mje\u0161tani su ga iznijeli iz d\u017eipa, a vozilom hitne pomo\u0107i prevezen je prvo u slu\u017ebu hitne pomo\u0107i u Ulcinju, gdje [&hellip;]<\/p>\n","protected":false},"author":1,"featured_media":0,"comment_status":"closed","ping_status":"closed","sticky":false,"template":"","format":"standard","meta":{"spay_email":"","jetpack_publicize_message":"","jetpack_is_tweetstorm":false,"jetpack_publicize_feature_enabled":true},"categories":[6950],"tags":[],"jetpack_publicize_connections":[],"yoast_head":"<!-- This site is optimized with the Yoast SEO plugin v19.1 - https:\/\/yoast.com\/wordpress\/plugins\/seo\/ -->\n<title>Ulcinj: Sletio autom me\u0111u kupa\u010de - Lajme nga Ulqini<\/title>\n<meta name=\"description\" content=\"Pukom sre\u0107om niko nije poginuo kada se Ze\u0107ir Bajrami (60) terenskim vozilom\u00a0\u201eopel frontera\u201c\u00a0sunovratio sa puta\u00a0na punu pla\u017eu Liman 2 u Ulcinju. Bajrami je\" \/>\n<meta name=\"robots\" content=\"index, follow, max-snippet:-1, max-image-preview:large, max-video-preview:-1\" \/>\n<link rel=\"canonical\" href=\"https:\/\/www.visit-ulcinj.com\/blog\/2013\/07\/16\/ulcinj-sletio-autom-medu-kupace\/\" \/>\n<meta property=\"og:locale\" content=\"en_US\" \/>\n<meta property=\"og:type\" content=\"article\" \/>\n<meta property=\"og:title\" content=\"Ulcinj: Sletio autom me\u0111u kupa\u010de - Lajme nga Ulqini\" \/>\n<meta property=\"og:description\" content=\"Pukom sre\u0107om niko nije poginuo kada se Ze\u0107ir Bajrami (60) terenskim vozilom\u00a0\u201eopel frontera\u201c\u00a0sunovratio sa puta\u00a0na punu pla\u017eu Liman 2 u Ulcinju. Bajrami je\" \/>\n<meta property=\"og:url\" content=\"https:\/\/www.visit-ulcinj.com\/blog\/2013\/07\/16\/ulcinj-sletio-autom-medu-kupace\/\" \/>\n<meta property=\"og:site_name\" content=\"Lajme nga Ulqini\" \/>\n<meta property=\"article:published_time\" content=\"2013-07-16T14:39:49+00:00\" \/>\n<meta property=\"article:modified_time\" content=\"2013-07-16T14:40:05+00:00\" \/>\n<meta property=\"og:image\" content=\"http:\/\/www.visit-ulcinj.com\/blog\/wp-content\/uploads\/2013\/07\/automobil-plaza-ulcinj.jpg\" \/>\n<meta name=\"twitter:label1\" content=\"Written by\" \/>\n\t<meta name=\"twitter:data1\" content=\"ulqini\" \/>\n\t<meta name=\"twitter:label2\" content=\"Est. reading time\" \/>\n\t<meta name=\"twitter:data2\" content=\"1 minute\" \/>\n<script type=\"application\/ld+json\" class=\"yoast-schema-graph\">{\"@context\":\"https:\/\/schema.org\",\"@graph\":[{\"@type\":\"WebSite\",\"@id\":\"https:\/\/www.visit-ulcinj.com\/blog\/#website\",\"url\":\"https:\/\/www.visit-ulcinj.com\/blog\/\",\"name\":\"Lajme nga Ulqini\",\"description\":\"Lajme,Vijesti,Ulqini,Ulqin,Crna Gora,Mali i Zi\",\"potentialAction\":[{\"@type\":\"SearchAction\",\"target\":{\"@type\":\"EntryPoint\",\"urlTemplate\":\"https:\/\/www.visit-ulcinj.com\/blog\/?s={search_term_string}\"},\"query-input\":\"required name=search_term_string\"}],\"inLanguage\":\"en-US\"},{\"@type\":\"ImageObject\",\"inLanguage\":\"en-US\",\"@id\":\"https:\/\/www.visit-ulcinj.com\/blog\/2013\/07\/16\/ulcinj-sletio-autom-medu-kupace\/#primaryimage\",\"url\":\"https:\/\/www.visit-ulcinj.com\/blog\/wp-content\/uploads\/2013\/07\/automobil-plaza-ulcinj.jpg\",\"contentUrl\":\"https:\/\/www.visit-ulcinj.com\/blog\/wp-content\/uploads\/2013\/07\/automobil-plaza-ulcinj.jpg\",\"width\":520,\"height\":693},{\"@type\":\"WebPage\",\"@id\":\"https:\/\/www.visit-ulcinj.com\/blog\/2013\/07\/16\/ulcinj-sletio-autom-medu-kupace\/#webpage\",\"url\":\"https:\/\/www.visit-ulcinj.com\/blog\/2013\/07\/16\/ulcinj-sletio-autom-medu-kupace\/\",\"name\":\"Ulcinj: Sletio autom me\u0111u kupa\u010de - Lajme nga Ulqini\",\"isPartOf\":{\"@id\":\"https:\/\/www.visit-ulcinj.com\/blog\/#website\"},\"primaryImageOfPage\":{\"@id\":\"https:\/\/www.visit-ulcinj.com\/blog\/2013\/07\/16\/ulcinj-sletio-autom-medu-kupace\/#primaryimage\"},\"datePublished\":\"2013-07-16T14:39:49+00:00\",\"dateModified\":\"2013-07-16T14:40:05+00:00\",\"author\":{\"@id\":\"https:\/\/www.visit-ulcinj.com\/blog\/#\/schema\/person\/dcab619c614d3038751c63bc2aadc06d\"},\"description\":\"Pukom sre\u0107om niko nije poginuo kada se Ze\u0107ir Bajrami (60) terenskim vozilom\u00a0\u201eopel frontera\u201c\u00a0sunovratio sa puta\u00a0na punu pla\u017eu Liman 2 u Ulcinju. Bajrami je\",\"breadcrumb\":{\"@id\":\"https:\/\/www.visit-ulcinj.com\/blog\/2013\/07\/16\/ulcinj-sletio-autom-medu-kupace\/#breadcrumb\"},\"inLanguage\":\"en-US\",\"potentialAction\":[{\"@type\":\"ReadAction\",\"target\":[\"https:\/\/www.visit-ulcinj.com\/blog\/2013\/07\/16\/ulcinj-sletio-autom-medu-kupace\/\"]}]},{\"@type\":\"BreadcrumbList\",\"@id\":\"https:\/\/www.visit-ulcinj.com\/blog\/2013\/07\/16\/ulcinj-sletio-autom-medu-kupace\/#breadcrumb\",\"itemListElement\":[{\"@type\":\"ListItem\",\"position\":1,\"name\":\"Ulcinj: Sletio autom me\u0111u kupa\u010de\"}]},{\"@type\":\"Person\",\"@id\":\"https:\/\/www.visit-ulcinj.com\/blog\/#\/schema\/person\/dcab619c614d3038751c63bc2aadc06d\",\"name\":\"ulqini\",\"sameAs\":[\"http:\/\/www.visit-ulcinj.com\"],\"url\":\"https:\/\/www.visit-ulcinj.com\/blog\/author\/admin\/\"}]}<\/script>\n<!-- \/ Yoast SEO plugin. -->","yoast_head_json":{"title":"Ulcinj: Sletio autom me\u0111u kupa\u010de - Lajme nga Ulqini","description":"Pukom sre\u0107om niko nije poginuo kada se Ze\u0107ir Bajrami (60) terenskim vozilom\u00a0\u201eopel frontera\u201c\u00a0sunovratio sa puta\u00a0na punu pla\u017eu Liman 2 u Ulcinju. Bajrami je","robots":{"index":"index","follow":"follow","max-snippet":"max-snippet:-1","max-image-preview":"max-image-preview:large","max-video-preview":"max-video-preview:-1"},"canonical":"https:\/\/www.visit-ulcinj.com\/blog\/2013\/07\/16\/ulcinj-sletio-autom-medu-kupace\/","og_locale":"en_US","og_type":"article","og_title":"Ulcinj: Sletio autom me\u0111u kupa\u010de - Lajme nga Ulqini","og_description":"Pukom sre\u0107om niko nije poginuo kada se Ze\u0107ir Bajrami (60) terenskim vozilom\u00a0\u201eopel frontera\u201c\u00a0sunovratio sa puta\u00a0na punu pla\u017eu Liman 2 u Ulcinju. Bajrami je","og_url":"https:\/\/www.visit-ulcinj.com\/blog\/2013\/07\/16\/ulcinj-sletio-autom-medu-kupace\/","og_site_name":"Lajme nga Ulqini","article_published_time":"2013-07-16T14:39:49+00:00","article_modified_time":"2013-07-16T14:40:05+00:00","og_image":[{"url":"http:\/\/www.visit-ulcinj.com\/blog\/wp-content\/uploads\/2013\/07\/automobil-plaza-ulcinj.jpg"}],"twitter_misc":{"Written by":"ulqini","Est. reading time":"1 minute"},"schema":{"@context":"https:\/\/schema.org","@graph":[{"@type":"WebSite","@id":"https:\/\/www.visit-ulcinj.com\/blog\/#website","url":"https:\/\/www.visit-ulcinj.com\/blog\/","name":"Lajme nga Ulqini","description":"Lajme,Vijesti,Ulqini,Ulqin,Crna Gora,Mali i Zi","potentialAction":[{"@type":"SearchAction","target":{"@type":"EntryPoint","urlTemplate":"https:\/\/www.visit-ulcinj.com\/blog\/?s={search_term_string}"},"query-input":"required name=search_term_string"}],"inLanguage":"en-US"},{"@type":"ImageObject","inLanguage":"en-US","@id":"https:\/\/www.visit-ulcinj.com\/blog\/2013\/07\/16\/ulcinj-sletio-autom-medu-kupace\/#primaryimage","url":"https:\/\/www.visit-ulcinj.com\/blog\/wp-content\/uploads\/2013\/07\/automobil-plaza-ulcinj.jpg","contentUrl":"https:\/\/www.visit-ulcinj.com\/blog\/wp-content\/uploads\/2013\/07\/automobil-plaza-ulcinj.jpg","width":520,"height":693},{"@type":"WebPage","@id":"https:\/\/www.visit-ulcinj.com\/blog\/2013\/07\/16\/ulcinj-sletio-autom-medu-kupace\/#webpage","url":"https:\/\/www.visit-ulcinj.com\/blog\/2013\/07\/16\/ulcinj-sletio-autom-medu-kupace\/","name":"Ulcinj: Sletio autom me\u0111u kupa\u010de - Lajme nga Ulqini","isPartOf":{"@id":"https:\/\/www.visit-ulcinj.com\/blog\/#website"},"primaryImageOfPage":{"@id":"https:\/\/www.visit-ulcinj.com\/blog\/2013\/07\/16\/ulcinj-sletio-autom-medu-kupace\/#primaryimage"},"datePublished":"2013-07-16T14:39:49+00:00","dateModified":"2013-07-16T14:40:05+00:00","author":{"@id":"https:\/\/www.visit-ulcinj.com\/blog\/#\/schema\/person\/dcab619c614d3038751c63bc2aadc06d"},"description":"Pukom sre\u0107om niko nije poginuo kada se Ze\u0107ir Bajrami (60) terenskim vozilom\u00a0\u201eopel frontera\u201c\u00a0sunovratio sa puta\u00a0na punu pla\u017eu Liman 2 u Ulcinju. Bajrami je","breadcrumb":{"@id":"https:\/\/www.visit-ulcinj.com\/blog\/2013\/07\/16\/ulcinj-sletio-autom-medu-kupace\/#breadcrumb"},"inLanguage":"en-US","potentialAction":[{"@type":"ReadAction","target":["https:\/\/www.visit-ulcinj.com\/blog\/2013\/07\/16\/ulcinj-sletio-autom-medu-kupace\/"]}]},{"@type":"BreadcrumbList","@id":"https:\/\/www.visit-ulcinj.com\/blog\/2013\/07\/16\/ulcinj-sletio-autom-medu-kupace\/#breadcrumb","itemListElement":[{"@type":"ListItem","position":1,"name":"Ulcinj: Sletio autom me\u0111u kupa\u010de"}]},{"@type":"Person","@id":"https:\/\/www.visit-ulcinj.com\/blog\/#\/schema\/person\/dcab619c614d3038751c63bc2aadc06d","name":"ulqini","sameAs":["http:\/\/www.visit-ulcinj.com"],"url":"https:\/\/www.visit-ulcinj.com\/blog\/author\/admin\/"}]}},"jetpack_featured_media_url":"","jetpack_sharing_enabled":true,"jetpack_shortlink":"https:\/\/wp.me\/pe6lTn-j5x","_links":{"self":[{"href":"https:\/\/www.visit-ulcinj.com\/blog\/wp-json\/wp\/v2\/posts\/73379"}],"collection":[{"href":"https:\/\/www.visit-ulcinj.com\/blog\/wp-json\/wp\/v2\/posts"}],"about":[{"href":"https:\/\/www.visit-ulcinj.com\/blog\/wp-json\/wp\/v2\/types\/post"}],"author":[{"embeddable":true,"href":"https:\/\/www.visit-ulcinj.com\/blog\/wp-json\/wp\/v2\/users\/1"}],"replies":[{"embeddable":true,"href":"https:\/\/www.visit-ulcinj.com\/blog\/wp-json\/wp\/v2\/comments?post=73379"}],"version-history":[{"count":3,"href":"https:\/\/www.visit-ulcinj.com\/blog\/wp-json\/wp\/v2\/posts\/73379\/revisions"}],"predecessor-version":[{"id":73383,"href":"https:\/\/www.visit-ulcinj.com\/blog\/wp-json\/wp\/v2\/posts\/73379\/revisions\/73383"}],"wp:attachment":[{"href":"https:\/\/www.visit-ulcinj.com\/blog\/wp-json\/wp\/v2\/media?parent=73379"}],"wp:term":[{"taxonomy":"category","embeddable":true,"href":"https:\/\/www.visit-ulcinj.com\/blog\/wp-json\/wp\/v2\/categories?post=73379"},{"taxonomy":"post_tag","embeddable":true,"href":"https:\/\/www.visit-ulcinj.com\/blog\/wp-json\/wp\/v2\/tags?post=73379"}],"curies":[{"name":"wp","href":"https:\/\/api.w.org\/{rel}","templated":true}]}}