{"id":73390,"date":"2013-07-16T18:36:28","date_gmt":"2013-07-16T17:36:28","guid":{"rendered":"http:\/\/www.visit-ulcinj.com\/blog\/?p=73390"},"modified":"2013-07-16T18:45:35","modified_gmt":"2013-07-16T17:45:35","slug":"za%c2%adta%c2%adjio-pri%c2%advat%c2%adni-smje%c2%adstaj-ulcinja","status":"publish","type":"post","link":"https:\/\/www.visit-ulcinj.com\/blog\/2013\/07\/16\/za%c2%adta%c2%adjio-pri%c2%advat%c2%adni-smje%c2%adstaj-ulcinja\/","title":{"rendered":"Za\u00adta\u00adjio pri\u00advat\u00adni smje\u00ad\u0161taj Ulcinja"},"content":{"rendered":"<p><a href=\"http:\/\/www.visit-ulcinj.com\/blog\/wp-content\/uploads\/2013\/07\/Setaliste-Pristan-Ulcinj.jpg\"><img loading=\"lazy\" class=\"alignleft  wp-image-73391\" alt=\"Setaliste Pristan-Ulcinj\" src=\"http:\/\/www.visit-ulcinj.com\/blog\/wp-content\/uploads\/2013\/07\/Setaliste-Pristan-Ulcinj.jpg\" width=\"508\" height=\"360\" \/><\/a>UL\u00adCINj &#8211; Tu\u00adri\u00adsti\u010d\u00adka se\u00adzo\u00adna u Ul\u00adci\u00adnju po\u00adla\u00adko ula\u00adzi u fi\u00adni\u0161. Ve\u00ad\u0107i\u00adna ku\u00adpa\u00adli\u00ad\u0161ta je po\u00adpu\u00adnje\u00adna, a i glav\u00adno \u0161e\u00adta\u00adli\u00ad\u0161te je u no\u0107\u00adnom ter\u00admi\u00adnu na o\u010de\u00adki\u00adva\u00adnom ni\u00advou. Ina\u00ad\u010de, na podo\u00adru\u010d\u00adju op\u00ad\u0161ti\u00adne Ul\u00adcinj bo\u00adra\u00advi 16.308 re\u00adgi\u00adstro\u00adva\u00adnih tu\u00adri\u00adsta \u0161to je za 15 od\u00adsto ma\u00adnje u od\u00adno\u00adsu na isti pe\u00adri\u00adod pro\u00ad\u0161le go\u00addi\u00adne. Kao i do\u00adsad pred\u00adnja\u00ad\u010de stra\u00adni po\u00adsje\u00adti\u00ado\u00adci, ko\u00adjih je 16.117, dok je do\u00adma\u00ad\u0107ih sa\u00admo 191. Pre\u00adma ri\u00adje\u00ad\u010di\u00adma pred\u00adstav\u00adni\u00adka Tu\u00adri\u00adsti\u010d\u00adke or\u00adga\u00adni\u00adza\u00adci\u00adje Ul\u00adcinj ho\u00adtel\u00adski smje\u00ad\u0161taj je i te \u00adka\u00adko po\u00adpu\u00adnjen, me\u00ad\u0111u\u00adtim, pad je za\u00adbi\u00adlje\u00ad\u017een ka\u00adda je pri\u00advat\u00adni smje\u00ad\u0161taj u pi\u00adta\u00adnju.<br \/>\n-U ho\u00adte\u00adli\u00adma tre\u00adnut\u00adno bo\u00adra\u00advi 2.633 ve\u00ad\u0107i\u00adnom stra\u00adnih go\u00adsti\u00adju, \u0161to je za 20 od\u00adsto vi\u00ad\u0161e ne\u00adgo la\u00adni, a sli\u00ad\u010dan trend je i u kam\u00adpo\u00advi\u00adma gdje je smje\u00ad\u0161te\u00adno 125 go\u00adsti\u00adju, \u0161to je na\u00adpre\u00addak od tri pro\u00adcen\u00adta u od\u00adno\u00adsu na 2012. go\u00addi\u00adnu. Me\u00ad\u0111u\u00adtim, ka\u00adda je ri\u00adje\u010d o pri\u00advat\u00adnom smje\u00ad\u0161ta\u00adju, iako je si\u00adtu\u00ada\u00adci\u00adja u od\u00adno\u00adsu na pret\u00adhod\u00adnih ne\u00adko\u00adli\u00adko sed\u00admi\u00adca znat\u00adno bo\u00adlja, broj\u00adka od 13.550 pri\u00adja\u00advlje\u00adnih tu\u00adri\u00adsta za 19 od\u00adsto je ma\u00adnja u od\u00adno\u00adsu na isti pe\u00adri\u00adod pret\u00adhod\u00adne go\u00addi\u00adne- sa\u00adop\u00ad\u0161ti\u00adla je slu\u00ad\u017ebe\u00adni\u00adca TO Ul\u00adcinj Emi\u00adna Der\u00advi\u00ad\u0161i.<\/p>\n<p><a href=\"http:\/\/www.visit-ulcinj.com\/blog\/wp-content\/uploads\/2013\/07\/bukuriaulqinit.jpg\"><img loading=\"lazy\" class=\"alignleft  wp-image-73396\" alt=\"bukuriaulqinit\" src=\"http:\/\/www.visit-ulcinj.com\/blog\/wp-content\/uploads\/2013\/07\/bukuriaulqinit.jpg\" width=\"508\" height=\"360\" \/><\/a><br \/>\nPre\u00adma ocje\u00adna\u00adma iz TO Ul\u00adcinj raz\u00adlo\u00adge za sla\u00adbi\u00adju po\u00adsje\u00adtu tre\u00adba tra\u00ad\u017ei\u00adti u eko\u00adnom\u00adskoj kri\u00adzi i mje\u00adse\u00adcu ra\u00adma\u00adza\u00adna, jer je do\u00adbar dio tra\u00addi\u00adci\u00ado\u00adnal\u00adne tu\u00adri\u00adsti\u010d\u00adke kli\u00adjen\u00adte\u00adle na\u00adja\u00advio do\u00adla\u00adzak tek na\u00adkon naj\u00adzna\u00ad\u010daj\u00adni\u00adjeg islam\u00adskog pra\u00adzni\u00adka, Baj\u00adra\u00adma.<br \/>\n-Upra\u00advo iz tih raz\u00adlo\u00adga po\u00adsje\u00adta je na ne\u00ad\u0161to sla\u00adbi\u00adjem ni\u00advou ne\u00adgo u 2012.go\u00addi\u00adni. Po\u00adrast bro\u00adja tu\u00adri\u00adsta o\u010de\u00adku\u00adje se na\u00adkon Baj\u00adra\u00adma, a ne\u00ad\u0161to \u0161to \u0107e ta\u00adko\u00ad\u0111e uti\u00adca\u00adti na po\u00adve\u00ad\u0107a\u00adnje bro\u00adja tu\u00adri\u00adsta bi\u00ad\u0107e or\u00adga\u00adni\u00adza\u00adci\u00adja Saj\u00adma knji\u00adga i Ul\u00adcinj\u00adske ljet\u00adnje sce\u00adne ko\u00adji su na pro\u00adgra\u00admu u av\u00adgu\u00adstu- na\u00adja\u00advlju\u00adje Der\u00advi\u00ad\u0161i.<br \/>\nTu\u00adri\u00adsti\u010d\u00adki po\u00adsle\u00adni\u00adci gra\u00adda sma\u00adtra\u00adju da je po\u00adsta\u00advlja\u00adnje in\u00adfor\u00adma\u00adtiv\u00adno- tu\u00adri\u00adsti\u010d\u00adkih punk\u00adto\u00adva olak\u00ad\u0161a\u00adlo rad TO Ul\u00adci\u00adnja, a ta or\u00adga\u00adni\u00adza\u00adci\u00adja do\u00adbi\u00ad\u0107e usko\u00adro po\u00adja\u00ad\u010da\u00adnje u vi\u00addu jo\u0161 osam tu\u00adri\u00adsti\u010d\u00adkih rad\u00adni\u00adka ko\u00adji \u0107e i\u0107i po te\u00adre\u00adnu.<br \/>\n-Ti punk\u00adto\u00advi olak\u00ad\u0161a\u00adli su nam po\u00adsao, a ta\u00adko\u00ad\u0111e na\u00adzna\u00ad\u010di\u00adla bih i da je na\u00adpla\u00adta bo\u00adra\u00advi\u00ad\u0161ne tak\u00adse na istom ni\u00advou u od\u00adno\u00adsu na 2012.go\u00addi\u00adnu. Vr\u00adlo je va\u00ad\u017eno \u0161to smo or\u00adga\u00adni\u00adza\u00adci\u00adjom \u201eSa\u00adutern So\u00adul Fe\u00adsti\u00adva\u00adla\u201d stvo\u00adri\u00adli uslo\u00adve za raz\u00advoj fe\u00adsti\u00adval\u00adskog tu\u00adri\u00adzma, a na osno\u00advu raz\u00adgo\u00advo\u00adra sa u\u010de\u00adsni\u00adci\u00adma i ko\u00ador\u00adga\u00adni\u00adza\u00adto\u00adrima Ul\u00adcinj \u0107e, bar ka\u00adko sa\u00adda stva\u00adri sto\u00adje, i na\u00adred\u00adne go\u00addi\u00adne bi\u00adti do\u00adma\u00ad\u0107in ove mu\u00adzi\u010d\u00adke ma\u00adni\u00adfe\u00adsta\u00adci\u00adje- ka\u00ad\u017ee Der\u00advi\u00ad\u0161i, ocje\u00adnju\u00adju\u00ad\u0107i da se re\u00adgu\u00adli\u00adsa\u00adnje sa\u00ado\u00adbra\u00ad\u0107aj\u00adnih to\u00adko\u00adva i bo\u00adlja sa\u00ado\u00adbra\u00ad\u0107aj\u00adna in\u00adfra\u00adstruk\u00adtu\u00adra ko\u00adja se na\u00adja\u00advlju\u00adje za na\u00adred\u00adno lje\u00adto, vi\u00ad\u0161e\u00adstru\u00adko uti\u00adca\u00adti na raz\u00advoj naj\u00adju\u00ad\u017eni\u00adje cr\u00adno\u00adgor\u00adske op\u00ad\u0161ti\u00adne.<\/p>\n<p>&nbsp;<\/p>\n<p><strong>Va.R.<\/strong><br \/>\n<strong>Izvor: DAN<\/strong><\/p>\n","protected":false},"excerpt":{"rendered":"<p>UL\u00adCINj &#8211; Tu\u00adri\u00adsti\u010d\u00adka se\u00adzo\u00adna u Ul\u00adci\u00adnju po\u00adla\u00adko ula\u00adzi u fi\u00adni\u0161. Ve\u00ad\u0107i\u00adna ku\u00adpa\u00adli\u00ad\u0161ta je po\u00adpu\u00adnje\u00adna, a i glav\u00adno \u0161e\u00adta\u00adli\u00ad\u0161te je u no\u0107\u00adnom ter\u00admi\u00adnu na o\u010de\u00adki\u00adva\u00adnom ni\u00advou. Ina\u00ad\u010de, na podo\u00adru\u010d\u00adju op\u00ad\u0161ti\u00adne Ul\u00adcinj bo\u00adra\u00advi 16.308 re\u00adgi\u00adstro\u00adva\u00adnih tu\u00adri\u00adsta \u0161to je za 15 od\u00adsto ma\u00adnje u od\u00adno\u00adsu na isti pe\u00adri\u00adod pro\u00ad\u0161le go\u00addi\u00adne. Kao i do\u00adsad pred\u00adnja\u00ad\u010de stra\u00adni po\u00adsje\u00adti\u00ado\u00adci, ko\u00adjih je [&hellip;]<\/p>\n","protected":false},"author":1,"featured_media":0,"comment_status":"closed","ping_status":"closed","sticky":false,"template":"","format":"standard","meta":{"spay_email":"","jetpack_publicize_message":"","jetpack_is_tweetstorm":false,"jetpack_publicize_feature_enabled":true},"categories":[8337],"tags":[],"jetpack_publicize_connections":[],"yoast_head":"<!-- This site is optimized with the Yoast SEO plugin v19.1 - https:\/\/yoast.com\/wordpress\/plugins\/seo\/ -->\n<title>Za\u00adta\u00adjio pri\u00advat\u00adni smje\u00ad\u0161taj Ulcinja - Lajme nga Ulqini<\/title>\n<meta name=\"description\" content=\"UL\u00adCINj - Tu\u00adri\u00adsti\u010d\u00adka se\u00adzo\u00adna u Ul\u00adci\u00adnju po\u00adla\u00adko ula\u00adzi u fi\u00adni\u0161. Ve\u00ad\u0107i\u00adna ku\u00adpa\u00adli\u00ad\u0161ta je po\u00adpu\u00adnje\u00adna, a i glav\u00adno \u0161e\u00adta\u00adli\u00ad\u0161te je u no\u0107\u00adnom\" \/>\n<meta name=\"robots\" content=\"index, follow, max-snippet:-1, max-image-preview:large, max-video-preview:-1\" \/>\n<link rel=\"canonical\" href=\"https:\/\/www.visit-ulcinj.com\/blog\/2013\/07\/16\/za\u00adta\u00adjio-pri\u00advat\u00adni-smje\u00adstaj-ulcinja\/\" \/>\n<meta property=\"og:locale\" content=\"en_US\" \/>\n<meta property=\"og:type\" content=\"article\" \/>\n<meta property=\"og:title\" content=\"Za\u00adta\u00adjio pri\u00advat\u00adni smje\u00ad\u0161taj Ulcinja - Lajme nga Ulqini\" \/>\n<meta property=\"og:description\" content=\"UL\u00adCINj - Tu\u00adri\u00adsti\u010d\u00adka se\u00adzo\u00adna u Ul\u00adci\u00adnju po\u00adla\u00adko ula\u00adzi u fi\u00adni\u0161. Ve\u00ad\u0107i\u00adna ku\u00adpa\u00adli\u00ad\u0161ta je po\u00adpu\u00adnje\u00adna, a i glav\u00adno \u0161e\u00adta\u00adli\u00ad\u0161te je u no\u0107\u00adnom\" \/>\n<meta property=\"og:url\" content=\"https:\/\/www.visit-ulcinj.com\/blog\/2013\/07\/16\/za\u00adta\u00adjio-pri\u00advat\u00adni-smje\u00adstaj-ulcinja\/\" \/>\n<meta property=\"og:site_name\" content=\"Lajme nga Ulqini\" \/>\n<meta property=\"article:published_time\" content=\"2013-07-16T17:36:28+00:00\" \/>\n<meta property=\"article:modified_time\" content=\"2013-07-16T17:45:35+00:00\" \/>\n<meta property=\"og:image\" content=\"http:\/\/www.visit-ulcinj.com\/blog\/wp-content\/uploads\/2013\/07\/Setaliste-Pristan-Ulcinj.jpg\" \/>\n<meta name=\"twitter:label1\" content=\"Written by\" \/>\n\t<meta name=\"twitter:data1\" content=\"ulqini\" \/>\n\t<meta name=\"twitter:label2\" content=\"Est. reading time\" \/>\n\t<meta name=\"twitter:data2\" content=\"4 minutes\" \/>\n<script type=\"application\/ld+json\" class=\"yoast-schema-graph\">{\"@context\":\"https:\/\/schema.org\",\"@graph\":[{\"@type\":\"WebSite\",\"@id\":\"https:\/\/www.visit-ulcinj.com\/blog\/#website\",\"url\":\"https:\/\/www.visit-ulcinj.com\/blog\/\",\"name\":\"Lajme nga Ulqini\",\"description\":\"Lajme,Vijesti,Ulqini,Ulqin,Crna Gora,Mali i Zi\",\"potentialAction\":[{\"@type\":\"SearchAction\",\"target\":{\"@type\":\"EntryPoint\",\"urlTemplate\":\"https:\/\/www.visit-ulcinj.com\/blog\/?s={search_term_string}\"},\"query-input\":\"required name=search_term_string\"}],\"inLanguage\":\"en-US\"},{\"@type\":\"ImageObject\",\"inLanguage\":\"en-US\",\"@id\":\"https:\/\/www.visit-ulcinj.com\/blog\/2013\/07\/16\/za%c2%adta%c2%adjio-pri%c2%advat%c2%adni-smje%c2%adstaj-ulcinja\/#primaryimage\",\"url\":\"https:\/\/www.visit-ulcinj.com\/blog\/wp-content\/uploads\/2013\/07\/Setaliste-Pristan-Ulcinj.jpg\",\"contentUrl\":\"https:\/\/www.visit-ulcinj.com\/blog\/wp-content\/uploads\/2013\/07\/Setaliste-Pristan-Ulcinj.jpg\",\"width\":1024,\"height\":684},{\"@type\":\"WebPage\",\"@id\":\"https:\/\/www.visit-ulcinj.com\/blog\/2013\/07\/16\/za%c2%adta%c2%adjio-pri%c2%advat%c2%adni-smje%c2%adstaj-ulcinja\/#webpage\",\"url\":\"https:\/\/www.visit-ulcinj.com\/blog\/2013\/07\/16\/za%c2%adta%c2%adjio-pri%c2%advat%c2%adni-smje%c2%adstaj-ulcinja\/\",\"name\":\"Za\u00adta\u00adjio pri\u00advat\u00adni smje\u00ad\u0161taj Ulcinja - Lajme nga Ulqini\",\"isPartOf\":{\"@id\":\"https:\/\/www.visit-ulcinj.com\/blog\/#website\"},\"primaryImageOfPage\":{\"@id\":\"https:\/\/www.visit-ulcinj.com\/blog\/2013\/07\/16\/za%c2%adta%c2%adjio-pri%c2%advat%c2%adni-smje%c2%adstaj-ulcinja\/#primaryimage\"},\"datePublished\":\"2013-07-16T17:36:28+00:00\",\"dateModified\":\"2013-07-16T17:45:35+00:00\",\"author\":{\"@id\":\"https:\/\/www.visit-ulcinj.com\/blog\/#\/schema\/person\/dcab619c614d3038751c63bc2aadc06d\"},\"description\":\"UL\u00adCINj - Tu\u00adri\u00adsti\u010d\u00adka se\u00adzo\u00adna u Ul\u00adci\u00adnju po\u00adla\u00adko ula\u00adzi u fi\u00adni\u0161. Ve\u00ad\u0107i\u00adna ku\u00adpa\u00adli\u00ad\u0161ta je po\u00adpu\u00adnje\u00adna, a i glav\u00adno \u0161e\u00adta\u00adli\u00ad\u0161te je u no\u0107\u00adnom\",\"breadcrumb\":{\"@id\":\"https:\/\/www.visit-ulcinj.com\/blog\/2013\/07\/16\/za%c2%adta%c2%adjio-pri%c2%advat%c2%adni-smje%c2%adstaj-ulcinja\/#breadcrumb\"},\"inLanguage\":\"en-US\",\"potentialAction\":[{\"@type\":\"ReadAction\",\"target\":[\"https:\/\/www.visit-ulcinj.com\/blog\/2013\/07\/16\/za%c2%adta%c2%adjio-pri%c2%advat%c2%adni-smje%c2%adstaj-ulcinja\/\"]}]},{\"@type\":\"BreadcrumbList\",\"@id\":\"https:\/\/www.visit-ulcinj.com\/blog\/2013\/07\/16\/za%c2%adta%c2%adjio-pri%c2%advat%c2%adni-smje%c2%adstaj-ulcinja\/#breadcrumb\",\"itemListElement\":[{\"@type\":\"ListItem\",\"position\":1,\"name\":\"Za\u00adta\u00adjio pri\u00advat\u00adni smje\u00ad\u0161taj Ulcinja\"}]},{\"@type\":\"Person\",\"@id\":\"https:\/\/www.visit-ulcinj.com\/blog\/#\/schema\/person\/dcab619c614d3038751c63bc2aadc06d\",\"name\":\"ulqini\",\"sameAs\":[\"http:\/\/www.visit-ulcinj.com\"],\"url\":\"https:\/\/www.visit-ulcinj.com\/blog\/author\/admin\/\"}]}<\/script>\n<!-- \/ Yoast SEO plugin. -->","yoast_head_json":{"title":"Za\u00adta\u00adjio pri\u00advat\u00adni smje\u00ad\u0161taj Ulcinja - Lajme nga Ulqini","description":"UL\u00adCINj - Tu\u00adri\u00adsti\u010d\u00adka se\u00adzo\u00adna u Ul\u00adci\u00adnju po\u00adla\u00adko ula\u00adzi u fi\u00adni\u0161. Ve\u00ad\u0107i\u00adna ku\u00adpa\u00adli\u00ad\u0161ta je po\u00adpu\u00adnje\u00adna, a i glav\u00adno \u0161e\u00adta\u00adli\u00ad\u0161te je u no\u0107\u00adnom","robots":{"index":"index","follow":"follow","max-snippet":"max-snippet:-1","max-image-preview":"max-image-preview:large","max-video-preview":"max-video-preview:-1"},"canonical":"https:\/\/www.visit-ulcinj.com\/blog\/2013\/07\/16\/za\u00adta\u00adjio-pri\u00advat\u00adni-smje\u00adstaj-ulcinja\/","og_locale":"en_US","og_type":"article","og_title":"Za\u00adta\u00adjio pri\u00advat\u00adni smje\u00ad\u0161taj Ulcinja - Lajme nga Ulqini","og_description":"UL\u00adCINj - Tu\u00adri\u00adsti\u010d\u00adka se\u00adzo\u00adna u Ul\u00adci\u00adnju po\u00adla\u00adko ula\u00adzi u fi\u00adni\u0161. Ve\u00ad\u0107i\u00adna ku\u00adpa\u00adli\u00ad\u0161ta je po\u00adpu\u00adnje\u00adna, a i glav\u00adno \u0161e\u00adta\u00adli\u00ad\u0161te je u no\u0107\u00adnom","og_url":"https:\/\/www.visit-ulcinj.com\/blog\/2013\/07\/16\/za\u00adta\u00adjio-pri\u00advat\u00adni-smje\u00adstaj-ulcinja\/","og_site_name":"Lajme nga Ulqini","article_published_time":"2013-07-16T17:36:28+00:00","article_modified_time":"2013-07-16T17:45:35+00:00","og_image":[{"url":"http:\/\/www.visit-ulcinj.com\/blog\/wp-content\/uploads\/2013\/07\/Setaliste-Pristan-Ulcinj.jpg"}],"twitter_misc":{"Written by":"ulqini","Est. reading time":"4 minutes"},"schema":{"@context":"https:\/\/schema.org","@graph":[{"@type":"WebSite","@id":"https:\/\/www.visit-ulcinj.com\/blog\/#website","url":"https:\/\/www.visit-ulcinj.com\/blog\/","name":"Lajme nga Ulqini","description":"Lajme,Vijesti,Ulqini,Ulqin,Crna Gora,Mali i Zi","potentialAction":[{"@type":"SearchAction","target":{"@type":"EntryPoint","urlTemplate":"https:\/\/www.visit-ulcinj.com\/blog\/?s={search_term_string}"},"query-input":"required name=search_term_string"}],"inLanguage":"en-US"},{"@type":"ImageObject","inLanguage":"en-US","@id":"https:\/\/www.visit-ulcinj.com\/blog\/2013\/07\/16\/za%c2%adta%c2%adjio-pri%c2%advat%c2%adni-smje%c2%adstaj-ulcinja\/#primaryimage","url":"https:\/\/www.visit-ulcinj.com\/blog\/wp-content\/uploads\/2013\/07\/Setaliste-Pristan-Ulcinj.jpg","contentUrl":"https:\/\/www.visit-ulcinj.com\/blog\/wp-content\/uploads\/2013\/07\/Setaliste-Pristan-Ulcinj.jpg","width":1024,"height":684},{"@type":"WebPage","@id":"https:\/\/www.visit-ulcinj.com\/blog\/2013\/07\/16\/za%c2%adta%c2%adjio-pri%c2%advat%c2%adni-smje%c2%adstaj-ulcinja\/#webpage","url":"https:\/\/www.visit-ulcinj.com\/blog\/2013\/07\/16\/za%c2%adta%c2%adjio-pri%c2%advat%c2%adni-smje%c2%adstaj-ulcinja\/","name":"Za\u00adta\u00adjio pri\u00advat\u00adni smje\u00ad\u0161taj Ulcinja - Lajme nga Ulqini","isPartOf":{"@id":"https:\/\/www.visit-ulcinj.com\/blog\/#website"},"primaryImageOfPage":{"@id":"https:\/\/www.visit-ulcinj.com\/blog\/2013\/07\/16\/za%c2%adta%c2%adjio-pri%c2%advat%c2%adni-smje%c2%adstaj-ulcinja\/#primaryimage"},"datePublished":"2013-07-16T17:36:28+00:00","dateModified":"2013-07-16T17:45:35+00:00","author":{"@id":"https:\/\/www.visit-ulcinj.com\/blog\/#\/schema\/person\/dcab619c614d3038751c63bc2aadc06d"},"description":"UL\u00adCINj - Tu\u00adri\u00adsti\u010d\u00adka se\u00adzo\u00adna u Ul\u00adci\u00adnju po\u00adla\u00adko ula\u00adzi u fi\u00adni\u0161. Ve\u00ad\u0107i\u00adna ku\u00adpa\u00adli\u00ad\u0161ta je po\u00adpu\u00adnje\u00adna, a i glav\u00adno \u0161e\u00adta\u00adli\u00ad\u0161te je u no\u0107\u00adnom","breadcrumb":{"@id":"https:\/\/www.visit-ulcinj.com\/blog\/2013\/07\/16\/za%c2%adta%c2%adjio-pri%c2%advat%c2%adni-smje%c2%adstaj-ulcinja\/#breadcrumb"},"inLanguage":"en-US","potentialAction":[{"@type":"ReadAction","target":["https:\/\/www.visit-ulcinj.com\/blog\/2013\/07\/16\/za%c2%adta%c2%adjio-pri%c2%advat%c2%adni-smje%c2%adstaj-ulcinja\/"]}]},{"@type":"BreadcrumbList","@id":"https:\/\/www.visit-ulcinj.com\/blog\/2013\/07\/16\/za%c2%adta%c2%adjio-pri%c2%advat%c2%adni-smje%c2%adstaj-ulcinja\/#breadcrumb","itemListElement":[{"@type":"ListItem","position":1,"name":"Za\u00adta\u00adjio pri\u00advat\u00adni smje\u00ad\u0161taj Ulcinja"}]},{"@type":"Person","@id":"https:\/\/www.visit-ulcinj.com\/blog\/#\/schema\/person\/dcab619c614d3038751c63bc2aadc06d","name":"ulqini","sameAs":["http:\/\/www.visit-ulcinj.com"],"url":"https:\/\/www.visit-ulcinj.com\/blog\/author\/admin\/"}]}},"jetpack_featured_media_url":"","jetpack_sharing_enabled":true,"jetpack_shortlink":"https:\/\/wp.me\/pe6lTn-j5I","_links":{"self":[{"href":"https:\/\/www.visit-ulcinj.com\/blog\/wp-json\/wp\/v2\/posts\/73390"}],"collection":[{"href":"https:\/\/www.visit-ulcinj.com\/blog\/wp-json\/wp\/v2\/posts"}],"about":[{"href":"https:\/\/www.visit-ulcinj.com\/blog\/wp-json\/wp\/v2\/types\/post"}],"author":[{"embeddable":true,"href":"https:\/\/www.visit-ulcinj.com\/blog\/wp-json\/wp\/v2\/users\/1"}],"replies":[{"embeddable":true,"href":"https:\/\/www.visit-ulcinj.com\/blog\/wp-json\/wp\/v2\/comments?post=73390"}],"version-history":[{"count":3,"href":"https:\/\/www.visit-ulcinj.com\/blog\/wp-json\/wp\/v2\/posts\/73390\/revisions"}],"predecessor-version":[{"id":73397,"href":"https:\/\/www.visit-ulcinj.com\/blog\/wp-json\/wp\/v2\/posts\/73390\/revisions\/73397"}],"wp:attachment":[{"href":"https:\/\/www.visit-ulcinj.com\/blog\/wp-json\/wp\/v2\/media?parent=73390"}],"wp:term":[{"taxonomy":"category","embeddable":true,"href":"https:\/\/www.visit-ulcinj.com\/blog\/wp-json\/wp\/v2\/categories?post=73390"},{"taxonomy":"post_tag","embeddable":true,"href":"https:\/\/www.visit-ulcinj.com\/blog\/wp-json\/wp\/v2\/tags?post=73390"}],"curies":[{"name":"wp","href":"https:\/\/api.w.org\/{rel}","templated":true}]}}