{"id":73394,"date":"2013-07-16T18:43:04","date_gmt":"2013-07-16T17:43:04","guid":{"rendered":"http:\/\/www.visit-ulcinj.com\/blog\/?p=73394"},"modified":"2013-07-16T18:43:04","modified_gmt":"2013-07-16T17:43:04","slug":"abazovic-nema-nato-sa-ovakvom-anb","status":"publish","type":"post","link":"https:\/\/www.visit-ulcinj.com\/blog\/2013\/07\/16\/abazovic-nema-nato-sa-ovakvom-anb\/","title":{"rendered":"Abazovic: Nema NATO sa ovakvom ANB"},"content":{"rendered":"<p><a href=\"http:\/\/www.visit-ulcinj.com\/blog\/wp-content\/uploads\/2013\/01\/dritanabazoviq.jpg\"><img loading=\"lazy\" class=\"alignleft  wp-image-68133\" alt=\"dritanabazoviq\" src=\"http:\/\/www.visit-ulcinj.com\/blog\/wp-content\/uploads\/2013\/01\/dritanabazoviq.jpg\" width=\"508\" height=\"360\" \/><\/a>Stanje u Agenciji za nacionalnu bezbjednost (ANB) je jedna od glavnih prepreka zbog kojih je u me\u0111unarodnim krugovima splasnuo entuzijazam za uru\u010divanje pozivnice Crnoj Gori za \u010dlanstvo u NATO, smatraju u Pozitivnoj Crnoj Gori.<\/p>\n<p>Poslanik ove partije Dritan Abazovi\u0107 kazao je \u201cVijestima\u201d da na\u0161a zemlja nije ispunila sve politi\u010dke kriterijume da bi dobila pozivnicu na narednom samitu NATO \u010dlanica, ali to nije jedini problem.<\/p>\n<p>\u201cSektor bezbjednosnih slu\u017ebi je ostao netaknut. Ovakvim odnosom vlast je izabrala da umjesto reforme zemlju ostavi na pragu integracionih procesa, jer su izgleda shvatili da bi bilo kakva reforma ANB-a, koja bi vodila ka ve\u0107em profesionalizmu i demokratizaciji tog sektora, bila udarac na jaki mehanizam unutra\u0161nje kontrole koji slu\u017ei pored ostalog za pacifikovanje i neutralisanje svih politi\u010dkih protivnika aktuelne vlasti\u201d, smatra Abazovi\u0107.<\/p>\n<p>On je kazao i da, ako se tom doda skandal sa prislu\u0161kivanjem stranih zvani\u010dnika od strane na\u0161ih slu\u017ebi, onda sve postaje kristalno jasno: \u201cOvakva zaostav\u0161tina je dokaz da se tranzicija u na\u0161oj zemlji nesmetano nastavlja i da su konture komunisti\u010dkog vladanja i dalje prisutne u bezbjednosnim slu\u017ebama.<\/p>\n<p>Me\u0111utim, pre\u010dica za u\u010dlanjenje u bilo koju me\u0111unarodnu organizaciju je sve manje, ali ovu vlasti to ionako sve manje zanima\u201d. U partiji Darka Pajovi\u0107a smatraju da je potrebno da aktuelni premijer, \u0161ef ANB-a i ministarka odbrane pod hitno po\u010dnu preduzimati aktivnosti u ispunjavanju svih uslova za u\u010dlanjenje. Abazovi\u0107 je naglasio da bi nedobijanje pozivnice za \u010dlanstvo u NATO bio veliki korak unazad za na\u0161u zemlju.<\/p>\n<p>\u201cTo je tako\u0111e i jasan signal da u vladaju\u0107oj klasi ne postoji volja za reformama&#8230;Sada kada se od nas tra\u017ee konkretne stvari, vlast takti\u010dki i sebi\u010dno \u0107uti, i zaboravlja \u0161to su na\u0161i spoljnopoliti\u010dki prioriteti.\u201d<\/p>\n<p><a href=\"http:\/\/www.vijesti.me\/vijesti\/dritan-abazovic-nema-nato-sa-ovakvom-anb-clanak-138983\" target=\"_blank\"><strong>Milica Bogdanovi\u0107<\/strong><\/a><br \/>\n<a href=\"http:\/\/www.vijesti.me\/vijesti\/dritan-abazovic-nema-nato-sa-ovakvom-anb-clanak-138983\" target=\"_blank\"><strong>Vijesti Online<\/strong><\/a><\/p>\n","protected":false},"excerpt":{"rendered":"<p>Stanje u Agenciji za nacionalnu bezbjednost (ANB) je jedna od glavnih prepreka zbog kojih je u me\u0111unarodnim krugovima splasnuo entuzijazam za uru\u010divanje pozivnice Crnoj Gori za \u010dlanstvo u NATO, smatraju u Pozitivnoj Crnoj Gori. Poslanik ove partije Dritan Abazovi\u0107 kazao je \u201cVijestima\u201d da na\u0161a zemlja nije ispunila sve politi\u010dke kriterijume da bi dobila pozivnicu na [&hellip;]<\/p>\n","protected":false},"author":1,"featured_media":0,"comment_status":"closed","ping_status":"closed","sticky":false,"template":"","format":"standard","meta":{"spay_email":"","jetpack_publicize_message":"","jetpack_is_tweetstorm":false,"jetpack_publicize_feature_enabled":true},"categories":[6950],"tags":[],"jetpack_publicize_connections":[],"yoast_head":"<!-- This site is optimized with the Yoast SEO plugin v19.1 - https:\/\/yoast.com\/wordpress\/plugins\/seo\/ -->\n<title>Abazovic: Nema NATO sa ovakvom ANB - Lajme nga Ulqini<\/title>\n<meta name=\"description\" content=\"Stanje u Agenciji za nacionalnu bezbjednost (ANB) je jedna od glavnih prepreka zbog kojih je u me\u0111unarodnim krugovima splasnuo entuzijazam za uru\u010divanje\" \/>\n<meta name=\"robots\" content=\"index, follow, max-snippet:-1, max-image-preview:large, max-video-preview:-1\" \/>\n<link rel=\"canonical\" href=\"https:\/\/www.visit-ulcinj.com\/blog\/2013\/07\/16\/abazovic-nema-nato-sa-ovakvom-anb\/\" \/>\n<meta property=\"og:locale\" content=\"en_US\" \/>\n<meta property=\"og:type\" content=\"article\" \/>\n<meta property=\"og:title\" content=\"Abazovic: Nema NATO sa ovakvom ANB - Lajme nga Ulqini\" \/>\n<meta property=\"og:description\" content=\"Stanje u Agenciji za nacionalnu bezbjednost (ANB) je jedna od glavnih prepreka zbog kojih je u me\u0111unarodnim krugovima splasnuo entuzijazam za uru\u010divanje\" \/>\n<meta property=\"og:url\" content=\"https:\/\/www.visit-ulcinj.com\/blog\/2013\/07\/16\/abazovic-nema-nato-sa-ovakvom-anb\/\" \/>\n<meta property=\"og:site_name\" content=\"Lajme nga Ulqini\" \/>\n<meta property=\"article:published_time\" content=\"2013-07-16T17:43:04+00:00\" \/>\n<meta property=\"og:image\" content=\"http:\/\/www.visit-ulcinj.com\/blog\/wp-content\/uploads\/2013\/01\/dritanabazoviq.jpg\" \/>\n<meta name=\"twitter:label1\" content=\"Written by\" \/>\n\t<meta name=\"twitter:data1\" content=\"ulqini\" \/>\n\t<meta name=\"twitter:label2\" content=\"Est. reading time\" \/>\n\t<meta name=\"twitter:data2\" content=\"2 minutes\" \/>\n<script type=\"application\/ld+json\" class=\"yoast-schema-graph\">{\"@context\":\"https:\/\/schema.org\",\"@graph\":[{\"@type\":\"WebSite\",\"@id\":\"https:\/\/www.visit-ulcinj.com\/blog\/#website\",\"url\":\"https:\/\/www.visit-ulcinj.com\/blog\/\",\"name\":\"Lajme nga Ulqini\",\"description\":\"Lajme,Vijesti,Ulqini,Ulqin,Crna Gora,Mali i Zi\",\"potentialAction\":[{\"@type\":\"SearchAction\",\"target\":{\"@type\":\"EntryPoint\",\"urlTemplate\":\"https:\/\/www.visit-ulcinj.com\/blog\/?s={search_term_string}\"},\"query-input\":\"required name=search_term_string\"}],\"inLanguage\":\"en-US\"},{\"@type\":\"ImageObject\",\"inLanguage\":\"en-US\",\"@id\":\"https:\/\/www.visit-ulcinj.com\/blog\/2013\/07\/16\/abazovic-nema-nato-sa-ovakvom-anb\/#primaryimage\",\"url\":\"https:\/\/www.visit-ulcinj.com\/blog\/wp-content\/uploads\/2013\/01\/dritanabazoviq.jpg\",\"contentUrl\":\"https:\/\/www.visit-ulcinj.com\/blog\/wp-content\/uploads\/2013\/01\/dritanabazoviq.jpg\",\"width\":744,\"height\":620},{\"@type\":\"WebPage\",\"@id\":\"https:\/\/www.visit-ulcinj.com\/blog\/2013\/07\/16\/abazovic-nema-nato-sa-ovakvom-anb\/#webpage\",\"url\":\"https:\/\/www.visit-ulcinj.com\/blog\/2013\/07\/16\/abazovic-nema-nato-sa-ovakvom-anb\/\",\"name\":\"Abazovic: Nema NATO sa ovakvom ANB - Lajme nga Ulqini\",\"isPartOf\":{\"@id\":\"https:\/\/www.visit-ulcinj.com\/blog\/#website\"},\"primaryImageOfPage\":{\"@id\":\"https:\/\/www.visit-ulcinj.com\/blog\/2013\/07\/16\/abazovic-nema-nato-sa-ovakvom-anb\/#primaryimage\"},\"datePublished\":\"2013-07-16T17:43:04+00:00\",\"dateModified\":\"2013-07-16T17:43:04+00:00\",\"author\":{\"@id\":\"https:\/\/www.visit-ulcinj.com\/blog\/#\/schema\/person\/dcab619c614d3038751c63bc2aadc06d\"},\"description\":\"Stanje u Agenciji za nacionalnu bezbjednost (ANB) je jedna od glavnih prepreka zbog kojih je u me\u0111unarodnim krugovima splasnuo entuzijazam za uru\u010divanje\",\"breadcrumb\":{\"@id\":\"https:\/\/www.visit-ulcinj.com\/blog\/2013\/07\/16\/abazovic-nema-nato-sa-ovakvom-anb\/#breadcrumb\"},\"inLanguage\":\"en-US\",\"potentialAction\":[{\"@type\":\"ReadAction\",\"target\":[\"https:\/\/www.visit-ulcinj.com\/blog\/2013\/07\/16\/abazovic-nema-nato-sa-ovakvom-anb\/\"]}]},{\"@type\":\"BreadcrumbList\",\"@id\":\"https:\/\/www.visit-ulcinj.com\/blog\/2013\/07\/16\/abazovic-nema-nato-sa-ovakvom-anb\/#breadcrumb\",\"itemListElement\":[{\"@type\":\"ListItem\",\"position\":1,\"name\":\"Abazovic: Nema NATO sa ovakvom ANB\"}]},{\"@type\":\"Person\",\"@id\":\"https:\/\/www.visit-ulcinj.com\/blog\/#\/schema\/person\/dcab619c614d3038751c63bc2aadc06d\",\"name\":\"ulqini\",\"sameAs\":[\"http:\/\/www.visit-ulcinj.com\"],\"url\":\"https:\/\/www.visit-ulcinj.com\/blog\/author\/admin\/\"}]}<\/script>\n<!-- \/ Yoast SEO plugin. -->","yoast_head_json":{"title":"Abazovic: Nema NATO sa ovakvom ANB - Lajme nga Ulqini","description":"Stanje u Agenciji za nacionalnu bezbjednost (ANB) je jedna od glavnih prepreka zbog kojih je u me\u0111unarodnim krugovima splasnuo entuzijazam za uru\u010divanje","robots":{"index":"index","follow":"follow","max-snippet":"max-snippet:-1","max-image-preview":"max-image-preview:large","max-video-preview":"max-video-preview:-1"},"canonical":"https:\/\/www.visit-ulcinj.com\/blog\/2013\/07\/16\/abazovic-nema-nato-sa-ovakvom-anb\/","og_locale":"en_US","og_type":"article","og_title":"Abazovic: Nema NATO sa ovakvom ANB - Lajme nga Ulqini","og_description":"Stanje u Agenciji za nacionalnu bezbjednost (ANB) je jedna od glavnih prepreka zbog kojih je u me\u0111unarodnim krugovima splasnuo entuzijazam za uru\u010divanje","og_url":"https:\/\/www.visit-ulcinj.com\/blog\/2013\/07\/16\/abazovic-nema-nato-sa-ovakvom-anb\/","og_site_name":"Lajme nga Ulqini","article_published_time":"2013-07-16T17:43:04+00:00","og_image":[{"url":"http:\/\/www.visit-ulcinj.com\/blog\/wp-content\/uploads\/2013\/01\/dritanabazoviq.jpg"}],"twitter_misc":{"Written by":"ulqini","Est. reading time":"2 minutes"},"schema":{"@context":"https:\/\/schema.org","@graph":[{"@type":"WebSite","@id":"https:\/\/www.visit-ulcinj.com\/blog\/#website","url":"https:\/\/www.visit-ulcinj.com\/blog\/","name":"Lajme nga Ulqini","description":"Lajme,Vijesti,Ulqini,Ulqin,Crna Gora,Mali i Zi","potentialAction":[{"@type":"SearchAction","target":{"@type":"EntryPoint","urlTemplate":"https:\/\/www.visit-ulcinj.com\/blog\/?s={search_term_string}"},"query-input":"required name=search_term_string"}],"inLanguage":"en-US"},{"@type":"ImageObject","inLanguage":"en-US","@id":"https:\/\/www.visit-ulcinj.com\/blog\/2013\/07\/16\/abazovic-nema-nato-sa-ovakvom-anb\/#primaryimage","url":"https:\/\/www.visit-ulcinj.com\/blog\/wp-content\/uploads\/2013\/01\/dritanabazoviq.jpg","contentUrl":"https:\/\/www.visit-ulcinj.com\/blog\/wp-content\/uploads\/2013\/01\/dritanabazoviq.jpg","width":744,"height":620},{"@type":"WebPage","@id":"https:\/\/www.visit-ulcinj.com\/blog\/2013\/07\/16\/abazovic-nema-nato-sa-ovakvom-anb\/#webpage","url":"https:\/\/www.visit-ulcinj.com\/blog\/2013\/07\/16\/abazovic-nema-nato-sa-ovakvom-anb\/","name":"Abazovic: Nema NATO sa ovakvom ANB - Lajme nga Ulqini","isPartOf":{"@id":"https:\/\/www.visit-ulcinj.com\/blog\/#website"},"primaryImageOfPage":{"@id":"https:\/\/www.visit-ulcinj.com\/blog\/2013\/07\/16\/abazovic-nema-nato-sa-ovakvom-anb\/#primaryimage"},"datePublished":"2013-07-16T17:43:04+00:00","dateModified":"2013-07-16T17:43:04+00:00","author":{"@id":"https:\/\/www.visit-ulcinj.com\/blog\/#\/schema\/person\/dcab619c614d3038751c63bc2aadc06d"},"description":"Stanje u Agenciji za nacionalnu bezbjednost (ANB) je jedna od glavnih prepreka zbog kojih je u me\u0111unarodnim krugovima splasnuo entuzijazam za uru\u010divanje","breadcrumb":{"@id":"https:\/\/www.visit-ulcinj.com\/blog\/2013\/07\/16\/abazovic-nema-nato-sa-ovakvom-anb\/#breadcrumb"},"inLanguage":"en-US","potentialAction":[{"@type":"ReadAction","target":["https:\/\/www.visit-ulcinj.com\/blog\/2013\/07\/16\/abazovic-nema-nato-sa-ovakvom-anb\/"]}]},{"@type":"BreadcrumbList","@id":"https:\/\/www.visit-ulcinj.com\/blog\/2013\/07\/16\/abazovic-nema-nato-sa-ovakvom-anb\/#breadcrumb","itemListElement":[{"@type":"ListItem","position":1,"name":"Abazovic: Nema NATO sa ovakvom ANB"}]},{"@type":"Person","@id":"https:\/\/www.visit-ulcinj.com\/blog\/#\/schema\/person\/dcab619c614d3038751c63bc2aadc06d","name":"ulqini","sameAs":["http:\/\/www.visit-ulcinj.com"],"url":"https:\/\/www.visit-ulcinj.com\/blog\/author\/admin\/"}]}},"jetpack_featured_media_url":"","jetpack_sharing_enabled":true,"jetpack_shortlink":"https:\/\/wp.me\/pe6lTn-j5M","_links":{"self":[{"href":"https:\/\/www.visit-ulcinj.com\/blog\/wp-json\/wp\/v2\/posts\/73394"}],"collection":[{"href":"https:\/\/www.visit-ulcinj.com\/blog\/wp-json\/wp\/v2\/posts"}],"about":[{"href":"https:\/\/www.visit-ulcinj.com\/blog\/wp-json\/wp\/v2\/types\/post"}],"author":[{"embeddable":true,"href":"https:\/\/www.visit-ulcinj.com\/blog\/wp-json\/wp\/v2\/users\/1"}],"replies":[{"embeddable":true,"href":"https:\/\/www.visit-ulcinj.com\/blog\/wp-json\/wp\/v2\/comments?post=73394"}],"version-history":[{"count":1,"href":"https:\/\/www.visit-ulcinj.com\/blog\/wp-json\/wp\/v2\/posts\/73394\/revisions"}],"predecessor-version":[{"id":73395,"href":"https:\/\/www.visit-ulcinj.com\/blog\/wp-json\/wp\/v2\/posts\/73394\/revisions\/73395"}],"wp:attachment":[{"href":"https:\/\/www.visit-ulcinj.com\/blog\/wp-json\/wp\/v2\/media?parent=73394"}],"wp:term":[{"taxonomy":"category","embeddable":true,"href":"https:\/\/www.visit-ulcinj.com\/blog\/wp-json\/wp\/v2\/categories?post=73394"},{"taxonomy":"post_tag","embeddable":true,"href":"https:\/\/www.visit-ulcinj.com\/blog\/wp-json\/wp\/v2\/tags?post=73394"}],"curies":[{"name":"wp","href":"https:\/\/api.w.org\/{rel}","templated":true}]}}