{"id":73398,"date":"2013-07-16T22:13:56","date_gmt":"2013-07-16T21:13:56","guid":{"rendered":"http:\/\/www.visit-ulcinj.com\/blog\/?p=73398"},"modified":"2013-07-17T07:02:14","modified_gmt":"2013-07-17T06:02:14","slug":"durresi-braktiset-nga-pushuesit-shkaku-i-ramazanit","status":"publish","type":"post","link":"https:\/\/www.visit-ulcinj.com\/blog\/2013\/07\/16\/durresi-braktiset-nga-pushuesit-shkaku-i-ramazanit\/","title":{"rendered":"Durr\u00ebsi braktiset nga pushuesit, shkaku i Ramazanit"},"content":{"rendered":"<p><a href=\"http:\/\/www.visit-ulcinj.com\/blog\/wp-content\/uploads\/2013\/07\/Durr\u00ebsi-braktiset-nga-pushuesit.jpg\"><img loading=\"lazy\" class=\"alignleft  wp-image-73399\" alt=\"Durr\u00ebsi braktiset nga pushuesit\" src=\"http:\/\/www.visit-ulcinj.com\/blog\/wp-content\/uploads\/2013\/07\/Durr\u00ebsi-braktiset-nga-pushuesit.jpg\" width=\"508\" height=\"351\" \/><\/a>Plazhi i Durr\u00ebsit zbrazet nga pushuesit n\u00eb pikun e sezonit turistik. Tet\u00ebdhjet\u00eb p\u00ebr qind e kosovar\u00ebve dhe turist nga Maqedonia jan\u00eb larguar p\u00ebr t\u00eb festuar muajin e Ramazanit n\u00eb vendlindjen e tyre. Pronar\u00eb t\u00eb hoteleve, resto-ranteve dhe t\u00eb nj\u00ebsive tregtare p\u00ebrgjat\u00eb bregdetit pohojn\u00eb se po falimentojn\u00eb dhe se sezoni veror i k\u00ebtij viti konsiderohet si m\u00eb i keqi n\u00eb 10 vitet e fundit. Ata shprehen se turizmi d\u00ebshtoi n\u00eb muajin qershor p\u00ebr shkak t\u00eb zgjedhjeve parlamentare.<br \/>\nNd\u00ebrkoh\u00eb q\u00eb tani, plazhi \u00ebsht\u00eb boshatisur s\u00ebrish nga pushuesit tradicional\u00eb. Nisja e muajit t\u00eb Ramazanit, i cili shoq\u00ebrohet me agj\u00eb-rimin p\u00ebr 30 dit\u00eb, dhe nj\u00eb baze rregullash strikte e t\u00eb forta p\u00ebr t\u00eb gjith\u00eb besimtar\u00ebt, ka larguar t\u00eb gjith\u00eb pushuesit e mb\u00ebrritur nga Kosova e Maqedonia. M\u00ebsohet se nga Agipi deri tek \u201cIliria\u201d, \u00e7adrat dhe shezlong\u00ebt jan\u00eb mbyllur, nd\u00ebrsa n\u00eb lokale kan\u00eb mbetur vet\u00ebm kamarier\u00ebt.<\/p>\n<p>N\u00eb zonat m\u00eb t\u00eb mbipopulluara, konkretisht, \u201cIliria\u201d dhe \u201cRrota e Kuqe\u201d, subjektet punojn\u00eb me 20% t\u00eb kapacitetit t\u00eb tyre. Aktualisht, plazhi q\u00eb num\u00ebron m\u00eb shum\u00eb pushues \u00ebsht\u00eb ai i Gjirit t\u00eb Lal\u00ebzit, transmeton BW.<\/p>\n<p>Zbrazja e bregdetit nuk ishte di\u00e7ka q\u00eb nuk pritej nga pronar\u00ebt e banesave dhe hotelier\u00ebt n\u00eb zon\u00ebn e plazhit t\u00eb Durr\u00ebsit, tek t\u00eb cil\u00ebt pushuesit shkojn\u00eb p\u00ebr t\u00eb kaluar disa dit\u00eb pushimi. Ndryshe nga vitet e kaluara, kur plazhi gjat\u00eb jav\u00ebve para dhe pas Ramazanit ka pasur frekuentues jo t\u00eb pakt\u00eb, k\u00ebt\u00eb zezon ai \u00ebsht\u00eb shfryt\u00ebzuar fare pak. \u201cN\u00eb qershor kishte fushat\u00eb elektorale e zgjedhje parlamentare, n\u00eb korrik nisi Ramazani, ndaj jemi n\u00eb kulmin e kriz\u00ebs s\u00eb xhiros. Nuk mund t\u00eb paguaj as qiran\u00eb e dyqanit.<\/p>\n<p>T\u00eb pes\u00eb pjes\u00ebtar\u00ebt e familjes rrim\u00eb pa pun\u00eb fare\u201d, thot\u00eb pronarja e nj\u00eb subjekti ushqimor. Nd\u00ebrsa, pronari i nj\u00eb lokali tek \u201cRrota e Kuqe\u201d shprehet se \u201cgatuajm\u00eb p\u00ebr t\u00eb tre vaktet ushqime tradicionale t\u00eb shqiptar\u00ebve t\u00eb Maqedonis\u00eb. Sivjet nuk ka pun\u00eb fare. Nuk mund t\u00eb paguajm\u00eb as pagat e kuzhinierit e t\u00eb kamarier\u00ebve, shikojeni, asnj\u00eb person nuk ka n\u00eb lokal p\u00ebr t\u00eb ngr\u00ebn\u00eb. Ik\u00ebn sepse pushuesit jan\u00eb me Ramazan\u201d.<\/p>\n<p>Lokalet me emra tipik\u00eb t\u00eb Kosov\u00ebs ose Maqedonis\u00eb, si \u201cPrizreni\u201d, \u201cGostivari\u201d, \u201cGjilani\u201d, \u201cPrishtina\u201d etj., jan\u00eb bosh. N\u00eb t\u00eb nj\u00ebjt\u00ebn situat\u00eb jan\u00eb edhe hotelet e banesat private. \u201cNuk ka prenotime fare p\u00ebr muajin korrik, turizmin n\u00eb Durr\u00ebs e b\u00ebjn\u00eb kosovar\u00ebt dhe shqiptaret nga Maqedonia.<\/p>\n<p>Tani q\u00eb ik\u00ebn ata, hotelet jan\u00eb p\u00ebr t\u2019u mbyllur, ashtu si edhe banesat private\u201d, thon\u00eb menaxher\u00ebt e k\u00ebtyre subjekteve, t\u00eb cil\u00ebt i gjen n\u00eb rrug\u00eb, n\u00eb p\u00ebrpjekje p\u00ebr t\u00eb gjetur qoft\u00eb edhe nj\u00eb pushues p\u00ebr klientel\u00eb. Situata e krijuar ka pasuar me uljen drastike t\u00eb \u00e7mimeve n\u00eb restorante, hotele e banesa q\u00eb jepen me qira. Nd\u00ebrkoh\u00eb, vihet re se plazhi i Durr\u00ebsit \u00ebsht\u00eb m\u00eb i past\u00ebr, p\u00ebr shkak t\u00eb uljes drastike t\u00eb numrit t\u00eb pushuesve.<\/p>\n<p><strong>ShqipMedia<\/strong><\/p>\n","protected":false},"excerpt":{"rendered":"<p>Plazhi i Durr\u00ebsit zbrazet nga pushuesit n\u00eb pikun e sezonit turistik. Tet\u00ebdhjet\u00eb p\u00ebr qind e kosovar\u00ebve dhe turist nga Maqedonia jan\u00eb larguar p\u00ebr t\u00eb festuar muajin e Ramazanit n\u00eb vendlindjen e tyre. Pronar\u00eb t\u00eb hoteleve, resto-ranteve dhe t\u00eb nj\u00ebsive tregtare p\u00ebrgjat\u00eb bregdetit pohojn\u00eb se po falimentojn\u00eb dhe se sezoni veror i k\u00ebtij viti konsiderohet si [&hellip;]<\/p>\n","protected":false},"author":1,"featured_media":0,"comment_status":"closed","ping_status":"closed","sticky":false,"template":"","format":"standard","meta":{"spay_email":"","jetpack_publicize_message":"","jetpack_is_tweetstorm":false,"jetpack_publicize_feature_enabled":true},"categories":[1,13],"tags":[],"jetpack_publicize_connections":[],"yoast_head":"<!-- This site is optimized with the Yoast SEO plugin v19.1 - https:\/\/yoast.com\/wordpress\/plugins\/seo\/ -->\n<title>Durr\u00ebsi braktiset nga pushuesit, shkaku i Ramazanit - Lajme nga Ulqini<\/title>\n<meta name=\"description\" content=\"Plazhi i Durr\u00ebsit zbrazet nga pushuesit n\u00eb pikun e sezonit turistik. Tet\u00ebdhjet\u00eb p\u00ebr qind e kosovar\u00ebve dhe turist nga Maqedonia jan\u00eb larguar p\u00ebr t\u00eb festuar\" \/>\n<meta name=\"robots\" content=\"index, follow, max-snippet:-1, max-image-preview:large, max-video-preview:-1\" \/>\n<link rel=\"canonical\" href=\"https:\/\/www.visit-ulcinj.com\/blog\/2013\/07\/16\/durresi-braktiset-nga-pushuesit-shkaku-i-ramazanit\/\" \/>\n<meta property=\"og:locale\" content=\"en_US\" \/>\n<meta property=\"og:type\" content=\"article\" \/>\n<meta property=\"og:title\" content=\"Durr\u00ebsi braktiset nga pushuesit, shkaku i Ramazanit - Lajme nga Ulqini\" \/>\n<meta property=\"og:description\" content=\"Plazhi i Durr\u00ebsit zbrazet nga pushuesit n\u00eb pikun e sezonit turistik. Tet\u00ebdhjet\u00eb p\u00ebr qind e kosovar\u00ebve dhe turist nga Maqedonia jan\u00eb larguar p\u00ebr t\u00eb festuar\" \/>\n<meta property=\"og:url\" content=\"https:\/\/www.visit-ulcinj.com\/blog\/2013\/07\/16\/durresi-braktiset-nga-pushuesit-shkaku-i-ramazanit\/\" \/>\n<meta property=\"og:site_name\" content=\"Lajme nga Ulqini\" \/>\n<meta property=\"article:published_time\" content=\"2013-07-16T21:13:56+00:00\" \/>\n<meta property=\"article:modified_time\" content=\"2013-07-17T06:02:14+00:00\" \/>\n<meta name=\"twitter:label1\" content=\"Written by\" \/>\n\t<meta name=\"twitter:data1\" content=\"ulqini\" \/>\n\t<meta name=\"twitter:label2\" content=\"Est. reading time\" \/>\n\t<meta name=\"twitter:data2\" content=\"3 minutes\" \/>\n<script type=\"application\/ld+json\" class=\"yoast-schema-graph\">{\"@context\":\"https:\/\/schema.org\",\"@graph\":[{\"@type\":\"WebSite\",\"@id\":\"https:\/\/www.visit-ulcinj.com\/blog\/#website\",\"url\":\"https:\/\/www.visit-ulcinj.com\/blog\/\",\"name\":\"Lajme nga Ulqini\",\"description\":\"Lajme,Vijesti,Ulqini,Ulqin,Crna Gora,Mali i Zi\",\"potentialAction\":[{\"@type\":\"SearchAction\",\"target\":{\"@type\":\"EntryPoint\",\"urlTemplate\":\"https:\/\/www.visit-ulcinj.com\/blog\/?s={search_term_string}\"},\"query-input\":\"required name=search_term_string\"}],\"inLanguage\":\"en-US\"},{\"@type\":\"WebPage\",\"@id\":\"https:\/\/www.visit-ulcinj.com\/blog\/2013\/07\/16\/durresi-braktiset-nga-pushuesit-shkaku-i-ramazanit\/#webpage\",\"url\":\"https:\/\/www.visit-ulcinj.com\/blog\/2013\/07\/16\/durresi-braktiset-nga-pushuesit-shkaku-i-ramazanit\/\",\"name\":\"Durr\u00ebsi braktiset nga pushuesit, shkaku i Ramazanit - Lajme nga Ulqini\",\"isPartOf\":{\"@id\":\"https:\/\/www.visit-ulcinj.com\/blog\/#website\"},\"datePublished\":\"2013-07-16T21:13:56+00:00\",\"dateModified\":\"2013-07-17T06:02:14+00:00\",\"author\":{\"@id\":\"https:\/\/www.visit-ulcinj.com\/blog\/#\/schema\/person\/dcab619c614d3038751c63bc2aadc06d\"},\"description\":\"Plazhi i Durr\u00ebsit zbrazet nga pushuesit n\u00eb pikun e sezonit turistik. Tet\u00ebdhjet\u00eb p\u00ebr qind e kosovar\u00ebve dhe turist nga Maqedonia jan\u00eb larguar p\u00ebr t\u00eb festuar\",\"breadcrumb\":{\"@id\":\"https:\/\/www.visit-ulcinj.com\/blog\/2013\/07\/16\/durresi-braktiset-nga-pushuesit-shkaku-i-ramazanit\/#breadcrumb\"},\"inLanguage\":\"en-US\",\"potentialAction\":[{\"@type\":\"ReadAction\",\"target\":[\"https:\/\/www.visit-ulcinj.com\/blog\/2013\/07\/16\/durresi-braktiset-nga-pushuesit-shkaku-i-ramazanit\/\"]}]},{\"@type\":\"BreadcrumbList\",\"@id\":\"https:\/\/www.visit-ulcinj.com\/blog\/2013\/07\/16\/durresi-braktiset-nga-pushuesit-shkaku-i-ramazanit\/#breadcrumb\",\"itemListElement\":[{\"@type\":\"ListItem\",\"position\":1,\"name\":\"Durr\u00ebsi braktiset nga pushuesit, shkaku i Ramazanit\"}]},{\"@type\":\"Person\",\"@id\":\"https:\/\/www.visit-ulcinj.com\/blog\/#\/schema\/person\/dcab619c614d3038751c63bc2aadc06d\",\"name\":\"ulqini\",\"sameAs\":[\"http:\/\/www.visit-ulcinj.com\"],\"url\":\"https:\/\/www.visit-ulcinj.com\/blog\/author\/admin\/\"}]}<\/script>\n<!-- \/ Yoast SEO plugin. -->","yoast_head_json":{"title":"Durr\u00ebsi braktiset nga pushuesit, shkaku i Ramazanit - Lajme nga Ulqini","description":"Plazhi i Durr\u00ebsit zbrazet nga pushuesit n\u00eb pikun e sezonit turistik. Tet\u00ebdhjet\u00eb p\u00ebr qind e kosovar\u00ebve dhe turist nga Maqedonia jan\u00eb larguar p\u00ebr t\u00eb festuar","robots":{"index":"index","follow":"follow","max-snippet":"max-snippet:-1","max-image-preview":"max-image-preview:large","max-video-preview":"max-video-preview:-1"},"canonical":"https:\/\/www.visit-ulcinj.com\/blog\/2013\/07\/16\/durresi-braktiset-nga-pushuesit-shkaku-i-ramazanit\/","og_locale":"en_US","og_type":"article","og_title":"Durr\u00ebsi braktiset nga pushuesit, shkaku i Ramazanit - Lajme nga Ulqini","og_description":"Plazhi i Durr\u00ebsit zbrazet nga pushuesit n\u00eb pikun e sezonit turistik. Tet\u00ebdhjet\u00eb p\u00ebr qind e kosovar\u00ebve dhe turist nga Maqedonia jan\u00eb larguar p\u00ebr t\u00eb festuar","og_url":"https:\/\/www.visit-ulcinj.com\/blog\/2013\/07\/16\/durresi-braktiset-nga-pushuesit-shkaku-i-ramazanit\/","og_site_name":"Lajme nga Ulqini","article_published_time":"2013-07-16T21:13:56+00:00","article_modified_time":"2013-07-17T06:02:14+00:00","twitter_misc":{"Written by":"ulqini","Est. reading time":"3 minutes"},"schema":{"@context":"https:\/\/schema.org","@graph":[{"@type":"WebSite","@id":"https:\/\/www.visit-ulcinj.com\/blog\/#website","url":"https:\/\/www.visit-ulcinj.com\/blog\/","name":"Lajme nga Ulqini","description":"Lajme,Vijesti,Ulqini,Ulqin,Crna Gora,Mali i Zi","potentialAction":[{"@type":"SearchAction","target":{"@type":"EntryPoint","urlTemplate":"https:\/\/www.visit-ulcinj.com\/blog\/?s={search_term_string}"},"query-input":"required name=search_term_string"}],"inLanguage":"en-US"},{"@type":"WebPage","@id":"https:\/\/www.visit-ulcinj.com\/blog\/2013\/07\/16\/durresi-braktiset-nga-pushuesit-shkaku-i-ramazanit\/#webpage","url":"https:\/\/www.visit-ulcinj.com\/blog\/2013\/07\/16\/durresi-braktiset-nga-pushuesit-shkaku-i-ramazanit\/","name":"Durr\u00ebsi braktiset nga pushuesit, shkaku i Ramazanit - Lajme nga Ulqini","isPartOf":{"@id":"https:\/\/www.visit-ulcinj.com\/blog\/#website"},"datePublished":"2013-07-16T21:13:56+00:00","dateModified":"2013-07-17T06:02:14+00:00","author":{"@id":"https:\/\/www.visit-ulcinj.com\/blog\/#\/schema\/person\/dcab619c614d3038751c63bc2aadc06d"},"description":"Plazhi i Durr\u00ebsit zbrazet nga pushuesit n\u00eb pikun e sezonit turistik. Tet\u00ebdhjet\u00eb p\u00ebr qind e kosovar\u00ebve dhe turist nga Maqedonia jan\u00eb larguar p\u00ebr t\u00eb festuar","breadcrumb":{"@id":"https:\/\/www.visit-ulcinj.com\/blog\/2013\/07\/16\/durresi-braktiset-nga-pushuesit-shkaku-i-ramazanit\/#breadcrumb"},"inLanguage":"en-US","potentialAction":[{"@type":"ReadAction","target":["https:\/\/www.visit-ulcinj.com\/blog\/2013\/07\/16\/durresi-braktiset-nga-pushuesit-shkaku-i-ramazanit\/"]}]},{"@type":"BreadcrumbList","@id":"https:\/\/www.visit-ulcinj.com\/blog\/2013\/07\/16\/durresi-braktiset-nga-pushuesit-shkaku-i-ramazanit\/#breadcrumb","itemListElement":[{"@type":"ListItem","position":1,"name":"Durr\u00ebsi braktiset nga pushuesit, shkaku i Ramazanit"}]},{"@type":"Person","@id":"https:\/\/www.visit-ulcinj.com\/blog\/#\/schema\/person\/dcab619c614d3038751c63bc2aadc06d","name":"ulqini","sameAs":["http:\/\/www.visit-ulcinj.com"],"url":"https:\/\/www.visit-ulcinj.com\/blog\/author\/admin\/"}]}},"jetpack_featured_media_url":"","jetpack_sharing_enabled":true,"jetpack_shortlink":"https:\/\/wp.me\/pe6lTn-j5Q","_links":{"self":[{"href":"https:\/\/www.visit-ulcinj.com\/blog\/wp-json\/wp\/v2\/posts\/73398"}],"collection":[{"href":"https:\/\/www.visit-ulcinj.com\/blog\/wp-json\/wp\/v2\/posts"}],"about":[{"href":"https:\/\/www.visit-ulcinj.com\/blog\/wp-json\/wp\/v2\/types\/post"}],"author":[{"embeddable":true,"href":"https:\/\/www.visit-ulcinj.com\/blog\/wp-json\/wp\/v2\/users\/1"}],"replies":[{"embeddable":true,"href":"https:\/\/www.visit-ulcinj.com\/blog\/wp-json\/wp\/v2\/comments?post=73398"}],"version-history":[{"count":2,"href":"https:\/\/www.visit-ulcinj.com\/blog\/wp-json\/wp\/v2\/posts\/73398\/revisions"}],"predecessor-version":[{"id":73406,"href":"https:\/\/www.visit-ulcinj.com\/blog\/wp-json\/wp\/v2\/posts\/73398\/revisions\/73406"}],"wp:attachment":[{"href":"https:\/\/www.visit-ulcinj.com\/blog\/wp-json\/wp\/v2\/media?parent=73398"}],"wp:term":[{"taxonomy":"category","embeddable":true,"href":"https:\/\/www.visit-ulcinj.com\/blog\/wp-json\/wp\/v2\/categories?post=73398"},{"taxonomy":"post_tag","embeddable":true,"href":"https:\/\/www.visit-ulcinj.com\/blog\/wp-json\/wp\/v2\/tags?post=73398"}],"curies":[{"name":"wp","href":"https:\/\/api.w.org\/{rel}","templated":true}]}}