{"id":7340,"date":"2008-12-16T18:33:44","date_gmt":"2008-12-16T17:33:44","guid":{"rendered":"http:\/\/www.visit-ulcinj.com\/blog\/?p=7340"},"modified":"2008-12-16T18:33:44","modified_gmt":"2008-12-16T17:33:44","slug":"bardhi-preci-sa-obecanja-na-zaposljavanje","status":"publish","type":"post","link":"https:\/\/www.visit-ulcinj.com\/blog\/2008\/12\/16\/bardhi-preci-sa-obecanja-na-zaposljavanje\/","title":{"rendered":"Bardhi: Pre?i sa obe?anja na zapo\u0161ljavanje"},"content":{"rendered":"<p><a href=\"http:\/\/www.visit-ulcinj.com\/blog\/wp-content\/uploads\/2008\/12\/svetlana-vukovic.jpg\"><img loading=\"lazy\" class=\"alignleft size-medium wp-image-7342\" title=\"svetlana-vukovic\" src=\"http:\/\/www.visit-ulcinj.com\/blog\/wp-content\/uploads\/2008\/12\/svetlana-vukovic-201x300.jpg\" alt=\"\" width=\"227\" height=\"340\" \/><\/a><strong>Direktorica Uprave za kadrove Svetlana Vukovi? tvrdi da je problem \u0161to kandidati ne?e da se izja\u0161njavaju o nacionalnoj pripadnosti<\/strong>.<br \/>\nLider Demokratskog saveza Albanaca Mehmet Bardhi pozvao je ju?e Vladu, odnosno Upravu za kadrove ?ija je to direktna nadle\u017enost, da kona?no po?nu da sprovode u djelo ustavna i zakonska rje\u0161enja o srazmjernoj zastupljenosti pripadnika nacionalnih manjina u organima dr\u017eavne uprave.<br \/>\n&#8211; Najefikasniji na?in da se obezbijedi srazmjerna zastupljenost pripadnika nacionalnih manjina jeste da Vlada i ostala dr\u017eavna administracija funkcioni\u0161u i rade svoj posao na odgovaraju?i na?in. Za to je neophodna politi?ka volja vlasti, bez ?ega se ni\u0161ta ne mo\u017ee posti?i. ?ak i tamo gdje ustavnim i zakonskim normama nije sve &#8220;najsre?nije&#8221; definisano, ako ima politi?ke volje, mo\u017ee se na?i rje\u0161enje koje bi zadovoljilo manjinske narode &#8211; kazao je Bardhi.<br \/>\nOn isti?e da je parlament donio vi\u0161e zakona iz ove oblasti, tako da zakonski osnov postoji, samo je problem u implementaciji. Nagla\u0161ava da je upravo posao Vlade i Uprave za kadrove da u djelo sprovedu princip srazmjerne zastupljenosti manjinskih naroda, za \u0161ta se, kako isti?e, makar deklarativno zala\u017eu.<br \/>\nDirektorica Uprave za kadrove Svetlana Vukovi? pojasnila je za &#8220;Dan&#8221; da poku\u0161ava implementirati zakonska obaveza u dijelu obezbje?ivanja srazmjerne zastupljenosti manjina i drugih nacionalnih zajednica u organima dr\u017eavne uprave kroz davanje mogu?nosti kandidatima da se izjasne o nacionalnoj pripadnosti.<br \/>\n&#8211; Poku\u0161avamo da na ovaj na?in pratimo koliko se pripadnika odre?enih nacionalnih zajednica javlja na oglase za slobodna radna mjesta u dr\u017eavnim organima. Problem je, me?utim, u tome \u0161to mali broj kandidata za prijem u radni odnos \u017eeli da se izjasni u prijavi o svojoj nacionalnoj pripadnosti. Preciznije, od 30. avgusta ove godine, od kada je Upravi za kadrove novim Zakonom o dr\u017eavnim slu\u017ebenicima i namje\u0161tenicima data nadle\u017enost da vodi ra?una o srazmjernoj zastupljenosti nacionalnih zajednica, samo se jedno lice izjasnilo o nacionalnoj pripadnosti &#8211; rekla je Vukovi?eva.<br \/>\nPoslanik Srpske liste Dobrilo Dedei? tvrdi da je srazmjerna zastupljenost predstavnika svih naroda Crne Gore u administraciji, u naj\u0161irem smislu te rije?i, mrtvo slovo na papiru. To je, po njegovoj ocjeni, ne samo zato \u0161to se ne po\u0161tuju civilizacijski principi o ravnopravnosti naroda i gra?ana, nego i zbog ?injenice da dr\u017eava izme?u dva podjednako stru?na kadra uvijek bira ideolo\u0161ki podobnog.<br \/>\n&#8211; Kad ka\u017eem dr\u017eava, mislim na re\u017eim DPS-a, SDP-a, HGI-a i DUA, koji sprje?ava srpski narod da Crnu Goru prepozna i kao svoju dr\u017eavu. Hrvatski, bo\u0161nja?ki, muslimanski i albanski narod su, predvo?eni svojim politi?kim elitama u Crnoj Gori, od 1997. godine aktivno u?estovali u dr\u017eavnom, ideolo\u0161kom i politi?kom projektu koji je doveo do kona?nog razbijanja SRJ, a zatim i SCG. Za to vrijeme, oni su parcijalno ostvarili neka svoja prava, dok je srpski narod, iako tvorac istorijske dr\u017eavnosti Crne Gore, apsolutno uskra?en za elementarna kolektivna i individualna egzistencijalna prava &#8211; kazao je on.<br \/>\nDo promjene postoje?eg Ustava, ka\u017ee Dedei?, odnosno trenutka kada ?e se i formalno najvi\u0161im pravnim aktom definisati uloga konstitutivnosti srpskog naroda, &#8220;ne postoje op\u0161ti dru\u0161tveni preduslovi da se Srbima omogu?i podrazumijevaju?e pravo na rad u dr\u017eavnoj i lokalnim administracijama u validnom popisnom numeri?kom kapacitetu&#8221;.<br \/>\nPoslanik Bo\u0161nja?ke stranke Kemal Puri\u0161i? smatra da je prvi korak ka uspostavljanju istinske srazmjerne zastupljenosti manjina na svim nivoima vlasti ispunjavanje onoga \u0161to je obe?ano usvajanjem ustavnog zakona &#8211; dono\u0161enjem novog izbornog zakonodavstva.<br \/>\n&#8211; Drugo \u0161to je neophodno jeste da kona?no po?ne primjena odredbi zakona o dr\u017eavnim slu\u017ebenicima i namje\u0161tenicima i o lokalnoj samoupravi. U oba zakona postoje imperativne norme da se obezbijedi srazmjerna zastupljenost svih nacionalnih zajednica. Starje\u0161ine dr\u017eavnih organa su ovla\u0161?ene, a Uprava za kadrove obavezna da vodi ra?una o razmjernoj zastupljenosti &#8211; saop\u0161tio je Puri\u0161i?.<br \/>\n<strong>V.RADENOVI?<\/strong><\/p>\n<p><a title=\"Uprava kadrova Crne Gore\" href=\"http:\/\/www.uzk.cg.yu\/onama\/organizacija\/direktor.htm\" target=\"_blank\"><img loading=\"lazy\" class=\"alignnone size-full wp-image-7341\" title=\"uprava-kadrova-crne-gore\" src=\"http:\/\/www.visit-ulcinj.com\/blog\/wp-content\/uploads\/2008\/12\/uprava-kadrova-crne-gore.jpg\" alt=\"\" width=\"563\" height=\"111\" \/><\/a><\/p>\n<p><strong>I u Skup\u0161tinu po klju?u<\/strong><br \/>\nUprava za kadrove objavila je prije dva dana javni oglas za prijem u radni odnos dvoje pripravnika u Skup\u0161tini Crne Gore. Kandidatima se u oglasu daje mogu?nost da se izjasne o nacionalnoj pripadnosti.<br \/>\n&#8211; Zainteresovani kandidati mogu se u prijavi izjasniti o svojoj nacionalnoj pripadnosti, jer je Uprava za kadrove nadle\u017ena da prati sprovo?enje mjera u cilju postizanja srazmjerne zastupljenosti manjinskih naroda i drugih manjinskih nacionalnih zajednica u dr\u017eavnim organima &#8211; obja\u0161njava se ovakav potez u tekstu javnog oglasa.<br \/>\nOglasom se tra\u017ee kandidati sa zavr\u0161enim fakultetom politi?kih nauka za jedno, odnosno sa Vi\u0161om ra?unarskom \u0161kolom za drugo radno mjesto. Prijem u radni odnos u Skup\u0161tini za ova radna mjesta vr\u0161i se na odre?eno vrijeme, za period od 12 mjeseci.<br \/>\nIna?e, u obrascu prijave na slobodno radno mjesto, koji se mo\u017ee na?i na sajtu, nema rubrike u kojoj bi kandidati mogli upisati nacionalnost. Vukovi?eva poja\u0161njava da tek treba da se utvrde novi obrasci.<br \/>\n<strong>Izvor \/ Dan<\/strong><\/p>\n<p><a title=\"Uprava kadrova Crne Gore\" href=\"http:\/\/www.uzk.cg.yu\/onama\/organizacija\/direktor.htm\" target=\"_blank\"><br \/>\n<\/a><\/p>\n","protected":false},"excerpt":{"rendered":"<p>Direktorica Uprave za kadrove Svetlana Vukovi? tvrdi da je problem \u0161to kandidati ne?e da se izja\u0161njavaju o nacionalnoj pripadnosti. Lider Demokratskog saveza Albanaca Mehmet Bardhi pozvao je ju?e Vladu, odnosno Upravu za kadrove ?ija je to direktna nadle\u017enost, da kona?no po?nu da sprovode u djelo ustavna i zakonska rje\u0161enja o srazmjernoj zastupljenosti pripadnika nacionalnih manjina [&hellip;]<\/p>\n","protected":false},"author":1,"featured_media":0,"comment_status":"open","ping_status":"closed","sticky":false,"template":"","format":"standard","meta":{"spay_email":"","jetpack_publicize_message":"","jetpack_is_tweetstorm":false,"jetpack_publicize_feature_enabled":true},"categories":[1],"tags":[1520,3612,2471,5256,2785,5255,19,5257],"jetpack_publicize_connections":[],"yoast_head":"<!-- This site is optimized with the Yoast SEO plugin v19.1 - https:\/\/yoast.com\/wordpress\/plugins\/seo\/ -->\n<title>Bardhi: Pre?i sa obe?anja na zapo\u0161ljavanje - Lajme nga Ulqini<\/title>\n<meta name=\"description\" content=\"Direktorica Uprave za kadrove Svetlana Vukovi? tvrdi da je problem \u0161to kandidati ne?e da se izja\u0161njavaju o nacionalnoj pripadnosti. Lider Demokratskog\" \/>\n<meta name=\"robots\" content=\"index, follow, max-snippet:-1, max-image-preview:large, max-video-preview:-1\" \/>\n<link rel=\"canonical\" href=\"https:\/\/www.visit-ulcinj.com\/blog\/2008\/12\/16\/bardhi-preci-sa-obecanja-na-zaposljavanje\/\" \/>\n<meta property=\"og:locale\" content=\"en_US\" \/>\n<meta property=\"og:type\" content=\"article\" \/>\n<meta property=\"og:title\" content=\"Bardhi: Pre?i sa obe?anja na zapo\u0161ljavanje - Lajme nga Ulqini\" \/>\n<meta property=\"og:description\" content=\"Direktorica Uprave za kadrove Svetlana Vukovi? tvrdi da je problem \u0161to kandidati ne?e da se izja\u0161njavaju o nacionalnoj pripadnosti. Lider Demokratskog\" \/>\n<meta property=\"og:url\" content=\"https:\/\/www.visit-ulcinj.com\/blog\/2008\/12\/16\/bardhi-preci-sa-obecanja-na-zaposljavanje\/\" \/>\n<meta property=\"og:site_name\" content=\"Lajme nga Ulqini\" \/>\n<meta property=\"article:published_time\" content=\"2008-12-16T17:33:44+00:00\" \/>\n<meta property=\"og:image\" content=\"http:\/\/www.visit-ulcinj.com\/blog\/wp-content\/uploads\/2008\/12\/svetlana-vukovic-201x300.jpg\" \/>\n<meta name=\"twitter:label1\" content=\"Written by\" \/>\n\t<meta name=\"twitter:data1\" content=\"ulqini\" \/>\n\t<meta name=\"twitter:label2\" content=\"Est. reading time\" \/>\n\t<meta name=\"twitter:data2\" content=\"4 minutes\" \/>\n<script type=\"application\/ld+json\" class=\"yoast-schema-graph\">{\"@context\":\"https:\/\/schema.org\",\"@graph\":[{\"@type\":\"WebSite\",\"@id\":\"https:\/\/www.visit-ulcinj.com\/blog\/#website\",\"url\":\"https:\/\/www.visit-ulcinj.com\/blog\/\",\"name\":\"Lajme nga Ulqini\",\"description\":\"Lajme,Vijesti,Ulqini,Ulqin,Crna Gora,Mali i Zi\",\"potentialAction\":[{\"@type\":\"SearchAction\",\"target\":{\"@type\":\"EntryPoint\",\"urlTemplate\":\"https:\/\/www.visit-ulcinj.com\/blog\/?s={search_term_string}\"},\"query-input\":\"required name=search_term_string\"}],\"inLanguage\":\"en-US\"},{\"@type\":\"ImageObject\",\"inLanguage\":\"en-US\",\"@id\":\"https:\/\/www.visit-ulcinj.com\/blog\/2008\/12\/16\/bardhi-preci-sa-obecanja-na-zaposljavanje\/#primaryimage\",\"url\":\"http:\/\/www.visit-ulcinj.com\/blog\/wp-content\/uploads\/2008\/12\/svetlana-vukovic-201x300.jpg\",\"contentUrl\":\"http:\/\/www.visit-ulcinj.com\/blog\/wp-content\/uploads\/2008\/12\/svetlana-vukovic-201x300.jpg\"},{\"@type\":\"WebPage\",\"@id\":\"https:\/\/www.visit-ulcinj.com\/blog\/2008\/12\/16\/bardhi-preci-sa-obecanja-na-zaposljavanje\/#webpage\",\"url\":\"https:\/\/www.visit-ulcinj.com\/blog\/2008\/12\/16\/bardhi-preci-sa-obecanja-na-zaposljavanje\/\",\"name\":\"Bardhi: Pre?i sa obe?anja na zapo\u0161ljavanje - Lajme nga Ulqini\",\"isPartOf\":{\"@id\":\"https:\/\/www.visit-ulcinj.com\/blog\/#website\"},\"primaryImageOfPage\":{\"@id\":\"https:\/\/www.visit-ulcinj.com\/blog\/2008\/12\/16\/bardhi-preci-sa-obecanja-na-zaposljavanje\/#primaryimage\"},\"datePublished\":\"2008-12-16T17:33:44+00:00\",\"dateModified\":\"2008-12-16T17:33:44+00:00\",\"author\":{\"@id\":\"https:\/\/www.visit-ulcinj.com\/blog\/#\/schema\/person\/dcab619c614d3038751c63bc2aadc06d\"},\"description\":\"Direktorica Uprave za kadrove Svetlana Vukovi? tvrdi da je problem \u0161to kandidati ne?e da se izja\u0161njavaju o nacionalnoj pripadnosti. Lider Demokratskog\",\"breadcrumb\":{\"@id\":\"https:\/\/www.visit-ulcinj.com\/blog\/2008\/12\/16\/bardhi-preci-sa-obecanja-na-zaposljavanje\/#breadcrumb\"},\"inLanguage\":\"en-US\",\"potentialAction\":[{\"@type\":\"ReadAction\",\"target\":[\"https:\/\/www.visit-ulcinj.com\/blog\/2008\/12\/16\/bardhi-preci-sa-obecanja-na-zaposljavanje\/\"]}]},{\"@type\":\"BreadcrumbList\",\"@id\":\"https:\/\/www.visit-ulcinj.com\/blog\/2008\/12\/16\/bardhi-preci-sa-obecanja-na-zaposljavanje\/#breadcrumb\",\"itemListElement\":[{\"@type\":\"ListItem\",\"position\":1,\"name\":\"Bardhi: Pre?i sa obe?anja na zapo\u0161ljavanje\"}]},{\"@type\":\"Person\",\"@id\":\"https:\/\/www.visit-ulcinj.com\/blog\/#\/schema\/person\/dcab619c614d3038751c63bc2aadc06d\",\"name\":\"ulqini\",\"sameAs\":[\"http:\/\/www.visit-ulcinj.com\"],\"url\":\"https:\/\/www.visit-ulcinj.com\/blog\/author\/admin\/\"}]}<\/script>\n<!-- \/ Yoast SEO plugin. -->","yoast_head_json":{"title":"Bardhi: Pre?i sa obe?anja na zapo\u0161ljavanje - Lajme nga Ulqini","description":"Direktorica Uprave za kadrove Svetlana Vukovi? tvrdi da je problem \u0161to kandidati ne?e da se izja\u0161njavaju o nacionalnoj pripadnosti. Lider Demokratskog","robots":{"index":"index","follow":"follow","max-snippet":"max-snippet:-1","max-image-preview":"max-image-preview:large","max-video-preview":"max-video-preview:-1"},"canonical":"https:\/\/www.visit-ulcinj.com\/blog\/2008\/12\/16\/bardhi-preci-sa-obecanja-na-zaposljavanje\/","og_locale":"en_US","og_type":"article","og_title":"Bardhi: Pre?i sa obe?anja na zapo\u0161ljavanje - Lajme nga Ulqini","og_description":"Direktorica Uprave za kadrove Svetlana Vukovi? tvrdi da je problem \u0161to kandidati ne?e da se izja\u0161njavaju o nacionalnoj pripadnosti. Lider Demokratskog","og_url":"https:\/\/www.visit-ulcinj.com\/blog\/2008\/12\/16\/bardhi-preci-sa-obecanja-na-zaposljavanje\/","og_site_name":"Lajme nga Ulqini","article_published_time":"2008-12-16T17:33:44+00:00","og_image":[{"url":"http:\/\/www.visit-ulcinj.com\/blog\/wp-content\/uploads\/2008\/12\/svetlana-vukovic-201x300.jpg"}],"twitter_misc":{"Written by":"ulqini","Est. reading time":"4 minutes"},"schema":{"@context":"https:\/\/schema.org","@graph":[{"@type":"WebSite","@id":"https:\/\/www.visit-ulcinj.com\/blog\/#website","url":"https:\/\/www.visit-ulcinj.com\/blog\/","name":"Lajme nga Ulqini","description":"Lajme,Vijesti,Ulqini,Ulqin,Crna Gora,Mali i Zi","potentialAction":[{"@type":"SearchAction","target":{"@type":"EntryPoint","urlTemplate":"https:\/\/www.visit-ulcinj.com\/blog\/?s={search_term_string}"},"query-input":"required name=search_term_string"}],"inLanguage":"en-US"},{"@type":"ImageObject","inLanguage":"en-US","@id":"https:\/\/www.visit-ulcinj.com\/blog\/2008\/12\/16\/bardhi-preci-sa-obecanja-na-zaposljavanje\/#primaryimage","url":"http:\/\/www.visit-ulcinj.com\/blog\/wp-content\/uploads\/2008\/12\/svetlana-vukovic-201x300.jpg","contentUrl":"http:\/\/www.visit-ulcinj.com\/blog\/wp-content\/uploads\/2008\/12\/svetlana-vukovic-201x300.jpg"},{"@type":"WebPage","@id":"https:\/\/www.visit-ulcinj.com\/blog\/2008\/12\/16\/bardhi-preci-sa-obecanja-na-zaposljavanje\/#webpage","url":"https:\/\/www.visit-ulcinj.com\/blog\/2008\/12\/16\/bardhi-preci-sa-obecanja-na-zaposljavanje\/","name":"Bardhi: Pre?i sa obe?anja na zapo\u0161ljavanje - Lajme nga Ulqini","isPartOf":{"@id":"https:\/\/www.visit-ulcinj.com\/blog\/#website"},"primaryImageOfPage":{"@id":"https:\/\/www.visit-ulcinj.com\/blog\/2008\/12\/16\/bardhi-preci-sa-obecanja-na-zaposljavanje\/#primaryimage"},"datePublished":"2008-12-16T17:33:44+00:00","dateModified":"2008-12-16T17:33:44+00:00","author":{"@id":"https:\/\/www.visit-ulcinj.com\/blog\/#\/schema\/person\/dcab619c614d3038751c63bc2aadc06d"},"description":"Direktorica Uprave za kadrove Svetlana Vukovi? tvrdi da je problem \u0161to kandidati ne?e da se izja\u0161njavaju o nacionalnoj pripadnosti. Lider Demokratskog","breadcrumb":{"@id":"https:\/\/www.visit-ulcinj.com\/blog\/2008\/12\/16\/bardhi-preci-sa-obecanja-na-zaposljavanje\/#breadcrumb"},"inLanguage":"en-US","potentialAction":[{"@type":"ReadAction","target":["https:\/\/www.visit-ulcinj.com\/blog\/2008\/12\/16\/bardhi-preci-sa-obecanja-na-zaposljavanje\/"]}]},{"@type":"BreadcrumbList","@id":"https:\/\/www.visit-ulcinj.com\/blog\/2008\/12\/16\/bardhi-preci-sa-obecanja-na-zaposljavanje\/#breadcrumb","itemListElement":[{"@type":"ListItem","position":1,"name":"Bardhi: Pre?i sa obe?anja na zapo\u0161ljavanje"}]},{"@type":"Person","@id":"https:\/\/www.visit-ulcinj.com\/blog\/#\/schema\/person\/dcab619c614d3038751c63bc2aadc06d","name":"ulqini","sameAs":["http:\/\/www.visit-ulcinj.com"],"url":"https:\/\/www.visit-ulcinj.com\/blog\/author\/admin\/"}]}},"jetpack_featured_media_url":"","jetpack_sharing_enabled":true,"jetpack_shortlink":"https:\/\/wp.me\/pe6lTn-1Uo","_links":{"self":[{"href":"https:\/\/www.visit-ulcinj.com\/blog\/wp-json\/wp\/v2\/posts\/7340"}],"collection":[{"href":"https:\/\/www.visit-ulcinj.com\/blog\/wp-json\/wp\/v2\/posts"}],"about":[{"href":"https:\/\/www.visit-ulcinj.com\/blog\/wp-json\/wp\/v2\/types\/post"}],"author":[{"embeddable":true,"href":"https:\/\/www.visit-ulcinj.com\/blog\/wp-json\/wp\/v2\/users\/1"}],"replies":[{"embeddable":true,"href":"https:\/\/www.visit-ulcinj.com\/blog\/wp-json\/wp\/v2\/comments?post=7340"}],"version-history":[{"count":0,"href":"https:\/\/www.visit-ulcinj.com\/blog\/wp-json\/wp\/v2\/posts\/7340\/revisions"}],"wp:attachment":[{"href":"https:\/\/www.visit-ulcinj.com\/blog\/wp-json\/wp\/v2\/media?parent=7340"}],"wp:term":[{"taxonomy":"category","embeddable":true,"href":"https:\/\/www.visit-ulcinj.com\/blog\/wp-json\/wp\/v2\/categories?post=7340"},{"taxonomy":"post_tag","embeddable":true,"href":"https:\/\/www.visit-ulcinj.com\/blog\/wp-json\/wp\/v2\/tags?post=7340"}],"curies":[{"name":"wp","href":"https:\/\/api.w.org\/{rel}","templated":true}]}}