{"id":73402,"date":"2013-07-17T06:58:56","date_gmt":"2013-07-17T05:58:56","guid":{"rendered":"http:\/\/www.visit-ulcinj.com\/blog\/?p=73402"},"modified":"2013-07-18T17:07:38","modified_gmt":"2013-07-18T16:07:38","slug":"ne-lac-sulmohet-autobusi-kosovar-per-ulqin","status":"publish","type":"post","link":"https:\/\/www.visit-ulcinj.com\/blog\/2013\/07\/17\/ne-lac-sulmohet-autobusi-kosovar-per-ulqin\/","title":{"rendered":"N\u00eb La\u00e7 sulmohet autobusi Kosovar p\u00ebr Ulqin"},"content":{"rendered":"<p><strong><a href=\"http:\/\/www.visit-ulcinj.com\/blog\/wp-content\/uploads\/2013\/07\/SULMOHET-BUSI-KOSOVAR-NE-LAC-PER-ULQIN.jpg\"><img loading=\"lazy\" class=\"alignleft  wp-image-73403\" alt=\"SULMOHET BUSI KOSOVAR NE LAC PER ULQIN\" src=\"http:\/\/www.visit-ulcinj.com\/blog\/wp-content\/uploads\/2013\/07\/SULMOHET-BUSI-KOSOVAR-NE-LAC-PER-ULQIN.jpg\" width=\"300\" height=\"350\" \/><\/a>La\u00e7i, behet punkti i sulmeve ndaj autobus\u00ebve kosovar\u00eb<\/strong><\/p>\n<p>Qytetar\u00ebt q\u00eb ia kan\u00eb m\u00ebsyr\u00eb bregdetin e Ulqinit t\u00eb premten kan\u00eb p\u00ebrjetuar nj\u00eb udh\u00ebtim t\u00eb pak\u00ebndsh\u00ebm.<\/p>\n<p>T\u00eb pakt\u00ebn dy autobus\u00eb q\u00eb udh\u00ebtonin nga Peja p\u00ebr n\u00eb Ulqin n\u00ebp\u00ebrmjet Shqip\u00ebris\u00eb jan\u00eb sulmuar nga persona t\u00eb panjohur. Ata i kan\u00eb shfryt\u00ebzuar or\u00ebt e vona t\u00eb nat\u00ebs p\u00ebr t\u2019i sulmuar autobus\u00ebt me udh\u00ebtar\u00eb nga Kosova, shkruan Tribuna.<\/p>\n<p>T\u00eb premten q\u00eb shkoi \u00ebsht\u00eb sulmuar me gur\u00eb autobusi \u201cExim\u201d q\u00eb bartte udh\u00ebtar\u00eb p\u00ebr n\u00eb Ulqin. Menaxheri i agjencis\u00eb Haxhi Mehmeti rr\u00ebfen ngjarjen q\u00eb ka ndodhur n\u00eb qytetin e La\u00e7it.<\/p>\n<p><strong>\/Fishmedia\/<\/strong><\/p>\n","protected":false},"excerpt":{"rendered":"<p>La\u00e7i, behet punkti i sulmeve ndaj autobus\u00ebve kosovar\u00eb Qytetar\u00ebt q\u00eb ia kan\u00eb m\u00ebsyr\u00eb bregdetin e Ulqinit t\u00eb premten kan\u00eb p\u00ebrjetuar nj\u00eb udh\u00ebtim t\u00eb pak\u00ebndsh\u00ebm. T\u00eb pakt\u00ebn dy autobus\u00eb q\u00eb udh\u00ebtonin nga Peja p\u00ebr n\u00eb Ulqin n\u00ebp\u00ebrmjet Shqip\u00ebris\u00eb jan\u00eb sulmuar nga persona t\u00eb panjohur. Ata i kan\u00eb shfryt\u00ebzuar or\u00ebt e vona t\u00eb nat\u00ebs p\u00ebr t\u2019i sulmuar [&hellip;]<\/p>\n","protected":false},"author":1,"featured_media":0,"comment_status":"closed","ping_status":"closed","sticky":false,"template":"","format":"standard","meta":{"spay_email":"","jetpack_publicize_message":"","jetpack_is_tweetstorm":false,"jetpack_publicize_feature_enabled":true},"categories":[1,12],"tags":[],"jetpack_publicize_connections":[],"yoast_head":"<!-- This site is optimized with the Yoast SEO plugin v19.1 - https:\/\/yoast.com\/wordpress\/plugins\/seo\/ -->\n<title>N\u00eb La\u00e7 sulmohet autobusi Kosovar p\u00ebr Ulqin - Lajme nga Ulqini<\/title>\n<meta name=\"description\" content=\"La\u00e7i, behet punkti i sulmeve ndaj autobus\u00ebve kosovar\u00eb Qytetar\u00ebt q\u00eb ia kan\u00eb m\u00ebsyr\u00eb bregdetin e Ulqinit t\u00eb premten kan\u00eb p\u00ebrjetuar nj\u00eb udh\u00ebtim t\u00eb pak\u00ebndsh\u00ebm.\" \/>\n<meta name=\"robots\" content=\"index, follow, max-snippet:-1, max-image-preview:large, max-video-preview:-1\" \/>\n<link rel=\"canonical\" href=\"https:\/\/www.visit-ulcinj.com\/blog\/2013\/07\/17\/ne-lac-sulmohet-autobusi-kosovar-per-ulqin\/\" \/>\n<meta property=\"og:locale\" content=\"en_US\" \/>\n<meta property=\"og:type\" content=\"article\" \/>\n<meta property=\"og:title\" content=\"N\u00eb La\u00e7 sulmohet autobusi Kosovar p\u00ebr Ulqin - Lajme nga Ulqini\" \/>\n<meta property=\"og:description\" content=\"La\u00e7i, behet punkti i sulmeve ndaj autobus\u00ebve kosovar\u00eb Qytetar\u00ebt q\u00eb ia kan\u00eb m\u00ebsyr\u00eb bregdetin e Ulqinit t\u00eb premten kan\u00eb p\u00ebrjetuar nj\u00eb udh\u00ebtim t\u00eb pak\u00ebndsh\u00ebm.\" \/>\n<meta property=\"og:url\" content=\"https:\/\/www.visit-ulcinj.com\/blog\/2013\/07\/17\/ne-lac-sulmohet-autobusi-kosovar-per-ulqin\/\" \/>\n<meta property=\"og:site_name\" content=\"Lajme nga Ulqini\" \/>\n<meta property=\"article:published_time\" content=\"2013-07-17T05:58:56+00:00\" \/>\n<meta property=\"article:modified_time\" content=\"2013-07-18T16:07:38+00:00\" \/>\n<meta property=\"og:image\" content=\"http:\/\/www.visit-ulcinj.com\/blog\/wp-content\/uploads\/2013\/07\/SULMOHET-BUSI-KOSOVAR-NE-LAC-PER-ULQIN.jpg\" \/>\n<meta name=\"twitter:label1\" content=\"Written by\" \/>\n\t<meta name=\"twitter:data1\" content=\"ulqini\" \/>\n\t<meta name=\"twitter:label2\" content=\"Est. reading time\" \/>\n\t<meta name=\"twitter:data2\" content=\"1 minute\" \/>\n<script type=\"application\/ld+json\" class=\"yoast-schema-graph\">{\"@context\":\"https:\/\/schema.org\",\"@graph\":[{\"@type\":\"WebSite\",\"@id\":\"https:\/\/www.visit-ulcinj.com\/blog\/#website\",\"url\":\"https:\/\/www.visit-ulcinj.com\/blog\/\",\"name\":\"Lajme nga Ulqini\",\"description\":\"Lajme,Vijesti,Ulqini,Ulqin,Crna Gora,Mali i Zi\",\"potentialAction\":[{\"@type\":\"SearchAction\",\"target\":{\"@type\":\"EntryPoint\",\"urlTemplate\":\"https:\/\/www.visit-ulcinj.com\/blog\/?s={search_term_string}\"},\"query-input\":\"required name=search_term_string\"}],\"inLanguage\":\"en-US\"},{\"@type\":\"ImageObject\",\"inLanguage\":\"en-US\",\"@id\":\"https:\/\/www.visit-ulcinj.com\/blog\/2013\/07\/17\/ne-lac-sulmohet-autobusi-kosovar-per-ulqin\/#primaryimage\",\"url\":\"https:\/\/www.visit-ulcinj.com\/blog\/wp-content\/uploads\/2013\/07\/SULMOHET-BUSI-KOSOVAR-NE-LAC-PER-ULQIN.jpg\",\"contentUrl\":\"https:\/\/www.visit-ulcinj.com\/blog\/wp-content\/uploads\/2013\/07\/SULMOHET-BUSI-KOSOVAR-NE-LAC-PER-ULQIN.jpg\",\"width\":374,\"height\":500},{\"@type\":\"WebPage\",\"@id\":\"https:\/\/www.visit-ulcinj.com\/blog\/2013\/07\/17\/ne-lac-sulmohet-autobusi-kosovar-per-ulqin\/#webpage\",\"url\":\"https:\/\/www.visit-ulcinj.com\/blog\/2013\/07\/17\/ne-lac-sulmohet-autobusi-kosovar-per-ulqin\/\",\"name\":\"N\u00eb La\u00e7 sulmohet autobusi Kosovar p\u00ebr Ulqin - Lajme nga Ulqini\",\"isPartOf\":{\"@id\":\"https:\/\/www.visit-ulcinj.com\/blog\/#website\"},\"primaryImageOfPage\":{\"@id\":\"https:\/\/www.visit-ulcinj.com\/blog\/2013\/07\/17\/ne-lac-sulmohet-autobusi-kosovar-per-ulqin\/#primaryimage\"},\"datePublished\":\"2013-07-17T05:58:56+00:00\",\"dateModified\":\"2013-07-18T16:07:38+00:00\",\"author\":{\"@id\":\"https:\/\/www.visit-ulcinj.com\/blog\/#\/schema\/person\/dcab619c614d3038751c63bc2aadc06d\"},\"description\":\"La\u00e7i, behet punkti i sulmeve ndaj autobus\u00ebve kosovar\u00eb Qytetar\u00ebt q\u00eb ia kan\u00eb m\u00ebsyr\u00eb bregdetin e Ulqinit t\u00eb premten kan\u00eb p\u00ebrjetuar nj\u00eb udh\u00ebtim t\u00eb pak\u00ebndsh\u00ebm.\",\"breadcrumb\":{\"@id\":\"https:\/\/www.visit-ulcinj.com\/blog\/2013\/07\/17\/ne-lac-sulmohet-autobusi-kosovar-per-ulqin\/#breadcrumb\"},\"inLanguage\":\"en-US\",\"potentialAction\":[{\"@type\":\"ReadAction\",\"target\":[\"https:\/\/www.visit-ulcinj.com\/blog\/2013\/07\/17\/ne-lac-sulmohet-autobusi-kosovar-per-ulqin\/\"]}]},{\"@type\":\"BreadcrumbList\",\"@id\":\"https:\/\/www.visit-ulcinj.com\/blog\/2013\/07\/17\/ne-lac-sulmohet-autobusi-kosovar-per-ulqin\/#breadcrumb\",\"itemListElement\":[{\"@type\":\"ListItem\",\"position\":1,\"name\":\"N\u00eb La\u00e7 sulmohet autobusi Kosovar p\u00ebr Ulqin\"}]},{\"@type\":\"Person\",\"@id\":\"https:\/\/www.visit-ulcinj.com\/blog\/#\/schema\/person\/dcab619c614d3038751c63bc2aadc06d\",\"name\":\"ulqini\",\"sameAs\":[\"http:\/\/www.visit-ulcinj.com\"],\"url\":\"https:\/\/www.visit-ulcinj.com\/blog\/author\/admin\/\"}]}<\/script>\n<!-- \/ Yoast SEO plugin. -->","yoast_head_json":{"title":"N\u00eb La\u00e7 sulmohet autobusi Kosovar p\u00ebr Ulqin - Lajme nga Ulqini","description":"La\u00e7i, behet punkti i sulmeve ndaj autobus\u00ebve kosovar\u00eb Qytetar\u00ebt q\u00eb ia kan\u00eb m\u00ebsyr\u00eb bregdetin e Ulqinit t\u00eb premten kan\u00eb p\u00ebrjetuar nj\u00eb udh\u00ebtim t\u00eb pak\u00ebndsh\u00ebm.","robots":{"index":"index","follow":"follow","max-snippet":"max-snippet:-1","max-image-preview":"max-image-preview:large","max-video-preview":"max-video-preview:-1"},"canonical":"https:\/\/www.visit-ulcinj.com\/blog\/2013\/07\/17\/ne-lac-sulmohet-autobusi-kosovar-per-ulqin\/","og_locale":"en_US","og_type":"article","og_title":"N\u00eb La\u00e7 sulmohet autobusi Kosovar p\u00ebr Ulqin - Lajme nga Ulqini","og_description":"La\u00e7i, behet punkti i sulmeve ndaj autobus\u00ebve kosovar\u00eb Qytetar\u00ebt q\u00eb ia kan\u00eb m\u00ebsyr\u00eb bregdetin e Ulqinit t\u00eb premten kan\u00eb p\u00ebrjetuar nj\u00eb udh\u00ebtim t\u00eb pak\u00ebndsh\u00ebm.","og_url":"https:\/\/www.visit-ulcinj.com\/blog\/2013\/07\/17\/ne-lac-sulmohet-autobusi-kosovar-per-ulqin\/","og_site_name":"Lajme nga Ulqini","article_published_time":"2013-07-17T05:58:56+00:00","article_modified_time":"2013-07-18T16:07:38+00:00","og_image":[{"url":"http:\/\/www.visit-ulcinj.com\/blog\/wp-content\/uploads\/2013\/07\/SULMOHET-BUSI-KOSOVAR-NE-LAC-PER-ULQIN.jpg"}],"twitter_misc":{"Written by":"ulqini","Est. reading time":"1 minute"},"schema":{"@context":"https:\/\/schema.org","@graph":[{"@type":"WebSite","@id":"https:\/\/www.visit-ulcinj.com\/blog\/#website","url":"https:\/\/www.visit-ulcinj.com\/blog\/","name":"Lajme nga Ulqini","description":"Lajme,Vijesti,Ulqini,Ulqin,Crna Gora,Mali i Zi","potentialAction":[{"@type":"SearchAction","target":{"@type":"EntryPoint","urlTemplate":"https:\/\/www.visit-ulcinj.com\/blog\/?s={search_term_string}"},"query-input":"required name=search_term_string"}],"inLanguage":"en-US"},{"@type":"ImageObject","inLanguage":"en-US","@id":"https:\/\/www.visit-ulcinj.com\/blog\/2013\/07\/17\/ne-lac-sulmohet-autobusi-kosovar-per-ulqin\/#primaryimage","url":"https:\/\/www.visit-ulcinj.com\/blog\/wp-content\/uploads\/2013\/07\/SULMOHET-BUSI-KOSOVAR-NE-LAC-PER-ULQIN.jpg","contentUrl":"https:\/\/www.visit-ulcinj.com\/blog\/wp-content\/uploads\/2013\/07\/SULMOHET-BUSI-KOSOVAR-NE-LAC-PER-ULQIN.jpg","width":374,"height":500},{"@type":"WebPage","@id":"https:\/\/www.visit-ulcinj.com\/blog\/2013\/07\/17\/ne-lac-sulmohet-autobusi-kosovar-per-ulqin\/#webpage","url":"https:\/\/www.visit-ulcinj.com\/blog\/2013\/07\/17\/ne-lac-sulmohet-autobusi-kosovar-per-ulqin\/","name":"N\u00eb La\u00e7 sulmohet autobusi Kosovar p\u00ebr Ulqin - Lajme nga Ulqini","isPartOf":{"@id":"https:\/\/www.visit-ulcinj.com\/blog\/#website"},"primaryImageOfPage":{"@id":"https:\/\/www.visit-ulcinj.com\/blog\/2013\/07\/17\/ne-lac-sulmohet-autobusi-kosovar-per-ulqin\/#primaryimage"},"datePublished":"2013-07-17T05:58:56+00:00","dateModified":"2013-07-18T16:07:38+00:00","author":{"@id":"https:\/\/www.visit-ulcinj.com\/blog\/#\/schema\/person\/dcab619c614d3038751c63bc2aadc06d"},"description":"La\u00e7i, behet punkti i sulmeve ndaj autobus\u00ebve kosovar\u00eb Qytetar\u00ebt q\u00eb ia kan\u00eb m\u00ebsyr\u00eb bregdetin e Ulqinit t\u00eb premten kan\u00eb p\u00ebrjetuar nj\u00eb udh\u00ebtim t\u00eb pak\u00ebndsh\u00ebm.","breadcrumb":{"@id":"https:\/\/www.visit-ulcinj.com\/blog\/2013\/07\/17\/ne-lac-sulmohet-autobusi-kosovar-per-ulqin\/#breadcrumb"},"inLanguage":"en-US","potentialAction":[{"@type":"ReadAction","target":["https:\/\/www.visit-ulcinj.com\/blog\/2013\/07\/17\/ne-lac-sulmohet-autobusi-kosovar-per-ulqin\/"]}]},{"@type":"BreadcrumbList","@id":"https:\/\/www.visit-ulcinj.com\/blog\/2013\/07\/17\/ne-lac-sulmohet-autobusi-kosovar-per-ulqin\/#breadcrumb","itemListElement":[{"@type":"ListItem","position":1,"name":"N\u00eb La\u00e7 sulmohet autobusi Kosovar p\u00ebr Ulqin"}]},{"@type":"Person","@id":"https:\/\/www.visit-ulcinj.com\/blog\/#\/schema\/person\/dcab619c614d3038751c63bc2aadc06d","name":"ulqini","sameAs":["http:\/\/www.visit-ulcinj.com"],"url":"https:\/\/www.visit-ulcinj.com\/blog\/author\/admin\/"}]}},"jetpack_featured_media_url":"","jetpack_sharing_enabled":true,"jetpack_shortlink":"https:\/\/wp.me\/pe6lTn-j5U","_links":{"self":[{"href":"https:\/\/www.visit-ulcinj.com\/blog\/wp-json\/wp\/v2\/posts\/73402"}],"collection":[{"href":"https:\/\/www.visit-ulcinj.com\/blog\/wp-json\/wp\/v2\/posts"}],"about":[{"href":"https:\/\/www.visit-ulcinj.com\/blog\/wp-json\/wp\/v2\/types\/post"}],"author":[{"embeddable":true,"href":"https:\/\/www.visit-ulcinj.com\/blog\/wp-json\/wp\/v2\/users\/1"}],"replies":[{"embeddable":true,"href":"https:\/\/www.visit-ulcinj.com\/blog\/wp-json\/wp\/v2\/comments?post=73402"}],"version-history":[{"count":4,"href":"https:\/\/www.visit-ulcinj.com\/blog\/wp-json\/wp\/v2\/posts\/73402\/revisions"}],"predecessor-version":[{"id":73424,"href":"https:\/\/www.visit-ulcinj.com\/blog\/wp-json\/wp\/v2\/posts\/73402\/revisions\/73424"}],"wp:attachment":[{"href":"https:\/\/www.visit-ulcinj.com\/blog\/wp-json\/wp\/v2\/media?parent=73402"}],"wp:term":[{"taxonomy":"category","embeddable":true,"href":"https:\/\/www.visit-ulcinj.com\/blog\/wp-json\/wp\/v2\/categories?post=73402"},{"taxonomy":"post_tag","embeddable":true,"href":"https:\/\/www.visit-ulcinj.com\/blog\/wp-json\/wp\/v2\/tags?post=73402"}],"curies":[{"name":"wp","href":"https:\/\/api.w.org\/{rel}","templated":true}]}}