{"id":73411,"date":"2013-07-17T17:48:57","date_gmt":"2013-07-17T16:48:57","guid":{"rendered":"http:\/\/www.visit-ulcinj.com\/blog\/?p=73411"},"modified":"2013-07-17T19:23:02","modified_gmt":"2013-07-17T18:23:02","slug":"cungu-takon-kryetarin-e-shkodres-z-lorenc-luka","status":"publish","type":"post","link":"https:\/\/www.visit-ulcinj.com\/blog\/2013\/07\/17\/cungu-takon-kryetarin-e-shkodres-z-lorenc-luka\/","title":{"rendered":"Cungu takon kryetarin e Shkodres z. Lorenc Luka"},"content":{"rendered":"<p><a href=\"http:\/\/www.visit-ulcinj.com\/blog\/wp-content\/uploads\/2013\/07\/Nazif-Cungu-Lorenc-Luka.jpg\"><img loading=\"lazy\" class=\"alignleft size-full wp-image-73412\" alt=\"Nazif-Cungu-Lorenc-Luka\" src=\"http:\/\/www.visit-ulcinj.com\/blog\/wp-content\/uploads\/2013\/07\/Nazif-Cungu-Lorenc-Luka.jpg\" width=\"508\" height=\"360\" \/><\/a><strong>Kryetari i Komun\u00ebs s\u00eb Ulqinit Nazif Cungu priti n\u00eb takim Kryetarin e Bashkis\u00eb s\u00eb Shkodr\u00ebs z. Lorenc Luka<\/strong><\/p>\n<p>Kryetari i Komun\u00ebs s\u00eb Ulqinit Nazif Cungu priti n\u00eb takim Kryetarin e Bashkis\u00eb s\u00eb Shkodr\u00ebs z. Lorenc Luka.<br \/>\nKomuna e Ulqinit n\u00eb bashkpunim me Bashkin\u00eb Shkod\u00ebr jan\u00eb duke realizuar projektin e p\u00ebrbashk\u00ebt &#8221;Marubi&#8221; i cili financohet nga mjetet e Bashkimit Europian n\u00eb kuader t\u00eb programit p\u00ebr bashk\u00ebpunimin nd\u00ebrkufitar mes Shqip\u00ebris\u00eb dhe Malit t\u00eb Zi.<br \/>\nAta diskutuan lidhur me ecurin e zbatimit t\u00eb k\u00ebtij projekti si dhe lidhur me hapat e m\u00ebtutjeshme t\u00eb realizimit t\u00eb tij\u00eb.<br \/>\nKrahas hapjes s\u00eb ekspozites Marubi n\u00eb kalan\u00eb e Ulqinit, \u00ebsht\u00eb planifikuar q\u00eb nj\u00eb ekspozit\u00eb e tille t\u00eb hapet n\u00eb hapsirat e Parlamentit Europian n\u00eb Bruksel. &#8220;Marubi \u00ebsht\u00eb pasuria m\u00eb e madhe q\u00eb kemi dhe ekspozimi i k\u00ebtyre fotografive n\u00eb Parlamentin Europian do t\u00eb ishte ngjarje e r\u00ebnd\u00ebsishme n\u00eb prmovimin e kultur\u00ebs shqiptare&#8221; u shpreh kryetari Luka.<br \/>\nProjekti &#8221;Marubi&#8221; ka p\u00ebr q\u00ebllim zhvillimin e turizmit t\u00eb k\u00ebtyre dy vendeve p\u00ebrmes promovimit t\u00eb trash\u00ebgimis\u00eb kulturore t\u00eb p\u00ebrbashk\u00ebt, n\u00eb ve\u00e7anti trash\u00ebgimin\u00eb e familjes s\u00eb famshme t\u00eb fotograf\u00ebve Marubi.<\/p>\n<p><strong>Op\u0161tina Ulcinj \/ Komuna e Ulqinit<\/strong><br \/>\nTel: +382 30 412 050<br \/>\nFax: +382 30 412 413<br \/>\nAdresa: Bul. Skenderbeu bb, 85360 Ulcinj, MNE<\/p>\n","protected":false},"excerpt":{"rendered":"<p>Kryetari i Komun\u00ebs s\u00eb Ulqinit Nazif Cungu priti n\u00eb takim Kryetarin e Bashkis\u00eb s\u00eb Shkodr\u00ebs z. Lorenc Luka Kryetari i Komun\u00ebs s\u00eb Ulqinit Nazif Cungu priti n\u00eb takim Kryetarin e Bashkis\u00eb s\u00eb Shkodr\u00ebs z. Lorenc Luka. Komuna e Ulqinit n\u00eb bashkpunim me Bashkin\u00eb Shkod\u00ebr jan\u00eb duke realizuar projektin e p\u00ebrbashk\u00ebt &#8221;Marubi&#8221; i cili financohet nga [&hellip;]<\/p>\n","protected":false},"author":1,"featured_media":0,"comment_status":"closed","ping_status":"closed","sticky":false,"template":"","format":"standard","meta":{"spay_email":"","jetpack_publicize_message":"","jetpack_is_tweetstorm":false,"jetpack_publicize_feature_enabled":true},"categories":[11],"tags":[],"jetpack_publicize_connections":[],"yoast_head":"<!-- This site is optimized with the Yoast SEO plugin v19.1 - https:\/\/yoast.com\/wordpress\/plugins\/seo\/ -->\n<title>Cungu takon kryetarin e Shkodres z. Lorenc Luka - Lajme nga Ulqini<\/title>\n<meta name=\"description\" content=\"Kryetari i Komun\u00ebs s\u00eb Ulqinit Nazif Cungu priti n\u00eb takim Kryetarin e Bashkis\u00eb s\u00eb Shkodr\u00ebs z. Lorenc Luka Kryetari i Komun\u00ebs s\u00eb Ulqinit Nazif Cungu priti\" \/>\n<meta name=\"robots\" content=\"index, follow, max-snippet:-1, max-image-preview:large, max-video-preview:-1\" \/>\n<link rel=\"canonical\" href=\"https:\/\/www.visit-ulcinj.com\/blog\/2013\/07\/17\/cungu-takon-kryetarin-e-shkodres-z-lorenc-luka\/\" \/>\n<meta property=\"og:locale\" content=\"en_US\" \/>\n<meta property=\"og:type\" content=\"article\" \/>\n<meta property=\"og:title\" content=\"Cungu takon kryetarin e Shkodres z. Lorenc Luka - Lajme nga Ulqini\" \/>\n<meta property=\"og:description\" content=\"Kryetari i Komun\u00ebs s\u00eb Ulqinit Nazif Cungu priti n\u00eb takim Kryetarin e Bashkis\u00eb s\u00eb Shkodr\u00ebs z. Lorenc Luka Kryetari i Komun\u00ebs s\u00eb Ulqinit Nazif Cungu priti\" \/>\n<meta property=\"og:url\" content=\"https:\/\/www.visit-ulcinj.com\/blog\/2013\/07\/17\/cungu-takon-kryetarin-e-shkodres-z-lorenc-luka\/\" \/>\n<meta property=\"og:site_name\" content=\"Lajme nga Ulqini\" \/>\n<meta property=\"article:published_time\" content=\"2013-07-17T16:48:57+00:00\" \/>\n<meta property=\"article:modified_time\" content=\"2013-07-17T18:23:02+00:00\" \/>\n<meta property=\"og:image\" content=\"http:\/\/www.visit-ulcinj.com\/blog\/wp-content\/uploads\/2013\/07\/Nazif-Cungu-Lorenc-Luka.jpg\" \/>\n<meta name=\"twitter:label1\" content=\"Written by\" \/>\n\t<meta name=\"twitter:data1\" content=\"ulqini\" \/>\n\t<meta name=\"twitter:label2\" content=\"Est. reading time\" \/>\n\t<meta name=\"twitter:data2\" content=\"1 minute\" \/>\n<script type=\"application\/ld+json\" class=\"yoast-schema-graph\">{\"@context\":\"https:\/\/schema.org\",\"@graph\":[{\"@type\":\"WebSite\",\"@id\":\"https:\/\/www.visit-ulcinj.com\/blog\/#website\",\"url\":\"https:\/\/www.visit-ulcinj.com\/blog\/\",\"name\":\"Lajme nga Ulqini\",\"description\":\"Lajme,Vijesti,Ulqini,Ulqin,Crna Gora,Mali i Zi\",\"potentialAction\":[{\"@type\":\"SearchAction\",\"target\":{\"@type\":\"EntryPoint\",\"urlTemplate\":\"https:\/\/www.visit-ulcinj.com\/blog\/?s={search_term_string}\"},\"query-input\":\"required name=search_term_string\"}],\"inLanguage\":\"en-US\"},{\"@type\":\"ImageObject\",\"inLanguage\":\"en-US\",\"@id\":\"https:\/\/www.visit-ulcinj.com\/blog\/2013\/07\/17\/cungu-takon-kryetarin-e-shkodres-z-lorenc-luka\/#primaryimage\",\"url\":\"https:\/\/www.visit-ulcinj.com\/blog\/wp-content\/uploads\/2013\/07\/Nazif-Cungu-Lorenc-Luka.jpg\",\"contentUrl\":\"https:\/\/www.visit-ulcinj.com\/blog\/wp-content\/uploads\/2013\/07\/Nazif-Cungu-Lorenc-Luka.jpg\",\"width\":768,\"height\":509},{\"@type\":\"WebPage\",\"@id\":\"https:\/\/www.visit-ulcinj.com\/blog\/2013\/07\/17\/cungu-takon-kryetarin-e-shkodres-z-lorenc-luka\/#webpage\",\"url\":\"https:\/\/www.visit-ulcinj.com\/blog\/2013\/07\/17\/cungu-takon-kryetarin-e-shkodres-z-lorenc-luka\/\",\"name\":\"Cungu takon kryetarin e Shkodres z. Lorenc Luka - Lajme nga Ulqini\",\"isPartOf\":{\"@id\":\"https:\/\/www.visit-ulcinj.com\/blog\/#website\"},\"primaryImageOfPage\":{\"@id\":\"https:\/\/www.visit-ulcinj.com\/blog\/2013\/07\/17\/cungu-takon-kryetarin-e-shkodres-z-lorenc-luka\/#primaryimage\"},\"datePublished\":\"2013-07-17T16:48:57+00:00\",\"dateModified\":\"2013-07-17T18:23:02+00:00\",\"author\":{\"@id\":\"https:\/\/www.visit-ulcinj.com\/blog\/#\/schema\/person\/dcab619c614d3038751c63bc2aadc06d\"},\"description\":\"Kryetari i Komun\u00ebs s\u00eb Ulqinit Nazif Cungu priti n\u00eb takim Kryetarin e Bashkis\u00eb s\u00eb Shkodr\u00ebs z. Lorenc Luka Kryetari i Komun\u00ebs s\u00eb Ulqinit Nazif Cungu priti\",\"breadcrumb\":{\"@id\":\"https:\/\/www.visit-ulcinj.com\/blog\/2013\/07\/17\/cungu-takon-kryetarin-e-shkodres-z-lorenc-luka\/#breadcrumb\"},\"inLanguage\":\"en-US\",\"potentialAction\":[{\"@type\":\"ReadAction\",\"target\":[\"https:\/\/www.visit-ulcinj.com\/blog\/2013\/07\/17\/cungu-takon-kryetarin-e-shkodres-z-lorenc-luka\/\"]}]},{\"@type\":\"BreadcrumbList\",\"@id\":\"https:\/\/www.visit-ulcinj.com\/blog\/2013\/07\/17\/cungu-takon-kryetarin-e-shkodres-z-lorenc-luka\/#breadcrumb\",\"itemListElement\":[{\"@type\":\"ListItem\",\"position\":1,\"name\":\"Cungu takon kryetarin e Shkodres z. Lorenc Luka\"}]},{\"@type\":\"Person\",\"@id\":\"https:\/\/www.visit-ulcinj.com\/blog\/#\/schema\/person\/dcab619c614d3038751c63bc2aadc06d\",\"name\":\"ulqini\",\"sameAs\":[\"http:\/\/www.visit-ulcinj.com\"],\"url\":\"https:\/\/www.visit-ulcinj.com\/blog\/author\/admin\/\"}]}<\/script>\n<!-- \/ Yoast SEO plugin. -->","yoast_head_json":{"title":"Cungu takon kryetarin e Shkodres z. Lorenc Luka - Lajme nga Ulqini","description":"Kryetari i Komun\u00ebs s\u00eb Ulqinit Nazif Cungu priti n\u00eb takim Kryetarin e Bashkis\u00eb s\u00eb Shkodr\u00ebs z. Lorenc Luka Kryetari i Komun\u00ebs s\u00eb Ulqinit Nazif Cungu priti","robots":{"index":"index","follow":"follow","max-snippet":"max-snippet:-1","max-image-preview":"max-image-preview:large","max-video-preview":"max-video-preview:-1"},"canonical":"https:\/\/www.visit-ulcinj.com\/blog\/2013\/07\/17\/cungu-takon-kryetarin-e-shkodres-z-lorenc-luka\/","og_locale":"en_US","og_type":"article","og_title":"Cungu takon kryetarin e Shkodres z. Lorenc Luka - Lajme nga Ulqini","og_description":"Kryetari i Komun\u00ebs s\u00eb Ulqinit Nazif Cungu priti n\u00eb takim Kryetarin e Bashkis\u00eb s\u00eb Shkodr\u00ebs z. Lorenc Luka Kryetari i Komun\u00ebs s\u00eb Ulqinit Nazif Cungu priti","og_url":"https:\/\/www.visit-ulcinj.com\/blog\/2013\/07\/17\/cungu-takon-kryetarin-e-shkodres-z-lorenc-luka\/","og_site_name":"Lajme nga Ulqini","article_published_time":"2013-07-17T16:48:57+00:00","article_modified_time":"2013-07-17T18:23:02+00:00","og_image":[{"url":"http:\/\/www.visit-ulcinj.com\/blog\/wp-content\/uploads\/2013\/07\/Nazif-Cungu-Lorenc-Luka.jpg"}],"twitter_misc":{"Written by":"ulqini","Est. reading time":"1 minute"},"schema":{"@context":"https:\/\/schema.org","@graph":[{"@type":"WebSite","@id":"https:\/\/www.visit-ulcinj.com\/blog\/#website","url":"https:\/\/www.visit-ulcinj.com\/blog\/","name":"Lajme nga Ulqini","description":"Lajme,Vijesti,Ulqini,Ulqin,Crna Gora,Mali i Zi","potentialAction":[{"@type":"SearchAction","target":{"@type":"EntryPoint","urlTemplate":"https:\/\/www.visit-ulcinj.com\/blog\/?s={search_term_string}"},"query-input":"required name=search_term_string"}],"inLanguage":"en-US"},{"@type":"ImageObject","inLanguage":"en-US","@id":"https:\/\/www.visit-ulcinj.com\/blog\/2013\/07\/17\/cungu-takon-kryetarin-e-shkodres-z-lorenc-luka\/#primaryimage","url":"https:\/\/www.visit-ulcinj.com\/blog\/wp-content\/uploads\/2013\/07\/Nazif-Cungu-Lorenc-Luka.jpg","contentUrl":"https:\/\/www.visit-ulcinj.com\/blog\/wp-content\/uploads\/2013\/07\/Nazif-Cungu-Lorenc-Luka.jpg","width":768,"height":509},{"@type":"WebPage","@id":"https:\/\/www.visit-ulcinj.com\/blog\/2013\/07\/17\/cungu-takon-kryetarin-e-shkodres-z-lorenc-luka\/#webpage","url":"https:\/\/www.visit-ulcinj.com\/blog\/2013\/07\/17\/cungu-takon-kryetarin-e-shkodres-z-lorenc-luka\/","name":"Cungu takon kryetarin e Shkodres z. Lorenc Luka - Lajme nga Ulqini","isPartOf":{"@id":"https:\/\/www.visit-ulcinj.com\/blog\/#website"},"primaryImageOfPage":{"@id":"https:\/\/www.visit-ulcinj.com\/blog\/2013\/07\/17\/cungu-takon-kryetarin-e-shkodres-z-lorenc-luka\/#primaryimage"},"datePublished":"2013-07-17T16:48:57+00:00","dateModified":"2013-07-17T18:23:02+00:00","author":{"@id":"https:\/\/www.visit-ulcinj.com\/blog\/#\/schema\/person\/dcab619c614d3038751c63bc2aadc06d"},"description":"Kryetari i Komun\u00ebs s\u00eb Ulqinit Nazif Cungu priti n\u00eb takim Kryetarin e Bashkis\u00eb s\u00eb Shkodr\u00ebs z. Lorenc Luka Kryetari i Komun\u00ebs s\u00eb Ulqinit Nazif Cungu priti","breadcrumb":{"@id":"https:\/\/www.visit-ulcinj.com\/blog\/2013\/07\/17\/cungu-takon-kryetarin-e-shkodres-z-lorenc-luka\/#breadcrumb"},"inLanguage":"en-US","potentialAction":[{"@type":"ReadAction","target":["https:\/\/www.visit-ulcinj.com\/blog\/2013\/07\/17\/cungu-takon-kryetarin-e-shkodres-z-lorenc-luka\/"]}]},{"@type":"BreadcrumbList","@id":"https:\/\/www.visit-ulcinj.com\/blog\/2013\/07\/17\/cungu-takon-kryetarin-e-shkodres-z-lorenc-luka\/#breadcrumb","itemListElement":[{"@type":"ListItem","position":1,"name":"Cungu takon kryetarin e Shkodres z. Lorenc Luka"}]},{"@type":"Person","@id":"https:\/\/www.visit-ulcinj.com\/blog\/#\/schema\/person\/dcab619c614d3038751c63bc2aadc06d","name":"ulqini","sameAs":["http:\/\/www.visit-ulcinj.com"],"url":"https:\/\/www.visit-ulcinj.com\/blog\/author\/admin\/"}]}},"jetpack_featured_media_url":"","jetpack_sharing_enabled":true,"jetpack_shortlink":"https:\/\/wp.me\/pe6lTn-j63","_links":{"self":[{"href":"https:\/\/www.visit-ulcinj.com\/blog\/wp-json\/wp\/v2\/posts\/73411"}],"collection":[{"href":"https:\/\/www.visit-ulcinj.com\/blog\/wp-json\/wp\/v2\/posts"}],"about":[{"href":"https:\/\/www.visit-ulcinj.com\/blog\/wp-json\/wp\/v2\/types\/post"}],"author":[{"embeddable":true,"href":"https:\/\/www.visit-ulcinj.com\/blog\/wp-json\/wp\/v2\/users\/1"}],"replies":[{"embeddable":true,"href":"https:\/\/www.visit-ulcinj.com\/blog\/wp-json\/wp\/v2\/comments?post=73411"}],"version-history":[{"count":4,"href":"https:\/\/www.visit-ulcinj.com\/blog\/wp-json\/wp\/v2\/posts\/73411\/revisions"}],"predecessor-version":[{"id":73419,"href":"https:\/\/www.visit-ulcinj.com\/blog\/wp-json\/wp\/v2\/posts\/73411\/revisions\/73419"}],"wp:attachment":[{"href":"https:\/\/www.visit-ulcinj.com\/blog\/wp-json\/wp\/v2\/media?parent=73411"}],"wp:term":[{"taxonomy":"category","embeddable":true,"href":"https:\/\/www.visit-ulcinj.com\/blog\/wp-json\/wp\/v2\/categories?post=73411"},{"taxonomy":"post_tag","embeddable":true,"href":"https:\/\/www.visit-ulcinj.com\/blog\/wp-json\/wp\/v2\/tags?post=73411"}],"curies":[{"name":"wp","href":"https:\/\/api.w.org\/{rel}","templated":true}]}}