{"id":73431,"date":"2013-07-18T22:12:47","date_gmt":"2013-07-18T21:12:47","guid":{"rendered":"http:\/\/www.visit-ulcinj.com\/blog\/?p=73431"},"modified":"2013-07-20T14:39:42","modified_gmt":"2013-07-20T13:39:42","slug":"konference-per-media-e-kryetarit-te-udsh-se-mehmet-zenkes-video","status":"publish","type":"post","link":"https:\/\/www.visit-ulcinj.com\/blog\/2013\/07\/18\/konference-per-media-e-kryetarit-te-udsh-se-mehmet-zenkes-video\/","title":{"rendered":"Konference per media e kryetarit t\u00eb UDSH-s\u00eb Mehmet Zenkes &#8211; Video"},"content":{"rendered":"<p><a href=\"http:\/\/www.visit-ulcinj.com\/blog\/wp-content\/uploads\/2013\/06\/MEHMET-ZENKA-UDSH-ULQIN.jpg\"><img loading=\"lazy\" class=\"alignleft  wp-image-72777\" alt=\"MEHMET ZENKA-UDSH-ULQIN\" src=\"http:\/\/www.visit-ulcinj.com\/blog\/wp-content\/uploads\/2013\/06\/MEHMET-ZENKA-UDSH-ULQIN.jpg\" width=\"508\" height=\"360\" \/><\/a>UDSH muaj me radh\u00eb t\u00ebrhoqi v\u00ebrejtjen p\u00ebr situat\u00ebn e v\u00ebshtir ne komun\u00eb t\u00eb Ulqinit dhe p\u00ebr pasojat negative t\u00eb cilat po i kanosen qytetit nga nj\u00eb menaxhim tejet i dob\u00ebt dhe jo profesional nga ana e pushtetar\u00ebve aktual. Megjith\u00ebse e kishim parapar\u00eb dhe ishim te vet\u00ebdijsh\u00ebm q\u00eb kjo garnitur\u00eb\u00a0 e cila e udh\u00ebheq komun\u00ebn e Ulqinit nuk ka kapacitet dhe potencial qe t\u00eb menaxhoj komun\u00ebn ton\u00eb, prap\u00eb se prap\u00eb nuk e kemi prit se ato do t\u00eb ishin ne nivel kaq te dob\u00ebt dhe kaq\u00a0 joefektiv.<\/p>\n<p>&nbsp;<\/p>\n<p>Neve jasht\u00eb gjitha rregullave\u00a0 demokratike i kemi dh\u00ebn\u00eb s\u00eb pari 150 dit\u00eb, e pastaj e zgjat\u00ebm n\u00eb 200 dit\u00eb qet\u00ebsin\u00eb mediatike, duke l\u00ebn\u00eb anash m\u00ebnyr\u00ebn tejet t\u00eb sh\u00ebmtuar\u00a0 t\u00eb ardhjes s\u00eb tyre n\u00eb pushtet. Prap\u00eb se prap\u00eb, p\u00ebr hir te mir\u00ebvajtjes s\u00eb qytetit mbajt\u00ebm q\u00ebndrimin e nj\u00eb opozite konstruktive.<\/p>\n<p><iframe loading=\"lazy\" frameborder=\"0\" width=\"508\" height=\"360\" src=\"http:\/\/www.dailymotion.com\/embed\/video\/x123ydp?autoPlay=1\"><\/iframe><br \/><a href=\"http:\/\/www.dailymotion.com\/video\/x123ydp_konference-per-media-e-kryetarit-te-udsh-se-mehmet-zenkes_news\" target=\"_blank\">Konference per media e kryetarit t&euml; UDSH-s&euml;&#8230;<\/a><\/p>\n<p><b>Po b\u00ebhen dy vite dhe \u00e7far\u00eb kemi ?<\/b><\/p>\n<p>&nbsp;<\/p>\n<p>Kemi nj\u00eb kolaps t\u00eb v\u00ebrtet t\u00eb ekonomis\u00eb s\u00eb nj\u00eb qyteti. Si ndryshe ta quajm\u00eb k\u00ebt\u00eb gjendje t\u00eb mjerueshme n\u00eb t\u00eb cil\u00ebn gjendet momentalisht qyteti yn\u00eb.<\/p>\n<p>Si ta quajm\u00eb k\u00ebt\u00eb situat\u00eb ku brenda dy viteve krijohen 10.000.000,00 Euro humbje financiare, shif\u00ebr e cila edhe p\u00ebr komuna shum\u00eb ma te pasura \u00ebsht\u00eb tejet e madhe.<\/p>\n<p>&nbsp;<\/p>\n<p>Vetvetiu shtrohet pyetja:<\/p>\n<p>&nbsp;<\/p>\n<p>&#8211;\u00a0\u00a0\u00a0\u00a0\u00a0\u00a0\u00a0\u00a0 <b>A ky qenka pushteti i ekspert\u00ebve ? \u00a0<\/b><\/p>\n<p>&#8211;\u00a0\u00a0\u00a0\u00a0\u00a0\u00a0\u00a0\u00a0 <b>Neve pyesim: ku jan\u00eb idet\u00eb spektakulare p\u00ebr zhvillimin e Ulqinit ? <\/b><\/p>\n<p>&#8211;\u00a0\u00a0\u00a0\u00a0\u00a0\u00a0\u00a0\u00a0 <b>Qytetar\u00ebt pyesin, ku jan\u00eb premtimet qe dhat\u00eb p\u00ebr nj\u00eb Ulqin me perspektiv zhvillimore evropiane ?<\/b><\/p>\n<p>&nbsp;<\/p>\n<p>Zot\u00ebri t\u00eb nderuar, a jeni sado pak t\u00eb vet\u00ebdijsh\u00ebm se \u00e7far\u00eb jeni duke i b\u00ebr\u00eb qytetit ton\u00eb, a ju vret ndopak nd\u00ebrgjegje p\u00ebr ket\u00eb kolaps ekonomik n\u00eb t\u00eb cilin e keni katandis qytetin ton\u00eb!? Me siguri q\u00eb jo sepse k\u00ebt\u00eb e d\u00ebshmojn\u00eb vendimet tejet destruktive t\u00eb cilat i keni aprovua n\u00eb dy seancat e fundit t\u00eb kuvendit lokal.<\/p>\n<p>Edhe pse k\u00ebrkuam mbledhje t\u00eb jasht\u00ebzakonshme p\u00ebr situat\u00ebn kritike ne komun\u00ebn ton\u00eb, ju nuk e keni pranuar dhe p\u00ebr pika q\u00eb k\u00ebrkuam te jen\u00eb pika t\u00eb rendit te dit\u00ebs, ju si pranuat por i trajtuat si informata dhe sa p\u00ebr rikujtim ato ishin pika rreth Valdanosit, ku ju e hedhet posht\u00eb propozimin q\u00eb te zhvleft\u00ebsohet vendimi i kuvendit komunal te Ulqinit i vitit 1978, p\u00ebr marrjen e ullisht\u00ebs pasi qe nuk \u00ebsht\u00eb n\u00ebnshtruar dedikimit.<\/p>\n<p>&nbsp;<\/p>\n<p>Pika dyt\u00eb te cil\u00ebn e propozuam dhe ju e t\u00ebrhoq\u00ebt nga rendi dit\u00ebs ishte pika rreth propozim ligjit p\u00ebr riorganizim t\u00eb sistemit sh\u00ebndet\u00ebsor, me nj\u00eb fjal\u00eb, as q\u00eb na lejuat t\u00eb diskutojm\u00eb sado pak p\u00ebr ket\u00eb pik por thjesht e t\u00ebrhoq\u00ebt pa asnj\u00eb shpjegim .<\/p>\n<p>&nbsp;<\/p>\n<p>Pika tret\u00eb, edhe pse \u00ebsht\u00eb me rend\u00ebsi kruciale p\u00ebr komun\u00eb, sepse ka te bej me nj\u00eb k\u00ebrkes\u00eb d\u00ebmshp\u00ebrblimi prej 10 milion euro prej nj\u00eb grupacioni ndaj komun\u00ebs s\u00eb Ulqinit. K\u00ebrkuam q\u00eb kuvendi komunal t\u00eb marr q\u00ebndrim te prer\u00eb kundrejt k\u00ebtyre k\u00ebrkesa tejet manipuluese dhe t\u00eb cilat po q\u00eb se hulumtohet ma thell\u00eb kan\u00eb edhe karakter t\u00eb krimit t\u00eb organizuar. Propozuam q\u00eb komuna t\u00eb p\u00ebrgatitet dhe t\u00eb angazhoj avokat te mir\u00eb n\u00eb k\u00ebt\u00eb \u00e7\u00ebshtje, e jo q\u00eb k\u00ebt\u00eb l\u00ebnd\u00eb me kaq r\u00ebnd\u00ebsi ta mbroj personi i cili nuk ka eksperienc\u00eb dhe kapacitet juridik q\u00eb ta mbroj sado pak suksessh\u00ebm, por ja qe pushtetar\u00ebt mendojn\u00eb ndryshe dhe ndaj k\u00ebsaj l\u00ebnde sillen sikurse kemi te b\u00ebjm\u00eb me k\u00ebrkes\u00eb prej \u00a010 euro, e jo 10 milion euro!! Ne rregull pushtetar, por mos u hidh\u00ebroni kur qytetaret dyshojn\u00eb p\u00ebr \u201cdilla\u201d t\u00eb ndryshme, sepse me pun\u00ebn e aktveprimet tuaja ju vet i ngjallni k\u00ebto dyshime.<\/p>\n<p>&nbsp;<\/p>\n<p>Zot\u00ebrit pushtetar kishin premtime te m\u00ebdha n\u00eb lidhje me T\u00eb Mirat detare dhe \u00e7far\u00eb kan\u00eb b\u00ebr\u00eb p\u00ebr dy vite, p\u00ebrpos qe dol\u00ebn n\u00eb m\u00ebnyr\u00eb pompoze me deklarata q\u00eb \u201cgjysma e t\u00eb hollave tani do te derdhen ne Ulqin\u201d. E gjitha ajo zhurm\u00eb gjoja p\u00ebr suksesin e tyre te arritur rezultoj\u00eb me ngritjen e \u00e7mimeve 100% \u00a0nga ana e T\u00eb Mirave detare ndaj qiramarr\u00ebsve t\u00eb Ulqinit. K\u00ebshtu q\u00eb T\u00eb Mirat detare prap\u00eb se prap\u00eb te nj\u00ebjt\u00ebn shum\u00eb t\u00eb hollave vjelin nga Ulqini, nd\u00ebrsa me ngritje t\u00eb \u00e7mimeve gjoja ka plot\u00ebsuar nj\u00eb k\u00ebrkes\u00eb politike plot\u00ebsimi i s\u00eb cil\u00ebs e d\u00ebmtoj dhe r\u00ebndoj edhe m\u00eb shum\u00eb buxhetin e qytetarit.<\/p>\n<p>&nbsp;<\/p>\n<p>Pyesim zot\u00ebrit,\u00a0 ku \u00ebsht\u00eb \u201ckontrata e famshme me qytetarin\u201d me an\u00eb t\u00eb cil\u00ebs jeni drejtuar qytetar\u00ebve t\u00eb Ulqinit dhe i keni premtuar projekte p\u00ebr pun\u00ebsimin e tyre (sa p\u00ebr rikujtim keni premtuar 1500 vende pune)?<\/p>\n<p>&nbsp;<\/p>\n<p>Ku jan\u00eb ato projekte zhvillimore p\u00ebr t\u00eb cilat keni deklaruar se jan\u00eb gati dhe qe me ardhjen e juaj ne pushtet do ti nxirrni\u00a0 dhe do ti veni ne zbatim?<\/p>\n<p>&nbsp;<\/p>\n<p>Kulmi i t\u00eb gjitha aktveprimeve te nd\u00ebrmarra nga pushtetar\u00ebt ma d\u00ebmtar\u00eb ne historin\u00eb e re pluraliste ishte edhe vendimi p\u00ebr marrjen e kredis\u00eb prej\u00a0\u00a0\u00a0\u00a0\u00a0\u00a0\u00a0\u00a0\u00a0\u00a0 \u00a02 milion euro, veprim i cili \u00a0koston e ardhjes s\u00eb tyre n\u00eb pushtet e ngriti n\u00eb \u00a0\u00a0\u00a0\u00a0\u00a0\u00a0\u00a010 milion euro borxhe t\u00eb reja p\u00ebr komun\u00eb te Ulqinit. I pyesim ekspert\u00ebt a mos nuk \u00ebsht\u00eb shum\u00eb qe p\u00ebr dy vite jo te plota t\u00eb krijoni aq borxhe sa qe k\u00ebsaj komun\u00eb do ti nevojiten dekada mi kthye?<\/p>\n<p>&nbsp;<\/p>\n<p>Qe kjo fatkeq\u00ebsi mos te jet\u00eb vet, pushtetar\u00ebt aktual duke i ndej besnik\u00a0 veprimeve te veta destruktive dhe tejet d\u00ebmtare, e nd\u00ebrmarrin edhe nj\u00eb veprim tjet\u00ebr\u00a0 i cili dhe me t\u00eb cilin komuna jon\u00eb bie n\u00eb pozit\u00eb vasale kundrejt pushtetit qendror .Ket\u00eb d\u00ebm Ulqinit ja sjellin ekspert\u00ebt e famsh\u00ebm me n\u00ebnshkrimin e marr\u00ebveshjes me Ministrin e financave. Nj\u00eb marr\u00ebveshje e till\u00eb me Ministrin\u00eb e Financave nuk \u00ebsht\u00eb gj\u00eb tjet\u00ebr ve\u00e7se\u00a0 vendosja e masave te jasht\u00ebzakonshme\u00a0 te kamufluara ne \u00e7adr\u00ebn e programit p\u00ebr\u00a0 sanim.<\/p>\n<p>&nbsp;<\/p>\n<p>Edhe pse sezoni turistik nuk \u00ebsht\u00eb duke u zhvilluar si\u00e7 \u00ebsht\u00eb prit dhe se gjendja ekonomike e popullit t\u00eb Ulqinit vazhdon e rendohet, juve zot\u00ebri pushtetar ne vend q\u00eb t\u00eb merrni masa p\u00ebr zbutjen e pasojave, ju veproni t\u00eb kund\u00ebrt\u00ebn e saj, duke lejuar q\u00eb inspekcionet e profileve t\u00eb ndryshme t\u00eb nd\u00ebrmarrin ekspedita kundrejt qytetar\u00ebve tan\u00eb.<\/p>\n<p>&nbsp;<\/p>\n<p>Zot\u00ebri pushtetar, te cil\u00ebt ushtroni pushtetin si koalicion i cili funksionon si brir\u00ebt n\u00eb thes ju pyesim: <b>a jeni te vet\u00ebdijsh\u00ebm se \u00e7ka jeni duke b\u00ebr\u00eb ?!<\/b><\/p>\n<p>&nbsp;<\/p>\n<p>Ndaluni zot\u00ebri pushtetar, sepse p\u00ebr dy vite e keni pru Ulqinin ne rob\u00ebri financiare prej te cil\u00ebs as edhe iden\u00eb nuk e keni se si t\u00eb dilni.<\/p>\n<p>&nbsp;<\/p>\n<p>I drejtohemi eksperteve te famsh\u00ebm n\u00eb emrin ton\u00eb dhe\u00a0 ne em\u00ebr te qytetar\u00ebve, q\u00eb t\u00eb na kurseni prej eksperimenteve tjera, t\u00eb na kurseni prej zbatimit t\u00eb programeve t\u00eb famshme zhvillimore, sepse k\u00ebtij qytet dhe popull po i merret fryma dhe sh\u00ebndeti prej tyre.<\/p>\n<p>&nbsp;<\/p>\n<p><b>\u00a0\u00a0\u00a0\u00a0\u00a0\u00a0\u00a0\u00a0 Mendojm\u00eb dhe v\u00ebrtetojm\u00eb q\u00eb jan\u00eb pjek kushtet p\u00ebr zgjedhje te jasht\u00ebzakonshme mbas sezonit veror sepse gjendja aktuale k\u00ebrkon zgjidhje dhe se situata nuk pret. \u00a0\u00a0\u00a0\u00a0\u00a0\u00a0<\/b><\/p>\n<p><b>\u00a0<\/b><\/p>\n<p><b>\u00a0<\/b><\/p>\n<p><b>\u00a0<\/b><\/p>\n<p><b><i>\u00a0<\/i><\/b><\/p>\n<p><b><i>\u00a0\u00a0\u00a0\u00a0\u00a0\u00a0\u00a0\u00a0\u00a0\u00a0\u00a0\u00a0\u00a0\u00a0\u00a0\u00a0\u00a0\u00a0\u00a0\u00a0\u00a0\u00a0\u00a0\u00a0\u00a0\u00a0\u00a0 Sh\u00ebrbimi informativ t\u00eb UDSH-s\u00eb<\/i><\/b><\/p>\n","protected":false},"excerpt":{"rendered":"<p>UDSH muaj me radh\u00eb t\u00ebrhoqi v\u00ebrejtjen p\u00ebr situat\u00ebn e v\u00ebshtir ne komun\u00eb t\u00eb Ulqinit dhe p\u00ebr pasojat negative t\u00eb cilat po i kanosen qytetit nga nj\u00eb menaxhim tejet i dob\u00ebt dhe jo profesional nga ana e pushtetar\u00ebve aktual. Megjith\u00ebse e kishim parapar\u00eb dhe ishim te vet\u00ebdijsh\u00ebm q\u00eb kjo garnitur\u00eb\u00a0 e cila e udh\u00ebheq komun\u00ebn e [&hellip;]<\/p>\n","protected":false},"author":1,"featured_media":0,"comment_status":"closed","ping_status":"closed","sticky":false,"template":"","format":"standard","meta":{"spay_email":"","jetpack_publicize_message":"","jetpack_is_tweetstorm":false,"jetpack_publicize_feature_enabled":true},"categories":[6],"tags":[],"jetpack_publicize_connections":[],"yoast_head":"<!-- This site is optimized with the Yoast SEO plugin v19.1 - https:\/\/yoast.com\/wordpress\/plugins\/seo\/ -->\n<title>Konference per media e kryetarit t\u00eb UDSH-s\u00eb Mehmet Zenkes - Video - Lajme nga Ulqini<\/title>\n<meta name=\"description\" content=\"UDSH muaj me radh\u00eb t\u00ebrhoqi v\u00ebrejtjen p\u00ebr situat\u00ebn e v\u00ebshtir ne komun\u00eb t\u00eb Ulqinit dhe p\u00ebr pasojat negative t\u00eb cilat po i kanosen qytetit nga nj\u00eb menaxhim\" \/>\n<meta name=\"robots\" content=\"index, follow, max-snippet:-1, max-image-preview:large, max-video-preview:-1\" \/>\n<link rel=\"canonical\" href=\"https:\/\/www.visit-ulcinj.com\/blog\/2013\/07\/18\/konference-per-media-e-kryetarit-te-udsh-se-mehmet-zenkes-video\/\" \/>\n<meta property=\"og:locale\" content=\"en_US\" \/>\n<meta property=\"og:type\" content=\"article\" \/>\n<meta property=\"og:title\" content=\"Konference per media e kryetarit t\u00eb UDSH-s\u00eb Mehmet Zenkes - Video - Lajme nga Ulqini\" \/>\n<meta property=\"og:description\" content=\"UDSH muaj me radh\u00eb t\u00ebrhoqi v\u00ebrejtjen p\u00ebr situat\u00ebn e v\u00ebshtir ne komun\u00eb t\u00eb Ulqinit dhe p\u00ebr pasojat negative t\u00eb cilat po i kanosen qytetit nga nj\u00eb menaxhim\" \/>\n<meta property=\"og:url\" content=\"https:\/\/www.visit-ulcinj.com\/blog\/2013\/07\/18\/konference-per-media-e-kryetarit-te-udsh-se-mehmet-zenkes-video\/\" \/>\n<meta property=\"og:site_name\" content=\"Lajme nga Ulqini\" \/>\n<meta property=\"article:published_time\" content=\"2013-07-18T21:12:47+00:00\" \/>\n<meta property=\"article:modified_time\" content=\"2013-07-20T13:39:42+00:00\" \/>\n<meta property=\"og:image\" content=\"http:\/\/www.visit-ulcinj.com\/blog\/wp-content\/uploads\/2013\/06\/MEHMET-ZENKA-UDSH-ULQIN.jpg\" \/>\n<meta name=\"twitter:label1\" content=\"Written by\" \/>\n\t<meta name=\"twitter:data1\" content=\"ulqini\" \/>\n\t<meta name=\"twitter:label2\" content=\"Est. reading time\" \/>\n\t<meta name=\"twitter:data2\" content=\"6 minutes\" \/>\n<script type=\"application\/ld+json\" class=\"yoast-schema-graph\">{\"@context\":\"https:\/\/schema.org\",\"@graph\":[{\"@type\":\"WebSite\",\"@id\":\"https:\/\/www.visit-ulcinj.com\/blog\/#website\",\"url\":\"https:\/\/www.visit-ulcinj.com\/blog\/\",\"name\":\"Lajme nga Ulqini\",\"description\":\"Lajme,Vijesti,Ulqini,Ulqin,Crna Gora,Mali i Zi\",\"potentialAction\":[{\"@type\":\"SearchAction\",\"target\":{\"@type\":\"EntryPoint\",\"urlTemplate\":\"https:\/\/www.visit-ulcinj.com\/blog\/?s={search_term_string}\"},\"query-input\":\"required name=search_term_string\"}],\"inLanguage\":\"en-US\"},{\"@type\":\"ImageObject\",\"inLanguage\":\"en-US\",\"@id\":\"https:\/\/www.visit-ulcinj.com\/blog\/2013\/07\/18\/konference-per-media-e-kryetarit-te-udsh-se-mehmet-zenkes-video\/#primaryimage\",\"url\":\"https:\/\/www.visit-ulcinj.com\/blog\/wp-content\/uploads\/2013\/06\/MEHMET-ZENKA-UDSH-ULQIN.jpg\",\"contentUrl\":\"https:\/\/www.visit-ulcinj.com\/blog\/wp-content\/uploads\/2013\/06\/MEHMET-ZENKA-UDSH-ULQIN.jpg\",\"width\":960,\"height\":856},{\"@type\":\"WebPage\",\"@id\":\"https:\/\/www.visit-ulcinj.com\/blog\/2013\/07\/18\/konference-per-media-e-kryetarit-te-udsh-se-mehmet-zenkes-video\/#webpage\",\"url\":\"https:\/\/www.visit-ulcinj.com\/blog\/2013\/07\/18\/konference-per-media-e-kryetarit-te-udsh-se-mehmet-zenkes-video\/\",\"name\":\"Konference per media e kryetarit t\u00eb UDSH-s\u00eb Mehmet Zenkes - Video - Lajme nga Ulqini\",\"isPartOf\":{\"@id\":\"https:\/\/www.visit-ulcinj.com\/blog\/#website\"},\"primaryImageOfPage\":{\"@id\":\"https:\/\/www.visit-ulcinj.com\/blog\/2013\/07\/18\/konference-per-media-e-kryetarit-te-udsh-se-mehmet-zenkes-video\/#primaryimage\"},\"datePublished\":\"2013-07-18T21:12:47+00:00\",\"dateModified\":\"2013-07-20T13:39:42+00:00\",\"author\":{\"@id\":\"https:\/\/www.visit-ulcinj.com\/blog\/#\/schema\/person\/dcab619c614d3038751c63bc2aadc06d\"},\"description\":\"UDSH muaj me radh\u00eb t\u00ebrhoqi v\u00ebrejtjen p\u00ebr situat\u00ebn e v\u00ebshtir ne komun\u00eb t\u00eb Ulqinit dhe p\u00ebr pasojat negative t\u00eb cilat po i kanosen qytetit nga nj\u00eb menaxhim\",\"breadcrumb\":{\"@id\":\"https:\/\/www.visit-ulcinj.com\/blog\/2013\/07\/18\/konference-per-media-e-kryetarit-te-udsh-se-mehmet-zenkes-video\/#breadcrumb\"},\"inLanguage\":\"en-US\",\"potentialAction\":[{\"@type\":\"ReadAction\",\"target\":[\"https:\/\/www.visit-ulcinj.com\/blog\/2013\/07\/18\/konference-per-media-e-kryetarit-te-udsh-se-mehmet-zenkes-video\/\"]}]},{\"@type\":\"BreadcrumbList\",\"@id\":\"https:\/\/www.visit-ulcinj.com\/blog\/2013\/07\/18\/konference-per-media-e-kryetarit-te-udsh-se-mehmet-zenkes-video\/#breadcrumb\",\"itemListElement\":[{\"@type\":\"ListItem\",\"position\":1,\"name\":\"Konference per media e kryetarit t\u00eb UDSH-s\u00eb Mehmet Zenkes &#8211; Video\"}]},{\"@type\":\"Person\",\"@id\":\"https:\/\/www.visit-ulcinj.com\/blog\/#\/schema\/person\/dcab619c614d3038751c63bc2aadc06d\",\"name\":\"ulqini\",\"sameAs\":[\"http:\/\/www.visit-ulcinj.com\"],\"url\":\"https:\/\/www.visit-ulcinj.com\/blog\/author\/admin\/\"}]}<\/script>\n<!-- \/ Yoast SEO plugin. -->","yoast_head_json":{"title":"Konference per media e kryetarit t\u00eb UDSH-s\u00eb Mehmet Zenkes - Video - Lajme nga Ulqini","description":"UDSH muaj me radh\u00eb t\u00ebrhoqi v\u00ebrejtjen p\u00ebr situat\u00ebn e v\u00ebshtir ne komun\u00eb t\u00eb Ulqinit dhe p\u00ebr pasojat negative t\u00eb cilat po i kanosen qytetit nga nj\u00eb menaxhim","robots":{"index":"index","follow":"follow","max-snippet":"max-snippet:-1","max-image-preview":"max-image-preview:large","max-video-preview":"max-video-preview:-1"},"canonical":"https:\/\/www.visit-ulcinj.com\/blog\/2013\/07\/18\/konference-per-media-e-kryetarit-te-udsh-se-mehmet-zenkes-video\/","og_locale":"en_US","og_type":"article","og_title":"Konference per media e kryetarit t\u00eb UDSH-s\u00eb Mehmet Zenkes - Video - Lajme nga Ulqini","og_description":"UDSH muaj me radh\u00eb t\u00ebrhoqi v\u00ebrejtjen p\u00ebr situat\u00ebn e v\u00ebshtir ne komun\u00eb t\u00eb Ulqinit dhe p\u00ebr pasojat negative t\u00eb cilat po i kanosen qytetit nga nj\u00eb menaxhim","og_url":"https:\/\/www.visit-ulcinj.com\/blog\/2013\/07\/18\/konference-per-media-e-kryetarit-te-udsh-se-mehmet-zenkes-video\/","og_site_name":"Lajme nga Ulqini","article_published_time":"2013-07-18T21:12:47+00:00","article_modified_time":"2013-07-20T13:39:42+00:00","og_image":[{"url":"http:\/\/www.visit-ulcinj.com\/blog\/wp-content\/uploads\/2013\/06\/MEHMET-ZENKA-UDSH-ULQIN.jpg"}],"twitter_misc":{"Written by":"ulqini","Est. reading time":"6 minutes"},"schema":{"@context":"https:\/\/schema.org","@graph":[{"@type":"WebSite","@id":"https:\/\/www.visit-ulcinj.com\/blog\/#website","url":"https:\/\/www.visit-ulcinj.com\/blog\/","name":"Lajme nga Ulqini","description":"Lajme,Vijesti,Ulqini,Ulqin,Crna Gora,Mali i Zi","potentialAction":[{"@type":"SearchAction","target":{"@type":"EntryPoint","urlTemplate":"https:\/\/www.visit-ulcinj.com\/blog\/?s={search_term_string}"},"query-input":"required name=search_term_string"}],"inLanguage":"en-US"},{"@type":"ImageObject","inLanguage":"en-US","@id":"https:\/\/www.visit-ulcinj.com\/blog\/2013\/07\/18\/konference-per-media-e-kryetarit-te-udsh-se-mehmet-zenkes-video\/#primaryimage","url":"https:\/\/www.visit-ulcinj.com\/blog\/wp-content\/uploads\/2013\/06\/MEHMET-ZENKA-UDSH-ULQIN.jpg","contentUrl":"https:\/\/www.visit-ulcinj.com\/blog\/wp-content\/uploads\/2013\/06\/MEHMET-ZENKA-UDSH-ULQIN.jpg","width":960,"height":856},{"@type":"WebPage","@id":"https:\/\/www.visit-ulcinj.com\/blog\/2013\/07\/18\/konference-per-media-e-kryetarit-te-udsh-se-mehmet-zenkes-video\/#webpage","url":"https:\/\/www.visit-ulcinj.com\/blog\/2013\/07\/18\/konference-per-media-e-kryetarit-te-udsh-se-mehmet-zenkes-video\/","name":"Konference per media e kryetarit t\u00eb UDSH-s\u00eb Mehmet Zenkes - Video - Lajme nga Ulqini","isPartOf":{"@id":"https:\/\/www.visit-ulcinj.com\/blog\/#website"},"primaryImageOfPage":{"@id":"https:\/\/www.visit-ulcinj.com\/blog\/2013\/07\/18\/konference-per-media-e-kryetarit-te-udsh-se-mehmet-zenkes-video\/#primaryimage"},"datePublished":"2013-07-18T21:12:47+00:00","dateModified":"2013-07-20T13:39:42+00:00","author":{"@id":"https:\/\/www.visit-ulcinj.com\/blog\/#\/schema\/person\/dcab619c614d3038751c63bc2aadc06d"},"description":"UDSH muaj me radh\u00eb t\u00ebrhoqi v\u00ebrejtjen p\u00ebr situat\u00ebn e v\u00ebshtir ne komun\u00eb t\u00eb Ulqinit dhe p\u00ebr pasojat negative t\u00eb cilat po i kanosen qytetit nga nj\u00eb menaxhim","breadcrumb":{"@id":"https:\/\/www.visit-ulcinj.com\/blog\/2013\/07\/18\/konference-per-media-e-kryetarit-te-udsh-se-mehmet-zenkes-video\/#breadcrumb"},"inLanguage":"en-US","potentialAction":[{"@type":"ReadAction","target":["https:\/\/www.visit-ulcinj.com\/blog\/2013\/07\/18\/konference-per-media-e-kryetarit-te-udsh-se-mehmet-zenkes-video\/"]}]},{"@type":"BreadcrumbList","@id":"https:\/\/www.visit-ulcinj.com\/blog\/2013\/07\/18\/konference-per-media-e-kryetarit-te-udsh-se-mehmet-zenkes-video\/#breadcrumb","itemListElement":[{"@type":"ListItem","position":1,"name":"Konference per media e kryetarit t\u00eb UDSH-s\u00eb Mehmet Zenkes &#8211; Video"}]},{"@type":"Person","@id":"https:\/\/www.visit-ulcinj.com\/blog\/#\/schema\/person\/dcab619c614d3038751c63bc2aadc06d","name":"ulqini","sameAs":["http:\/\/www.visit-ulcinj.com"],"url":"https:\/\/www.visit-ulcinj.com\/blog\/author\/admin\/"}]}},"jetpack_featured_media_url":"","jetpack_sharing_enabled":true,"jetpack_shortlink":"https:\/\/wp.me\/pe6lTn-j6n","_links":{"self":[{"href":"https:\/\/www.visit-ulcinj.com\/blog\/wp-json\/wp\/v2\/posts\/73431"}],"collection":[{"href":"https:\/\/www.visit-ulcinj.com\/blog\/wp-json\/wp\/v2\/posts"}],"about":[{"href":"https:\/\/www.visit-ulcinj.com\/blog\/wp-json\/wp\/v2\/types\/post"}],"author":[{"embeddable":true,"href":"https:\/\/www.visit-ulcinj.com\/blog\/wp-json\/wp\/v2\/users\/1"}],"replies":[{"embeddable":true,"href":"https:\/\/www.visit-ulcinj.com\/blog\/wp-json\/wp\/v2\/comments?post=73431"}],"version-history":[{"count":9,"href":"https:\/\/www.visit-ulcinj.com\/blog\/wp-json\/wp\/v2\/posts\/73431\/revisions"}],"predecessor-version":[{"id":73506,"href":"https:\/\/www.visit-ulcinj.com\/blog\/wp-json\/wp\/v2\/posts\/73431\/revisions\/73506"}],"wp:attachment":[{"href":"https:\/\/www.visit-ulcinj.com\/blog\/wp-json\/wp\/v2\/media?parent=73431"}],"wp:term":[{"taxonomy":"category","embeddable":true,"href":"https:\/\/www.visit-ulcinj.com\/blog\/wp-json\/wp\/v2\/categories?post=73431"},{"taxonomy":"post_tag","embeddable":true,"href":"https:\/\/www.visit-ulcinj.com\/blog\/wp-json\/wp\/v2\/tags?post=73431"}],"curies":[{"name":"wp","href":"https:\/\/api.w.org\/{rel}","templated":true}]}}