{"id":73434,"date":"2013-07-19T07:42:40","date_gmt":"2013-07-19T06:42:40","guid":{"rendered":"http:\/\/www.visit-ulcinj.com\/blog\/?p=73434"},"modified":"2013-07-19T23:28:01","modified_gmt":"2013-07-19T22:28:01","slug":"rikthehet-pasiguria-rrugeve-te-shqiperise","status":"publish","type":"post","link":"https:\/\/www.visit-ulcinj.com\/blog\/2013\/07\/19\/rikthehet-pasiguria-rrugeve-te-shqiperise\/","title":{"rendered":"Rikthehet pasiguria rrug\u00ebve t\u00eb Shqip\u00ebris\u00eb!"},"content":{"rendered":"<p><em><strong><a href=\"http:\/\/www.visit-ulcinj.com\/blog\/wp-content\/uploads\/2013\/07\/Kriminali-ne-rruge.jpg\"><img loading=\"lazy\" class=\"alignleft  wp-image-73435\" alt=\"Kriminali ne rruge\" src=\"http:\/\/www.visit-ulcinj.com\/blog\/wp-content\/uploads\/2013\/07\/Kriminali-ne-rruge.jpg\" width=\"508\" height=\"360\" \/><\/a>Nga Valmira Halimi <\/strong><\/em><\/p>\n<p>Rastet e fundit t\u00eb pla\u00e7kitjeve t\u00eb udh\u00ebtar\u00ebve, madje edhe n\u00eb Rrug\u00ebn e Kombit dhe thyerja e xhamave t\u00eb autobus\u00ebve kosovar\u00eb, kan\u00eb rikthyer n\u00eb kujtes\u00eb koh\u00ebn e anarkis\u00eb dhe t\u00eb bandave q\u00eb nuk ta l\u00ebnin vendin vend. Policia e shtetit shqiptar garanton p\u00ebr sigurin\u00eb e rrug\u00ebve p\u00ebrkund\u00ebr faktit q\u00eb incidentet po p\u00ebrs\u00ebriten edhe dit\u00ebve t\u00eb fundit. Sipas tyre,kjo m\u00eb shum\u00eb \u00ebsht\u00eb nj\u00eb propagand\u00eb mediatike se sa situat\u00eb reale. Ata zotohen se shteti do t\u2019u ofroj\u00eb siguri edhe m\u00eb t\u00eb madhe turist\u00ebve, n\u00eb ve\u00e7anti atyre nga Kosova.<\/p>\n<p>Qamil Sadikaj, nga Policia Rrugore e Shqip\u00ebris\u00eb, deklaroi p\u00ebr gazet\u00ebn \u201c Z\u00ebri\u201d se incidentet q\u00eb kan\u00eb ndodhur dit\u00ebve t\u00eb fundit n\u00ebp\u00ebr rrug\u00ebt e Shqip\u00ebris\u00eb jan\u00eb b\u00ebr\u00eb m\u00eb shum\u00eb propagand\u00eb mediatike.\u201c Nuk e di p\u00ebrse \u00ebsht\u00eb b\u00ebr\u00eb kaq shum\u00eb buj\u00eb n\u00ebp\u00ebr media p\u00ebr k\u00ebt\u00eb pun\u00eb. N\u00eb t\u00eb gjitha rrug\u00ebt e vendit ka siguri t\u00eb mjaftueshme. Jan\u00eb marr\u00eb t\u00eb gjitha masat. Pa frik\u00eb fare ejani n\u00eb Shqip\u00ebri\u201d, ka deklaruar Sadikaj.<\/p>\n<p>Po ashtu edhe nga zyra e Sekretariatit t\u00eb P\u00ebrgjithsh\u00ebm t\u00eb Policis\u00eb Shqiptare kan\u00eb deklaruar se qytetar\u00ebt nga Kosova mund t\u00eb l\u00ebvizin pa frik\u00eb n\u00ebp\u00ebr rrug\u00ebt e Shqip\u00ebris\u00eb.\u201c Policia shqiptare, pas ngjarjeve t\u00eb fundit, ka marr\u00eb masa m\u00eb t\u00eb rrepta p\u00ebr t\u00eb gjith\u00eb vendin, k\u00ebshtu q\u00eb mund t\u00eb l\u00ebvizni pa problem\u201d, deklaroi dje nj\u00eb zonj\u00eb nga kjo zyr\u00eb, e cila nuk deshi t\u00eb prezantohej.<\/p>\n<p><strong>Frik\u00eb, sidomos t\u00eb udh\u00ebtosh nat\u00ebn !<\/strong><\/p>\n<p>P\u00ebrkund\u00ebr zotimeve t\u00eb Policis\u00eb Shqiptare, qytetar\u00ebt e Kosov\u00ebs ngurrojn\u00eb t\u00eb udh\u00ebtojn\u00eb drejt bregdetit shqiptar.\u201c E kam n\u00eb plan q\u00eb k\u00ebt\u00eb jav\u00eb t\u00eb nisem p\u00ebr n\u00eb pushim, por pasi q\u00eb i pash\u00eb n\u00eb televizor k\u00ebto ndodhit\u00eb e fundit, jam n\u00eb m\u00ebdyshje, t\u00eb nisem apo ta anuloj. Thjesht\u00eb, p\u00ebr shkak t\u00eb siguris\u00eb. Kisha planifikuar q\u00eb t\u00eb nisem me vetur\u00eb s\u00eb bashku me dy shoqe. Por tash po kam frik\u00eb p\u00ebr shkak t\u00eb sulmeve dhe m\u00eb e keqja \u00ebsht\u00eb se nuk ke se ku t\u00eb drejtohesh. Nuk e di, ky bashk\u00ebpunimi i Policis\u00eb s\u00eb Kosov\u00ebs dhe asaj t\u00eb Shqip\u00ebris\u00eb \u00ebsht\u00eb b\u00ebr\u00eb vet\u00ebm p\u00ebr t\u00eb shqiptuar gjoba apo p\u00ebr sigurin\u00eb e qytetar\u00ebve\u201d, thot\u00eb prishtinasja H.L.<\/p>\n<p>T\u00eb nj\u00ebjt\u00ebn breng\u00eb e ka edhe qytetarja Merita Visoka, e cila ka ardhur nga Gjermania dhe ka planifikuar q\u00eb pushimet t\u2019i kaloj\u00eb n\u00eb bregdetin shqiptar.<br \/>\n\u201c Kam ardh\u00eb nga Gjermani me shpres\u00ebn q\u00eb me i kalue pushimet n\u00eb Shqip\u00ebri, por tash q\u00eb po i d\u00ebgjoj k\u00ebto lajme q\u00eb udh\u00ebtar\u00ebt jan\u00eb duke u pla\u00e7kitur n\u00ebp\u00ebr rrug\u00ebt e Shqip\u00ebris\u00eb, zor se mund t\u00eb shkoj. Thjesht\u00eb kam frik\u00eb se nuk ndihem e sigurt q\u00eb t\u00eb udh\u00ebtoj, e aq m\u00eb pak t\u00eb shkoj p\u00ebr pushime atje\u201d, \u00ebsht\u00eb shprehur e shqet\u00ebsuar ajo.<\/p>\n<p>Por jo t\u00eb gjith\u00eb jan\u00eb kaq \u201cfrikacak\u00eb\u201d. T\u00eb kund\u00ebrt\u00ebn e mendon Besart Morina. \u201c Un\u00eb nga mesi i gushtit e kom planifiku me shku n\u00eb Durr\u00ebs edhe kom me shku. Nuk besoj q\u00eb ka me pas ndonj\u00eb rrezik n\u00ebp\u00ebr rrug\u00eb, pasi q\u00eb tani edhe Policia e Kosov\u00ebs \u00ebsht\u00eb e pranishme n\u00ebp\u00ebr autostrad\u00eb dhe kjo, personalisht mua m\u00eb jep m\u00eb shum\u00eb siguri\u201d, thot\u00eb ai.<\/p>\n<p><strong>Qeveria nuk b\u00ebn asgj\u00eb p\u00ebr sigurin\u00eb e qytetar\u00ebve t\u00eb saj<\/strong><\/p>\n<p>Ndon\u00ebse shumica e turist\u00ebve q\u00eb ia m\u00ebsyjn\u00eb bregdetit shqiptar jan\u00eb m\u00ebrgimtar\u00eb nga Kosova, Ministria e Diaspor\u00ebs n\u00eb Kosov\u00eb d\u00ebnon k\u00ebto incidente q\u00eb kan\u00eb ndodhur dit\u00ebve t\u00eb fundit n\u00eb Shqip\u00ebri, por kjo Ministri nuk dihet t\u00eb ket\u00eb b\u00ebr\u00eb di\u00e7ka, ndonj\u00eb marr\u00ebveshje apo zgjidhje me organet gjegj\u00ebse t\u00eb siguris\u00eb n\u00eb Shqip\u00ebri.<\/p>\n<p>\u201cMinistria e Diaspor\u00ebs ka kontaktuar me organet kompetente p\u00ebr k\u00ebt\u00eb shqet\u00ebsim dhe ka k\u00ebrkuar q\u00eb t\u00eb rriten masat e siguris\u00eb, t\u00eb leht\u00ebsohet qarkullimi i udh\u00ebtareve n\u00eb kufi n\u00eb m\u00ebnyr\u00eb q\u00eb m\u00ebrgimtar\u00ebt tan\u00eb t\u00eb mos presin gjat\u00eb p\u00ebr t\u00eb kaluar kufirin. Po ashtu, Ministria i ka njoftuar m\u00ebrgimtar\u00ebt q\u00eb p\u00ebr \u00e7do problem q\u00eb kan\u00eb gjat\u00eb udh\u00ebtimit dhe q\u00ebndrimit n\u00eb Kosov\u00eb, t\u00eb njoftojn\u00eb Ministrin\u00eb dhe ne do t\u00eb mundohemi t\u00eb b\u00ebjm\u00eb zgjidhje\u201d, ka deklaruar Besim Berisha, zyrtar p\u00ebr informim n\u00eb Ministrin\u00eb e Diaspor\u00ebs.<\/p>\n<p>Lidhur me k\u00ebt\u00eb, Baki Kelani, z\u00ebdh\u00ebn\u00ebs i Policis\u00eb s\u00eb Kosov\u00ebs, thot\u00eb se Policia e Kosov\u00ebs \u00ebsht\u00eb n\u00eb dijeni p\u00ebr incidentet q\u00eb kan\u00eb ndodhur koh\u00ebve t\u00eb fundit dhe se, sipas tij, \u00ebsht\u00eb k\u00ebrkuar shtim i masave t\u00eb siguris\u00eb n\u00eb pjes\u00ebt ku kan\u00eb ndodhur incidentet.<\/p>\n<p>\u201c Po ashtu kemi k\u00ebrkuare nga autoritetet policore t\u00eb Shqip\u00ebris\u00eb nj\u00ebkoh\u00ebsisht q\u00eb t\u00eb rriten masat e siguris\u00eb n\u00eb ato lokacione ku kryesisht kan\u00eb ndodhur incidentet. Policia e Kosov\u00ebs vazhdon t\u00eb jet\u00eb prezente n\u00eb kuad\u00ebr t\u00eb marr\u00ebveshjes q\u00eb ka me Policin\u00eb e shtetit shqiptar, me q\u00ebllim t\u00eb ofrimit t\u00eb m\u00ebtutjesh\u00ebm t\u00eb siguris\u00eb, kryesisht siguris\u00eb n\u00eb komunikacionin rrugor p\u00ebr t\u00eb gjith\u00eb qytetar\u00ebt e Republik\u00ebs s\u00eb Kosov\u00ebs q\u00eb kalojn\u00eb n\u00eb at\u00eb pjes\u00eb\u201d, ka deklaruar Kelani.<\/p>\n<p>Gazeta po ashtu gjat\u00eb dit\u00ebs dje ka tentuar t\u00eb siguroj\u00eb nj\u00eb p\u00ebrgjigje nga Ministria e Pun\u00ebve t\u00eb Jashtme e Kosov\u00ebs (MPJ), n\u00ebse kjo ministri ka arritur q\u00eb t\u00eb kontaktoj\u00eb me organet kompetente t\u00eb Shqip\u00ebris\u00eb dhe t\u00eb k\u00ebrkoj\u00eb siguri m\u00eb t\u00eb madhe p\u00ebr qytetar\u00ebt e Kosov\u00ebs, por kjo ka qen\u00eb e pamundur. Edhe pse na \u00ebsht\u00eb premtuar nj\u00eb p\u00ebrgjigje nga MPJ-ja, zyrtar\u00eb t\u00eb saj nuk jan\u00eb p\u00ebrgjigjur p\u00ebr gazet\u00ebn.<br \/>\nRreth shqet\u00ebsimeve t\u00eb ngritura, Mentor Vrajolli, nga Qendra Kosovare p\u00ebr \u00c7\u00ebshtje t\u00eb Siguris\u00eb,i ka th\u00ebn\u00eb \u201cZ\u00ebrit\u201d se autoritetet kosovare duhet t\u00eb b\u00ebjn\u00eb m\u00eb shum\u00eb p\u00ebr sigurin\u00eb e qytetar\u00ebve t\u00eb vet. Qytetar\u00ebt e Kosov\u00ebs ndihen t\u00eb frik\u00ebsuar p\u00ebr arsye se edhe pse po ndodhin k\u00ebto incidente autor\u00ebt ende nuk jan\u00eb kapur.<\/p>\n<p>\u201c Faktikisht, un\u00eb p\u00ebr vete ndihem i pasigurt n\u00eb at\u00eb pjes\u00eb n\u00eb qoft\u00eb se organet e rendit dhe ligjit n\u00eb Shqip\u00ebri nuk i kapin k\u00ebta kryes t\u00eb veprave kriminale. Besoj q\u00eb kjo do t\u00eb ket\u00eb impakt p\u00ebr qytetar\u00ebt e Kosov\u00ebs, p\u00ebrderisa k\u00ebta persona, t\u00eb pakt\u00ebn nj\u00eb pjes\u00eb e tyre nuk vihen para drejt\u00ebsis\u00eb\u201d, tha Vrajolli. Sipas tij, Qeveria e Kosov\u00ebs do t\u00eb duhej t\u00eb ishte m\u00eb e vendosur me k\u00ebrkesat e saj dhe n\u00eb nj\u00ebfar\u00eb forme ta kusht\u00ebzoj\u00eb shkuarjen e turit\u00ebve kosovar\u00eb n\u00eb bregdetin shqiptar me sigurin\u00eb e tyre.<\/p>\n<p>\u201c Qeveria e Kosov\u00ebs, madje, duhet t\u00eb marr\u00eb edhe fushata informuese ndaj qytetar\u00ebve t\u00eb Kosov\u00ebs q\u00eb t\u00eb jen\u00eb m\u00eb vigjilent\u00eb n\u00eb rast t\u00eb shkuarjes n\u00eb Shqip\u00ebri p\u00ebr turiz\u00ebm, e sidomos duhet t\u00eb identifikohen pikat apo akset ku ka m\u00eb shum\u00eb rrezik nga bandat kriminale apo ku ka patrollim m\u00eb t\u00eb vog\u00ebl policor, me q\u00ebllim q\u00eb t\u2019iu shmangen k\u00ebtyre incidenteve mjaft t\u00eb rrezikshme \u201d, ka deklaruar Vrajolli.<\/p>\n<p><strong>Kompanit\u00eb turistike, nuk ka r\u00ebnie t\u00eb numrit t\u00eb k\u00ebrkesave<\/strong><\/p>\n<p>Ruzhdi Kurtishaj, drejtor i nj\u00ebr\u00ebs nga kompanit\u00eb e autobus\u00ebve n\u00eb Prishtin\u00eb, i ka th\u00ebn\u00eb dje gazet\u00ebs se zvog\u00eblimi i k\u00ebrkesave p\u00ebr udh\u00ebtim ka nisur q\u00eb nga fillimi muajit t\u00eb Ramazanit, m\u00eb 8 korrik, por k\u00ebto dit\u00ebve t\u00eb fundit nuk \u00ebsht\u00eb hetuar gj\u00eb.<\/p>\n<p>\u201c Q\u00eb nga fillimi i ramazanit jan\u00eb ulur k\u00ebrkesat e qytetar\u00ebve p\u00ebr pushime n\u00eb Shqip\u00ebri. Por, sa i p\u00ebrket incidenteve q\u00eb kan\u00eb duke ndodhur dit\u00ebve t\u00eb fundit n\u00eb Shqip\u00ebri, nuk shihet se ka pasur ndonj\u00eb ndikimin.. Sot (dje), n\u00eb m\u00ebngjes jan\u00eb nisur autobus\u00ebt plot\u00eb me udh\u00ebtar\u00eb p\u00ebr n\u00eb Durr\u00ebs, Velipoj\u00eb, Sarand\u00eb, Vlor\u00eb e Ulqin, pa asnj\u00eb problem\u201d,ka treguar Kurtishaj.<\/p>\n<p>T\u00eb nj\u00ebjt\u00ebn gj\u00eb e thot\u00eb edhe Sefedin Bekteshi drejtor i nj\u00eb kompanie tjet\u00ebr turistike, sipas t\u00eb cilit k\u00ebrkesat p\u00ebr t\u00eb udh\u00ebtuar n\u00eb bregdetin shqiptar jan\u00eb t\u00eb njejta.\u201c K\u00ebto dit\u00eb nuk ka pasur r\u00ebnie t\u00eb udh\u00ebtar\u00ebve. K\u00ebrkesat jan\u00eb t\u00eb nj\u00ebjta si\u00e7 kan\u00eb qen\u00eb edhe n\u00eb dit\u00ebt e kaluara. Nuk \u00ebsht\u00eb v\u00ebrejtur ndonj\u00eb ndryshim\u201d, thot\u00eb ai.<\/p>\n<p><strong>Zeri<\/strong><\/p>\n","protected":false},"excerpt":{"rendered":"<p>Nga Valmira Halimi Rastet e fundit t\u00eb pla\u00e7kitjeve t\u00eb udh\u00ebtar\u00ebve, madje edhe n\u00eb Rrug\u00ebn e Kombit dhe thyerja e xhamave t\u00eb autobus\u00ebve kosovar\u00eb, kan\u00eb rikthyer n\u00eb kujtes\u00eb koh\u00ebn e anarkis\u00eb dhe t\u00eb bandave q\u00eb nuk ta l\u00ebnin vendin vend. Policia e shtetit shqiptar garanton p\u00ebr sigurin\u00eb e rrug\u00ebve p\u00ebrkund\u00ebr faktit q\u00eb incidentet po p\u00ebrs\u00ebriten edhe [&hellip;]<\/p>\n","protected":false},"author":1,"featured_media":0,"comment_status":"closed","ping_status":"closed","sticky":false,"template":"","format":"standard","meta":{"spay_email":"","jetpack_publicize_message":"","jetpack_is_tweetstorm":false,"jetpack_publicize_feature_enabled":true},"categories":[1,14],"tags":[],"jetpack_publicize_connections":[],"yoast_head":"<!-- This site is optimized with the Yoast SEO plugin v19.1 - https:\/\/yoast.com\/wordpress\/plugins\/seo\/ -->\n<title>Rikthehet pasiguria rrug\u00ebve t\u00eb Shqip\u00ebris\u00eb! - Lajme nga Ulqini<\/title>\n<meta name=\"description\" content=\"Nga Valmira Halimi Rastet e fundit t\u00eb pla\u00e7kitjeve t\u00eb udh\u00ebtar\u00ebve, madje edhe n\u00eb Rrug\u00ebn e Kombit dhe thyerja e xhamave t\u00eb autobus\u00ebve kosovar\u00eb, kan\u00eb rikthyer\" \/>\n<meta name=\"robots\" content=\"index, follow, max-snippet:-1, max-image-preview:large, max-video-preview:-1\" \/>\n<link rel=\"canonical\" href=\"https:\/\/www.visit-ulcinj.com\/blog\/2013\/07\/19\/rikthehet-pasiguria-rrugeve-te-shqiperise\/\" \/>\n<meta property=\"og:locale\" content=\"en_US\" \/>\n<meta property=\"og:type\" content=\"article\" \/>\n<meta property=\"og:title\" content=\"Rikthehet pasiguria rrug\u00ebve t\u00eb Shqip\u00ebris\u00eb! - Lajme nga Ulqini\" \/>\n<meta property=\"og:description\" content=\"Nga Valmira Halimi Rastet e fundit t\u00eb pla\u00e7kitjeve t\u00eb udh\u00ebtar\u00ebve, madje edhe n\u00eb Rrug\u00ebn e Kombit dhe thyerja e xhamave t\u00eb autobus\u00ebve kosovar\u00eb, kan\u00eb rikthyer\" \/>\n<meta property=\"og:url\" content=\"https:\/\/www.visit-ulcinj.com\/blog\/2013\/07\/19\/rikthehet-pasiguria-rrugeve-te-shqiperise\/\" \/>\n<meta property=\"og:site_name\" content=\"Lajme nga Ulqini\" \/>\n<meta property=\"article:published_time\" content=\"2013-07-19T06:42:40+00:00\" \/>\n<meta property=\"article:modified_time\" content=\"2013-07-19T22:28:01+00:00\" \/>\n<meta property=\"og:image\" content=\"http:\/\/www.visit-ulcinj.com\/blog\/wp-content\/uploads\/2013\/07\/Kriminali-ne-rruge.jpg\" \/>\n<meta name=\"twitter:label1\" content=\"Written by\" \/>\n\t<meta name=\"twitter:data1\" content=\"ulqini\" \/>\n\t<meta name=\"twitter:label2\" content=\"Est. reading time\" \/>\n\t<meta name=\"twitter:data2\" content=\"7 minutes\" \/>\n<script type=\"application\/ld+json\" class=\"yoast-schema-graph\">{\"@context\":\"https:\/\/schema.org\",\"@graph\":[{\"@type\":\"WebSite\",\"@id\":\"https:\/\/www.visit-ulcinj.com\/blog\/#website\",\"url\":\"https:\/\/www.visit-ulcinj.com\/blog\/\",\"name\":\"Lajme nga Ulqini\",\"description\":\"Lajme,Vijesti,Ulqini,Ulqin,Crna Gora,Mali i Zi\",\"potentialAction\":[{\"@type\":\"SearchAction\",\"target\":{\"@type\":\"EntryPoint\",\"urlTemplate\":\"https:\/\/www.visit-ulcinj.com\/blog\/?s={search_term_string}\"},\"query-input\":\"required name=search_term_string\"}],\"inLanguage\":\"en-US\"},{\"@type\":\"ImageObject\",\"inLanguage\":\"en-US\",\"@id\":\"https:\/\/www.visit-ulcinj.com\/blog\/2013\/07\/19\/rikthehet-pasiguria-rrugeve-te-shqiperise\/#primaryimage\",\"url\":\"https:\/\/www.visit-ulcinj.com\/blog\/wp-content\/uploads\/2013\/07\/Kriminali-ne-rruge.jpg\",\"contentUrl\":\"https:\/\/www.visit-ulcinj.com\/blog\/wp-content\/uploads\/2013\/07\/Kriminali-ne-rruge.jpg\",\"width\":900,\"height\":522},{\"@type\":\"WebPage\",\"@id\":\"https:\/\/www.visit-ulcinj.com\/blog\/2013\/07\/19\/rikthehet-pasiguria-rrugeve-te-shqiperise\/#webpage\",\"url\":\"https:\/\/www.visit-ulcinj.com\/blog\/2013\/07\/19\/rikthehet-pasiguria-rrugeve-te-shqiperise\/\",\"name\":\"Rikthehet pasiguria rrug\u00ebve t\u00eb Shqip\u00ebris\u00eb! - Lajme nga Ulqini\",\"isPartOf\":{\"@id\":\"https:\/\/www.visit-ulcinj.com\/blog\/#website\"},\"primaryImageOfPage\":{\"@id\":\"https:\/\/www.visit-ulcinj.com\/blog\/2013\/07\/19\/rikthehet-pasiguria-rrugeve-te-shqiperise\/#primaryimage\"},\"datePublished\":\"2013-07-19T06:42:40+00:00\",\"dateModified\":\"2013-07-19T22:28:01+00:00\",\"author\":{\"@id\":\"https:\/\/www.visit-ulcinj.com\/blog\/#\/schema\/person\/dcab619c614d3038751c63bc2aadc06d\"},\"description\":\"Nga Valmira Halimi Rastet e fundit t\u00eb pla\u00e7kitjeve t\u00eb udh\u00ebtar\u00ebve, madje edhe n\u00eb Rrug\u00ebn e Kombit dhe thyerja e xhamave t\u00eb autobus\u00ebve kosovar\u00eb, kan\u00eb rikthyer\",\"breadcrumb\":{\"@id\":\"https:\/\/www.visit-ulcinj.com\/blog\/2013\/07\/19\/rikthehet-pasiguria-rrugeve-te-shqiperise\/#breadcrumb\"},\"inLanguage\":\"en-US\",\"potentialAction\":[{\"@type\":\"ReadAction\",\"target\":[\"https:\/\/www.visit-ulcinj.com\/blog\/2013\/07\/19\/rikthehet-pasiguria-rrugeve-te-shqiperise\/\"]}]},{\"@type\":\"BreadcrumbList\",\"@id\":\"https:\/\/www.visit-ulcinj.com\/blog\/2013\/07\/19\/rikthehet-pasiguria-rrugeve-te-shqiperise\/#breadcrumb\",\"itemListElement\":[{\"@type\":\"ListItem\",\"position\":1,\"name\":\"Rikthehet pasiguria rrug\u00ebve t\u00eb Shqip\u00ebris\u00eb!\"}]},{\"@type\":\"Person\",\"@id\":\"https:\/\/www.visit-ulcinj.com\/blog\/#\/schema\/person\/dcab619c614d3038751c63bc2aadc06d\",\"name\":\"ulqini\",\"sameAs\":[\"http:\/\/www.visit-ulcinj.com\"],\"url\":\"https:\/\/www.visit-ulcinj.com\/blog\/author\/admin\/\"}]}<\/script>\n<!-- \/ Yoast SEO plugin. -->","yoast_head_json":{"title":"Rikthehet pasiguria rrug\u00ebve t\u00eb Shqip\u00ebris\u00eb! - Lajme nga Ulqini","description":"Nga Valmira Halimi Rastet e fundit t\u00eb pla\u00e7kitjeve t\u00eb udh\u00ebtar\u00ebve, madje edhe n\u00eb Rrug\u00ebn e Kombit dhe thyerja e xhamave t\u00eb autobus\u00ebve kosovar\u00eb, kan\u00eb rikthyer","robots":{"index":"index","follow":"follow","max-snippet":"max-snippet:-1","max-image-preview":"max-image-preview:large","max-video-preview":"max-video-preview:-1"},"canonical":"https:\/\/www.visit-ulcinj.com\/blog\/2013\/07\/19\/rikthehet-pasiguria-rrugeve-te-shqiperise\/","og_locale":"en_US","og_type":"article","og_title":"Rikthehet pasiguria rrug\u00ebve t\u00eb Shqip\u00ebris\u00eb! - Lajme nga Ulqini","og_description":"Nga Valmira Halimi Rastet e fundit t\u00eb pla\u00e7kitjeve t\u00eb udh\u00ebtar\u00ebve, madje edhe n\u00eb Rrug\u00ebn e Kombit dhe thyerja e xhamave t\u00eb autobus\u00ebve kosovar\u00eb, kan\u00eb rikthyer","og_url":"https:\/\/www.visit-ulcinj.com\/blog\/2013\/07\/19\/rikthehet-pasiguria-rrugeve-te-shqiperise\/","og_site_name":"Lajme nga Ulqini","article_published_time":"2013-07-19T06:42:40+00:00","article_modified_time":"2013-07-19T22:28:01+00:00","og_image":[{"url":"http:\/\/www.visit-ulcinj.com\/blog\/wp-content\/uploads\/2013\/07\/Kriminali-ne-rruge.jpg"}],"twitter_misc":{"Written by":"ulqini","Est. reading time":"7 minutes"},"schema":{"@context":"https:\/\/schema.org","@graph":[{"@type":"WebSite","@id":"https:\/\/www.visit-ulcinj.com\/blog\/#website","url":"https:\/\/www.visit-ulcinj.com\/blog\/","name":"Lajme nga Ulqini","description":"Lajme,Vijesti,Ulqini,Ulqin,Crna Gora,Mali i Zi","potentialAction":[{"@type":"SearchAction","target":{"@type":"EntryPoint","urlTemplate":"https:\/\/www.visit-ulcinj.com\/blog\/?s={search_term_string}"},"query-input":"required name=search_term_string"}],"inLanguage":"en-US"},{"@type":"ImageObject","inLanguage":"en-US","@id":"https:\/\/www.visit-ulcinj.com\/blog\/2013\/07\/19\/rikthehet-pasiguria-rrugeve-te-shqiperise\/#primaryimage","url":"https:\/\/www.visit-ulcinj.com\/blog\/wp-content\/uploads\/2013\/07\/Kriminali-ne-rruge.jpg","contentUrl":"https:\/\/www.visit-ulcinj.com\/blog\/wp-content\/uploads\/2013\/07\/Kriminali-ne-rruge.jpg","width":900,"height":522},{"@type":"WebPage","@id":"https:\/\/www.visit-ulcinj.com\/blog\/2013\/07\/19\/rikthehet-pasiguria-rrugeve-te-shqiperise\/#webpage","url":"https:\/\/www.visit-ulcinj.com\/blog\/2013\/07\/19\/rikthehet-pasiguria-rrugeve-te-shqiperise\/","name":"Rikthehet pasiguria rrug\u00ebve t\u00eb Shqip\u00ebris\u00eb! - Lajme nga Ulqini","isPartOf":{"@id":"https:\/\/www.visit-ulcinj.com\/blog\/#website"},"primaryImageOfPage":{"@id":"https:\/\/www.visit-ulcinj.com\/blog\/2013\/07\/19\/rikthehet-pasiguria-rrugeve-te-shqiperise\/#primaryimage"},"datePublished":"2013-07-19T06:42:40+00:00","dateModified":"2013-07-19T22:28:01+00:00","author":{"@id":"https:\/\/www.visit-ulcinj.com\/blog\/#\/schema\/person\/dcab619c614d3038751c63bc2aadc06d"},"description":"Nga Valmira Halimi Rastet e fundit t\u00eb pla\u00e7kitjeve t\u00eb udh\u00ebtar\u00ebve, madje edhe n\u00eb Rrug\u00ebn e Kombit dhe thyerja e xhamave t\u00eb autobus\u00ebve kosovar\u00eb, kan\u00eb rikthyer","breadcrumb":{"@id":"https:\/\/www.visit-ulcinj.com\/blog\/2013\/07\/19\/rikthehet-pasiguria-rrugeve-te-shqiperise\/#breadcrumb"},"inLanguage":"en-US","potentialAction":[{"@type":"ReadAction","target":["https:\/\/www.visit-ulcinj.com\/blog\/2013\/07\/19\/rikthehet-pasiguria-rrugeve-te-shqiperise\/"]}]},{"@type":"BreadcrumbList","@id":"https:\/\/www.visit-ulcinj.com\/blog\/2013\/07\/19\/rikthehet-pasiguria-rrugeve-te-shqiperise\/#breadcrumb","itemListElement":[{"@type":"ListItem","position":1,"name":"Rikthehet pasiguria rrug\u00ebve t\u00eb Shqip\u00ebris\u00eb!"}]},{"@type":"Person","@id":"https:\/\/www.visit-ulcinj.com\/blog\/#\/schema\/person\/dcab619c614d3038751c63bc2aadc06d","name":"ulqini","sameAs":["http:\/\/www.visit-ulcinj.com"],"url":"https:\/\/www.visit-ulcinj.com\/blog\/author\/admin\/"}]}},"jetpack_featured_media_url":"","jetpack_sharing_enabled":true,"jetpack_shortlink":"https:\/\/wp.me\/pe6lTn-j6q","_links":{"self":[{"href":"https:\/\/www.visit-ulcinj.com\/blog\/wp-json\/wp\/v2\/posts\/73434"}],"collection":[{"href":"https:\/\/www.visit-ulcinj.com\/blog\/wp-json\/wp\/v2\/posts"}],"about":[{"href":"https:\/\/www.visit-ulcinj.com\/blog\/wp-json\/wp\/v2\/types\/post"}],"author":[{"embeddable":true,"href":"https:\/\/www.visit-ulcinj.com\/blog\/wp-json\/wp\/v2\/users\/1"}],"replies":[{"embeddable":true,"href":"https:\/\/www.visit-ulcinj.com\/blog\/wp-json\/wp\/v2\/comments?post=73434"}],"version-history":[{"count":2,"href":"https:\/\/www.visit-ulcinj.com\/blog\/wp-json\/wp\/v2\/posts\/73434\/revisions"}],"predecessor-version":[{"id":73463,"href":"https:\/\/www.visit-ulcinj.com\/blog\/wp-json\/wp\/v2\/posts\/73434\/revisions\/73463"}],"wp:attachment":[{"href":"https:\/\/www.visit-ulcinj.com\/blog\/wp-json\/wp\/v2\/media?parent=73434"}],"wp:term":[{"taxonomy":"category","embeddable":true,"href":"https:\/\/www.visit-ulcinj.com\/blog\/wp-json\/wp\/v2\/categories?post=73434"},{"taxonomy":"post_tag","embeddable":true,"href":"https:\/\/www.visit-ulcinj.com\/blog\/wp-json\/wp\/v2\/tags?post=73434"}],"curies":[{"name":"wp","href":"https:\/\/api.w.org\/{rel}","templated":true}]}}