{"id":73438,"date":"2013-07-19T07:50:53","date_gmt":"2013-07-19T06:50:53","guid":{"rendered":"http:\/\/www.visit-ulcinj.com\/blog\/?p=73438"},"modified":"2013-07-19T07:50:53","modified_gmt":"2013-07-19T06:50:53","slug":"midis-cubave-e-pushimeve-ne-det","status":"publish","type":"post","link":"https:\/\/www.visit-ulcinj.com\/blog\/2013\/07\/19\/midis-cubave-e-pushimeve-ne-det\/","title":{"rendered":"Midis cubave e pushimeve n\u00eb det"},"content":{"rendered":"<p><strong><a href=\"http:\/\/www.visit-ulcinj.com\/blog\/wp-content\/uploads\/2013\/07\/Ulqin-mali-i-zi.jpg\"><img loading=\"lazy\" class=\"alignleft  wp-image-73439\" alt=\"Ulqin-mali-i-zi\" src=\"http:\/\/www.visit-ulcinj.com\/blog\/wp-content\/uploads\/2013\/07\/Ulqin-mali-i-zi.jpg\" width=\"508\" height=\"360\" \/><\/a>Nga Blerina Rogova &#8211; Gaxha<\/strong><\/p>\n<p>Kufijt\u00eb shqiptar\u00eb n\u00eb Morin\u00eb e n\u00eb Han t\u00eb Hotit, ku polic\u00eb e doganier\u00eb t\u00eb b\u00ebr\u00eb rreth pin\u00eb duhan e ndonj\u00eb tjet\u00ebr ta b\u00ebn me dor\u00eb \u201cHajde shqipe!\u201d, n\u00eb rregull \u00ebsht\u00eb. N\u00eb rrug\u00ebtimin shqiptar, p\u00ebr qytetin shqiptar, kalon vet\u00ebm kufij shqiptar\u00eb. P\u00ebrpara tyre, gjithmon\u00eb asfalt, shk\u00ebmbinj e male. Malet dhe plakat e tyre q\u00eb dikur t\u00eb ngarkuara me barr\u00eb spiunonin shqiptar\u00ebt e ikur nga t\u00eb dyja an\u00ebt e kufirit, p\u00ebr t\u2019i mb\u00ebrthyer n\u00eb hekurat e burgjeve n\u00eb Shqip\u00ebri e n\u00eb Kosov\u00eb.<\/p>\n<p>Mes natyr\u00ebs s\u00eb that\u00eb, asfaltit, gjurm\u00ebve t\u00eb mbetura n\u00eb godinat e komunizmit, e cubave q\u00eb zbresin nga mali, jan\u00eb ata, burrat e grat\u00eb, t\u00eb that\u00eb e t\u00eb rreshkur, t\u00eb hipur n\u00eb gomar\u00eb e n\u00eb \u2018kerre me kuaj\u201d. Dhe nj\u00eb mbishkrim \u201cRruga na bashkoi, Mimoza na ndau\u201d, sikur p\u00ebr t\u2019ia p\u00ebrkujtuar secilit q\u00eb i bie rruga andej hallet e telashet nd\u00ebrmjet kufijve, dhe sigurisht, ironin\u00eb bashk\u00eb me to.<\/p>\n<p>Pamjet e bukura t\u00eb televizionit nuk ekzistojn\u00eb m\u00eb. P\u00ebrgjat\u00eb rrug\u00ebs jan\u00eb edhe bunker\u00ebt, edhe godinat e shnd\u00ebrruara n\u00eb g\u00ebrmadha, edhe burrat e nxir\u00eb nga dielli dhe jeta e r\u00ebnd\u00eb, edhe djemt\u00eb e rinj me flok\u00eb t\u00eb gjata. \u201cVendi i shqiponjave\u201d me male e me det, me parajs\u00ebn e krijuar nga natyra ose nga zoti, e nd\u00ebrtuar dhe e rr\u00ebnuar mes g\u00ebrmadhave e mbijetes\u00ebs, diku n\u00eb bisht t\u00eb Evrop\u00ebs, vendi i vetmuar q\u00eb synon t\u00eb ngre kryet p\u00ebr t\u00eb hyr\u00eb me thell\u00eb kufijve politik\u00eb. Shqip\u00ebria \u00ebsht\u00eb vetmia n\u00ebse e shfryt\u00ebzon vet\u00ebm si kalim transit. E q\u00eb p\u00ebr t\u00eb keq asnj\u00eb rrug\u00eb nuk ta d\u00ebshmon se sa af\u00ebr i ka detet m\u00eb t\u00eb bukura, Jonin n\u00eb jug e Adriatikun n\u00eb veri.<\/p>\n<p>Po t\u00eb vazhdosh detit lart, tokave t\u00eb dikurshme shqiptare shpesh t\u00eb bien n\u00eb mend vargje t\u00eb \u201cLahut\u00ebs s\u00eb Malcis\u00eb\u201d, kur me sy kap ekzistenc\u00ebn e tyre, nj\u00ebqind vjet pas ndarjes. Mbase C\u00ebrna Gora, q\u00eb \u00ebsht\u00eb akoma m\u00eb e gurt\u00eb e m\u00eb e shkret\u00eb, vend m\u00eb shum\u00eb i vetmuar se sa Shqip\u00ebria, me tre-kat\u00ebr fish m\u00eb pak banor\u00eb, shum\u00eb m\u00eb i qart\u00eb e shum\u00eb m\u00eb i thjesht\u00eb se fqinji i tij, dhe pa nj\u00eb histori t\u00eb ngjashme si ajo shqiptare, me nj\u00eb natyr\u00eb po aq t\u00eb ashp\u00ebr, por mbase vend m\u00eb i fort\u00eb n\u00eb ekzistenc\u00ebn e tij, e shum\u00eb m\u00eb atraktiv p\u00ebr turist\u00ebt e huaj. Duke nisur prej bishtit t\u00eb turizmit t\u00eb tij, ose foles\u00eb shqiptare t\u00eb \u2018pushimeve verore\u2019 Ulqinit, te Budva e te Sh\u00ebn Stefani i saj, deri te i bukuri Herceg Novi, n\u00eb fund t\u00eb kufijve malazez. Dhe t\u00eb pyes\u00ebsh: \u00c7far\u00eb ka ky shtet m\u00eb shum\u00eb se Shqip\u00ebria?<\/p>\n<p>Ndoshta \u00ebsht\u00eb m\u00ebnyra e t\u00eb jetuarit, gjeni dhe konceptet e nj\u00eb populli t\u00eb njohur si dembel, ose ashp\u00ebrsia me t\u00eb cil\u00ebn \u00ebsht\u00eb zhvilluar populli malazez, q\u00eb p\u00ebr ne shqiptar\u00ebt ka qen\u00eb po aq nj\u00eblloj sa serb\u00ebt q\u00eb i kemi njohur mir\u00eb, ose lidhjet e kamotshme me Evrop\u00ebn plak\u00eb, q\u00eb k\u00ebt\u00eb vend e kan\u00eb b\u00ebr\u00eb m\u00eb t\u00eb ndrysh\u00ebm se sa tok\u00ebn e shqipeve. Ose ndoshta fati q\u00eb ata kishin tjera raporte me Perandorin\u00eb Osmane, ose fatin e kishin nj\u00eb Njegosh, apo edhe munges\u00ebn e nj\u00eb Hoxhe gjakpir\u00ebs. Mund t\u00eb ket\u00eb nj\u00eb mij\u00eb arsye pse populli &#8220;dembel&#8221; malazez dhe vendi i tyre, kan\u00eb shkuar disa hapa p\u00ebrtej fqinjit jugor Shqip\u00ebris\u00eb. Apo se ndoshta ata kan\u00eb qen\u00eb m\u00eb t\u00eb gjezdisur.<\/p>\n<p>Shkodran\u00ebt thon\u00eb: Ma mir\u00eb i shetitun se i ditun! Shqiptar\u00ebt nuk e kan\u00eb pasur fatin t\u00eb ken\u00eb sh\u00ebtitur n\u00ebp\u00ebr dynja, ose edhe ata pak shqiptar\u00eb q\u00eb kan\u00eb mundur t\u00eb dalin nga toka me gjemba, nuk jan\u00eb kthyer kurr\u00eb m\u00eb. Kjo mund t\u00eb jet\u00eb arsyeja pse Shqip\u00ebria, me gjith\u00eb hapat gjigant\u00eb t\u00eb saj n\u00eb 20 vjet\u00ebt e fundit, nuk po arrin t\u00eb b\u00ebhet si fqinji i saj as sot. Nuk po arrin t\u00eb b\u00ebhet as si Kosova madje, e l\u00ebre m\u00eb si Maqedonia apo Mali i Zi.<\/p>\n<p>Ulqini shqiptar, ani se bishti i turizmit n\u00eb Mal t\u00eb Zi, pas shum\u00eb vitesh e s\u00ebrish po rikthehet n\u00eb vendin q\u00eb mbledh kosovar\u00ebt e shqepur, dikur edhe kosovar\u00ebt me pak pare. Sot Ulqini \u00ebsht\u00eb i shtrenjt\u00eb, bile m\u00eb shtrenjt\u00eb se \u00e7do vend tjet\u00ebr turistik n\u00eb rajon, sepse ka nj\u00eb magji q\u00eb e t\u00ebrheq nj\u00eb popull proletar, t\u00eb paepur e kosovar.<\/p>\n<p>N\u00eb perlat e Malit t\u00eb Zi, n\u00eb Budv\u00eb a n\u00eb Herceg Novi, sigurisht se mund t\u00eb kalosh nj\u00eb pushim me m\u00eb pak pare se n\u00eb Ulqin. Por Ulqini ka \u201cplazhin e parajs\u00ebs&#8221; q\u00eb nuk e nd\u00ebrrojm\u00eb as p\u00ebr nj\u00ebmij\u00eb grosh. Ose \u00ebsht\u00eb mikpritja ulqinake q\u00eb t\u00eb than\u00eb n\u00eb shpatull p\u00ebr pes\u00eb euro dhe ta &#8220;mposht\u00eb&#8221; shqiptarin\u00eb vet\u00ebm p\u00ebr pak euro m\u00eb shum\u00eb.<\/p>\n<p>Pun\u00eb e madhe pse mikpritja ulqinake, l\u00eb shum\u00eb p\u00ebr t\u00eb d\u00ebshiruar, sepse \u00e7mimi i kujtimeve q\u00eb t\u00eb jep qyteti i vjet\u00ebr dhe dritaret e kalas\u00eb qindravje\u00e7are, \u00ebsht\u00eb i pallogaritsh\u00ebm.Koh\u00ebt kan\u00eb ndryshuar dhe Ulqini tashm\u00eb flet edhe shqip, shkruan shqip, dhe t\u00eb rrjep shqip, por boll q\u00eb mysafir\u00ebt e preferuar t\u00eb tij, jan\u00eb kosovar\u00ebt e jo &#8220;beogradjani&#8221; si dikur.<\/p>\n<p>Shqip\u00ebria n\u00eb t\u00eb shkuar dhe n\u00eb t\u00eb kthyer, nd\u00ebrkaq, sikur ka filluar ta vras\u00eb veten dhe sa prej nesh q\u00eb kalojm\u00eb rrug\u00ebve t\u00eb saj. Por pavar\u00ebsisht k\u00ebsaj, gjysm\u00ebn e pushimit s\u2019ka zot q\u00eb na ndal\u00eb t\u00eb mos e kalojm\u00eb n\u00eb Vlor\u00eb.Cubat le ta b\u00ebjn\u00eb pun\u00ebn e tyre, por Vlora dhe Ulqini, m\u00eb shum\u00eb se det jan\u00eb qytete t\u00eb bashkimit shqiptar. Ne kemi nevoj\u00eb t\u00eb pushojm\u00eb shqiptar\u00e7e!<\/p>\n<p>Zeri<\/p>\n","protected":false},"excerpt":{"rendered":"<p>Nga Blerina Rogova &#8211; Gaxha Kufijt\u00eb shqiptar\u00eb n\u00eb Morin\u00eb e n\u00eb Han t\u00eb Hotit, ku polic\u00eb e doganier\u00eb t\u00eb b\u00ebr\u00eb rreth pin\u00eb duhan e ndonj\u00eb tjet\u00ebr ta b\u00ebn me dor\u00eb \u201cHajde shqipe!\u201d, n\u00eb rregull \u00ebsht\u00eb. N\u00eb rrug\u00ebtimin shqiptar, p\u00ebr qytetin shqiptar, kalon vet\u00ebm kufij shqiptar\u00eb. P\u00ebrpara tyre, gjithmon\u00eb asfalt, shk\u00ebmbinj e male. Malet dhe plakat [&hellip;]<\/p>\n","protected":false},"author":1,"featured_media":0,"comment_status":"closed","ping_status":"closed","sticky":false,"template":"","format":"standard","meta":{"spay_email":"","jetpack_publicize_message":"","jetpack_is_tweetstorm":false,"jetpack_publicize_feature_enabled":true},"categories":[14249],"tags":[],"jetpack_publicize_connections":[],"yoast_head":"<!-- This site is optimized with the Yoast SEO plugin v19.1 - https:\/\/yoast.com\/wordpress\/plugins\/seo\/ -->\n<title>Midis cubave e pushimeve n\u00eb det - Lajme nga Ulqini<\/title>\n<meta name=\"description\" content=\"Nga Blerina Rogova - Gaxha Kufijt\u00eb shqiptar\u00eb n\u00eb Morin\u00eb e n\u00eb Han t\u00eb Hotit, ku polic\u00eb e doganier\u00eb t\u00eb b\u00ebr\u00eb rreth pin\u00eb duhan e ndonj\u00eb tjet\u00ebr ta b\u00ebn me dor\u00eb\" \/>\n<meta name=\"robots\" content=\"index, follow, max-snippet:-1, max-image-preview:large, max-video-preview:-1\" \/>\n<link rel=\"canonical\" href=\"https:\/\/www.visit-ulcinj.com\/blog\/2013\/07\/19\/midis-cubave-e-pushimeve-ne-det\/\" \/>\n<meta property=\"og:locale\" content=\"en_US\" \/>\n<meta property=\"og:type\" content=\"article\" \/>\n<meta property=\"og:title\" content=\"Midis cubave e pushimeve n\u00eb det - Lajme nga Ulqini\" \/>\n<meta property=\"og:description\" content=\"Nga Blerina Rogova - Gaxha Kufijt\u00eb shqiptar\u00eb n\u00eb Morin\u00eb e n\u00eb Han t\u00eb Hotit, ku polic\u00eb e doganier\u00eb t\u00eb b\u00ebr\u00eb rreth pin\u00eb duhan e ndonj\u00eb tjet\u00ebr ta b\u00ebn me dor\u00eb\" \/>\n<meta property=\"og:url\" content=\"https:\/\/www.visit-ulcinj.com\/blog\/2013\/07\/19\/midis-cubave-e-pushimeve-ne-det\/\" \/>\n<meta property=\"og:site_name\" content=\"Lajme nga Ulqini\" \/>\n<meta property=\"article:published_time\" content=\"2013-07-19T06:50:53+00:00\" \/>\n<meta property=\"og:image\" content=\"http:\/\/www.visit-ulcinj.com\/blog\/wp-content\/uploads\/2013\/07\/Ulqin-mali-i-zi.jpg\" \/>\n<meta name=\"twitter:label1\" content=\"Written by\" \/>\n\t<meta name=\"twitter:data1\" content=\"ulqini\" \/>\n\t<meta name=\"twitter:label2\" content=\"Est. reading time\" \/>\n\t<meta name=\"twitter:data2\" content=\"5 minutes\" \/>\n<script type=\"application\/ld+json\" class=\"yoast-schema-graph\">{\"@context\":\"https:\/\/schema.org\",\"@graph\":[{\"@type\":\"WebSite\",\"@id\":\"https:\/\/www.visit-ulcinj.com\/blog\/#website\",\"url\":\"https:\/\/www.visit-ulcinj.com\/blog\/\",\"name\":\"Lajme nga Ulqini\",\"description\":\"Lajme,Vijesti,Ulqini,Ulqin,Crna Gora,Mali i Zi\",\"potentialAction\":[{\"@type\":\"SearchAction\",\"target\":{\"@type\":\"EntryPoint\",\"urlTemplate\":\"https:\/\/www.visit-ulcinj.com\/blog\/?s={search_term_string}\"},\"query-input\":\"required name=search_term_string\"}],\"inLanguage\":\"en-US\"},{\"@type\":\"ImageObject\",\"inLanguage\":\"en-US\",\"@id\":\"https:\/\/www.visit-ulcinj.com\/blog\/2013\/07\/19\/midis-cubave-e-pushimeve-ne-det\/#primaryimage\",\"url\":\"https:\/\/www.visit-ulcinj.com\/blog\/wp-content\/uploads\/2013\/07\/Ulqin-mali-i-zi.jpg\",\"contentUrl\":\"https:\/\/www.visit-ulcinj.com\/blog\/wp-content\/uploads\/2013\/07\/Ulqin-mali-i-zi.jpg\",\"width\":800,\"height\":474},{\"@type\":\"WebPage\",\"@id\":\"https:\/\/www.visit-ulcinj.com\/blog\/2013\/07\/19\/midis-cubave-e-pushimeve-ne-det\/#webpage\",\"url\":\"https:\/\/www.visit-ulcinj.com\/blog\/2013\/07\/19\/midis-cubave-e-pushimeve-ne-det\/\",\"name\":\"Midis cubave e pushimeve n\u00eb det - Lajme nga Ulqini\",\"isPartOf\":{\"@id\":\"https:\/\/www.visit-ulcinj.com\/blog\/#website\"},\"primaryImageOfPage\":{\"@id\":\"https:\/\/www.visit-ulcinj.com\/blog\/2013\/07\/19\/midis-cubave-e-pushimeve-ne-det\/#primaryimage\"},\"datePublished\":\"2013-07-19T06:50:53+00:00\",\"dateModified\":\"2013-07-19T06:50:53+00:00\",\"author\":{\"@id\":\"https:\/\/www.visit-ulcinj.com\/blog\/#\/schema\/person\/dcab619c614d3038751c63bc2aadc06d\"},\"description\":\"Nga Blerina Rogova - Gaxha Kufijt\u00eb shqiptar\u00eb n\u00eb Morin\u00eb e n\u00eb Han t\u00eb Hotit, ku polic\u00eb e doganier\u00eb t\u00eb b\u00ebr\u00eb rreth pin\u00eb duhan e ndonj\u00eb tjet\u00ebr ta b\u00ebn me dor\u00eb\",\"breadcrumb\":{\"@id\":\"https:\/\/www.visit-ulcinj.com\/blog\/2013\/07\/19\/midis-cubave-e-pushimeve-ne-det\/#breadcrumb\"},\"inLanguage\":\"en-US\",\"potentialAction\":[{\"@type\":\"ReadAction\",\"target\":[\"https:\/\/www.visit-ulcinj.com\/blog\/2013\/07\/19\/midis-cubave-e-pushimeve-ne-det\/\"]}]},{\"@type\":\"BreadcrumbList\",\"@id\":\"https:\/\/www.visit-ulcinj.com\/blog\/2013\/07\/19\/midis-cubave-e-pushimeve-ne-det\/#breadcrumb\",\"itemListElement\":[{\"@type\":\"ListItem\",\"position\":1,\"name\":\"Midis cubave e pushimeve n\u00eb det\"}]},{\"@type\":\"Person\",\"@id\":\"https:\/\/www.visit-ulcinj.com\/blog\/#\/schema\/person\/dcab619c614d3038751c63bc2aadc06d\",\"name\":\"ulqini\",\"sameAs\":[\"http:\/\/www.visit-ulcinj.com\"],\"url\":\"https:\/\/www.visit-ulcinj.com\/blog\/author\/admin\/\"}]}<\/script>\n<!-- \/ Yoast SEO plugin. -->","yoast_head_json":{"title":"Midis cubave e pushimeve n\u00eb det - Lajme nga Ulqini","description":"Nga Blerina Rogova - Gaxha Kufijt\u00eb shqiptar\u00eb n\u00eb Morin\u00eb e n\u00eb Han t\u00eb Hotit, ku polic\u00eb e doganier\u00eb t\u00eb b\u00ebr\u00eb rreth pin\u00eb duhan e ndonj\u00eb tjet\u00ebr ta b\u00ebn me dor\u00eb","robots":{"index":"index","follow":"follow","max-snippet":"max-snippet:-1","max-image-preview":"max-image-preview:large","max-video-preview":"max-video-preview:-1"},"canonical":"https:\/\/www.visit-ulcinj.com\/blog\/2013\/07\/19\/midis-cubave-e-pushimeve-ne-det\/","og_locale":"en_US","og_type":"article","og_title":"Midis cubave e pushimeve n\u00eb det - Lajme nga Ulqini","og_description":"Nga Blerina Rogova - Gaxha Kufijt\u00eb shqiptar\u00eb n\u00eb Morin\u00eb e n\u00eb Han t\u00eb Hotit, ku polic\u00eb e doganier\u00eb t\u00eb b\u00ebr\u00eb rreth pin\u00eb duhan e ndonj\u00eb tjet\u00ebr ta b\u00ebn me dor\u00eb","og_url":"https:\/\/www.visit-ulcinj.com\/blog\/2013\/07\/19\/midis-cubave-e-pushimeve-ne-det\/","og_site_name":"Lajme nga Ulqini","article_published_time":"2013-07-19T06:50:53+00:00","og_image":[{"url":"http:\/\/www.visit-ulcinj.com\/blog\/wp-content\/uploads\/2013\/07\/Ulqin-mali-i-zi.jpg"}],"twitter_misc":{"Written by":"ulqini","Est. reading time":"5 minutes"},"schema":{"@context":"https:\/\/schema.org","@graph":[{"@type":"WebSite","@id":"https:\/\/www.visit-ulcinj.com\/blog\/#website","url":"https:\/\/www.visit-ulcinj.com\/blog\/","name":"Lajme nga Ulqini","description":"Lajme,Vijesti,Ulqini,Ulqin,Crna Gora,Mali i Zi","potentialAction":[{"@type":"SearchAction","target":{"@type":"EntryPoint","urlTemplate":"https:\/\/www.visit-ulcinj.com\/blog\/?s={search_term_string}"},"query-input":"required name=search_term_string"}],"inLanguage":"en-US"},{"@type":"ImageObject","inLanguage":"en-US","@id":"https:\/\/www.visit-ulcinj.com\/blog\/2013\/07\/19\/midis-cubave-e-pushimeve-ne-det\/#primaryimage","url":"https:\/\/www.visit-ulcinj.com\/blog\/wp-content\/uploads\/2013\/07\/Ulqin-mali-i-zi.jpg","contentUrl":"https:\/\/www.visit-ulcinj.com\/blog\/wp-content\/uploads\/2013\/07\/Ulqin-mali-i-zi.jpg","width":800,"height":474},{"@type":"WebPage","@id":"https:\/\/www.visit-ulcinj.com\/blog\/2013\/07\/19\/midis-cubave-e-pushimeve-ne-det\/#webpage","url":"https:\/\/www.visit-ulcinj.com\/blog\/2013\/07\/19\/midis-cubave-e-pushimeve-ne-det\/","name":"Midis cubave e pushimeve n\u00eb det - Lajme nga Ulqini","isPartOf":{"@id":"https:\/\/www.visit-ulcinj.com\/blog\/#website"},"primaryImageOfPage":{"@id":"https:\/\/www.visit-ulcinj.com\/blog\/2013\/07\/19\/midis-cubave-e-pushimeve-ne-det\/#primaryimage"},"datePublished":"2013-07-19T06:50:53+00:00","dateModified":"2013-07-19T06:50:53+00:00","author":{"@id":"https:\/\/www.visit-ulcinj.com\/blog\/#\/schema\/person\/dcab619c614d3038751c63bc2aadc06d"},"description":"Nga Blerina Rogova - Gaxha Kufijt\u00eb shqiptar\u00eb n\u00eb Morin\u00eb e n\u00eb Han t\u00eb Hotit, ku polic\u00eb e doganier\u00eb t\u00eb b\u00ebr\u00eb rreth pin\u00eb duhan e ndonj\u00eb tjet\u00ebr ta b\u00ebn me dor\u00eb","breadcrumb":{"@id":"https:\/\/www.visit-ulcinj.com\/blog\/2013\/07\/19\/midis-cubave-e-pushimeve-ne-det\/#breadcrumb"},"inLanguage":"en-US","potentialAction":[{"@type":"ReadAction","target":["https:\/\/www.visit-ulcinj.com\/blog\/2013\/07\/19\/midis-cubave-e-pushimeve-ne-det\/"]}]},{"@type":"BreadcrumbList","@id":"https:\/\/www.visit-ulcinj.com\/blog\/2013\/07\/19\/midis-cubave-e-pushimeve-ne-det\/#breadcrumb","itemListElement":[{"@type":"ListItem","position":1,"name":"Midis cubave e pushimeve n\u00eb det"}]},{"@type":"Person","@id":"https:\/\/www.visit-ulcinj.com\/blog\/#\/schema\/person\/dcab619c614d3038751c63bc2aadc06d","name":"ulqini","sameAs":["http:\/\/www.visit-ulcinj.com"],"url":"https:\/\/www.visit-ulcinj.com\/blog\/author\/admin\/"}]}},"jetpack_featured_media_url":"","jetpack_sharing_enabled":true,"jetpack_shortlink":"https:\/\/wp.me\/pe6lTn-j6u","_links":{"self":[{"href":"https:\/\/www.visit-ulcinj.com\/blog\/wp-json\/wp\/v2\/posts\/73438"}],"collection":[{"href":"https:\/\/www.visit-ulcinj.com\/blog\/wp-json\/wp\/v2\/posts"}],"about":[{"href":"https:\/\/www.visit-ulcinj.com\/blog\/wp-json\/wp\/v2\/types\/post"}],"author":[{"embeddable":true,"href":"https:\/\/www.visit-ulcinj.com\/blog\/wp-json\/wp\/v2\/users\/1"}],"replies":[{"embeddable":true,"href":"https:\/\/www.visit-ulcinj.com\/blog\/wp-json\/wp\/v2\/comments?post=73438"}],"version-history":[{"count":1,"href":"https:\/\/www.visit-ulcinj.com\/blog\/wp-json\/wp\/v2\/posts\/73438\/revisions"}],"predecessor-version":[{"id":73440,"href":"https:\/\/www.visit-ulcinj.com\/blog\/wp-json\/wp\/v2\/posts\/73438\/revisions\/73440"}],"wp:attachment":[{"href":"https:\/\/www.visit-ulcinj.com\/blog\/wp-json\/wp\/v2\/media?parent=73438"}],"wp:term":[{"taxonomy":"category","embeddable":true,"href":"https:\/\/www.visit-ulcinj.com\/blog\/wp-json\/wp\/v2\/categories?post=73438"},{"taxonomy":"post_tag","embeddable":true,"href":"https:\/\/www.visit-ulcinj.com\/blog\/wp-json\/wp\/v2\/tags?post=73438"}],"curies":[{"name":"wp","href":"https:\/\/api.w.org\/{rel}","templated":true}]}}