{"id":73441,"date":"2013-07-19T07:57:58","date_gmt":"2013-07-19T06:57:58","guid":{"rendered":"http:\/\/www.visit-ulcinj.com\/blog\/?p=73441"},"modified":"2013-07-19T07:59:35","modified_gmt":"2013-07-19T06:59:35","slug":"delegacija-mesihata-u-posjeti-odboru-islamske-zajednice-ulcinj","status":"publish","type":"post","link":"https:\/\/www.visit-ulcinj.com\/blog\/2013\/07\/19\/delegacija-mesihata-u-posjeti-odboru-islamske-zajednice-ulcinj\/","title":{"rendered":"Delegacija Me\u0161ihata u posjeti Odboru Islamske zajednice Ulcinj"},"content":{"rendered":"<p><a href=\"http:\/\/www.visit-ulcinj.com\/blog\/wp-content\/uploads\/2013\/07\/Nazif-Cungu-organizovao-iftar-za-sve-imame-Ulcinja-i-Ostrosa.jpg\"><img loading=\"lazy\" class=\"alignleft  wp-image-73442\" alt=\"Nazif Cungu organizovao iftar za sve imame Ulcinja i Ostrosa\" src=\"http:\/\/www.visit-ulcinj.com\/blog\/wp-content\/uploads\/2013\/07\/Nazif-Cungu-organizovao-iftar-za-sve-imame-Ulcinja-i-Ostrosa.jpg\" width=\"508\" height=\"360\" \/><\/a>Ulcinj \u2013 Sino\u0107 je Predsjednik op\u0161tine Ulcinj Nazif Cungu organizovao iftar za sve imame sa podru\u010dja Ulcinja i Ostrosa. Gosti ovog iftara na poziv predsjednika op\u0161tine su bili direktor ureda za kontakte sa inostranstvom u Me\u0161ihatu Islamske zajednice u Crnoj Gori, Omer ef. Kajoshaj, zamjenik direktora medrese Mehmed Fatih u Podgorici, mr Senad ef. Aliba\u0161i\u0107, kao i profesor medrese Red\u017eep ef. Ljuljanaj. Ovom skupu se najprije obratio glavni imam Ulcinja mr Ali ef. Bardhi koji se zahvalio predsjedniku op\u0161tine na sada ve\u0107 lijepoj tradiciji pozivanja svih imama na iftar tokom mubarek mjeseca ramazana. Potom se obratio i sam predsjednik op\u0161tine zahvaliv\u0161i imamima i gostima \u0161to su se odazvali njegovom pozivu uz dovu Uzvi\u0161enom Stvoritelju da ovakva dru\u017eenja budu \u010de\u0161\u0107a.<br \/>\n<a href=\"http:\/\/www.visit-ulcinj.com\/blog\/wp-content\/uploads\/2013\/07\/Nazif-Cungu-organizovao-iftar-za-sve-imame-Ulcinja-i-Ostrosa.1.jpg\"><img loading=\"lazy\" src=\"http:\/\/www.visit-ulcinj.com\/blog\/wp-content\/uploads\/2013\/07\/Nazif-Cungu-organizovao-iftar-za-sve-imame-Ulcinja-i-Ostrosa.1.jpg\" alt=\"Nazif Cungu organizovao iftar za sve imame Ulcinja i Ostrosa.1\" width=\"508\" height=\"360\" class=\"alignleft size-full wp-image-73444\" \/><\/a><br \/>\nNakon iftara, gosti su oti\u0161li na teravih namaz. Omer ef. Kajoshaj i Senad ef. Aliba\u0161i\u0107 su bili gosti imama Besima ef. Cure u Pomoraca d\u017eamiji, dok je Red\u017eep ef. Ljuljanaj bio gost mr. Suada ef. Uko\u0161ate u Ljamina d\u017eamiji.<\/p>\n<p><strong>Monteislam.me<\/strong><\/p>\n","protected":false},"excerpt":{"rendered":"<p>Ulcinj \u2013 Sino\u0107 je Predsjednik op\u0161tine Ulcinj Nazif Cungu organizovao iftar za sve imame sa podru\u010dja Ulcinja i Ostrosa. Gosti ovog iftara na poziv predsjednika op\u0161tine su bili direktor ureda za kontakte sa inostranstvom u Me\u0161ihatu Islamske zajednice u Crnoj Gori, Omer ef. Kajoshaj, zamjenik direktora medrese Mehmed Fatih u Podgorici, mr Senad ef. Aliba\u0161i\u0107, [&hellip;]<\/p>\n","protected":false},"author":1,"featured_media":0,"comment_status":"closed","ping_status":"closed","sticky":false,"template":"","format":"standard","meta":{"spay_email":"","jetpack_publicize_message":"","jetpack_is_tweetstorm":false,"jetpack_publicize_feature_enabled":true},"categories":[8337],"tags":[],"jetpack_publicize_connections":[],"yoast_head":"<!-- This site is optimized with the Yoast SEO plugin v19.1 - https:\/\/yoast.com\/wordpress\/plugins\/seo\/ -->\n<title>Delegacija Me\u0161ihata u posjeti Odboru Islamske zajednice Ulcinj - Lajme nga Ulqini<\/title>\n<meta name=\"description\" content=\"Ulcinj \u2013 Sino\u0107 je Predsjednik op\u0161tine Ulcinj Nazif Cungu organizovao iftar za sve imame sa podru\u010dja Ulcinja i Ostrosa. Gosti ovog iftara na poziv\" \/>\n<meta name=\"robots\" content=\"index, follow, max-snippet:-1, max-image-preview:large, max-video-preview:-1\" \/>\n<link rel=\"canonical\" href=\"https:\/\/www.visit-ulcinj.com\/blog\/2013\/07\/19\/delegacija-mesihata-u-posjeti-odboru-islamske-zajednice-ulcinj\/\" \/>\n<meta property=\"og:locale\" content=\"en_US\" \/>\n<meta property=\"og:type\" content=\"article\" \/>\n<meta property=\"og:title\" content=\"Delegacija Me\u0161ihata u posjeti Odboru Islamske zajednice Ulcinj - Lajme nga Ulqini\" \/>\n<meta property=\"og:description\" content=\"Ulcinj \u2013 Sino\u0107 je Predsjednik op\u0161tine Ulcinj Nazif Cungu organizovao iftar za sve imame sa podru\u010dja Ulcinja i Ostrosa. Gosti ovog iftara na poziv\" \/>\n<meta property=\"og:url\" content=\"https:\/\/www.visit-ulcinj.com\/blog\/2013\/07\/19\/delegacija-mesihata-u-posjeti-odboru-islamske-zajednice-ulcinj\/\" \/>\n<meta property=\"og:site_name\" content=\"Lajme nga Ulqini\" \/>\n<meta property=\"article:published_time\" content=\"2013-07-19T06:57:58+00:00\" \/>\n<meta property=\"article:modified_time\" content=\"2013-07-19T06:59:35+00:00\" \/>\n<meta property=\"og:image\" content=\"http:\/\/www.visit-ulcinj.com\/blog\/wp-content\/uploads\/2013\/07\/Nazif-Cungu-organizovao-iftar-za-sve-imame-Ulcinja-i-Ostrosa.jpg\" \/>\n<meta name=\"twitter:label1\" content=\"Written by\" \/>\n\t<meta name=\"twitter:data1\" content=\"ulqini\" \/>\n\t<meta name=\"twitter:label2\" content=\"Est. reading time\" \/>\n\t<meta name=\"twitter:data2\" content=\"1 minute\" \/>\n<script type=\"application\/ld+json\" class=\"yoast-schema-graph\">{\"@context\":\"https:\/\/schema.org\",\"@graph\":[{\"@type\":\"WebSite\",\"@id\":\"https:\/\/www.visit-ulcinj.com\/blog\/#website\",\"url\":\"https:\/\/www.visit-ulcinj.com\/blog\/\",\"name\":\"Lajme nga Ulqini\",\"description\":\"Lajme,Vijesti,Ulqini,Ulqin,Crna Gora,Mali i Zi\",\"potentialAction\":[{\"@type\":\"SearchAction\",\"target\":{\"@type\":\"EntryPoint\",\"urlTemplate\":\"https:\/\/www.visit-ulcinj.com\/blog\/?s={search_term_string}\"},\"query-input\":\"required name=search_term_string\"}],\"inLanguage\":\"en-US\"},{\"@type\":\"ImageObject\",\"inLanguage\":\"en-US\",\"@id\":\"https:\/\/www.visit-ulcinj.com\/blog\/2013\/07\/19\/delegacija-mesihata-u-posjeti-odboru-islamske-zajednice-ulcinj\/#primaryimage\",\"url\":\"https:\/\/www.visit-ulcinj.com\/blog\/wp-content\/uploads\/2013\/07\/Nazif-Cungu-organizovao-iftar-za-sve-imame-Ulcinja-i-Ostrosa.jpg\",\"contentUrl\":\"https:\/\/www.visit-ulcinj.com\/blog\/wp-content\/uploads\/2013\/07\/Nazif-Cungu-organizovao-iftar-za-sve-imame-Ulcinja-i-Ostrosa.jpg\",\"width\":800,\"height\":600},{\"@type\":\"WebPage\",\"@id\":\"https:\/\/www.visit-ulcinj.com\/blog\/2013\/07\/19\/delegacija-mesihata-u-posjeti-odboru-islamske-zajednice-ulcinj\/#webpage\",\"url\":\"https:\/\/www.visit-ulcinj.com\/blog\/2013\/07\/19\/delegacija-mesihata-u-posjeti-odboru-islamske-zajednice-ulcinj\/\",\"name\":\"Delegacija Me\u0161ihata u posjeti Odboru Islamske zajednice Ulcinj - Lajme nga Ulqini\",\"isPartOf\":{\"@id\":\"https:\/\/www.visit-ulcinj.com\/blog\/#website\"},\"primaryImageOfPage\":{\"@id\":\"https:\/\/www.visit-ulcinj.com\/blog\/2013\/07\/19\/delegacija-mesihata-u-posjeti-odboru-islamske-zajednice-ulcinj\/#primaryimage\"},\"datePublished\":\"2013-07-19T06:57:58+00:00\",\"dateModified\":\"2013-07-19T06:59:35+00:00\",\"author\":{\"@id\":\"https:\/\/www.visit-ulcinj.com\/blog\/#\/schema\/person\/dcab619c614d3038751c63bc2aadc06d\"},\"description\":\"Ulcinj \u2013 Sino\u0107 je Predsjednik op\u0161tine Ulcinj Nazif Cungu organizovao iftar za sve imame sa podru\u010dja Ulcinja i Ostrosa. Gosti ovog iftara na poziv\",\"breadcrumb\":{\"@id\":\"https:\/\/www.visit-ulcinj.com\/blog\/2013\/07\/19\/delegacija-mesihata-u-posjeti-odboru-islamske-zajednice-ulcinj\/#breadcrumb\"},\"inLanguage\":\"en-US\",\"potentialAction\":[{\"@type\":\"ReadAction\",\"target\":[\"https:\/\/www.visit-ulcinj.com\/blog\/2013\/07\/19\/delegacija-mesihata-u-posjeti-odboru-islamske-zajednice-ulcinj\/\"]}]},{\"@type\":\"BreadcrumbList\",\"@id\":\"https:\/\/www.visit-ulcinj.com\/blog\/2013\/07\/19\/delegacija-mesihata-u-posjeti-odboru-islamske-zajednice-ulcinj\/#breadcrumb\",\"itemListElement\":[{\"@type\":\"ListItem\",\"position\":1,\"name\":\"Delegacija Me\u0161ihata u posjeti Odboru Islamske zajednice Ulcinj\"}]},{\"@type\":\"Person\",\"@id\":\"https:\/\/www.visit-ulcinj.com\/blog\/#\/schema\/person\/dcab619c614d3038751c63bc2aadc06d\",\"name\":\"ulqini\",\"sameAs\":[\"http:\/\/www.visit-ulcinj.com\"],\"url\":\"https:\/\/www.visit-ulcinj.com\/blog\/author\/admin\/\"}]}<\/script>\n<!-- \/ Yoast SEO plugin. -->","yoast_head_json":{"title":"Delegacija Me\u0161ihata u posjeti Odboru Islamske zajednice Ulcinj - Lajme nga Ulqini","description":"Ulcinj \u2013 Sino\u0107 je Predsjednik op\u0161tine Ulcinj Nazif Cungu organizovao iftar za sve imame sa podru\u010dja Ulcinja i Ostrosa. Gosti ovog iftara na poziv","robots":{"index":"index","follow":"follow","max-snippet":"max-snippet:-1","max-image-preview":"max-image-preview:large","max-video-preview":"max-video-preview:-1"},"canonical":"https:\/\/www.visit-ulcinj.com\/blog\/2013\/07\/19\/delegacija-mesihata-u-posjeti-odboru-islamske-zajednice-ulcinj\/","og_locale":"en_US","og_type":"article","og_title":"Delegacija Me\u0161ihata u posjeti Odboru Islamske zajednice Ulcinj - Lajme nga Ulqini","og_description":"Ulcinj \u2013 Sino\u0107 je Predsjednik op\u0161tine Ulcinj Nazif Cungu organizovao iftar za sve imame sa podru\u010dja Ulcinja i Ostrosa. Gosti ovog iftara na poziv","og_url":"https:\/\/www.visit-ulcinj.com\/blog\/2013\/07\/19\/delegacija-mesihata-u-posjeti-odboru-islamske-zajednice-ulcinj\/","og_site_name":"Lajme nga Ulqini","article_published_time":"2013-07-19T06:57:58+00:00","article_modified_time":"2013-07-19T06:59:35+00:00","og_image":[{"url":"http:\/\/www.visit-ulcinj.com\/blog\/wp-content\/uploads\/2013\/07\/Nazif-Cungu-organizovao-iftar-za-sve-imame-Ulcinja-i-Ostrosa.jpg"}],"twitter_misc":{"Written by":"ulqini","Est. reading time":"1 minute"},"schema":{"@context":"https:\/\/schema.org","@graph":[{"@type":"WebSite","@id":"https:\/\/www.visit-ulcinj.com\/blog\/#website","url":"https:\/\/www.visit-ulcinj.com\/blog\/","name":"Lajme nga Ulqini","description":"Lajme,Vijesti,Ulqini,Ulqin,Crna Gora,Mali i Zi","potentialAction":[{"@type":"SearchAction","target":{"@type":"EntryPoint","urlTemplate":"https:\/\/www.visit-ulcinj.com\/blog\/?s={search_term_string}"},"query-input":"required name=search_term_string"}],"inLanguage":"en-US"},{"@type":"ImageObject","inLanguage":"en-US","@id":"https:\/\/www.visit-ulcinj.com\/blog\/2013\/07\/19\/delegacija-mesihata-u-posjeti-odboru-islamske-zajednice-ulcinj\/#primaryimage","url":"https:\/\/www.visit-ulcinj.com\/blog\/wp-content\/uploads\/2013\/07\/Nazif-Cungu-organizovao-iftar-za-sve-imame-Ulcinja-i-Ostrosa.jpg","contentUrl":"https:\/\/www.visit-ulcinj.com\/blog\/wp-content\/uploads\/2013\/07\/Nazif-Cungu-organizovao-iftar-za-sve-imame-Ulcinja-i-Ostrosa.jpg","width":800,"height":600},{"@type":"WebPage","@id":"https:\/\/www.visit-ulcinj.com\/blog\/2013\/07\/19\/delegacija-mesihata-u-posjeti-odboru-islamske-zajednice-ulcinj\/#webpage","url":"https:\/\/www.visit-ulcinj.com\/blog\/2013\/07\/19\/delegacija-mesihata-u-posjeti-odboru-islamske-zajednice-ulcinj\/","name":"Delegacija Me\u0161ihata u posjeti Odboru Islamske zajednice Ulcinj - Lajme nga Ulqini","isPartOf":{"@id":"https:\/\/www.visit-ulcinj.com\/blog\/#website"},"primaryImageOfPage":{"@id":"https:\/\/www.visit-ulcinj.com\/blog\/2013\/07\/19\/delegacija-mesihata-u-posjeti-odboru-islamske-zajednice-ulcinj\/#primaryimage"},"datePublished":"2013-07-19T06:57:58+00:00","dateModified":"2013-07-19T06:59:35+00:00","author":{"@id":"https:\/\/www.visit-ulcinj.com\/blog\/#\/schema\/person\/dcab619c614d3038751c63bc2aadc06d"},"description":"Ulcinj \u2013 Sino\u0107 je Predsjednik op\u0161tine Ulcinj Nazif Cungu organizovao iftar za sve imame sa podru\u010dja Ulcinja i Ostrosa. Gosti ovog iftara na poziv","breadcrumb":{"@id":"https:\/\/www.visit-ulcinj.com\/blog\/2013\/07\/19\/delegacija-mesihata-u-posjeti-odboru-islamske-zajednice-ulcinj\/#breadcrumb"},"inLanguage":"en-US","potentialAction":[{"@type":"ReadAction","target":["https:\/\/www.visit-ulcinj.com\/blog\/2013\/07\/19\/delegacija-mesihata-u-posjeti-odboru-islamske-zajednice-ulcinj\/"]}]},{"@type":"BreadcrumbList","@id":"https:\/\/www.visit-ulcinj.com\/blog\/2013\/07\/19\/delegacija-mesihata-u-posjeti-odboru-islamske-zajednice-ulcinj\/#breadcrumb","itemListElement":[{"@type":"ListItem","position":1,"name":"Delegacija Me\u0161ihata u posjeti Odboru Islamske zajednice Ulcinj"}]},{"@type":"Person","@id":"https:\/\/www.visit-ulcinj.com\/blog\/#\/schema\/person\/dcab619c614d3038751c63bc2aadc06d","name":"ulqini","sameAs":["http:\/\/www.visit-ulcinj.com"],"url":"https:\/\/www.visit-ulcinj.com\/blog\/author\/admin\/"}]}},"jetpack_featured_media_url":"","jetpack_sharing_enabled":true,"jetpack_shortlink":"https:\/\/wp.me\/pe6lTn-j6x","_links":{"self":[{"href":"https:\/\/www.visit-ulcinj.com\/blog\/wp-json\/wp\/v2\/posts\/73441"}],"collection":[{"href":"https:\/\/www.visit-ulcinj.com\/blog\/wp-json\/wp\/v2\/posts"}],"about":[{"href":"https:\/\/www.visit-ulcinj.com\/blog\/wp-json\/wp\/v2\/types\/post"}],"author":[{"embeddable":true,"href":"https:\/\/www.visit-ulcinj.com\/blog\/wp-json\/wp\/v2\/users\/1"}],"replies":[{"embeddable":true,"href":"https:\/\/www.visit-ulcinj.com\/blog\/wp-json\/wp\/v2\/comments?post=73441"}],"version-history":[{"count":2,"href":"https:\/\/www.visit-ulcinj.com\/blog\/wp-json\/wp\/v2\/posts\/73441\/revisions"}],"predecessor-version":[{"id":73445,"href":"https:\/\/www.visit-ulcinj.com\/blog\/wp-json\/wp\/v2\/posts\/73441\/revisions\/73445"}],"wp:attachment":[{"href":"https:\/\/www.visit-ulcinj.com\/blog\/wp-json\/wp\/v2\/media?parent=73441"}],"wp:term":[{"taxonomy":"category","embeddable":true,"href":"https:\/\/www.visit-ulcinj.com\/blog\/wp-json\/wp\/v2\/categories?post=73441"},{"taxonomy":"post_tag","embeddable":true,"href":"https:\/\/www.visit-ulcinj.com\/blog\/wp-json\/wp\/v2\/tags?post=73441"}],"curies":[{"name":"wp","href":"https:\/\/api.w.org\/{rel}","templated":true}]}}