{"id":73446,"date":"2013-07-19T15:55:26","date_gmt":"2013-07-19T14:55:26","guid":{"rendered":"http:\/\/www.visit-ulcinj.com\/blog\/?p=73446"},"modified":"2013-07-19T23:28:30","modified_gmt":"2013-07-19T22:28:30","slug":"durres-grabisnin-pushuesit-kosovare-4-ne-pranga","status":"publish","type":"post","link":"https:\/\/www.visit-ulcinj.com\/blog\/2013\/07\/19\/durres-grabisnin-pushuesit-kosovare-4-ne-pranga\/","title":{"rendered":"Durr\u00ebs, grabisnin pushuesit kosovar\u00eb, 4 n\u00eb pranga"},"content":{"rendered":"<p><a href=\"http:\/\/www.visit-ulcinj.com\/blog\/wp-content\/uploads\/2013\/07\/Durr\u00ebsi-braktiset-nga-pushuesit.jpg\"><img loading=\"lazy\" class=\"alignleft  wp-image-73399\" alt=\"Durr\u00ebsi braktiset nga pushuesit\" src=\"http:\/\/www.visit-ulcinj.com\/blog\/wp-content\/uploads\/2013\/07\/Durr\u00ebsi-braktiset-nga-pushuesit.jpg\" width=\"508\" height=\"351\" \/><\/a>Policia e Durr\u00ebsit ka arrestuar sot 4 t\u00eb rinj, n\u00ebn akuz\u00ebn e grabitjes me arm\u00eb e dhun\u00eb.<\/p>\n<p>M\u00ebsohet se k\u00ebta shtetas grabisnin kryesisht pushuesit kosovar\u00eb n\u00eb plazhin e Durr\u00ebsit. Mbr\u00ebmjen e djeshme rreth or\u00ebs 23:00, ata kan\u00eb grabitur 3 pushues kosovar\u00eb, duke iu marr\u00eb atyre portofolat.<\/p>\n<p>K\u00ebta t\u00eb fundit kan\u00eb arritur t\u00eb kryejn\u00eb grabitijet n\u00ebn k\u00ebrc\u00ebnimin e arm\u00ebve dhe m\u00eb pas kan\u00eb ushtruar edhe dhun\u00eb mbi k\u00ebta shtetas.<\/p>\n<p>Policia e Durr\u00ebsit b\u00ebn me dije se n\u00eb pranga kan\u00eb p\u00ebrfunduar shtetasit Leonard Fierza, Hasan Tosku 21 vje\u00e7, Haki Nuci 24 vje\u00e7, Jetmir Mera 19 vje\u00e7. Tre prej tyre jan\u00eb ntga Burreli dhe nj\u00ebri nga Shkodra.<\/p>\n<p>&nbsp;<\/p>\n<p><strong>Indeksonline<\/strong><\/p>\n","protected":false},"excerpt":{"rendered":"<p>Policia e Durr\u00ebsit ka arrestuar sot 4 t\u00eb rinj, n\u00ebn akuz\u00ebn e grabitjes me arm\u00eb e dhun\u00eb. M\u00ebsohet se k\u00ebta shtetas grabisnin kryesisht pushuesit kosovar\u00eb n\u00eb plazhin e Durr\u00ebsit. Mbr\u00ebmjen e djeshme rreth or\u00ebs 23:00, ata kan\u00eb grabitur 3 pushues kosovar\u00eb, duke iu marr\u00eb atyre portofolat. K\u00ebta t\u00eb fundit kan\u00eb arritur t\u00eb kryejn\u00eb grabitijet n\u00ebn [&hellip;]<\/p>\n","protected":false},"author":1,"featured_media":0,"comment_status":"closed","ping_status":"closed","sticky":false,"template":"","format":"standard","meta":{"spay_email":"","jetpack_publicize_message":"","jetpack_is_tweetstorm":false,"jetpack_publicize_feature_enabled":true},"categories":[6950],"tags":[],"jetpack_publicize_connections":[],"yoast_head":"<!-- This site is optimized with the Yoast SEO plugin v19.1 - https:\/\/yoast.com\/wordpress\/plugins\/seo\/ -->\n<title>Durr\u00ebs, grabisnin pushuesit kosovar\u00eb, 4 n\u00eb pranga - Lajme nga Ulqini<\/title>\n<meta name=\"description\" content=\"Policia e Durr\u00ebsit ka arrestuar sot 4 t\u00eb rinj, n\u00ebn akuz\u00ebn e grabitjes me arm\u00eb e dhun\u00eb. M\u00ebsohet se k\u00ebta shtetas grabisnin kryesisht pushuesit kosovar\u00eb n\u00eb\" \/>\n<meta name=\"robots\" content=\"index, follow, max-snippet:-1, max-image-preview:large, max-video-preview:-1\" \/>\n<link rel=\"canonical\" href=\"https:\/\/www.visit-ulcinj.com\/blog\/2013\/07\/19\/durres-grabisnin-pushuesit-kosovare-4-ne-pranga\/\" \/>\n<meta property=\"og:locale\" content=\"en_US\" \/>\n<meta property=\"og:type\" content=\"article\" \/>\n<meta property=\"og:title\" content=\"Durr\u00ebs, grabisnin pushuesit kosovar\u00eb, 4 n\u00eb pranga - Lajme nga Ulqini\" \/>\n<meta property=\"og:description\" content=\"Policia e Durr\u00ebsit ka arrestuar sot 4 t\u00eb rinj, n\u00ebn akuz\u00ebn e grabitjes me arm\u00eb e dhun\u00eb. M\u00ebsohet se k\u00ebta shtetas grabisnin kryesisht pushuesit kosovar\u00eb n\u00eb\" \/>\n<meta property=\"og:url\" content=\"https:\/\/www.visit-ulcinj.com\/blog\/2013\/07\/19\/durres-grabisnin-pushuesit-kosovare-4-ne-pranga\/\" \/>\n<meta property=\"og:site_name\" content=\"Lajme nga Ulqini\" \/>\n<meta property=\"article:published_time\" content=\"2013-07-19T14:55:26+00:00\" \/>\n<meta property=\"article:modified_time\" content=\"2013-07-19T22:28:30+00:00\" \/>\n<meta name=\"twitter:label1\" content=\"Written by\" \/>\n\t<meta name=\"twitter:data1\" content=\"ulqini\" \/>\n\t<meta name=\"twitter:label2\" content=\"Est. reading time\" \/>\n\t<meta name=\"twitter:data2\" content=\"1 minute\" \/>\n<script type=\"application\/ld+json\" class=\"yoast-schema-graph\">{\"@context\":\"https:\/\/schema.org\",\"@graph\":[{\"@type\":\"WebSite\",\"@id\":\"https:\/\/www.visit-ulcinj.com\/blog\/#website\",\"url\":\"https:\/\/www.visit-ulcinj.com\/blog\/\",\"name\":\"Lajme nga Ulqini\",\"description\":\"Lajme,Vijesti,Ulqini,Ulqin,Crna Gora,Mali i Zi\",\"potentialAction\":[{\"@type\":\"SearchAction\",\"target\":{\"@type\":\"EntryPoint\",\"urlTemplate\":\"https:\/\/www.visit-ulcinj.com\/blog\/?s={search_term_string}\"},\"query-input\":\"required name=search_term_string\"}],\"inLanguage\":\"en-US\"},{\"@type\":\"WebPage\",\"@id\":\"https:\/\/www.visit-ulcinj.com\/blog\/2013\/07\/19\/durres-grabisnin-pushuesit-kosovare-4-ne-pranga\/#webpage\",\"url\":\"https:\/\/www.visit-ulcinj.com\/blog\/2013\/07\/19\/durres-grabisnin-pushuesit-kosovare-4-ne-pranga\/\",\"name\":\"Durr\u00ebs, grabisnin pushuesit kosovar\u00eb, 4 n\u00eb pranga - Lajme nga Ulqini\",\"isPartOf\":{\"@id\":\"https:\/\/www.visit-ulcinj.com\/blog\/#website\"},\"datePublished\":\"2013-07-19T14:55:26+00:00\",\"dateModified\":\"2013-07-19T22:28:30+00:00\",\"author\":{\"@id\":\"https:\/\/www.visit-ulcinj.com\/blog\/#\/schema\/person\/dcab619c614d3038751c63bc2aadc06d\"},\"description\":\"Policia e Durr\u00ebsit ka arrestuar sot 4 t\u00eb rinj, n\u00ebn akuz\u00ebn e grabitjes me arm\u00eb e dhun\u00eb. M\u00ebsohet se k\u00ebta shtetas grabisnin kryesisht pushuesit kosovar\u00eb n\u00eb\",\"breadcrumb\":{\"@id\":\"https:\/\/www.visit-ulcinj.com\/blog\/2013\/07\/19\/durres-grabisnin-pushuesit-kosovare-4-ne-pranga\/#breadcrumb\"},\"inLanguage\":\"en-US\",\"potentialAction\":[{\"@type\":\"ReadAction\",\"target\":[\"https:\/\/www.visit-ulcinj.com\/blog\/2013\/07\/19\/durres-grabisnin-pushuesit-kosovare-4-ne-pranga\/\"]}]},{\"@type\":\"BreadcrumbList\",\"@id\":\"https:\/\/www.visit-ulcinj.com\/blog\/2013\/07\/19\/durres-grabisnin-pushuesit-kosovare-4-ne-pranga\/#breadcrumb\",\"itemListElement\":[{\"@type\":\"ListItem\",\"position\":1,\"name\":\"Durr\u00ebs, grabisnin pushuesit kosovar\u00eb, 4 n\u00eb pranga\"}]},{\"@type\":\"Person\",\"@id\":\"https:\/\/www.visit-ulcinj.com\/blog\/#\/schema\/person\/dcab619c614d3038751c63bc2aadc06d\",\"name\":\"ulqini\",\"sameAs\":[\"http:\/\/www.visit-ulcinj.com\"],\"url\":\"https:\/\/www.visit-ulcinj.com\/blog\/author\/admin\/\"}]}<\/script>\n<!-- \/ Yoast SEO plugin. -->","yoast_head_json":{"title":"Durr\u00ebs, grabisnin pushuesit kosovar\u00eb, 4 n\u00eb pranga - Lajme nga Ulqini","description":"Policia e Durr\u00ebsit ka arrestuar sot 4 t\u00eb rinj, n\u00ebn akuz\u00ebn e grabitjes me arm\u00eb e dhun\u00eb. M\u00ebsohet se k\u00ebta shtetas grabisnin kryesisht pushuesit kosovar\u00eb n\u00eb","robots":{"index":"index","follow":"follow","max-snippet":"max-snippet:-1","max-image-preview":"max-image-preview:large","max-video-preview":"max-video-preview:-1"},"canonical":"https:\/\/www.visit-ulcinj.com\/blog\/2013\/07\/19\/durres-grabisnin-pushuesit-kosovare-4-ne-pranga\/","og_locale":"en_US","og_type":"article","og_title":"Durr\u00ebs, grabisnin pushuesit kosovar\u00eb, 4 n\u00eb pranga - Lajme nga Ulqini","og_description":"Policia e Durr\u00ebsit ka arrestuar sot 4 t\u00eb rinj, n\u00ebn akuz\u00ebn e grabitjes me arm\u00eb e dhun\u00eb. M\u00ebsohet se k\u00ebta shtetas grabisnin kryesisht pushuesit kosovar\u00eb n\u00eb","og_url":"https:\/\/www.visit-ulcinj.com\/blog\/2013\/07\/19\/durres-grabisnin-pushuesit-kosovare-4-ne-pranga\/","og_site_name":"Lajme nga Ulqini","article_published_time":"2013-07-19T14:55:26+00:00","article_modified_time":"2013-07-19T22:28:30+00:00","twitter_misc":{"Written by":"ulqini","Est. reading time":"1 minute"},"schema":{"@context":"https:\/\/schema.org","@graph":[{"@type":"WebSite","@id":"https:\/\/www.visit-ulcinj.com\/blog\/#website","url":"https:\/\/www.visit-ulcinj.com\/blog\/","name":"Lajme nga Ulqini","description":"Lajme,Vijesti,Ulqini,Ulqin,Crna Gora,Mali i Zi","potentialAction":[{"@type":"SearchAction","target":{"@type":"EntryPoint","urlTemplate":"https:\/\/www.visit-ulcinj.com\/blog\/?s={search_term_string}"},"query-input":"required name=search_term_string"}],"inLanguage":"en-US"},{"@type":"WebPage","@id":"https:\/\/www.visit-ulcinj.com\/blog\/2013\/07\/19\/durres-grabisnin-pushuesit-kosovare-4-ne-pranga\/#webpage","url":"https:\/\/www.visit-ulcinj.com\/blog\/2013\/07\/19\/durres-grabisnin-pushuesit-kosovare-4-ne-pranga\/","name":"Durr\u00ebs, grabisnin pushuesit kosovar\u00eb, 4 n\u00eb pranga - Lajme nga Ulqini","isPartOf":{"@id":"https:\/\/www.visit-ulcinj.com\/blog\/#website"},"datePublished":"2013-07-19T14:55:26+00:00","dateModified":"2013-07-19T22:28:30+00:00","author":{"@id":"https:\/\/www.visit-ulcinj.com\/blog\/#\/schema\/person\/dcab619c614d3038751c63bc2aadc06d"},"description":"Policia e Durr\u00ebsit ka arrestuar sot 4 t\u00eb rinj, n\u00ebn akuz\u00ebn e grabitjes me arm\u00eb e dhun\u00eb. M\u00ebsohet se k\u00ebta shtetas grabisnin kryesisht pushuesit kosovar\u00eb n\u00eb","breadcrumb":{"@id":"https:\/\/www.visit-ulcinj.com\/blog\/2013\/07\/19\/durres-grabisnin-pushuesit-kosovare-4-ne-pranga\/#breadcrumb"},"inLanguage":"en-US","potentialAction":[{"@type":"ReadAction","target":["https:\/\/www.visit-ulcinj.com\/blog\/2013\/07\/19\/durres-grabisnin-pushuesit-kosovare-4-ne-pranga\/"]}]},{"@type":"BreadcrumbList","@id":"https:\/\/www.visit-ulcinj.com\/blog\/2013\/07\/19\/durres-grabisnin-pushuesit-kosovare-4-ne-pranga\/#breadcrumb","itemListElement":[{"@type":"ListItem","position":1,"name":"Durr\u00ebs, grabisnin pushuesit kosovar\u00eb, 4 n\u00eb pranga"}]},{"@type":"Person","@id":"https:\/\/www.visit-ulcinj.com\/blog\/#\/schema\/person\/dcab619c614d3038751c63bc2aadc06d","name":"ulqini","sameAs":["http:\/\/www.visit-ulcinj.com"],"url":"https:\/\/www.visit-ulcinj.com\/blog\/author\/admin\/"}]}},"jetpack_featured_media_url":"","jetpack_sharing_enabled":true,"jetpack_shortlink":"https:\/\/wp.me\/pe6lTn-j6C","_links":{"self":[{"href":"https:\/\/www.visit-ulcinj.com\/blog\/wp-json\/wp\/v2\/posts\/73446"}],"collection":[{"href":"https:\/\/www.visit-ulcinj.com\/blog\/wp-json\/wp\/v2\/posts"}],"about":[{"href":"https:\/\/www.visit-ulcinj.com\/blog\/wp-json\/wp\/v2\/types\/post"}],"author":[{"embeddable":true,"href":"https:\/\/www.visit-ulcinj.com\/blog\/wp-json\/wp\/v2\/users\/1"}],"replies":[{"embeddable":true,"href":"https:\/\/www.visit-ulcinj.com\/blog\/wp-json\/wp\/v2\/comments?post=73446"}],"version-history":[{"count":3,"href":"https:\/\/www.visit-ulcinj.com\/blog\/wp-json\/wp\/v2\/posts\/73446\/revisions"}],"predecessor-version":[{"id":73464,"href":"https:\/\/www.visit-ulcinj.com\/blog\/wp-json\/wp\/v2\/posts\/73446\/revisions\/73464"}],"wp:attachment":[{"href":"https:\/\/www.visit-ulcinj.com\/blog\/wp-json\/wp\/v2\/media?parent=73446"}],"wp:term":[{"taxonomy":"category","embeddable":true,"href":"https:\/\/www.visit-ulcinj.com\/blog\/wp-json\/wp\/v2\/categories?post=73446"},{"taxonomy":"post_tag","embeddable":true,"href":"https:\/\/www.visit-ulcinj.com\/blog\/wp-json\/wp\/v2\/tags?post=73446"}],"curies":[{"name":"wp","href":"https:\/\/api.w.org\/{rel}","templated":true}]}}