{"id":73449,"date":"2013-07-19T16:05:54","date_gmt":"2013-07-19T15:05:54","guid":{"rendered":"http:\/\/www.visit-ulcinj.com\/blog\/?p=73449"},"modified":"2013-07-19T16:05:54","modified_gmt":"2013-07-19T15:05:54","slug":"mergimtaret-perballen-me-veshtiresi-gjate-kalimit-neper-serbi-e-mal-te-zi","status":"publish","type":"post","link":"https:\/\/www.visit-ulcinj.com\/blog\/2013\/07\/19\/mergimtaret-perballen-me-veshtiresi-gjate-kalimit-neper-serbi-e-mal-te-zi\/","title":{"rendered":"M\u00ebrgimtar\u00ebt p\u00ebrballen me v\u00ebshtir\u00ebsi gjat\u00eb kalimit n\u00ebp\u00ebr Serbi e Mal t\u00eb Zi"},"content":{"rendered":"<p><a href=\"http:\/\/www.visit-ulcinj.com\/blog\/wp-content\/uploads\/2013\/07\/DEBELIBREG.jpg\"><img loading=\"lazy\" class=\"alignleft  wp-image-73450\" alt=\"DEBELIBREG\" src=\"http:\/\/www.visit-ulcinj.com\/blog\/wp-content\/uploads\/2013\/07\/DEBELIBREG.jpg\" width=\"508\" height=\"375\" \/><\/a>Bashkatdhetar\u00ebt q\u00eb vijn\u00eb p\u00ebr pushime n\u00eb Kosov\u00eb, vazhdojn\u00eb t\u00eb p\u00ebrballen me probleme gjat\u00eb rrug\u00ebs. Sikur edhe n\u00eb vitet e kaluara, problemet m\u00eb t\u00eb m\u00ebdha shkaktohen gjat\u00eb kalimit n\u00ebp\u00ebr Serbi dhe Mal t\u00eb Zi. Qytetar\u00ebt tregojn\u00eb p\u00ebr shuma t\u00eb larta t\u00eb parave q\u00eb iu k\u00ebrkohet nga ana e autoriteteve t\u00eb Malit t\u00eb Zi, pa ndonj\u00eb arsye t\u00eb caktuar.<\/p>\n<p>Luljeta Mustafa \u00ebsht\u00eb vet\u00ebm nj\u00eb nga bashkatdhetar\u00ebt e shumt\u00eb q\u00eb gjat\u00eb ver\u00ebs ia m\u00ebsyjn\u00eb Kosov\u00ebs p\u00ebr t\u2019i kaluar pushimet. Sikur vitet e kaluara, edhe k\u00ebt\u00eb vit ajo \u00ebsht\u00eb p\u00ebrballur me peripecit\u00eb e shumta p\u00ebr t\u00eb ardhur n\u00eb Kosov\u00eb. Derisa vendet e Bashkimit Evropian, p\u00ebrfshir\u00eb edhe Kroacin\u00eb si an\u00ebtarja m\u00eb e re e k\u00ebtij unioni, ajo i ka kaluar pa problem, n\u00eb territorin e Malit t\u00eb Zi, \u00ebsht\u00eb p\u00ebrballur me sanksione t\u00eb pa arsyetueshme, q\u00eb e kan\u00eb r\u00ebnduar xhepin e saj. Luljeta rr\u00ebfen p\u00ebr problemet n\u00eb shtetin fqinj t\u00eb Kosov\u00ebs.<\/p>\n<p>\u201cNa i lyp\u00ebn paret, na i k\u00ebrkuan 200 euro, por nuk kishin arsye p\u00ebr k\u00ebrkes\u00ebn q\u00eb e b\u00ebn sepse ishin krejt n\u00eb rregull. Pastaj u shtym\u00eb me ta, pse ta b\u00ebjm\u00eb k\u00ebt\u00eb pages\u00eb, derisa \u00e7mimi ra n\u00eb 50 euro. K\u00ebshtu q\u00eb u desh t\u00eb paguajm\u00eb 50 euro\u201d, tha Mustafa.<\/p>\n<p>Luljeta dhe familja e saj nuk jan\u00eb t\u00eb vetmit q\u00eb jan\u00eb p\u00ebrballur me nj\u00eb situat\u00eb t\u00eb till\u00eb. Ajo tregon se n\u00eb t\u00eb nj\u00ebjt\u00ebn koh\u00eb, edhe vetura t\u00eb tjera me m\u00ebrgimtar\u00eb jan\u00eb ndalur nga ana e polic\u00ebve dhe doganier\u00ebve t\u00eb Malit t\u00eb Zi, t\u00eb cil\u00ebt kan\u00eb k\u00ebrkuar shuma t\u00eb caktuara parash.<\/p>\n<p>Ministria e Diaspor\u00ebs ka v\u00ebn\u00eb n\u00eb dispozicion dy numra t\u00eb telefonit n\u00eb t\u00eb cil\u00ebt bashkatdhetar\u00ebt mund t\u00eb informojn\u00eb p\u00ebr problemet q\u00eb hasin gjat\u00eb rrug\u00ebs p\u00ebr n\u00eb Kosov\u00eb. Ministri i Diaspor\u00ebs, Ibrahim Makolli thot\u00eb se deri m\u00eb tani nuk ka pasur ndonj\u00eb ankes\u00eb ndaj autoriteteve t\u00eb Malit t\u00eb Zi.<\/p>\n<p>\u201cNe jemi t\u00eb vet\u00ebdijsh\u00ebm q\u00eb autoritetet e Malit t\u00eb Zi sikur n\u00eb t\u00eb kaluar\u00ebn edhe k\u00ebt\u00eb vit mund t\u00eb paraqesin pengesa nga m\u00eb t\u00eb ndryshmet, por pa pasur di\u00e7ka t\u00eb drejtp\u00ebrdrejt\u00eb ne e kemi t\u00eb pamundur q\u00eb t\u00eb thirremi n\u00eb raste. Ne kemi k\u00ebrkuar prej tyre n\u00eb takimet q\u00eb kemi pasur me k\u00ebto autoritete dhe kemi marr\u00eb zotimin e tyre se gjith\u00e7ka do t\u00eb jet\u00eb n\u00eb rregull, por n\u00eb praktik\u00eb gjendja \u00ebsht\u00eb krejt ndryshe\u201d, tha Makolli p\u00ebr Radio Kosov\u00ebn.<\/p>\n<p>Makolli thot\u00eb se bashkatdhetar\u00ebt n\u00eb raste kur kan\u00eb probleme duhet t\u00eb informojn\u00eb p\u00ebr trajtimin q\u00eb u \u00ebsht\u00eb b\u00ebr\u00eb gjat\u00eb rrug\u00ebs, n\u00eb m\u00ebnyr\u00eb q\u00eb t\u00eb vihet kontakti me autoritetet p\u00ebrkat\u00ebse p\u00ebr eliminimin e praktikave t\u00eb tilla.<\/p>\n<p><b>Kronik\u00ebn mund ta ndiqni n\u00eb &#8220;Info 12&#8221;, n\u00eb Radio Kosov\u00eb<\/b><\/p>\n<p><strong>RTK<\/strong><\/p>\n","protected":false},"excerpt":{"rendered":"<p>Bashkatdhetar\u00ebt q\u00eb vijn\u00eb p\u00ebr pushime n\u00eb Kosov\u00eb, vazhdojn\u00eb t\u00eb p\u00ebrballen me probleme gjat\u00eb rrug\u00ebs. Sikur edhe n\u00eb vitet e kaluara, problemet m\u00eb t\u00eb m\u00ebdha shkaktohen gjat\u00eb kalimit n\u00ebp\u00ebr Serbi dhe Mal t\u00eb Zi. Qytetar\u00ebt tregojn\u00eb p\u00ebr shuma t\u00eb larta t\u00eb parave q\u00eb iu k\u00ebrkohet nga ana e autoriteteve t\u00eb Malit t\u00eb Zi, pa ndonj\u00eb arsye [&hellip;]<\/p>\n","protected":false},"author":1,"featured_media":0,"comment_status":"closed","ping_status":"closed","sticky":false,"template":"","format":"standard","meta":{"spay_email":"","jetpack_publicize_message":"","jetpack_is_tweetstorm":false,"jetpack_publicize_feature_enabled":true},"categories":[12],"tags":[],"jetpack_publicize_connections":[],"yoast_head":"<!-- This site is optimized with the Yoast SEO plugin v19.1 - https:\/\/yoast.com\/wordpress\/plugins\/seo\/ -->\n<title>M\u00ebrgimtar\u00ebt p\u00ebrballen me v\u00ebshtir\u00ebsi gjat\u00eb kalimit n\u00ebp\u00ebr Serbi e Mal t\u00eb Zi - Lajme nga Ulqini<\/title>\n<meta name=\"description\" content=\"Bashkatdhetar\u00ebt q\u00eb vijn\u00eb p\u00ebr pushime n\u00eb Kosov\u00eb, vazhdojn\u00eb t\u00eb p\u00ebrballen me probleme gjat\u00eb rrug\u00ebs. Sikur edhe n\u00eb vitet e kaluara, problemet m\u00eb t\u00eb m\u00ebdha\" \/>\n<meta name=\"robots\" content=\"index, follow, max-snippet:-1, max-image-preview:large, max-video-preview:-1\" \/>\n<link rel=\"canonical\" href=\"https:\/\/www.visit-ulcinj.com\/blog\/2013\/07\/19\/mergimtaret-perballen-me-veshtiresi-gjate-kalimit-neper-serbi-e-mal-te-zi\/\" \/>\n<meta property=\"og:locale\" content=\"en_US\" \/>\n<meta property=\"og:type\" content=\"article\" \/>\n<meta property=\"og:title\" content=\"M\u00ebrgimtar\u00ebt p\u00ebrballen me v\u00ebshtir\u00ebsi gjat\u00eb kalimit n\u00ebp\u00ebr Serbi e Mal t\u00eb Zi - Lajme nga Ulqini\" \/>\n<meta property=\"og:description\" content=\"Bashkatdhetar\u00ebt q\u00eb vijn\u00eb p\u00ebr pushime n\u00eb Kosov\u00eb, vazhdojn\u00eb t\u00eb p\u00ebrballen me probleme gjat\u00eb rrug\u00ebs. Sikur edhe n\u00eb vitet e kaluara, problemet m\u00eb t\u00eb m\u00ebdha\" \/>\n<meta property=\"og:url\" content=\"https:\/\/www.visit-ulcinj.com\/blog\/2013\/07\/19\/mergimtaret-perballen-me-veshtiresi-gjate-kalimit-neper-serbi-e-mal-te-zi\/\" \/>\n<meta property=\"og:site_name\" content=\"Lajme nga Ulqini\" \/>\n<meta property=\"article:published_time\" content=\"2013-07-19T15:05:54+00:00\" \/>\n<meta property=\"og:image\" content=\"http:\/\/www.visit-ulcinj.com\/blog\/wp-content\/uploads\/2013\/07\/DEBELIBREG.jpg\" \/>\n<meta name=\"twitter:label1\" content=\"Written by\" \/>\n\t<meta name=\"twitter:data1\" content=\"ulqini\" \/>\n\t<meta name=\"twitter:label2\" content=\"Est. reading time\" \/>\n\t<meta name=\"twitter:data2\" content=\"2 minutes\" \/>\n<script type=\"application\/ld+json\" class=\"yoast-schema-graph\">{\"@context\":\"https:\/\/schema.org\",\"@graph\":[{\"@type\":\"WebSite\",\"@id\":\"https:\/\/www.visit-ulcinj.com\/blog\/#website\",\"url\":\"https:\/\/www.visit-ulcinj.com\/blog\/\",\"name\":\"Lajme nga Ulqini\",\"description\":\"Lajme,Vijesti,Ulqini,Ulqin,Crna Gora,Mali i Zi\",\"potentialAction\":[{\"@type\":\"SearchAction\",\"target\":{\"@type\":\"EntryPoint\",\"urlTemplate\":\"https:\/\/www.visit-ulcinj.com\/blog\/?s={search_term_string}\"},\"query-input\":\"required name=search_term_string\"}],\"inLanguage\":\"en-US\"},{\"@type\":\"ImageObject\",\"inLanguage\":\"en-US\",\"@id\":\"https:\/\/www.visit-ulcinj.com\/blog\/2013\/07\/19\/mergimtaret-perballen-me-veshtiresi-gjate-kalimit-neper-serbi-e-mal-te-zi\/#primaryimage\",\"url\":\"https:\/\/www.visit-ulcinj.com\/blog\/wp-content\/uploads\/2013\/07\/DEBELIBREG.jpg\",\"contentUrl\":\"https:\/\/www.visit-ulcinj.com\/blog\/wp-content\/uploads\/2013\/07\/DEBELIBREG.jpg\",\"width\":500,\"height\":375},{\"@type\":\"WebPage\",\"@id\":\"https:\/\/www.visit-ulcinj.com\/blog\/2013\/07\/19\/mergimtaret-perballen-me-veshtiresi-gjate-kalimit-neper-serbi-e-mal-te-zi\/#webpage\",\"url\":\"https:\/\/www.visit-ulcinj.com\/blog\/2013\/07\/19\/mergimtaret-perballen-me-veshtiresi-gjate-kalimit-neper-serbi-e-mal-te-zi\/\",\"name\":\"M\u00ebrgimtar\u00ebt p\u00ebrballen me v\u00ebshtir\u00ebsi gjat\u00eb kalimit n\u00ebp\u00ebr Serbi e Mal t\u00eb Zi - Lajme nga Ulqini\",\"isPartOf\":{\"@id\":\"https:\/\/www.visit-ulcinj.com\/blog\/#website\"},\"primaryImageOfPage\":{\"@id\":\"https:\/\/www.visit-ulcinj.com\/blog\/2013\/07\/19\/mergimtaret-perballen-me-veshtiresi-gjate-kalimit-neper-serbi-e-mal-te-zi\/#primaryimage\"},\"datePublished\":\"2013-07-19T15:05:54+00:00\",\"dateModified\":\"2013-07-19T15:05:54+00:00\",\"author\":{\"@id\":\"https:\/\/www.visit-ulcinj.com\/blog\/#\/schema\/person\/dcab619c614d3038751c63bc2aadc06d\"},\"description\":\"Bashkatdhetar\u00ebt q\u00eb vijn\u00eb p\u00ebr pushime n\u00eb Kosov\u00eb, vazhdojn\u00eb t\u00eb p\u00ebrballen me probleme gjat\u00eb rrug\u00ebs. Sikur edhe n\u00eb vitet e kaluara, problemet m\u00eb t\u00eb m\u00ebdha\",\"breadcrumb\":{\"@id\":\"https:\/\/www.visit-ulcinj.com\/blog\/2013\/07\/19\/mergimtaret-perballen-me-veshtiresi-gjate-kalimit-neper-serbi-e-mal-te-zi\/#breadcrumb\"},\"inLanguage\":\"en-US\",\"potentialAction\":[{\"@type\":\"ReadAction\",\"target\":[\"https:\/\/www.visit-ulcinj.com\/blog\/2013\/07\/19\/mergimtaret-perballen-me-veshtiresi-gjate-kalimit-neper-serbi-e-mal-te-zi\/\"]}]},{\"@type\":\"BreadcrumbList\",\"@id\":\"https:\/\/www.visit-ulcinj.com\/blog\/2013\/07\/19\/mergimtaret-perballen-me-veshtiresi-gjate-kalimit-neper-serbi-e-mal-te-zi\/#breadcrumb\",\"itemListElement\":[{\"@type\":\"ListItem\",\"position\":1,\"name\":\"M\u00ebrgimtar\u00ebt p\u00ebrballen me v\u00ebshtir\u00ebsi gjat\u00eb kalimit n\u00ebp\u00ebr Serbi e Mal t\u00eb Zi\"}]},{\"@type\":\"Person\",\"@id\":\"https:\/\/www.visit-ulcinj.com\/blog\/#\/schema\/person\/dcab619c614d3038751c63bc2aadc06d\",\"name\":\"ulqini\",\"sameAs\":[\"http:\/\/www.visit-ulcinj.com\"],\"url\":\"https:\/\/www.visit-ulcinj.com\/blog\/author\/admin\/\"}]}<\/script>\n<!-- \/ Yoast SEO plugin. -->","yoast_head_json":{"title":"M\u00ebrgimtar\u00ebt p\u00ebrballen me v\u00ebshtir\u00ebsi gjat\u00eb kalimit n\u00ebp\u00ebr Serbi e Mal t\u00eb Zi - Lajme nga Ulqini","description":"Bashkatdhetar\u00ebt q\u00eb vijn\u00eb p\u00ebr pushime n\u00eb Kosov\u00eb, vazhdojn\u00eb t\u00eb p\u00ebrballen me probleme gjat\u00eb rrug\u00ebs. Sikur edhe n\u00eb vitet e kaluara, problemet m\u00eb t\u00eb m\u00ebdha","robots":{"index":"index","follow":"follow","max-snippet":"max-snippet:-1","max-image-preview":"max-image-preview:large","max-video-preview":"max-video-preview:-1"},"canonical":"https:\/\/www.visit-ulcinj.com\/blog\/2013\/07\/19\/mergimtaret-perballen-me-veshtiresi-gjate-kalimit-neper-serbi-e-mal-te-zi\/","og_locale":"en_US","og_type":"article","og_title":"M\u00ebrgimtar\u00ebt p\u00ebrballen me v\u00ebshtir\u00ebsi gjat\u00eb kalimit n\u00ebp\u00ebr Serbi e Mal t\u00eb Zi - Lajme nga Ulqini","og_description":"Bashkatdhetar\u00ebt q\u00eb vijn\u00eb p\u00ebr pushime n\u00eb Kosov\u00eb, vazhdojn\u00eb t\u00eb p\u00ebrballen me probleme gjat\u00eb rrug\u00ebs. Sikur edhe n\u00eb vitet e kaluara, problemet m\u00eb t\u00eb m\u00ebdha","og_url":"https:\/\/www.visit-ulcinj.com\/blog\/2013\/07\/19\/mergimtaret-perballen-me-veshtiresi-gjate-kalimit-neper-serbi-e-mal-te-zi\/","og_site_name":"Lajme nga Ulqini","article_published_time":"2013-07-19T15:05:54+00:00","og_image":[{"url":"http:\/\/www.visit-ulcinj.com\/blog\/wp-content\/uploads\/2013\/07\/DEBELIBREG.jpg"}],"twitter_misc":{"Written by":"ulqini","Est. reading time":"2 minutes"},"schema":{"@context":"https:\/\/schema.org","@graph":[{"@type":"WebSite","@id":"https:\/\/www.visit-ulcinj.com\/blog\/#website","url":"https:\/\/www.visit-ulcinj.com\/blog\/","name":"Lajme nga Ulqini","description":"Lajme,Vijesti,Ulqini,Ulqin,Crna Gora,Mali i Zi","potentialAction":[{"@type":"SearchAction","target":{"@type":"EntryPoint","urlTemplate":"https:\/\/www.visit-ulcinj.com\/blog\/?s={search_term_string}"},"query-input":"required name=search_term_string"}],"inLanguage":"en-US"},{"@type":"ImageObject","inLanguage":"en-US","@id":"https:\/\/www.visit-ulcinj.com\/blog\/2013\/07\/19\/mergimtaret-perballen-me-veshtiresi-gjate-kalimit-neper-serbi-e-mal-te-zi\/#primaryimage","url":"https:\/\/www.visit-ulcinj.com\/blog\/wp-content\/uploads\/2013\/07\/DEBELIBREG.jpg","contentUrl":"https:\/\/www.visit-ulcinj.com\/blog\/wp-content\/uploads\/2013\/07\/DEBELIBREG.jpg","width":500,"height":375},{"@type":"WebPage","@id":"https:\/\/www.visit-ulcinj.com\/blog\/2013\/07\/19\/mergimtaret-perballen-me-veshtiresi-gjate-kalimit-neper-serbi-e-mal-te-zi\/#webpage","url":"https:\/\/www.visit-ulcinj.com\/blog\/2013\/07\/19\/mergimtaret-perballen-me-veshtiresi-gjate-kalimit-neper-serbi-e-mal-te-zi\/","name":"M\u00ebrgimtar\u00ebt p\u00ebrballen me v\u00ebshtir\u00ebsi gjat\u00eb kalimit n\u00ebp\u00ebr Serbi e Mal t\u00eb Zi - Lajme nga Ulqini","isPartOf":{"@id":"https:\/\/www.visit-ulcinj.com\/blog\/#website"},"primaryImageOfPage":{"@id":"https:\/\/www.visit-ulcinj.com\/blog\/2013\/07\/19\/mergimtaret-perballen-me-veshtiresi-gjate-kalimit-neper-serbi-e-mal-te-zi\/#primaryimage"},"datePublished":"2013-07-19T15:05:54+00:00","dateModified":"2013-07-19T15:05:54+00:00","author":{"@id":"https:\/\/www.visit-ulcinj.com\/blog\/#\/schema\/person\/dcab619c614d3038751c63bc2aadc06d"},"description":"Bashkatdhetar\u00ebt q\u00eb vijn\u00eb p\u00ebr pushime n\u00eb Kosov\u00eb, vazhdojn\u00eb t\u00eb p\u00ebrballen me probleme gjat\u00eb rrug\u00ebs. Sikur edhe n\u00eb vitet e kaluara, problemet m\u00eb t\u00eb m\u00ebdha","breadcrumb":{"@id":"https:\/\/www.visit-ulcinj.com\/blog\/2013\/07\/19\/mergimtaret-perballen-me-veshtiresi-gjate-kalimit-neper-serbi-e-mal-te-zi\/#breadcrumb"},"inLanguage":"en-US","potentialAction":[{"@type":"ReadAction","target":["https:\/\/www.visit-ulcinj.com\/blog\/2013\/07\/19\/mergimtaret-perballen-me-veshtiresi-gjate-kalimit-neper-serbi-e-mal-te-zi\/"]}]},{"@type":"BreadcrumbList","@id":"https:\/\/www.visit-ulcinj.com\/blog\/2013\/07\/19\/mergimtaret-perballen-me-veshtiresi-gjate-kalimit-neper-serbi-e-mal-te-zi\/#breadcrumb","itemListElement":[{"@type":"ListItem","position":1,"name":"M\u00ebrgimtar\u00ebt p\u00ebrballen me v\u00ebshtir\u00ebsi gjat\u00eb kalimit n\u00ebp\u00ebr Serbi e Mal t\u00eb Zi"}]},{"@type":"Person","@id":"https:\/\/www.visit-ulcinj.com\/blog\/#\/schema\/person\/dcab619c614d3038751c63bc2aadc06d","name":"ulqini","sameAs":["http:\/\/www.visit-ulcinj.com"],"url":"https:\/\/www.visit-ulcinj.com\/blog\/author\/admin\/"}]}},"jetpack_featured_media_url":"","jetpack_sharing_enabled":true,"jetpack_shortlink":"https:\/\/wp.me\/pe6lTn-j6F","_links":{"self":[{"href":"https:\/\/www.visit-ulcinj.com\/blog\/wp-json\/wp\/v2\/posts\/73449"}],"collection":[{"href":"https:\/\/www.visit-ulcinj.com\/blog\/wp-json\/wp\/v2\/posts"}],"about":[{"href":"https:\/\/www.visit-ulcinj.com\/blog\/wp-json\/wp\/v2\/types\/post"}],"author":[{"embeddable":true,"href":"https:\/\/www.visit-ulcinj.com\/blog\/wp-json\/wp\/v2\/users\/1"}],"replies":[{"embeddable":true,"href":"https:\/\/www.visit-ulcinj.com\/blog\/wp-json\/wp\/v2\/comments?post=73449"}],"version-history":[{"count":1,"href":"https:\/\/www.visit-ulcinj.com\/blog\/wp-json\/wp\/v2\/posts\/73449\/revisions"}],"predecessor-version":[{"id":73451,"href":"https:\/\/www.visit-ulcinj.com\/blog\/wp-json\/wp\/v2\/posts\/73449\/revisions\/73451"}],"wp:attachment":[{"href":"https:\/\/www.visit-ulcinj.com\/blog\/wp-json\/wp\/v2\/media?parent=73449"}],"wp:term":[{"taxonomy":"category","embeddable":true,"href":"https:\/\/www.visit-ulcinj.com\/blog\/wp-json\/wp\/v2\/categories?post=73449"},{"taxonomy":"post_tag","embeddable":true,"href":"https:\/\/www.visit-ulcinj.com\/blog\/wp-json\/wp\/v2\/tags?post=73449"}],"curies":[{"name":"wp","href":"https:\/\/api.w.org\/{rel}","templated":true}]}}