{"id":73456,"date":"2013-07-19T23:08:00","date_gmt":"2013-07-19T22:08:00","guid":{"rendered":"http:\/\/www.visit-ulcinj.com\/blog\/?p=73456"},"modified":"2013-07-23T16:11:43","modified_gmt":"2013-07-23T15:11:43","slug":"sinishtaj-podgorica-tenton-shtyrjen-e-referendumit-ne-ku-te-tuzit","status":"publish","type":"post","link":"https:\/\/www.visit-ulcinj.com\/blog\/2013\/07\/19\/sinishtaj-podgorica-tenton-shtyrjen-e-referendumit-ne-ku-te-tuzit\/","title":{"rendered":"Sinishtaj: Podgorica tenton shtyrjen e referendumit n\u00eb KU t\u00eb Tuzit"},"content":{"rendered":"<p><a href=\"http:\/\/www.visit-ulcinj.com\/blog\/wp-content\/uploads\/2012\/02\/VASEL-SINISHTAJ.jpg\"><img loading=\"lazy\" class=\"alignleft  wp-image-57596\" alt=\"VASEL SINISHTAJ\" src=\"http:\/\/www.visit-ulcinj.com\/blog\/wp-content\/uploads\/2012\/02\/VASEL-SINISHTAJ.jpg\" width=\"508\" height=\"360\" \/><\/a>Kryebashkiaku i\u00a0 Podgoric\u00ebs,\u00a0 Miomir\u00a0 Mugosha,\u00a0 po p\u00ebrpiqet ta shtyj\u00eb referendumin p\u00ebr Komun\u00ebn e plot\u00eb t\u00eb Tuzit, dhe p\u00ebr k\u00ebt\u00eb arsye \u00ebsht\u00eb reale t\u00eb pritet shfuqizimi i\u00a0 elaboratit\u00a0 p\u00ebr Komun\u00ebn\u00a0 e re n\u00eb t\u00eb cilin jan\u00eb paraqitur shum\u00eb v\u00ebrejtje dhe t\u00eb hartohet studimi i ri , konsideron funksionari i iniciativ\u00ebs qytetare\u00a0 , Vasel\u00a0 Sinishtaj.<\/p>\n<p>Ai ka vler\u00ebsuar se n\u00eb k\u00ebt\u00eb m\u00ebnyr\u00eb , administrata\u00a0 e Podgoric\u00ebs do t\u00eb fitoj\u00eb baz\u00eb ligjore q\u00eb ta shtyj\u00eb referendumin e paralajm\u00ebruar p\u00ebr n\u00eb fund t\u00eb shatorit dhe eventualisht ta shpall\u00eb at\u00eb nj\u00ebkoh\u00ebsisht me zgjedhjet lokale me at\u00eb n\u00eb Podgoric\u00eb.<\/p>\n<p>Sinishtaj, si\u00e7 shkruan gazeta VJESTI ,\u00a0 konsideron se PDS nuk do ti lejoj\u00eb banor\u00ebt e Mal\u00ebsis\u00eb q\u00eb t\u00eb deklarohen p\u00ebr Komun\u00eb para zgjedhjeve lokale n\u00eb Podgoric\u00eb. Nga ana tjet\u00ebr,\u00a0 Mugosha nuk mban p\u00ebrgjegj\u00ebsi n\u00ebse p\u00ebrfaq\u00ebsuesit e KU t\u00eb Tuzit nuk jan\u00eb t\u00eb k\u00ebnaqur me elabortatin duke theksuar se shtyrja e mbajtjes s\u00eb referendumit nuk varet nga ai\u00a0 dh as nga kryeqyteti.\u00a0 Ai ka shtuar p\u00ebr gazet\u00ebn Vjesti,\u00a0\u00a0 se studimin e ka porositur\u00a0 kjo Komun\u00eb\u00a0 Urbane dhe se administrata e Podgoric\u00ebs\u00a0 i ka respektuar t\u00eb gjitha afatet ligjore.<\/p>\n<p>P\u00ebrfaq\u00ebsuesit e PDS n\u00eb pushtet dhe t\u00eb UDSH,\u00a0 n\u00eb KU t\u00eb Tuzit e kan\u00eb kritikuar elaboratin\u00a0 p\u00ebr formimin e Komun\u00ebs s\u00eb plot\u00eb duke k\u00ebrkuar q\u00eb n\u00eb studim t\u00eb theksohet t\u00eb ardhurat precize n\u00eb territorin e Mal\u00ebsis\u00eb. N\u00eb, v\u00ebrejtjet e veta\u00a0 ndaj elaboratit ata kan\u00eb theksuar se t\u00eb ardhurat e\u00a0 prezantuara t\u00eb Komun\u00ebs jo\u00a0 realisht\u00a0 jan\u00eb t\u00eb vogla dhe n\u00eb baz\u00eb t\u00eb t\u00eb cilave Tuzi nuk do t\u00eb mund t\u00eb funksiononte si komun\u00eb e plot\u00eb.<\/p>\n<p><strong>TVCG<\/strong><\/p>\n","protected":false},"excerpt":{"rendered":"<p>Kryebashkiaku i\u00a0 Podgoric\u00ebs,\u00a0 Miomir\u00a0 Mugosha,\u00a0 po p\u00ebrpiqet ta shtyj\u00eb referendumin p\u00ebr Komun\u00ebn e plot\u00eb t\u00eb Tuzit, dhe p\u00ebr k\u00ebt\u00eb arsye \u00ebsht\u00eb reale t\u00eb pritet shfuqizimi i\u00a0 elaboratit\u00a0 p\u00ebr Komun\u00ebn\u00a0 e re n\u00eb t\u00eb cilin jan\u00eb paraqitur shum\u00eb v\u00ebrejtje dhe t\u00eb hartohet studimi i ri , konsideron funksionari i iniciativ\u00ebs qytetare\u00a0 , Vasel\u00a0 Sinishtaj. Ai ka [&hellip;]<\/p>\n","protected":false},"author":1,"featured_media":0,"comment_status":"closed","ping_status":"closed","sticky":false,"template":"","format":"standard","meta":{"spay_email":"","jetpack_publicize_message":"","jetpack_is_tweetstorm":false,"jetpack_publicize_feature_enabled":true},"categories":[14],"tags":[],"jetpack_publicize_connections":[],"yoast_head":"<!-- This site is optimized with the Yoast SEO plugin v19.1 - https:\/\/yoast.com\/wordpress\/plugins\/seo\/ -->\n<title>Sinishtaj: Podgorica tenton shtyrjen e referendumit n\u00eb KU t\u00eb Tuzit - Lajme nga Ulqini<\/title>\n<meta name=\"description\" content=\"Kryebashkiaku i\u00a0 Podgoric\u00ebs,\u00a0 Miomir\u00a0 Mugosha,\u00a0 po p\u00ebrpiqet ta shtyj\u00eb referendumin p\u00ebr Komun\u00ebn e plot\u00eb t\u00eb Tuzit, dhe p\u00ebr k\u00ebt\u00eb arsye \u00ebsht\u00eb reale t\u00eb pritet\" \/>\n<meta name=\"robots\" content=\"index, follow, max-snippet:-1, max-image-preview:large, max-video-preview:-1\" \/>\n<link rel=\"canonical\" href=\"https:\/\/www.visit-ulcinj.com\/blog\/2013\/07\/19\/sinishtaj-podgorica-tenton-shtyrjen-e-referendumit-ne-ku-te-tuzit\/\" \/>\n<meta property=\"og:locale\" content=\"en_US\" \/>\n<meta property=\"og:type\" content=\"article\" \/>\n<meta property=\"og:title\" content=\"Sinishtaj: Podgorica tenton shtyrjen e referendumit n\u00eb KU t\u00eb Tuzit - Lajme nga Ulqini\" \/>\n<meta property=\"og:description\" content=\"Kryebashkiaku i\u00a0 Podgoric\u00ebs,\u00a0 Miomir\u00a0 Mugosha,\u00a0 po p\u00ebrpiqet ta shtyj\u00eb referendumin p\u00ebr Komun\u00ebn e plot\u00eb t\u00eb Tuzit, dhe p\u00ebr k\u00ebt\u00eb arsye \u00ebsht\u00eb reale t\u00eb pritet\" \/>\n<meta property=\"og:url\" content=\"https:\/\/www.visit-ulcinj.com\/blog\/2013\/07\/19\/sinishtaj-podgorica-tenton-shtyrjen-e-referendumit-ne-ku-te-tuzit\/\" \/>\n<meta property=\"og:site_name\" content=\"Lajme nga Ulqini\" \/>\n<meta property=\"article:published_time\" content=\"2013-07-19T22:08:00+00:00\" \/>\n<meta property=\"article:modified_time\" content=\"2013-07-23T15:11:43+00:00\" \/>\n<meta property=\"og:image\" content=\"http:\/\/www.visit-ulcinj.com\/blog\/wp-content\/uploads\/2012\/02\/VASEL-SINISHTAJ.jpg\" \/>\n<meta name=\"twitter:label1\" content=\"Written by\" \/>\n\t<meta name=\"twitter:data1\" content=\"ulqini\" \/>\n\t<meta name=\"twitter:label2\" content=\"Est. reading time\" \/>\n\t<meta name=\"twitter:data2\" content=\"1 minute\" \/>\n<script type=\"application\/ld+json\" class=\"yoast-schema-graph\">{\"@context\":\"https:\/\/schema.org\",\"@graph\":[{\"@type\":\"WebSite\",\"@id\":\"https:\/\/www.visit-ulcinj.com\/blog\/#website\",\"url\":\"https:\/\/www.visit-ulcinj.com\/blog\/\",\"name\":\"Lajme nga Ulqini\",\"description\":\"Lajme,Vijesti,Ulqini,Ulqin,Crna Gora,Mali i Zi\",\"potentialAction\":[{\"@type\":\"SearchAction\",\"target\":{\"@type\":\"EntryPoint\",\"urlTemplate\":\"https:\/\/www.visit-ulcinj.com\/blog\/?s={search_term_string}\"},\"query-input\":\"required name=search_term_string\"}],\"inLanguage\":\"en-US\"},{\"@type\":\"ImageObject\",\"inLanguage\":\"en-US\",\"@id\":\"https:\/\/www.visit-ulcinj.com\/blog\/2013\/07\/19\/sinishtaj-podgorica-tenton-shtyrjen-e-referendumit-ne-ku-te-tuzit\/#primaryimage\",\"url\":\"https:\/\/www.visit-ulcinj.com\/blog\/wp-content\/uploads\/2012\/02\/VASEL-SINISHTAJ.jpg\",\"contentUrl\":\"https:\/\/www.visit-ulcinj.com\/blog\/wp-content\/uploads\/2012\/02\/VASEL-SINISHTAJ.jpg\",\"width\":\"1051\",\"height\":\"924\"},{\"@type\":\"WebPage\",\"@id\":\"https:\/\/www.visit-ulcinj.com\/blog\/2013\/07\/19\/sinishtaj-podgorica-tenton-shtyrjen-e-referendumit-ne-ku-te-tuzit\/#webpage\",\"url\":\"https:\/\/www.visit-ulcinj.com\/blog\/2013\/07\/19\/sinishtaj-podgorica-tenton-shtyrjen-e-referendumit-ne-ku-te-tuzit\/\",\"name\":\"Sinishtaj: Podgorica tenton shtyrjen e referendumit n\u00eb KU t\u00eb Tuzit - Lajme nga Ulqini\",\"isPartOf\":{\"@id\":\"https:\/\/www.visit-ulcinj.com\/blog\/#website\"},\"primaryImageOfPage\":{\"@id\":\"https:\/\/www.visit-ulcinj.com\/blog\/2013\/07\/19\/sinishtaj-podgorica-tenton-shtyrjen-e-referendumit-ne-ku-te-tuzit\/#primaryimage\"},\"datePublished\":\"2013-07-19T22:08:00+00:00\",\"dateModified\":\"2013-07-23T15:11:43+00:00\",\"author\":{\"@id\":\"https:\/\/www.visit-ulcinj.com\/blog\/#\/schema\/person\/dcab619c614d3038751c63bc2aadc06d\"},\"description\":\"Kryebashkiaku i\u00a0 Podgoric\u00ebs,\u00a0 Miomir\u00a0 Mugosha,\u00a0 po p\u00ebrpiqet ta shtyj\u00eb referendumin p\u00ebr Komun\u00ebn e plot\u00eb t\u00eb Tuzit, dhe p\u00ebr k\u00ebt\u00eb arsye \u00ebsht\u00eb reale t\u00eb pritet\",\"breadcrumb\":{\"@id\":\"https:\/\/www.visit-ulcinj.com\/blog\/2013\/07\/19\/sinishtaj-podgorica-tenton-shtyrjen-e-referendumit-ne-ku-te-tuzit\/#breadcrumb\"},\"inLanguage\":\"en-US\",\"potentialAction\":[{\"@type\":\"ReadAction\",\"target\":[\"https:\/\/www.visit-ulcinj.com\/blog\/2013\/07\/19\/sinishtaj-podgorica-tenton-shtyrjen-e-referendumit-ne-ku-te-tuzit\/\"]}]},{\"@type\":\"BreadcrumbList\",\"@id\":\"https:\/\/www.visit-ulcinj.com\/blog\/2013\/07\/19\/sinishtaj-podgorica-tenton-shtyrjen-e-referendumit-ne-ku-te-tuzit\/#breadcrumb\",\"itemListElement\":[{\"@type\":\"ListItem\",\"position\":1,\"name\":\"Sinishtaj: Podgorica tenton shtyrjen e referendumit n\u00eb KU t\u00eb Tuzit\"}]},{\"@type\":\"Person\",\"@id\":\"https:\/\/www.visit-ulcinj.com\/blog\/#\/schema\/person\/dcab619c614d3038751c63bc2aadc06d\",\"name\":\"ulqini\",\"sameAs\":[\"http:\/\/www.visit-ulcinj.com\"],\"url\":\"https:\/\/www.visit-ulcinj.com\/blog\/author\/admin\/\"}]}<\/script>\n<!-- \/ Yoast SEO plugin. -->","yoast_head_json":{"title":"Sinishtaj: Podgorica tenton shtyrjen e referendumit n\u00eb KU t\u00eb Tuzit - Lajme nga Ulqini","description":"Kryebashkiaku i\u00a0 Podgoric\u00ebs,\u00a0 Miomir\u00a0 Mugosha,\u00a0 po p\u00ebrpiqet ta shtyj\u00eb referendumin p\u00ebr Komun\u00ebn e plot\u00eb t\u00eb Tuzit, dhe p\u00ebr k\u00ebt\u00eb arsye \u00ebsht\u00eb reale t\u00eb pritet","robots":{"index":"index","follow":"follow","max-snippet":"max-snippet:-1","max-image-preview":"max-image-preview:large","max-video-preview":"max-video-preview:-1"},"canonical":"https:\/\/www.visit-ulcinj.com\/blog\/2013\/07\/19\/sinishtaj-podgorica-tenton-shtyrjen-e-referendumit-ne-ku-te-tuzit\/","og_locale":"en_US","og_type":"article","og_title":"Sinishtaj: Podgorica tenton shtyrjen e referendumit n\u00eb KU t\u00eb Tuzit - Lajme nga Ulqini","og_description":"Kryebashkiaku i\u00a0 Podgoric\u00ebs,\u00a0 Miomir\u00a0 Mugosha,\u00a0 po p\u00ebrpiqet ta shtyj\u00eb referendumin p\u00ebr Komun\u00ebn e plot\u00eb t\u00eb Tuzit, dhe p\u00ebr k\u00ebt\u00eb arsye \u00ebsht\u00eb reale t\u00eb pritet","og_url":"https:\/\/www.visit-ulcinj.com\/blog\/2013\/07\/19\/sinishtaj-podgorica-tenton-shtyrjen-e-referendumit-ne-ku-te-tuzit\/","og_site_name":"Lajme nga Ulqini","article_published_time":"2013-07-19T22:08:00+00:00","article_modified_time":"2013-07-23T15:11:43+00:00","og_image":[{"url":"http:\/\/www.visit-ulcinj.com\/blog\/wp-content\/uploads\/2012\/02\/VASEL-SINISHTAJ.jpg"}],"twitter_misc":{"Written by":"ulqini","Est. reading time":"1 minute"},"schema":{"@context":"https:\/\/schema.org","@graph":[{"@type":"WebSite","@id":"https:\/\/www.visit-ulcinj.com\/blog\/#website","url":"https:\/\/www.visit-ulcinj.com\/blog\/","name":"Lajme nga Ulqini","description":"Lajme,Vijesti,Ulqini,Ulqin,Crna Gora,Mali i Zi","potentialAction":[{"@type":"SearchAction","target":{"@type":"EntryPoint","urlTemplate":"https:\/\/www.visit-ulcinj.com\/blog\/?s={search_term_string}"},"query-input":"required name=search_term_string"}],"inLanguage":"en-US"},{"@type":"ImageObject","inLanguage":"en-US","@id":"https:\/\/www.visit-ulcinj.com\/blog\/2013\/07\/19\/sinishtaj-podgorica-tenton-shtyrjen-e-referendumit-ne-ku-te-tuzit\/#primaryimage","url":"https:\/\/www.visit-ulcinj.com\/blog\/wp-content\/uploads\/2012\/02\/VASEL-SINISHTAJ.jpg","contentUrl":"https:\/\/www.visit-ulcinj.com\/blog\/wp-content\/uploads\/2012\/02\/VASEL-SINISHTAJ.jpg","width":"1051","height":"924"},{"@type":"WebPage","@id":"https:\/\/www.visit-ulcinj.com\/blog\/2013\/07\/19\/sinishtaj-podgorica-tenton-shtyrjen-e-referendumit-ne-ku-te-tuzit\/#webpage","url":"https:\/\/www.visit-ulcinj.com\/blog\/2013\/07\/19\/sinishtaj-podgorica-tenton-shtyrjen-e-referendumit-ne-ku-te-tuzit\/","name":"Sinishtaj: Podgorica tenton shtyrjen e referendumit n\u00eb KU t\u00eb Tuzit - Lajme nga Ulqini","isPartOf":{"@id":"https:\/\/www.visit-ulcinj.com\/blog\/#website"},"primaryImageOfPage":{"@id":"https:\/\/www.visit-ulcinj.com\/blog\/2013\/07\/19\/sinishtaj-podgorica-tenton-shtyrjen-e-referendumit-ne-ku-te-tuzit\/#primaryimage"},"datePublished":"2013-07-19T22:08:00+00:00","dateModified":"2013-07-23T15:11:43+00:00","author":{"@id":"https:\/\/www.visit-ulcinj.com\/blog\/#\/schema\/person\/dcab619c614d3038751c63bc2aadc06d"},"description":"Kryebashkiaku i\u00a0 Podgoric\u00ebs,\u00a0 Miomir\u00a0 Mugosha,\u00a0 po p\u00ebrpiqet ta shtyj\u00eb referendumin p\u00ebr Komun\u00ebn e plot\u00eb t\u00eb Tuzit, dhe p\u00ebr k\u00ebt\u00eb arsye \u00ebsht\u00eb reale t\u00eb pritet","breadcrumb":{"@id":"https:\/\/www.visit-ulcinj.com\/blog\/2013\/07\/19\/sinishtaj-podgorica-tenton-shtyrjen-e-referendumit-ne-ku-te-tuzit\/#breadcrumb"},"inLanguage":"en-US","potentialAction":[{"@type":"ReadAction","target":["https:\/\/www.visit-ulcinj.com\/blog\/2013\/07\/19\/sinishtaj-podgorica-tenton-shtyrjen-e-referendumit-ne-ku-te-tuzit\/"]}]},{"@type":"BreadcrumbList","@id":"https:\/\/www.visit-ulcinj.com\/blog\/2013\/07\/19\/sinishtaj-podgorica-tenton-shtyrjen-e-referendumit-ne-ku-te-tuzit\/#breadcrumb","itemListElement":[{"@type":"ListItem","position":1,"name":"Sinishtaj: Podgorica tenton shtyrjen e referendumit n\u00eb KU t\u00eb Tuzit"}]},{"@type":"Person","@id":"https:\/\/www.visit-ulcinj.com\/blog\/#\/schema\/person\/dcab619c614d3038751c63bc2aadc06d","name":"ulqini","sameAs":["http:\/\/www.visit-ulcinj.com"],"url":"https:\/\/www.visit-ulcinj.com\/blog\/author\/admin\/"}]}},"jetpack_featured_media_url":"","jetpack_sharing_enabled":true,"jetpack_shortlink":"https:\/\/wp.me\/pe6lTn-j6M","_links":{"self":[{"href":"https:\/\/www.visit-ulcinj.com\/blog\/wp-json\/wp\/v2\/posts\/73456"}],"collection":[{"href":"https:\/\/www.visit-ulcinj.com\/blog\/wp-json\/wp\/v2\/posts"}],"about":[{"href":"https:\/\/www.visit-ulcinj.com\/blog\/wp-json\/wp\/v2\/types\/post"}],"author":[{"embeddable":true,"href":"https:\/\/www.visit-ulcinj.com\/blog\/wp-json\/wp\/v2\/users\/1"}],"replies":[{"embeddable":true,"href":"https:\/\/www.visit-ulcinj.com\/blog\/wp-json\/wp\/v2\/comments?post=73456"}],"version-history":[{"count":2,"href":"https:\/\/www.visit-ulcinj.com\/blog\/wp-json\/wp\/v2\/posts\/73456\/revisions"}],"predecessor-version":[{"id":73571,"href":"https:\/\/www.visit-ulcinj.com\/blog\/wp-json\/wp\/v2\/posts\/73456\/revisions\/73571"}],"wp:attachment":[{"href":"https:\/\/www.visit-ulcinj.com\/blog\/wp-json\/wp\/v2\/media?parent=73456"}],"wp:term":[{"taxonomy":"category","embeddable":true,"href":"https:\/\/www.visit-ulcinj.com\/blog\/wp-json\/wp\/v2\/categories?post=73456"},{"taxonomy":"post_tag","embeddable":true,"href":"https:\/\/www.visit-ulcinj.com\/blog\/wp-json\/wp\/v2\/tags?post=73456"}],"curies":[{"name":"wp","href":"https:\/\/api.w.org\/{rel}","templated":true}]}}