{"id":73458,"date":"2013-07-19T23:18:16","date_gmt":"2013-07-19T22:18:16","guid":{"rendered":"http:\/\/www.visit-ulcinj.com\/blog\/?p=73458"},"modified":"2013-07-21T09:16:00","modified_gmt":"2013-07-21T08:16:00","slug":"dr-zhilbert-tafa-krenaria-e-qytetit-tone","status":"publish","type":"post","link":"https:\/\/www.visit-ulcinj.com\/blog\/2013\/07\/19\/dr-zhilbert-tafa-krenaria-e-qytetit-tone\/","title":{"rendered":"Dr. Zhilbert Tafa krenaria e qytetit ton\u00eb"},"content":{"rendered":"<p><strong><a href=\"http:\/\/www.visit-ulcinj.com\/blog\/wp-content\/uploads\/2013\/07\/Zhilbert-Tafa.jpg\"><img loading=\"lazy\" class=\"alignleft  wp-image-73459\" alt=\"Zhilbert Tafa\" src=\"http:\/\/www.visit-ulcinj.com\/blog\/wp-content\/uploads\/2013\/07\/Zhilbert-Tafa.jpg\" width=\"508\" height=\"360\" \/><\/a>Shkruan: Ilir Lleshi<\/strong><\/p>\n<p>Dr. Zhilbert Tafa \u00ebsht\u00eb lindur n\u00eb Ulqin, m\u00eb 16.07.1974. Shkoll\u00ebn fillore dhe t\u00eb mesmen i kreu n\u00eb Ulqin, n\u00eb gjuh\u00ebn am\u00ebtare shqipe, ku disa vite u shp\u00ebrblye si nx\u00ebn\u00ebsi m\u00eb i dalluar n\u00eb gjenerat\u00ebn e vet.<\/p>\n<p>Fakultetin Elektroteknik n\u00eb deg\u00ebn e elektronik\u00ebs e ka kryer n\u00eb Podgoric\u00eb, po ashtu si nj\u00eb nd\u00ebr student\u00ebt m\u00eb t\u00eb dalluar t\u00eb gjenerat\u00ebs.<\/p>\n<p>Pas diplomimit pun\u00ebsohet n\u00eb Telekom t\u00eb Malit t\u00eb Zi, por nj\u00ebkoh\u00ebsisht angazhohet honorar edhe n\u00eb vende tjera si: profesor n\u00eb shkoll\u00ebn e mesme n\u00eb Ulqin; ligj\u00ebrues n\u00eb Universitetin \u201cLuigj Gurakuqi\u201d, n\u00eb Shkod\u00ebr; inxhinier n\u00eb firm\u00ebn Comtrade, n\u00eb Prishtin\u00eb; ligj\u00ebrues p\u00ebr OJQ nd\u00ebrkomb\u00ebtare dhe t\u00eb vendit; konsultant n\u00eb komisione dhe grupe punuese profesionale etj.<br \/>\n<a href=\"http:\/\/www.visit-ulcinj.com\/blog\/wp-content\/uploads\/2013\/07\/Zhilbert-Tafa.1.jpg\"><img loading=\"lazy\" class=\"alignleft  wp-image-73460\" alt=\"Zhilbert Tafa.1\" src=\"http:\/\/www.visit-ulcinj.com\/blog\/wp-content\/uploads\/2013\/07\/Zhilbert-Tafa.1.jpg\" width=\"508\" height=\"310\" \/><\/a><\/p>\n<p>Duke punuar vazhdon studimet postdiplomike n\u00eb Fakultetin elektroteknik t\u00eb Podgoric\u00ebs ku magjistron me not\u00ebn mesatare 10, n\u00eb katedr\u00ebn e Shkencave kompjuterike, me tez\u00ebn \u201cKontribut zhvillimit t\u00eb sistemeve sensorike wireless me akcent n\u00eb aplikimet mjek\u00ebsore\u201d. Hulumtimi shkencor n\u00eb kuad\u00ebr t\u00eb magjistratur\u00ebs paraqet aplikimin e par\u00eb n\u00eb Mal t\u00eb Zi n\u00eb pik\u00ebpamje t\u00eb monitorimit t\u00eb sinjaleve fiziologjike (ECG dhe PPG) n\u00eb koh\u00ebn reale, duke p\u00ebrdorur teknologjit\u00eb wireless. Po ashtu, asokohe (viti 2005), ky ishte edhe nj\u00ebri nd\u00ebr aplikimet e para n\u00eb bot\u00eb i realizuar n\u00eb k\u00ebt\u00eb m\u00ebnyr\u00eb.<\/p>\n<p>Duke qen\u00eb nj\u00ebkoh\u00ebsisht i angazhuar n\u00eb Telekom si drejtor teknik i qendr\u00ebs telekomunikuese, Zhilbert Tafa regjistron studimet e doktoratur\u00ebs n\u00eb Fakultetin Elektroteknik n\u00eb Beograd, n\u00eb katedr\u00ebn e Inxhinieris\u00eb kompjuterike dhe teoris\u00ebs s\u00eb informacionit, n\u00eb vitin 2008, nd\u00ebrsa titullin Doktor i Shkencave Elektroteknike e merr n\u00eb vitin 2012, duke mbrojtur disertacionin \u201cAlgoritmet e reja p\u00ebr p\u00ebrmir\u00ebsimin e probabilitetit t\u00eb formimit t\u00eb barrierave t\u00eb forta sensorike duke p\u00ebrdorur nyjat mobile\u201d.<\/p>\n<p>Gjat\u00eb pun\u00ebs s\u00eb deri tanishme akademike dr. Tafa publikoji nj\u00eb s\u00ebr\u00eb punimesh shkencore nga lemi t\u00eb ndryshme t\u00eb shkencave kompjuterike dhe elektroteknike, kryesisht n\u00eb konferenca dhe revista nd\u00ebrkomb\u00ebtare si n\u00eb: SHBA, Angli, Gjermani, Franc\u00eb, Turqi, \u00c7eki, Greqi, S\u00ebrbi. P\u00ebrve\u00e7 k\u00ebsaj, ai \u00ebsht\u00eb koautor i dy librave t\u00eb publikuara n\u00eb SHBA. Ai ka publikuar nj\u00eb num\u00ebr punimesh shkencore edhe n\u00eb revista udh\u00ebheq\u00ebse bot\u00ebrore nga domeni i teknologjis\u00eb, revista k\u00ebto q\u00eb jan\u00eb t\u00eb ranguara me impakt faktor\u00eb nga Institute for Scientific Information &#8211; Thomson Reuters. Shumic\u00ebn e artikujve i ka publikuar n\u00eb gjuh\u00ebn angleze.<br \/>\n<a href=\"http:\/\/www.visit-ulcinj.com\/blog\/wp-content\/uploads\/2013\/07\/Zhilbert-Tafa.2.jpg\"><img loading=\"lazy\" class=\"alignleft  wp-image-73461\" alt=\"Zhilbert Tafa.2\" src=\"http:\/\/www.visit-ulcinj.com\/blog\/wp-content\/uploads\/2013\/07\/Zhilbert-Tafa.2.jpg\" width=\"508\" height=\"600\" \/><\/a><br \/>\nI pranuar dhe i njohur me pun\u00ebn e tij n\u00eb bot\u00ebn shkencore, Dr. Zhilbert Tafa ishte edhe recensent p\u00ebr librin \u201cSmart Healthcare Applications and Services\u201d (t\u00eb shtypur n\u00eb SHBA) dhe si an\u00ebtar\u00eb i komisionit p\u00ebr pranimin e publikimeve p\u00ebr revista dhe konferenca prestigjioze bot\u00ebrore, si\u00e7 jan\u00eb: IEEE Communications Magazine, IEEE Mediterranean Conference on Embedded Computing dhe IEEE Wireless Communications and Networking Conference.<\/p>\n<p>Dr. Zhilbert Tafa \u00ebsht\u00eb sot bashk\u00ebpun\u00ebtor n\u00eb projekte pran\u00eb Universitetit t\u00eb Malit t\u00eb Zi n\u00eb Fakultetin Elektroteknik t\u00eb Podgoric\u00ebs dhe \u00ebsht\u00eb an\u00ebtar i Grupit p\u00ebr Elektronik\u00ebn Aplikative (APEG) pran\u00eb Fakultetit Elektroteknik n\u00eb Podgoric\u00eb. Po ashtu \u00ebsht\u00eb i angazhuar ligj\u00ebrues n\u00eb Universitet n\u00eb Shkod\u00ebr dhe n\u00eb Tiran\u00eb. \u00cbsht\u00eb an\u00ebtar i Dhom\u00ebs s\u00eb Inxhinier\u00ebve t\u00eb Malit t\u00eb Zi dhe inxhinier i licencuar p\u00ebr projektimin dhe mir\u00ebmbajtjen e rrjeteve telekomunikuese dhe kompjuterike. Nga Qeveria e Malit t\u00eb Zi, Dr. Tafa \u00ebsht\u00eb i em\u00ebruar ekspert gjyqsor p\u00ebr l\u00ebmit\u00eb e teknologjive informatike-komunikuese.<\/p>\n<p>Babai Avdo, n\u00ebna Sabahete e motrat, sot krenohen me djalin e v\u00ebllaun e vet Zhilbertin. Me Zhilbertin krenohemi edhe ne shok\u00ebt e gjenerates. Me te kenohet edhe mbar\u00eb qyteti i Ulqinit, andaj me plot goj\u00eb themi: Dr. Zhilbert Tafa je krenaria e qytetit ton\u00eb!<\/p>\n<p><strong>Ilir Lleshi<\/strong><\/p>\n","protected":false},"excerpt":{"rendered":"<p>Shkruan: Ilir Lleshi Dr. Zhilbert Tafa \u00ebsht\u00eb lindur n\u00eb Ulqin, m\u00eb 16.07.1974. Shkoll\u00ebn fillore dhe t\u00eb mesmen i kreu n\u00eb Ulqin, n\u00eb gjuh\u00ebn am\u00ebtare shqipe, ku disa vite u shp\u00ebrblye si nx\u00ebn\u00ebsi m\u00eb i dalluar n\u00eb gjenerat\u00ebn e vet. Fakultetin Elektroteknik n\u00eb deg\u00ebn e elektronik\u00ebs e ka kryer n\u00eb Podgoric\u00eb, po ashtu si nj\u00eb nd\u00ebr [&hellip;]<\/p>\n","protected":false},"author":1,"featured_media":0,"comment_status":"closed","ping_status":"closed","sticky":false,"template":"","format":"standard","meta":{"spay_email":"","jetpack_publicize_message":"","jetpack_is_tweetstorm":false,"jetpack_publicize_feature_enabled":true},"categories":[1,14249],"tags":[],"jetpack_publicize_connections":[],"yoast_head":"<!-- This site is optimized with the Yoast SEO plugin v19.1 - https:\/\/yoast.com\/wordpress\/plugins\/seo\/ -->\n<title>Dr. Zhilbert Tafa krenaria e qytetit ton\u00eb - Lajme nga Ulqini<\/title>\n<meta name=\"description\" content=\"Shkruan: Ilir Lleshi Dr. Zhilbert Tafa \u00ebsht\u00eb lindur n\u00eb Ulqin, m\u00eb 16.07.1974. Shkoll\u00ebn fillore dhe t\u00eb mesmen i kreu n\u00eb Ulqin, n\u00eb gjuh\u00ebn am\u00ebtare shqipe, ku\" \/>\n<meta name=\"robots\" content=\"index, follow, max-snippet:-1, max-image-preview:large, max-video-preview:-1\" \/>\n<link rel=\"canonical\" href=\"https:\/\/www.visit-ulcinj.com\/blog\/2013\/07\/19\/dr-zhilbert-tafa-krenaria-e-qytetit-tone\/\" \/>\n<meta property=\"og:locale\" content=\"en_US\" \/>\n<meta property=\"og:type\" content=\"article\" \/>\n<meta property=\"og:title\" content=\"Dr. Zhilbert Tafa krenaria e qytetit ton\u00eb - Lajme nga Ulqini\" \/>\n<meta property=\"og:description\" content=\"Shkruan: Ilir Lleshi Dr. Zhilbert Tafa \u00ebsht\u00eb lindur n\u00eb Ulqin, m\u00eb 16.07.1974. Shkoll\u00ebn fillore dhe t\u00eb mesmen i kreu n\u00eb Ulqin, n\u00eb gjuh\u00ebn am\u00ebtare shqipe, ku\" \/>\n<meta property=\"og:url\" content=\"https:\/\/www.visit-ulcinj.com\/blog\/2013\/07\/19\/dr-zhilbert-tafa-krenaria-e-qytetit-tone\/\" \/>\n<meta property=\"og:site_name\" content=\"Lajme nga Ulqini\" \/>\n<meta property=\"article:published_time\" content=\"2013-07-19T22:18:16+00:00\" \/>\n<meta property=\"article:modified_time\" content=\"2013-07-21T08:16:00+00:00\" \/>\n<meta property=\"og:image\" content=\"http:\/\/www.visit-ulcinj.com\/blog\/wp-content\/uploads\/2013\/07\/Zhilbert-Tafa.jpg\" \/>\n<meta name=\"twitter:label1\" content=\"Written by\" \/>\n\t<meta name=\"twitter:data1\" content=\"ulqini\" \/>\n\t<meta name=\"twitter:label2\" content=\"Est. reading time\" \/>\n\t<meta name=\"twitter:data2\" content=\"3 minutes\" \/>\n<script type=\"application\/ld+json\" class=\"yoast-schema-graph\">{\"@context\":\"https:\/\/schema.org\",\"@graph\":[{\"@type\":\"WebSite\",\"@id\":\"https:\/\/www.visit-ulcinj.com\/blog\/#website\",\"url\":\"https:\/\/www.visit-ulcinj.com\/blog\/\",\"name\":\"Lajme nga Ulqini\",\"description\":\"Lajme,Vijesti,Ulqini,Ulqin,Crna Gora,Mali i Zi\",\"potentialAction\":[{\"@type\":\"SearchAction\",\"target\":{\"@type\":\"EntryPoint\",\"urlTemplate\":\"https:\/\/www.visit-ulcinj.com\/blog\/?s={search_term_string}\"},\"query-input\":\"required name=search_term_string\"}],\"inLanguage\":\"en-US\"},{\"@type\":\"ImageObject\",\"inLanguage\":\"en-US\",\"@id\":\"https:\/\/www.visit-ulcinj.com\/blog\/2013\/07\/19\/dr-zhilbert-tafa-krenaria-e-qytetit-tone\/#primaryimage\",\"url\":\"https:\/\/www.visit-ulcinj.com\/blog\/wp-content\/uploads\/2013\/07\/Zhilbert-Tafa.jpg\",\"contentUrl\":\"https:\/\/www.visit-ulcinj.com\/blog\/wp-content\/uploads\/2013\/07\/Zhilbert-Tafa.jpg\",\"width\":604,\"height\":453},{\"@type\":\"WebPage\",\"@id\":\"https:\/\/www.visit-ulcinj.com\/blog\/2013\/07\/19\/dr-zhilbert-tafa-krenaria-e-qytetit-tone\/#webpage\",\"url\":\"https:\/\/www.visit-ulcinj.com\/blog\/2013\/07\/19\/dr-zhilbert-tafa-krenaria-e-qytetit-tone\/\",\"name\":\"Dr. Zhilbert Tafa krenaria e qytetit ton\u00eb - Lajme nga Ulqini\",\"isPartOf\":{\"@id\":\"https:\/\/www.visit-ulcinj.com\/blog\/#website\"},\"primaryImageOfPage\":{\"@id\":\"https:\/\/www.visit-ulcinj.com\/blog\/2013\/07\/19\/dr-zhilbert-tafa-krenaria-e-qytetit-tone\/#primaryimage\"},\"datePublished\":\"2013-07-19T22:18:16+00:00\",\"dateModified\":\"2013-07-21T08:16:00+00:00\",\"author\":{\"@id\":\"https:\/\/www.visit-ulcinj.com\/blog\/#\/schema\/person\/dcab619c614d3038751c63bc2aadc06d\"},\"description\":\"Shkruan: Ilir Lleshi Dr. Zhilbert Tafa \u00ebsht\u00eb lindur n\u00eb Ulqin, m\u00eb 16.07.1974. Shkoll\u00ebn fillore dhe t\u00eb mesmen i kreu n\u00eb Ulqin, n\u00eb gjuh\u00ebn am\u00ebtare shqipe, ku\",\"breadcrumb\":{\"@id\":\"https:\/\/www.visit-ulcinj.com\/blog\/2013\/07\/19\/dr-zhilbert-tafa-krenaria-e-qytetit-tone\/#breadcrumb\"},\"inLanguage\":\"en-US\",\"potentialAction\":[{\"@type\":\"ReadAction\",\"target\":[\"https:\/\/www.visit-ulcinj.com\/blog\/2013\/07\/19\/dr-zhilbert-tafa-krenaria-e-qytetit-tone\/\"]}]},{\"@type\":\"BreadcrumbList\",\"@id\":\"https:\/\/www.visit-ulcinj.com\/blog\/2013\/07\/19\/dr-zhilbert-tafa-krenaria-e-qytetit-tone\/#breadcrumb\",\"itemListElement\":[{\"@type\":\"ListItem\",\"position\":1,\"name\":\"Dr. Zhilbert Tafa krenaria e qytetit ton\u00eb\"}]},{\"@type\":\"Person\",\"@id\":\"https:\/\/www.visit-ulcinj.com\/blog\/#\/schema\/person\/dcab619c614d3038751c63bc2aadc06d\",\"name\":\"ulqini\",\"sameAs\":[\"http:\/\/www.visit-ulcinj.com\"],\"url\":\"https:\/\/www.visit-ulcinj.com\/blog\/author\/admin\/\"}]}<\/script>\n<!-- \/ Yoast SEO plugin. -->","yoast_head_json":{"title":"Dr. Zhilbert Tafa krenaria e qytetit ton\u00eb - Lajme nga Ulqini","description":"Shkruan: Ilir Lleshi Dr. Zhilbert Tafa \u00ebsht\u00eb lindur n\u00eb Ulqin, m\u00eb 16.07.1974. Shkoll\u00ebn fillore dhe t\u00eb mesmen i kreu n\u00eb Ulqin, n\u00eb gjuh\u00ebn am\u00ebtare shqipe, ku","robots":{"index":"index","follow":"follow","max-snippet":"max-snippet:-1","max-image-preview":"max-image-preview:large","max-video-preview":"max-video-preview:-1"},"canonical":"https:\/\/www.visit-ulcinj.com\/blog\/2013\/07\/19\/dr-zhilbert-tafa-krenaria-e-qytetit-tone\/","og_locale":"en_US","og_type":"article","og_title":"Dr. Zhilbert Tafa krenaria e qytetit ton\u00eb - Lajme nga Ulqini","og_description":"Shkruan: Ilir Lleshi Dr. Zhilbert Tafa \u00ebsht\u00eb lindur n\u00eb Ulqin, m\u00eb 16.07.1974. Shkoll\u00ebn fillore dhe t\u00eb mesmen i kreu n\u00eb Ulqin, n\u00eb gjuh\u00ebn am\u00ebtare shqipe, ku","og_url":"https:\/\/www.visit-ulcinj.com\/blog\/2013\/07\/19\/dr-zhilbert-tafa-krenaria-e-qytetit-tone\/","og_site_name":"Lajme nga Ulqini","article_published_time":"2013-07-19T22:18:16+00:00","article_modified_time":"2013-07-21T08:16:00+00:00","og_image":[{"url":"http:\/\/www.visit-ulcinj.com\/blog\/wp-content\/uploads\/2013\/07\/Zhilbert-Tafa.jpg"}],"twitter_misc":{"Written by":"ulqini","Est. reading time":"3 minutes"},"schema":{"@context":"https:\/\/schema.org","@graph":[{"@type":"WebSite","@id":"https:\/\/www.visit-ulcinj.com\/blog\/#website","url":"https:\/\/www.visit-ulcinj.com\/blog\/","name":"Lajme nga Ulqini","description":"Lajme,Vijesti,Ulqini,Ulqin,Crna Gora,Mali i Zi","potentialAction":[{"@type":"SearchAction","target":{"@type":"EntryPoint","urlTemplate":"https:\/\/www.visit-ulcinj.com\/blog\/?s={search_term_string}"},"query-input":"required name=search_term_string"}],"inLanguage":"en-US"},{"@type":"ImageObject","inLanguage":"en-US","@id":"https:\/\/www.visit-ulcinj.com\/blog\/2013\/07\/19\/dr-zhilbert-tafa-krenaria-e-qytetit-tone\/#primaryimage","url":"https:\/\/www.visit-ulcinj.com\/blog\/wp-content\/uploads\/2013\/07\/Zhilbert-Tafa.jpg","contentUrl":"https:\/\/www.visit-ulcinj.com\/blog\/wp-content\/uploads\/2013\/07\/Zhilbert-Tafa.jpg","width":604,"height":453},{"@type":"WebPage","@id":"https:\/\/www.visit-ulcinj.com\/blog\/2013\/07\/19\/dr-zhilbert-tafa-krenaria-e-qytetit-tone\/#webpage","url":"https:\/\/www.visit-ulcinj.com\/blog\/2013\/07\/19\/dr-zhilbert-tafa-krenaria-e-qytetit-tone\/","name":"Dr. Zhilbert Tafa krenaria e qytetit ton\u00eb - Lajme nga Ulqini","isPartOf":{"@id":"https:\/\/www.visit-ulcinj.com\/blog\/#website"},"primaryImageOfPage":{"@id":"https:\/\/www.visit-ulcinj.com\/blog\/2013\/07\/19\/dr-zhilbert-tafa-krenaria-e-qytetit-tone\/#primaryimage"},"datePublished":"2013-07-19T22:18:16+00:00","dateModified":"2013-07-21T08:16:00+00:00","author":{"@id":"https:\/\/www.visit-ulcinj.com\/blog\/#\/schema\/person\/dcab619c614d3038751c63bc2aadc06d"},"description":"Shkruan: Ilir Lleshi Dr. Zhilbert Tafa \u00ebsht\u00eb lindur n\u00eb Ulqin, m\u00eb 16.07.1974. Shkoll\u00ebn fillore dhe t\u00eb mesmen i kreu n\u00eb Ulqin, n\u00eb gjuh\u00ebn am\u00ebtare shqipe, ku","breadcrumb":{"@id":"https:\/\/www.visit-ulcinj.com\/blog\/2013\/07\/19\/dr-zhilbert-tafa-krenaria-e-qytetit-tone\/#breadcrumb"},"inLanguage":"en-US","potentialAction":[{"@type":"ReadAction","target":["https:\/\/www.visit-ulcinj.com\/blog\/2013\/07\/19\/dr-zhilbert-tafa-krenaria-e-qytetit-tone\/"]}]},{"@type":"BreadcrumbList","@id":"https:\/\/www.visit-ulcinj.com\/blog\/2013\/07\/19\/dr-zhilbert-tafa-krenaria-e-qytetit-tone\/#breadcrumb","itemListElement":[{"@type":"ListItem","position":1,"name":"Dr. Zhilbert Tafa krenaria e qytetit ton\u00eb"}]},{"@type":"Person","@id":"https:\/\/www.visit-ulcinj.com\/blog\/#\/schema\/person\/dcab619c614d3038751c63bc2aadc06d","name":"ulqini","sameAs":["http:\/\/www.visit-ulcinj.com"],"url":"https:\/\/www.visit-ulcinj.com\/blog\/author\/admin\/"}]}},"jetpack_featured_media_url":"","jetpack_sharing_enabled":true,"jetpack_shortlink":"https:\/\/wp.me\/pe6lTn-j6O","_links":{"self":[{"href":"https:\/\/www.visit-ulcinj.com\/blog\/wp-json\/wp\/v2\/posts\/73458"}],"collection":[{"href":"https:\/\/www.visit-ulcinj.com\/blog\/wp-json\/wp\/v2\/posts"}],"about":[{"href":"https:\/\/www.visit-ulcinj.com\/blog\/wp-json\/wp\/v2\/types\/post"}],"author":[{"embeddable":true,"href":"https:\/\/www.visit-ulcinj.com\/blog\/wp-json\/wp\/v2\/users\/1"}],"replies":[{"embeddable":true,"href":"https:\/\/www.visit-ulcinj.com\/blog\/wp-json\/wp\/v2\/comments?post=73458"}],"version-history":[{"count":2,"href":"https:\/\/www.visit-ulcinj.com\/blog\/wp-json\/wp\/v2\/posts\/73458\/revisions"}],"predecessor-version":[{"id":73523,"href":"https:\/\/www.visit-ulcinj.com\/blog\/wp-json\/wp\/v2\/posts\/73458\/revisions\/73523"}],"wp:attachment":[{"href":"https:\/\/www.visit-ulcinj.com\/blog\/wp-json\/wp\/v2\/media?parent=73458"}],"wp:term":[{"taxonomy":"category","embeddable":true,"href":"https:\/\/www.visit-ulcinj.com\/blog\/wp-json\/wp\/v2\/categories?post=73458"},{"taxonomy":"post_tag","embeddable":true,"href":"https:\/\/www.visit-ulcinj.com\/blog\/wp-json\/wp\/v2\/tags?post=73458"}],"curies":[{"name":"wp","href":"https:\/\/api.w.org\/{rel}","templated":true}]}}