{"id":73465,"date":"2013-07-19T23:48:17","date_gmt":"2013-07-19T22:48:17","guid":{"rendered":"http:\/\/www.visit-ulcinj.com\/blog\/?p=73465"},"modified":"2013-07-19T23:48:33","modified_gmt":"2013-07-19T22:48:33","slug":"ambasadorja-e-shba-se-shtron-iftar-ne-tuz","status":"publish","type":"post","link":"https:\/\/www.visit-ulcinj.com\/blog\/2013\/07\/19\/ambasadorja-e-shba-se-shtron-iftar-ne-tuz\/","title":{"rendered":"Ambasadorja e SHBA-s\u00eb shtron Iftar n\u00eb Tuz + Foto"},"content":{"rendered":"<p><a href=\"http:\/\/www.visit-ulcinj.com\/blog\/wp-content\/uploads\/2013\/07\/iftari-tuz-amb-shba.jpg\"><img loading=\"lazy\" class=\"alignleft size-full wp-image-73466\" alt=\"iftari-tuz-amb-shba\" src=\"http:\/\/www.visit-ulcinj.com\/blog\/wp-content\/uploads\/2013\/07\/iftari-tuz-amb-shba.jpg\" width=\"508\" height=\"344\" srcset=\"https:\/\/www.visit-ulcinj.com\/blog\/wp-content\/uploads\/2013\/07\/iftari-tuz-amb-shba.jpg 508w, https:\/\/www.visit-ulcinj.com\/blog\/wp-content\/uploads\/2013\/07\/iftari-tuz-amb-shba-300x203.jpg 300w\" sizes=\"(max-width: 508px) 100vw, 508px\" \/><\/a>Ambasadorja e Shteteve t\u00eb\u00a0 Bashkuara t\u00eb Amerik\u00ebs n\u00eb Podgoric\u00eb, Sue K. Brown, organizoi iftarin n\u00eb nder\u00eb t\u00eb fest\u00ebs s\u00eb madhe islame t\u00eb Ramazanit.<\/p>\n<p>Iftari u organizua mbr\u00ebm\u00eb (16 korrik) n\u00eb restorantin Troja n\u00eb Tuz, ku mor\u00ebn pjes\u00eb m\u00eb shum\u00eb se 60 p\u00ebrfaq\u00ebsues t\u00eb Qeveris\u00eb, Parlamentit, partive politike, medieve dhe organizatave joqeveritare. I pranish\u00ebm ishte edhe kryetari i Bashk\u00ebsis\u00eb Islame t\u00eb Malit t\u00eb Zi, Rifat Fejzic.<br \/>\n<a href=\"http:\/\/www.visit-ulcinj.com\/blog\/wp-content\/uploads\/2013\/07\/iftari-ne-tuz.jpg\"><img loading=\"lazy\" class=\"alignleft  wp-image-73467\" alt=\"iftari ne tuz\" src=\"http:\/\/www.visit-ulcinj.com\/blog\/wp-content\/uploads\/2013\/07\/iftari-ne-tuz.jpg\" width=\"508\" height=\"360\" \/><\/a><\/p>\n<p>N\u00eb fjal\u00ebn e saj, Ambasadorja Brown tha: \u201cK\u00ebshtu si po b\u00ebjm\u00eb ne sonte, ashtu edhe n\u00eb Amerik\u00eb, njer\u00ebz e t\u00eb gjitha besimeve dhe prejardhjeve bashkohen me mysliman\u00ebt amerikan, p\u00ebr dark\u00ebn e iftarit. \u00c7do vit, Presidenti i SHBA-ve dhe Sekretari i Shtetit organizojn\u00eb dark\u00ebn e iftarit p\u00ebr t\u00eb festuar diversitetin e Amerik\u00ebs dhe marr\u00ebdh\u00ebniet e mira t\u00eb Amerik\u00ebs me mysliman\u00ebt n\u00eb bot\u00eb.\u201d<\/p>\n<p>T\u00eb pranishm\u00ebve u drejtua dhe kryetari i \u00a0Bashk\u00ebsis\u00eb Islame n\u00eb Mal t\u00eb Zi Rifat Fejzic, i cili u fal\u00ebnderua organizator\u00ebve p\u00ebr iftarin, t\u00eb cilin ambasada e SHBA-s\u00eb e organizon p\u00ebr t\u00eb n\u00ebntin vit me radh\u00eb.<\/p>\n<p><strong>\/MALESIA.ORG\/<\/strong><\/p>\n<p><a href=\"http:\/\/www.visit-ulcinj.com\/blog\/wp-content\/uploads\/2013\/07\/iftari-tuz-amb-shba.1.jpg\"><img loading=\"lazy\" class=\"alignleft  wp-image-73468\" alt=\"iftari-tuz-amb-shba.1\" src=\"http:\/\/www.visit-ulcinj.com\/blog\/wp-content\/uploads\/2013\/07\/iftari-tuz-amb-shba.1.jpg\" width=\"508\" height=\"360\" \/><\/a><\/p>\n<p><a href=\"http:\/\/www.visit-ulcinj.com\/blog\/wp-content\/uploads\/2013\/07\/iftari-tuz-amb-shba.2.jpg\"><img loading=\"lazy\" src=\"http:\/\/www.visit-ulcinj.com\/blog\/wp-content\/uploads\/2013\/07\/iftari-tuz-amb-shba.2.jpg\" alt=\"iftari-tuz-amb-shba.2\" width=\"508\" height=\"360\" class=\"alignleft size-full wp-image-73469\" \/><\/a><\/p>\n<p><a href=\"http:\/\/www.visit-ulcinj.com\/blog\/wp-content\/uploads\/2013\/07\/iftari-tuz-amb-shba.3.jpg\"><img loading=\"lazy\" src=\"http:\/\/www.visit-ulcinj.com\/blog\/wp-content\/uploads\/2013\/07\/iftari-tuz-amb-shba.3.jpg\" alt=\"iftari-tuz-amb-shba.3\" width=\"508\" height=\"360\" class=\"alignleft size-full wp-image-73470\" \/><\/a><\/p>\n","protected":false},"excerpt":{"rendered":"<p>Ambasadorja e Shteteve t\u00eb\u00a0 Bashkuara t\u00eb Amerik\u00ebs n\u00eb Podgoric\u00eb, Sue K. Brown, organizoi iftarin n\u00eb nder\u00eb t\u00eb fest\u00ebs s\u00eb madhe islame t\u00eb Ramazanit. Iftari u organizua mbr\u00ebm\u00eb (16 korrik) n\u00eb restorantin Troja n\u00eb Tuz, ku mor\u00ebn pjes\u00eb m\u00eb shum\u00eb se 60 p\u00ebrfaq\u00ebsues t\u00eb Qeveris\u00eb, Parlamentit, partive politike, medieve dhe organizatave joqeveritare. I pranish\u00ebm ishte edhe [&hellip;]<\/p>\n","protected":false},"author":1,"featured_media":0,"comment_status":"closed","ping_status":"closed","sticky":false,"template":"","format":"standard","meta":{"spay_email":"","jetpack_publicize_message":"","jetpack_is_tweetstorm":false,"jetpack_publicize_feature_enabled":true},"categories":[6950],"tags":[],"jetpack_publicize_connections":[],"yoast_head":"<!-- This site is optimized with the Yoast SEO plugin v19.1 - https:\/\/yoast.com\/wordpress\/plugins\/seo\/ -->\n<title>Ambasadorja e SHBA-s\u00eb shtron Iftar n\u00eb Tuz + Foto - Lajme nga Ulqini<\/title>\n<meta name=\"description\" content=\"Ambasadorja e Shteteve t\u00eb\u00a0 Bashkuara t\u00eb Amerik\u00ebs n\u00eb Podgoric\u00eb, Sue K. Brown, organizoi iftarin n\u00eb nder\u00eb t\u00eb fest\u00ebs s\u00eb madhe islame t\u00eb Ramazanit. Iftari u\" \/>\n<meta name=\"robots\" content=\"index, follow, max-snippet:-1, max-image-preview:large, max-video-preview:-1\" \/>\n<link rel=\"canonical\" href=\"https:\/\/www.visit-ulcinj.com\/blog\/2013\/07\/19\/ambasadorja-e-shba-se-shtron-iftar-ne-tuz\/\" \/>\n<meta property=\"og:locale\" content=\"en_US\" \/>\n<meta property=\"og:type\" content=\"article\" \/>\n<meta property=\"og:title\" content=\"Ambasadorja e SHBA-s\u00eb shtron Iftar n\u00eb Tuz + Foto - Lajme nga Ulqini\" \/>\n<meta property=\"og:description\" content=\"Ambasadorja e Shteteve t\u00eb\u00a0 Bashkuara t\u00eb Amerik\u00ebs n\u00eb Podgoric\u00eb, Sue K. Brown, organizoi iftarin n\u00eb nder\u00eb t\u00eb fest\u00ebs s\u00eb madhe islame t\u00eb Ramazanit. Iftari u\" \/>\n<meta property=\"og:url\" content=\"https:\/\/www.visit-ulcinj.com\/blog\/2013\/07\/19\/ambasadorja-e-shba-se-shtron-iftar-ne-tuz\/\" \/>\n<meta property=\"og:site_name\" content=\"Lajme nga Ulqini\" \/>\n<meta property=\"article:published_time\" content=\"2013-07-19T22:48:17+00:00\" \/>\n<meta property=\"article:modified_time\" content=\"2013-07-19T22:48:33+00:00\" \/>\n<meta property=\"og:image\" content=\"http:\/\/www.visit-ulcinj.com\/blog\/wp-content\/uploads\/2013\/07\/iftari-tuz-amb-shba.jpg\" \/>\n<meta name=\"twitter:label1\" content=\"Written by\" \/>\n\t<meta name=\"twitter:data1\" content=\"ulqini\" \/>\n\t<meta name=\"twitter:label2\" content=\"Est. reading time\" \/>\n\t<meta name=\"twitter:data2\" content=\"1 minute\" \/>\n<script type=\"application\/ld+json\" class=\"yoast-schema-graph\">{\"@context\":\"https:\/\/schema.org\",\"@graph\":[{\"@type\":\"WebSite\",\"@id\":\"https:\/\/www.visit-ulcinj.com\/blog\/#website\",\"url\":\"https:\/\/www.visit-ulcinj.com\/blog\/\",\"name\":\"Lajme nga Ulqini\",\"description\":\"Lajme,Vijesti,Ulqini,Ulqin,Crna Gora,Mali i Zi\",\"potentialAction\":[{\"@type\":\"SearchAction\",\"target\":{\"@type\":\"EntryPoint\",\"urlTemplate\":\"https:\/\/www.visit-ulcinj.com\/blog\/?s={search_term_string}\"},\"query-input\":\"required name=search_term_string\"}],\"inLanguage\":\"en-US\"},{\"@type\":\"ImageObject\",\"inLanguage\":\"en-US\",\"@id\":\"https:\/\/www.visit-ulcinj.com\/blog\/2013\/07\/19\/ambasadorja-e-shba-se-shtron-iftar-ne-tuz\/#primaryimage\",\"url\":\"https:\/\/www.visit-ulcinj.com\/blog\/wp-content\/uploads\/2013\/07\/iftari-tuz-amb-shba.jpg\",\"contentUrl\":\"https:\/\/www.visit-ulcinj.com\/blog\/wp-content\/uploads\/2013\/07\/iftari-tuz-amb-shba.jpg\",\"width\":508,\"height\":344},{\"@type\":\"WebPage\",\"@id\":\"https:\/\/www.visit-ulcinj.com\/blog\/2013\/07\/19\/ambasadorja-e-shba-se-shtron-iftar-ne-tuz\/#webpage\",\"url\":\"https:\/\/www.visit-ulcinj.com\/blog\/2013\/07\/19\/ambasadorja-e-shba-se-shtron-iftar-ne-tuz\/\",\"name\":\"Ambasadorja e SHBA-s\u00eb shtron Iftar n\u00eb Tuz + Foto - Lajme nga Ulqini\",\"isPartOf\":{\"@id\":\"https:\/\/www.visit-ulcinj.com\/blog\/#website\"},\"primaryImageOfPage\":{\"@id\":\"https:\/\/www.visit-ulcinj.com\/blog\/2013\/07\/19\/ambasadorja-e-shba-se-shtron-iftar-ne-tuz\/#primaryimage\"},\"datePublished\":\"2013-07-19T22:48:17+00:00\",\"dateModified\":\"2013-07-19T22:48:33+00:00\",\"author\":{\"@id\":\"https:\/\/www.visit-ulcinj.com\/blog\/#\/schema\/person\/dcab619c614d3038751c63bc2aadc06d\"},\"description\":\"Ambasadorja e Shteteve t\u00eb\u00a0 Bashkuara t\u00eb Amerik\u00ebs n\u00eb Podgoric\u00eb, Sue K. Brown, organizoi iftarin n\u00eb nder\u00eb t\u00eb fest\u00ebs s\u00eb madhe islame t\u00eb Ramazanit. Iftari u\",\"breadcrumb\":{\"@id\":\"https:\/\/www.visit-ulcinj.com\/blog\/2013\/07\/19\/ambasadorja-e-shba-se-shtron-iftar-ne-tuz\/#breadcrumb\"},\"inLanguage\":\"en-US\",\"potentialAction\":[{\"@type\":\"ReadAction\",\"target\":[\"https:\/\/www.visit-ulcinj.com\/blog\/2013\/07\/19\/ambasadorja-e-shba-se-shtron-iftar-ne-tuz\/\"]}]},{\"@type\":\"BreadcrumbList\",\"@id\":\"https:\/\/www.visit-ulcinj.com\/blog\/2013\/07\/19\/ambasadorja-e-shba-se-shtron-iftar-ne-tuz\/#breadcrumb\",\"itemListElement\":[{\"@type\":\"ListItem\",\"position\":1,\"name\":\"Ambasadorja e SHBA-s\u00eb shtron Iftar n\u00eb Tuz + Foto\"}]},{\"@type\":\"Person\",\"@id\":\"https:\/\/www.visit-ulcinj.com\/blog\/#\/schema\/person\/dcab619c614d3038751c63bc2aadc06d\",\"name\":\"ulqini\",\"sameAs\":[\"http:\/\/www.visit-ulcinj.com\"],\"url\":\"https:\/\/www.visit-ulcinj.com\/blog\/author\/admin\/\"}]}<\/script>\n<!-- \/ Yoast SEO plugin. -->","yoast_head_json":{"title":"Ambasadorja e SHBA-s\u00eb shtron Iftar n\u00eb Tuz + Foto - Lajme nga Ulqini","description":"Ambasadorja e Shteteve t\u00eb\u00a0 Bashkuara t\u00eb Amerik\u00ebs n\u00eb Podgoric\u00eb, Sue K. Brown, organizoi iftarin n\u00eb nder\u00eb t\u00eb fest\u00ebs s\u00eb madhe islame t\u00eb Ramazanit. Iftari u","robots":{"index":"index","follow":"follow","max-snippet":"max-snippet:-1","max-image-preview":"max-image-preview:large","max-video-preview":"max-video-preview:-1"},"canonical":"https:\/\/www.visit-ulcinj.com\/blog\/2013\/07\/19\/ambasadorja-e-shba-se-shtron-iftar-ne-tuz\/","og_locale":"en_US","og_type":"article","og_title":"Ambasadorja e SHBA-s\u00eb shtron Iftar n\u00eb Tuz + Foto - Lajme nga Ulqini","og_description":"Ambasadorja e Shteteve t\u00eb\u00a0 Bashkuara t\u00eb Amerik\u00ebs n\u00eb Podgoric\u00eb, Sue K. Brown, organizoi iftarin n\u00eb nder\u00eb t\u00eb fest\u00ebs s\u00eb madhe islame t\u00eb Ramazanit. Iftari u","og_url":"https:\/\/www.visit-ulcinj.com\/blog\/2013\/07\/19\/ambasadorja-e-shba-se-shtron-iftar-ne-tuz\/","og_site_name":"Lajme nga Ulqini","article_published_time":"2013-07-19T22:48:17+00:00","article_modified_time":"2013-07-19T22:48:33+00:00","og_image":[{"url":"http:\/\/www.visit-ulcinj.com\/blog\/wp-content\/uploads\/2013\/07\/iftari-tuz-amb-shba.jpg"}],"twitter_misc":{"Written by":"ulqini","Est. reading time":"1 minute"},"schema":{"@context":"https:\/\/schema.org","@graph":[{"@type":"WebSite","@id":"https:\/\/www.visit-ulcinj.com\/blog\/#website","url":"https:\/\/www.visit-ulcinj.com\/blog\/","name":"Lajme nga Ulqini","description":"Lajme,Vijesti,Ulqini,Ulqin,Crna Gora,Mali i Zi","potentialAction":[{"@type":"SearchAction","target":{"@type":"EntryPoint","urlTemplate":"https:\/\/www.visit-ulcinj.com\/blog\/?s={search_term_string}"},"query-input":"required name=search_term_string"}],"inLanguage":"en-US"},{"@type":"ImageObject","inLanguage":"en-US","@id":"https:\/\/www.visit-ulcinj.com\/blog\/2013\/07\/19\/ambasadorja-e-shba-se-shtron-iftar-ne-tuz\/#primaryimage","url":"https:\/\/www.visit-ulcinj.com\/blog\/wp-content\/uploads\/2013\/07\/iftari-tuz-amb-shba.jpg","contentUrl":"https:\/\/www.visit-ulcinj.com\/blog\/wp-content\/uploads\/2013\/07\/iftari-tuz-amb-shba.jpg","width":508,"height":344},{"@type":"WebPage","@id":"https:\/\/www.visit-ulcinj.com\/blog\/2013\/07\/19\/ambasadorja-e-shba-se-shtron-iftar-ne-tuz\/#webpage","url":"https:\/\/www.visit-ulcinj.com\/blog\/2013\/07\/19\/ambasadorja-e-shba-se-shtron-iftar-ne-tuz\/","name":"Ambasadorja e SHBA-s\u00eb shtron Iftar n\u00eb Tuz + Foto - Lajme nga Ulqini","isPartOf":{"@id":"https:\/\/www.visit-ulcinj.com\/blog\/#website"},"primaryImageOfPage":{"@id":"https:\/\/www.visit-ulcinj.com\/blog\/2013\/07\/19\/ambasadorja-e-shba-se-shtron-iftar-ne-tuz\/#primaryimage"},"datePublished":"2013-07-19T22:48:17+00:00","dateModified":"2013-07-19T22:48:33+00:00","author":{"@id":"https:\/\/www.visit-ulcinj.com\/blog\/#\/schema\/person\/dcab619c614d3038751c63bc2aadc06d"},"description":"Ambasadorja e Shteteve t\u00eb\u00a0 Bashkuara t\u00eb Amerik\u00ebs n\u00eb Podgoric\u00eb, Sue K. Brown, organizoi iftarin n\u00eb nder\u00eb t\u00eb fest\u00ebs s\u00eb madhe islame t\u00eb Ramazanit. Iftari u","breadcrumb":{"@id":"https:\/\/www.visit-ulcinj.com\/blog\/2013\/07\/19\/ambasadorja-e-shba-se-shtron-iftar-ne-tuz\/#breadcrumb"},"inLanguage":"en-US","potentialAction":[{"@type":"ReadAction","target":["https:\/\/www.visit-ulcinj.com\/blog\/2013\/07\/19\/ambasadorja-e-shba-se-shtron-iftar-ne-tuz\/"]}]},{"@type":"BreadcrumbList","@id":"https:\/\/www.visit-ulcinj.com\/blog\/2013\/07\/19\/ambasadorja-e-shba-se-shtron-iftar-ne-tuz\/#breadcrumb","itemListElement":[{"@type":"ListItem","position":1,"name":"Ambasadorja e SHBA-s\u00eb shtron Iftar n\u00eb Tuz + Foto"}]},{"@type":"Person","@id":"https:\/\/www.visit-ulcinj.com\/blog\/#\/schema\/person\/dcab619c614d3038751c63bc2aadc06d","name":"ulqini","sameAs":["http:\/\/www.visit-ulcinj.com"],"url":"https:\/\/www.visit-ulcinj.com\/blog\/author\/admin\/"}]}},"jetpack_featured_media_url":"","jetpack_sharing_enabled":true,"jetpack_shortlink":"https:\/\/wp.me\/pe6lTn-j6V","_links":{"self":[{"href":"https:\/\/www.visit-ulcinj.com\/blog\/wp-json\/wp\/v2\/posts\/73465"}],"collection":[{"href":"https:\/\/www.visit-ulcinj.com\/blog\/wp-json\/wp\/v2\/posts"}],"about":[{"href":"https:\/\/www.visit-ulcinj.com\/blog\/wp-json\/wp\/v2\/types\/post"}],"author":[{"embeddable":true,"href":"https:\/\/www.visit-ulcinj.com\/blog\/wp-json\/wp\/v2\/users\/1"}],"replies":[{"embeddable":true,"href":"https:\/\/www.visit-ulcinj.com\/blog\/wp-json\/wp\/v2\/comments?post=73465"}],"version-history":[{"count":2,"href":"https:\/\/www.visit-ulcinj.com\/blog\/wp-json\/wp\/v2\/posts\/73465\/revisions"}],"predecessor-version":[{"id":73472,"href":"https:\/\/www.visit-ulcinj.com\/blog\/wp-json\/wp\/v2\/posts\/73465\/revisions\/73472"}],"wp:attachment":[{"href":"https:\/\/www.visit-ulcinj.com\/blog\/wp-json\/wp\/v2\/media?parent=73465"}],"wp:term":[{"taxonomy":"category","embeddable":true,"href":"https:\/\/www.visit-ulcinj.com\/blog\/wp-json\/wp\/v2\/categories?post=73465"},{"taxonomy":"post_tag","embeddable":true,"href":"https:\/\/www.visit-ulcinj.com\/blog\/wp-json\/wp\/v2\/tags?post=73465"}],"curies":[{"name":"wp","href":"https:\/\/api.w.org\/{rel}","templated":true}]}}