{"id":73481,"date":"2013-07-20T08:15:16","date_gmt":"2013-07-20T07:15:16","guid":{"rendered":"http:\/\/www.visit-ulcinj.com\/blog\/?p=73481"},"modified":"2013-07-20T08:16:41","modified_gmt":"2013-07-20T07:16:41","slug":"zenka-na-vanredne-izbore-u-ulcinju-cim-ispratimo-goste","status":"publish","type":"post","link":"https:\/\/www.visit-ulcinj.com\/blog\/2013\/07\/20\/zenka-na-vanredne-izbore-u-ulcinju-cim-ispratimo-goste\/","title":{"rendered":"Zenka: Na vanredne izbore u Ulcinju \u010dim ispratimo goste"},"content":{"rendered":"<p><a href=\"http:\/\/www.visit-ulcinj.com\/blog\/wp-content\/uploads\/2012\/07\/lider-dua-mehmet-zenka.jpg\"><img loading=\"lazy\" class=\"alignleft  wp-image-62349\" alt=\"lider-dua-mehmet-zenka\" src=\"http:\/\/www.visit-ulcinj.com\/blog\/wp-content\/uploads\/2012\/07\/lider-dua-mehmet-zenka.jpg\" width=\"508\" height=\"360\" \/><\/a>\u201cMislimo i tvrdimo da su se stekli uslovi za vanredne izbore nakon sezone jer trenutna situacija tra\u017ei rje\u0161enje i nema vi\u0161e vremena za \u010dekanje&#8221;<\/p>\n<p>Lider DUA Mehmed Zenka ocijenio je da su se u Ulcinju stekli uslovi za vanredne izbore nakon sezone i, u ime partije i gra\u0111ana, pozvao aktuelnu vladaju\u0107u koaliciju da grad, kako je naveo, po\u0161tedi daljih eksperimenata.<\/p>\n<p>\u201cMislimo i tvrdimo da su se stekli uslovi za vanredne izbore nakon sezone jer trenutna situacija tra\u017ei rje\u0161enje i nema vi\u0161e vremena za \u010dekanje. Gospodu vlastodr\u0161ce, koji \u010dine koalicionu vlast a koja funkcioni\u0161e kao rogovi u vre\u0107i, pitamo da li su svjesni svojih djela? Uko\u010dite malo jer ste za dvije godine Ulcinj doveli u finansijsko zarobljeni\u0161tvo, a nemate ideju kako da iza\u0111ete iz njega\u201d, kazao je Zenka na ju\u010dera\u0161njoj konferenciji za novinare.<\/p>\n<p>On se obratio, kako je naveo, \u201efamoznim ekspertima\u201c, zamoliv\u0161i ih \u201eda gra\u0111ane po\u0161tede daljeg eksperimentisanja i sprovo\u0111enja famoznih razvojnih programa, jer ovaj grad i ovi gra\u0111ani se &#8216;gu\u0161e&#8217; od njih\u201c.<\/p>\n<p>Zenka je podsjetio da je DUA mjesecima upozoravala na te\u0161ku situaciju u op\u0161tini i na negativne posljedice koje prijete gradu zbog izuzetno slabog i neprofesionalnog upravljanja i odnosa aktuelne vlasti.<br \/>\n<a href=\"http:\/\/www.visit-ulcinj.com\/blog\/wp-content\/uploads\/2013\/07\/pristan-ulcinj.jpg\"><img loading=\"lazy\" class=\"alignleft  wp-image-73482\" alt=\"pristan-ulcinj\" src=\"http:\/\/www.visit-ulcinj.com\/blog\/wp-content\/uploads\/2013\/07\/pristan-ulcinj.jpg\" width=\"508\" height=\"360\" \/><\/a><strong>Foto: Ismet Karamanaga<\/strong><\/p>\n<p>\u201cPredvidjeli smo i bili svjesni da ova garnitura nema kapaciteta, ni potencijala, da vodi na\u0161u op\u0161tinu. Ipak, nijesmo o\u010dekivali da \u0107e oni biti na ovako slabom nivou i ovoliko neproduktivni\u201d, ocijenio je Zenka.<\/p>\n<p>Mimo, dodao je on, svih pravila demokratije, \u201cDUA je dopustila tada novoj vlasti prvo 150, pa zatim produ\u017eila na 200 dana medijske ti\u0161ine, ostavljaju\u0107i sa strane veoma ru\u017ean na\u010din njihovog dolaska na vlast\u201c.<\/p>\n<p>\u201cUskoro \u0107e dvije godine njihove vlasti i \u0161ta imamo? Imamo istinski kolaps ekonomije jednog grada. Kako druga\u010dije nazvati ovako mizernu situaciju u kojoj se nalazi na\u0161 grad? Kako nazvati ovu situaciju kad je za manje od dvije godine stvoreno 10 miliona eura gubitaka, a to je cifra prevelika i za mnogo bogatije op\u0161tine\u201d, kazao je Zenka.<\/p>\n<p>Pitao je \u201eekspertsku vlast\u201c gdje su sada \u201espektakularne ideje\u201c za razvoj Ulcinja i njegovu evropsku perspektivu.<\/p>\n<p>\u201cPo\u0161tovana gospodo, da li ste imalo svijesni \u0161ta radite na\u0161em gradu i da li vas imalo mu\u010di savjest zbog ovog ekonomskog kolapsa koji ste nam priredili? Sigurno ne, i to potvr\u0111uju vi\u0161e nego destruktivne odluke koje ste donijeli na dva posljednja zasjedanja lokalne Skup\u0161tine\u201d, kazao je Zenka, podsje\u0107aju\u0107i da je lokalna vlast odbila da vanrednoj sjednici raspravlja o kriti\u010dnoj situaciji u gradu.<\/p>\n<p>\u201cNa\u0161 zahtjev o slu\u010daju Valdanos tretirali ste kao informaciju. Sa dnevnog reda, bez obrazlo\u017eenja, povukli ste inicijativu povodom reorganizacije zdravstvenog sistema. Prema predmetu u kome je Op\u0161tina tu\u017eena za nadoknadu \u0161tete od 10 miliona eura, vi se pona\u0161ate kao da je u pitanju 10 eura\u201d, kazao je Zenka.<br \/>\n<a href=\"http:\/\/www.visit-ulcinj.com\/blog\/wp-content\/uploads\/2013\/07\/mala-plaza-ulcinj.jpg\"><img loading=\"lazy\" class=\"alignleft  wp-image-73483\" alt=\"mala-plaza-ulcinj\" src=\"http:\/\/www.visit-ulcinj.com\/blog\/wp-content\/uploads\/2013\/07\/mala-plaza-ulcinj.jpg\" width=\"508\" height=\"360\" \/><\/a><strong>Foto: Ismet Karamanaga<\/strong><\/p>\n<p><strong>Dosta nam je eksperata<\/strong><\/p>\n<p>Lider DUA nije zadovoljan ni odnosom vlasti prema \u201cMorskom dobru\u201d. \u201cVlastodr\u0161ci su imali velika obe\u0107anja u vezi s &#8216;Morskim dobrom&#8217; i \u0161ta su uradili za dvije godine, osim \u0161to su na pompezan na\u010din saop\u0161tili da \u0107e se pola od prikupljenih sredstava sliti u gradski bud\u017eet.<\/p>\n<p>Sva ta galama o navodno njihovom uspjehu rezultirala je povi\u0161enjem cijena JP od 100 odsto, na u\u0161trb zakupaca iz Ulcinja.<\/p>\n<p>Tako sada &#8216;Morsko dobro&#8217; ubira istu sumu prihoda iz Ulcinja.<\/p>\n<p>Sa druge strane, poskupljenjem usluga zadovoljen je politi\u010dki zahtjev, na u\u0161trb bud\u017eeta gra\u0111ana\u201d, ocijenio je Zenka. Odluka o zadu\u017eenju od dva miliona eura, dodao je on, \u201ekap je koja je prelila \u010da\u0161u dijela vlasti koja je pri\u010dinila najvi\u0161e \u0161tete u novijoj istoriji pluralizma\u201d.<\/p>\n<p>\u201cTo je djelo koje zaokru\u017euje cijenu njihovog dolaska na vlast i iznosi 10 miliona eura novih dugova za op\u0161tinu Ulcinj\u201d, naveo je Zenka. Tu \u0161tetu, dodao je on, op\u0161tini Ulcinj priredili su \u201cfamozni eksperti potpisuju\u0107i sanacioni sporazum sa Ministarstvom finansija\u201d.<\/p>\n<p>\u201cOvakav sporazum nije ni\u0161ta drugo nego uvo\u0111enje vanrednih mjera kamufliranih bojama sanacionog programa\u201d, ocijenio je Zenka, optu\u017euju\u0107i lokalnu vlast \u201eda dozvoljava da razne inspekcije nesmetano vode kaznene ekspedicije nad gra\u0111anima\u201c.<\/p>\n<p>&nbsp;<\/p>\n<p><a href=\"http:\/\/www.vijesti.me\/vijesti\/dua-na-vanredne-izbore-ulcinju-cim-ispratimo-goste-clanak-139573\" target=\"_blank\"><strong>Samir Adrovi\u0107<\/strong><\/a><br \/>\n<a href=\"http:\/\/www.vijesti.me\/vijesti\/dua-na-vanredne-izbore-ulcinju-cim-ispratimo-goste-clanak-139573\" target=\"_blank\"><strong>Vijesti<\/strong><\/a><\/p>\n","protected":false},"excerpt":{"rendered":"<p>\u201cMislimo i tvrdimo da su se stekli uslovi za vanredne izbore nakon sezone jer trenutna situacija tra\u017ei rje\u0161enje i nema vi\u0161e vremena za \u010dekanje&#8221; Lider DUA Mehmed Zenka ocijenio je da su se u Ulcinju stekli uslovi za vanredne izbore nakon sezone i, u ime partije i gra\u0111ana, pozvao aktuelnu vladaju\u0107u koaliciju da grad, kako [&hellip;]<\/p>\n","protected":false},"author":1,"featured_media":0,"comment_status":"closed","ping_status":"closed","sticky":false,"template":"","format":"standard","meta":{"spay_email":"","jetpack_publicize_message":"","jetpack_is_tweetstorm":false,"jetpack_publicize_feature_enabled":true},"categories":[8337],"tags":[],"jetpack_publicize_connections":[],"yoast_head":"<!-- This site is optimized with the Yoast SEO plugin v19.1 - https:\/\/yoast.com\/wordpress\/plugins\/seo\/ -->\n<title>Zenka: Na vanredne izbore u Ulcinju \u010dim ispratimo goste - Lajme nga Ulqini<\/title>\n<meta name=\"description\" content=\"\u201cMislimo i tvrdimo da su se stekli uslovi za vanredne izbore nakon sezone jer trenutna situacija tra\u017ei rje\u0161enje i nema vi\u0161e vremena za \u010dekanje&quot; Lider DUA\" \/>\n<meta name=\"robots\" content=\"index, follow, max-snippet:-1, max-image-preview:large, max-video-preview:-1\" \/>\n<link rel=\"canonical\" href=\"https:\/\/www.visit-ulcinj.com\/blog\/2013\/07\/20\/zenka-na-vanredne-izbore-u-ulcinju-cim-ispratimo-goste\/\" \/>\n<meta property=\"og:locale\" content=\"en_US\" \/>\n<meta property=\"og:type\" content=\"article\" \/>\n<meta property=\"og:title\" content=\"Zenka: Na vanredne izbore u Ulcinju \u010dim ispratimo goste - Lajme nga Ulqini\" \/>\n<meta property=\"og:description\" content=\"\u201cMislimo i tvrdimo da su se stekli uslovi za vanredne izbore nakon sezone jer trenutna situacija tra\u017ei rje\u0161enje i nema vi\u0161e vremena za \u010dekanje&quot; Lider DUA\" \/>\n<meta property=\"og:url\" content=\"https:\/\/www.visit-ulcinj.com\/blog\/2013\/07\/20\/zenka-na-vanredne-izbore-u-ulcinju-cim-ispratimo-goste\/\" \/>\n<meta property=\"og:site_name\" content=\"Lajme nga Ulqini\" \/>\n<meta property=\"article:published_time\" content=\"2013-07-20T07:15:16+00:00\" \/>\n<meta property=\"article:modified_time\" content=\"2013-07-20T07:16:41+00:00\" \/>\n<meta property=\"og:image\" content=\"http:\/\/www.visit-ulcinj.com\/blog\/wp-content\/uploads\/2012\/07\/lider-dua-mehmet-zenka.jpg\" \/>\n<meta name=\"twitter:label1\" content=\"Written by\" \/>\n\t<meta name=\"twitter:data1\" content=\"ulqini\" \/>\n\t<meta name=\"twitter:label2\" content=\"Est. reading time\" \/>\n\t<meta name=\"twitter:data2\" content=\"4 minutes\" \/>\n<script type=\"application\/ld+json\" class=\"yoast-schema-graph\">{\"@context\":\"https:\/\/schema.org\",\"@graph\":[{\"@type\":\"WebSite\",\"@id\":\"https:\/\/www.visit-ulcinj.com\/blog\/#website\",\"url\":\"https:\/\/www.visit-ulcinj.com\/blog\/\",\"name\":\"Lajme nga Ulqini\",\"description\":\"Lajme,Vijesti,Ulqini,Ulqin,Crna Gora,Mali i Zi\",\"potentialAction\":[{\"@type\":\"SearchAction\",\"target\":{\"@type\":\"EntryPoint\",\"urlTemplate\":\"https:\/\/www.visit-ulcinj.com\/blog\/?s={search_term_string}\"},\"query-input\":\"required name=search_term_string\"}],\"inLanguage\":\"en-US\"},{\"@type\":\"ImageObject\",\"inLanguage\":\"en-US\",\"@id\":\"https:\/\/www.visit-ulcinj.com\/blog\/2013\/07\/20\/zenka-na-vanredne-izbore-u-ulcinju-cim-ispratimo-goste\/#primaryimage\",\"url\":\"https:\/\/www.visit-ulcinj.com\/blog\/wp-content\/uploads\/2012\/07\/lider-dua-mehmet-zenka.jpg\",\"contentUrl\":\"https:\/\/www.visit-ulcinj.com\/blog\/wp-content\/uploads\/2012\/07\/lider-dua-mehmet-zenka.jpg\",\"width\":\"720\",\"height\":\"483\"},{\"@type\":\"WebPage\",\"@id\":\"https:\/\/www.visit-ulcinj.com\/blog\/2013\/07\/20\/zenka-na-vanredne-izbore-u-ulcinju-cim-ispratimo-goste\/#webpage\",\"url\":\"https:\/\/www.visit-ulcinj.com\/blog\/2013\/07\/20\/zenka-na-vanredne-izbore-u-ulcinju-cim-ispratimo-goste\/\",\"name\":\"Zenka: Na vanredne izbore u Ulcinju \u010dim ispratimo goste - Lajme nga Ulqini\",\"isPartOf\":{\"@id\":\"https:\/\/www.visit-ulcinj.com\/blog\/#website\"},\"primaryImageOfPage\":{\"@id\":\"https:\/\/www.visit-ulcinj.com\/blog\/2013\/07\/20\/zenka-na-vanredne-izbore-u-ulcinju-cim-ispratimo-goste\/#primaryimage\"},\"datePublished\":\"2013-07-20T07:15:16+00:00\",\"dateModified\":\"2013-07-20T07:16:41+00:00\",\"author\":{\"@id\":\"https:\/\/www.visit-ulcinj.com\/blog\/#\/schema\/person\/dcab619c614d3038751c63bc2aadc06d\"},\"description\":\"\u201cMislimo i tvrdimo da su se stekli uslovi za vanredne izbore nakon sezone jer trenutna situacija tra\u017ei rje\u0161enje i nema vi\u0161e vremena za \u010dekanje\\\" Lider DUA\",\"breadcrumb\":{\"@id\":\"https:\/\/www.visit-ulcinj.com\/blog\/2013\/07\/20\/zenka-na-vanredne-izbore-u-ulcinju-cim-ispratimo-goste\/#breadcrumb\"},\"inLanguage\":\"en-US\",\"potentialAction\":[{\"@type\":\"ReadAction\",\"target\":[\"https:\/\/www.visit-ulcinj.com\/blog\/2013\/07\/20\/zenka-na-vanredne-izbore-u-ulcinju-cim-ispratimo-goste\/\"]}]},{\"@type\":\"BreadcrumbList\",\"@id\":\"https:\/\/www.visit-ulcinj.com\/blog\/2013\/07\/20\/zenka-na-vanredne-izbore-u-ulcinju-cim-ispratimo-goste\/#breadcrumb\",\"itemListElement\":[{\"@type\":\"ListItem\",\"position\":1,\"name\":\"Zenka: Na vanredne izbore u Ulcinju \u010dim ispratimo goste\"}]},{\"@type\":\"Person\",\"@id\":\"https:\/\/www.visit-ulcinj.com\/blog\/#\/schema\/person\/dcab619c614d3038751c63bc2aadc06d\",\"name\":\"ulqini\",\"sameAs\":[\"http:\/\/www.visit-ulcinj.com\"],\"url\":\"https:\/\/www.visit-ulcinj.com\/blog\/author\/admin\/\"}]}<\/script>\n<!-- \/ Yoast SEO plugin. -->","yoast_head_json":{"title":"Zenka: Na vanredne izbore u Ulcinju \u010dim ispratimo goste - Lajme nga Ulqini","description":"\u201cMislimo i tvrdimo da su se stekli uslovi za vanredne izbore nakon sezone jer trenutna situacija tra\u017ei rje\u0161enje i nema vi\u0161e vremena za \u010dekanje\" Lider DUA","robots":{"index":"index","follow":"follow","max-snippet":"max-snippet:-1","max-image-preview":"max-image-preview:large","max-video-preview":"max-video-preview:-1"},"canonical":"https:\/\/www.visit-ulcinj.com\/blog\/2013\/07\/20\/zenka-na-vanredne-izbore-u-ulcinju-cim-ispratimo-goste\/","og_locale":"en_US","og_type":"article","og_title":"Zenka: Na vanredne izbore u Ulcinju \u010dim ispratimo goste - Lajme nga Ulqini","og_description":"\u201cMislimo i tvrdimo da su se stekli uslovi za vanredne izbore nakon sezone jer trenutna situacija tra\u017ei rje\u0161enje i nema vi\u0161e vremena za \u010dekanje\" Lider DUA","og_url":"https:\/\/www.visit-ulcinj.com\/blog\/2013\/07\/20\/zenka-na-vanredne-izbore-u-ulcinju-cim-ispratimo-goste\/","og_site_name":"Lajme nga Ulqini","article_published_time":"2013-07-20T07:15:16+00:00","article_modified_time":"2013-07-20T07:16:41+00:00","og_image":[{"url":"http:\/\/www.visit-ulcinj.com\/blog\/wp-content\/uploads\/2012\/07\/lider-dua-mehmet-zenka.jpg"}],"twitter_misc":{"Written by":"ulqini","Est. reading time":"4 minutes"},"schema":{"@context":"https:\/\/schema.org","@graph":[{"@type":"WebSite","@id":"https:\/\/www.visit-ulcinj.com\/blog\/#website","url":"https:\/\/www.visit-ulcinj.com\/blog\/","name":"Lajme nga Ulqini","description":"Lajme,Vijesti,Ulqini,Ulqin,Crna Gora,Mali i Zi","potentialAction":[{"@type":"SearchAction","target":{"@type":"EntryPoint","urlTemplate":"https:\/\/www.visit-ulcinj.com\/blog\/?s={search_term_string}"},"query-input":"required name=search_term_string"}],"inLanguage":"en-US"},{"@type":"ImageObject","inLanguage":"en-US","@id":"https:\/\/www.visit-ulcinj.com\/blog\/2013\/07\/20\/zenka-na-vanredne-izbore-u-ulcinju-cim-ispratimo-goste\/#primaryimage","url":"https:\/\/www.visit-ulcinj.com\/blog\/wp-content\/uploads\/2012\/07\/lider-dua-mehmet-zenka.jpg","contentUrl":"https:\/\/www.visit-ulcinj.com\/blog\/wp-content\/uploads\/2012\/07\/lider-dua-mehmet-zenka.jpg","width":"720","height":"483"},{"@type":"WebPage","@id":"https:\/\/www.visit-ulcinj.com\/blog\/2013\/07\/20\/zenka-na-vanredne-izbore-u-ulcinju-cim-ispratimo-goste\/#webpage","url":"https:\/\/www.visit-ulcinj.com\/blog\/2013\/07\/20\/zenka-na-vanredne-izbore-u-ulcinju-cim-ispratimo-goste\/","name":"Zenka: Na vanredne izbore u Ulcinju \u010dim ispratimo goste - Lajme nga Ulqini","isPartOf":{"@id":"https:\/\/www.visit-ulcinj.com\/blog\/#website"},"primaryImageOfPage":{"@id":"https:\/\/www.visit-ulcinj.com\/blog\/2013\/07\/20\/zenka-na-vanredne-izbore-u-ulcinju-cim-ispratimo-goste\/#primaryimage"},"datePublished":"2013-07-20T07:15:16+00:00","dateModified":"2013-07-20T07:16:41+00:00","author":{"@id":"https:\/\/www.visit-ulcinj.com\/blog\/#\/schema\/person\/dcab619c614d3038751c63bc2aadc06d"},"description":"\u201cMislimo i tvrdimo da su se stekli uslovi za vanredne izbore nakon sezone jer trenutna situacija tra\u017ei rje\u0161enje i nema vi\u0161e vremena za \u010dekanje\" Lider DUA","breadcrumb":{"@id":"https:\/\/www.visit-ulcinj.com\/blog\/2013\/07\/20\/zenka-na-vanredne-izbore-u-ulcinju-cim-ispratimo-goste\/#breadcrumb"},"inLanguage":"en-US","potentialAction":[{"@type":"ReadAction","target":["https:\/\/www.visit-ulcinj.com\/blog\/2013\/07\/20\/zenka-na-vanredne-izbore-u-ulcinju-cim-ispratimo-goste\/"]}]},{"@type":"BreadcrumbList","@id":"https:\/\/www.visit-ulcinj.com\/blog\/2013\/07\/20\/zenka-na-vanredne-izbore-u-ulcinju-cim-ispratimo-goste\/#breadcrumb","itemListElement":[{"@type":"ListItem","position":1,"name":"Zenka: Na vanredne izbore u Ulcinju \u010dim ispratimo goste"}]},{"@type":"Person","@id":"https:\/\/www.visit-ulcinj.com\/blog\/#\/schema\/person\/dcab619c614d3038751c63bc2aadc06d","name":"ulqini","sameAs":["http:\/\/www.visit-ulcinj.com"],"url":"https:\/\/www.visit-ulcinj.com\/blog\/author\/admin\/"}]}},"jetpack_featured_media_url":"","jetpack_sharing_enabled":true,"jetpack_shortlink":"https:\/\/wp.me\/pe6lTn-j7b","_links":{"self":[{"href":"https:\/\/www.visit-ulcinj.com\/blog\/wp-json\/wp\/v2\/posts\/73481"}],"collection":[{"href":"https:\/\/www.visit-ulcinj.com\/blog\/wp-json\/wp\/v2\/posts"}],"about":[{"href":"https:\/\/www.visit-ulcinj.com\/blog\/wp-json\/wp\/v2\/types\/post"}],"author":[{"embeddable":true,"href":"https:\/\/www.visit-ulcinj.com\/blog\/wp-json\/wp\/v2\/users\/1"}],"replies":[{"embeddable":true,"href":"https:\/\/www.visit-ulcinj.com\/blog\/wp-json\/wp\/v2\/comments?post=73481"}],"version-history":[{"count":3,"href":"https:\/\/www.visit-ulcinj.com\/blog\/wp-json\/wp\/v2\/posts\/73481\/revisions"}],"predecessor-version":[{"id":73486,"href":"https:\/\/www.visit-ulcinj.com\/blog\/wp-json\/wp\/v2\/posts\/73481\/revisions\/73486"}],"wp:attachment":[{"href":"https:\/\/www.visit-ulcinj.com\/blog\/wp-json\/wp\/v2\/media?parent=73481"}],"wp:term":[{"taxonomy":"category","embeddable":true,"href":"https:\/\/www.visit-ulcinj.com\/blog\/wp-json\/wp\/v2\/categories?post=73481"},{"taxonomy":"post_tag","embeddable":true,"href":"https:\/\/www.visit-ulcinj.com\/blog\/wp-json\/wp\/v2\/tags?post=73481"}],"curies":[{"name":"wp","href":"https:\/\/api.w.org\/{rel}","templated":true}]}}