{"id":73495,"date":"2013-07-20T09:02:34","date_gmt":"2013-07-20T08:02:34","guid":{"rendered":"http:\/\/www.visit-ulcinj.com\/blog\/?p=73495"},"modified":"2013-07-20T09:02:52","modified_gmt":"2013-07-20T08:02:52","slug":"abazovic-koco-albanski-seselj","status":"publish","type":"post","link":"https:\/\/www.visit-ulcinj.com\/blog\/2013\/07\/20\/abazovic-koco-albanski-seselj\/","title":{"rendered":"Abazovic: Ko\u010do &#8211; albanski \u0160e\u0161elj"},"content":{"rendered":"<p><a href=\"http:\/\/www.visit-ulcinj.com\/blog\/wp-content\/uploads\/2013\/02\/DRITANABAZOVIC.jpg\"><img loading=\"lazy\" class=\"alignleft  wp-image-68625\" alt=\"DRITANABAZOVIC\" src=\"http:\/\/www.visit-ulcinj.com\/blog\/wp-content\/uploads\/2013\/02\/DRITANABAZOVIC.jpg\" width=\"508\" height=\"360\" \/><\/a>Funkcioner Pozitivne Dritan Abazovi\u0107 kazao je da ne do\u017eivljava ozbiljnim izjavu Ko\u010da Danaja, da Crna Gora treba da prepusti svoje isto\u010dne djelove teritorije, na kojima uglavnom \u017eive Albanci, kako bi taj prostor pripao \u201ePrirodnoj Albaniji&#8221;. Abazovi\u0107 je rekao kako misli da se tom konceptu pridaje zna\u010daj koji nije realan, \u0161to su potvrdili i posljednji izbori u Albaniji.<\/p>\n<p>\u201cIzbori su takvu ideju, koja je imala elemente o \u010demu govori Danaj, pokazali da nemaju podr\u0161ku u albanskoj javnosti, da ne mogu da u\u0111u u parlament. Region treba da se okrene Evropskoj uniji I integrisanju u tu zajednicu, a samim tim \u0107e se stvoriti pretpostavke da je ve\u0107a mobilnost me\u0111u ljudima I bolja konekcija prema narodima\u201d, kazao je Abazovi\u0107.<\/p>\n<p>Danaj je, njema\u010dkoj agenciji DPA, rekao da \u0107e biti novog rata na Balkanu ako ne bude formirana \u201ePrirodna Albanija&#8221;, a Dan je prenio da je on istakao i kako svi Albanci treba da \u017eive u jednoj dr\u017eavi.<\/p>\n<div>\n<p>\u201eDanas zahtijevamo ujedinjenje svih Albanaca, bez rata&#8221;, rekao je Danaj.<\/p>\n<p>Navode\u0107i da izjavu Danaja do\u017eivljava kao poku\u0161aj marketinga i li\u010dne promocije, Abazovi\u0107 je rekao i da takve poruke mogu imati negativnih efekata na Albance u regionu.<\/p>\n<\/div>\n<div>\n<p>\u201cTo ova izjava i ima za cilj, disciplinovanje mogu\u0107ih struja koje su zadu\u017eene za promociju ve\u0107eg ostvarivanja manjinskih para. Ali mislim da to nije ne\u0161to \u0161to treba da bilo koga zabrinjava\u201d, kazao je Abazovi\u0107.<\/p>\n<p>Kad je rije\u010d o politi\u010dkim predstavnicima Albanaca u Crnoj Gori, Abazovi\u0107 je rekao da su oni vrlo jasno odre\u0111eni prema evropskoj budu\u0107nosti Crne Gore.<\/p>\n<p>\u201cI koncentrisani su na ono \u0161to je \u017eivot u Crnoj Gori. Sa pravom imaju mogu\u0107nost da iskazuju nezadovoljstvo sa ostvarivanjem njihovih prava, ali to je sve u domenu demokratskog duha. Ne mislim da ima elemenata koji mogli da ozna\u010de neki ve\u0107i radikalizam\u201d, rekao je Abazovi\u0107.<\/p>\n<p>U ovom trenutku, kako je pojasnio, imamo \u201ctoliku servilnost pogotovo albanskih partija prema vlasti u Crnoj Gori\u201d, pa je to, kako je rekao, \u201cstepen koji treba da zabrinjava.<\/p>\n<p>\u201cA nemamo nikakve, niti u najavi, desni\u010darske, radikalne oblike djelovanje i nadam se da \u0107e tako ostati\u201d, poru\u010dio je Abazovi\u0107.<\/p>\n<p>On je saglasan i da se u izjavi Danaja mogu prona\u0107i elementi koji podsje\u0107aju na nastupe srpskog radikaliste Vojslava \u0160e\u0161elja.<\/p>\n<p>\u201cOvdje nacionalizmi takvog tipa nikad ne\u0107e potpuno mrtvi, pitanje je koliko \u0107e btii marginalizovani. Pitanje je koliko neko odska\u010de od umjerenijeg politi\u010dkog djelovanja. Mo\u017ee da se povu\u010de neka paralela, ali Albanija nikad nije imala ekspanzionisti\u010dke namjere i nije ratovala za teritorije koje nijesu njihove\u201d, zaklju\u010dio je Abazovi\u0107.<\/p>\n<p>&nbsp;<\/p>\n<p><strong>Izvor: TVCG<\/strong><\/p>\n<\/div>\n","protected":false},"excerpt":{"rendered":"<p>Funkcioner Pozitivne Dritan Abazovi\u0107 kazao je da ne do\u017eivljava ozbiljnim izjavu Ko\u010da Danaja, da Crna Gora treba da prepusti svoje isto\u010dne djelove teritorije, na kojima uglavnom \u017eive Albanci, kako bi taj prostor pripao \u201ePrirodnoj Albaniji&#8221;. Abazovi\u0107 je rekao kako misli da se tom konceptu pridaje zna\u010daj koji nije realan, \u0161to su potvrdili i posljednji izbori [&hellip;]<\/p>\n","protected":false},"author":1,"featured_media":0,"comment_status":"closed","ping_status":"closed","sticky":false,"template":"","format":"standard","meta":{"spay_email":"","jetpack_publicize_message":"","jetpack_is_tweetstorm":false,"jetpack_publicize_feature_enabled":true},"categories":[6950],"tags":[],"jetpack_publicize_connections":[],"yoast_head":"<!-- This site is optimized with the Yoast SEO plugin v19.1 - https:\/\/yoast.com\/wordpress\/plugins\/seo\/ -->\n<title>Abazovic: Ko\u010do - albanski \u0160e\u0161elj - Lajme nga Ulqini<\/title>\n<meta name=\"description\" content=\"Funkcioner Pozitivne Dritan Abazovi\u0107 kazao je da ne do\u017eivljava ozbiljnim izjavu Ko\u010da Danaja, da Crna Gora treba da prepusti svoje isto\u010dne djelove\" \/>\n<meta name=\"robots\" content=\"index, follow, max-snippet:-1, max-image-preview:large, max-video-preview:-1\" \/>\n<link rel=\"canonical\" href=\"https:\/\/www.visit-ulcinj.com\/blog\/2013\/07\/20\/abazovic-koco-albanski-seselj\/\" \/>\n<meta property=\"og:locale\" content=\"en_US\" \/>\n<meta property=\"og:type\" content=\"article\" \/>\n<meta property=\"og:title\" content=\"Abazovic: Ko\u010do - albanski \u0160e\u0161elj - Lajme nga Ulqini\" \/>\n<meta property=\"og:description\" content=\"Funkcioner Pozitivne Dritan Abazovi\u0107 kazao je da ne do\u017eivljava ozbiljnim izjavu Ko\u010da Danaja, da Crna Gora treba da prepusti svoje isto\u010dne djelove\" \/>\n<meta property=\"og:url\" content=\"https:\/\/www.visit-ulcinj.com\/blog\/2013\/07\/20\/abazovic-koco-albanski-seselj\/\" \/>\n<meta property=\"og:site_name\" content=\"Lajme nga Ulqini\" \/>\n<meta property=\"article:published_time\" content=\"2013-07-20T08:02:34+00:00\" \/>\n<meta property=\"article:modified_time\" content=\"2013-07-20T08:02:52+00:00\" \/>\n<meta property=\"og:image\" content=\"http:\/\/www.visit-ulcinj.com\/blog\/wp-content\/uploads\/2013\/02\/DRITANABAZOVIC.jpg\" \/>\n<meta name=\"twitter:label1\" content=\"Written by\" \/>\n\t<meta name=\"twitter:data1\" content=\"ulqini\" \/>\n\t<meta name=\"twitter:label2\" content=\"Est. reading time\" \/>\n\t<meta name=\"twitter:data2\" content=\"2 minutes\" \/>\n<script type=\"application\/ld+json\" class=\"yoast-schema-graph\">{\"@context\":\"https:\/\/schema.org\",\"@graph\":[{\"@type\":\"WebSite\",\"@id\":\"https:\/\/www.visit-ulcinj.com\/blog\/#website\",\"url\":\"https:\/\/www.visit-ulcinj.com\/blog\/\",\"name\":\"Lajme nga Ulqini\",\"description\":\"Lajme,Vijesti,Ulqini,Ulqin,Crna Gora,Mali i Zi\",\"potentialAction\":[{\"@type\":\"SearchAction\",\"target\":{\"@type\":\"EntryPoint\",\"urlTemplate\":\"https:\/\/www.visit-ulcinj.com\/blog\/?s={search_term_string}\"},\"query-input\":\"required name=search_term_string\"}],\"inLanguage\":\"en-US\"},{\"@type\":\"ImageObject\",\"inLanguage\":\"en-US\",\"@id\":\"https:\/\/www.visit-ulcinj.com\/blog\/2013\/07\/20\/abazovic-koco-albanski-seselj\/#primaryimage\",\"url\":\"https:\/\/www.visit-ulcinj.com\/blog\/wp-content\/uploads\/2013\/02\/DRITANABAZOVIC.jpg\",\"contentUrl\":\"https:\/\/www.visit-ulcinj.com\/blog\/wp-content\/uploads\/2013\/02\/DRITANABAZOVIC.jpg\",\"width\":960,\"height\":637},{\"@type\":\"WebPage\",\"@id\":\"https:\/\/www.visit-ulcinj.com\/blog\/2013\/07\/20\/abazovic-koco-albanski-seselj\/#webpage\",\"url\":\"https:\/\/www.visit-ulcinj.com\/blog\/2013\/07\/20\/abazovic-koco-albanski-seselj\/\",\"name\":\"Abazovic: Ko\u010do - albanski \u0160e\u0161elj - Lajme nga Ulqini\",\"isPartOf\":{\"@id\":\"https:\/\/www.visit-ulcinj.com\/blog\/#website\"},\"primaryImageOfPage\":{\"@id\":\"https:\/\/www.visit-ulcinj.com\/blog\/2013\/07\/20\/abazovic-koco-albanski-seselj\/#primaryimage\"},\"datePublished\":\"2013-07-20T08:02:34+00:00\",\"dateModified\":\"2013-07-20T08:02:52+00:00\",\"author\":{\"@id\":\"https:\/\/www.visit-ulcinj.com\/blog\/#\/schema\/person\/dcab619c614d3038751c63bc2aadc06d\"},\"description\":\"Funkcioner Pozitivne Dritan Abazovi\u0107 kazao je da ne do\u017eivljava ozbiljnim izjavu Ko\u010da Danaja, da Crna Gora treba da prepusti svoje isto\u010dne djelove\",\"breadcrumb\":{\"@id\":\"https:\/\/www.visit-ulcinj.com\/blog\/2013\/07\/20\/abazovic-koco-albanski-seselj\/#breadcrumb\"},\"inLanguage\":\"en-US\",\"potentialAction\":[{\"@type\":\"ReadAction\",\"target\":[\"https:\/\/www.visit-ulcinj.com\/blog\/2013\/07\/20\/abazovic-koco-albanski-seselj\/\"]}]},{\"@type\":\"BreadcrumbList\",\"@id\":\"https:\/\/www.visit-ulcinj.com\/blog\/2013\/07\/20\/abazovic-koco-albanski-seselj\/#breadcrumb\",\"itemListElement\":[{\"@type\":\"ListItem\",\"position\":1,\"name\":\"Abazovic: Ko\u010do &#8211; albanski \u0160e\u0161elj\"}]},{\"@type\":\"Person\",\"@id\":\"https:\/\/www.visit-ulcinj.com\/blog\/#\/schema\/person\/dcab619c614d3038751c63bc2aadc06d\",\"name\":\"ulqini\",\"sameAs\":[\"http:\/\/www.visit-ulcinj.com\"],\"url\":\"https:\/\/www.visit-ulcinj.com\/blog\/author\/admin\/\"}]}<\/script>\n<!-- \/ Yoast SEO plugin. -->","yoast_head_json":{"title":"Abazovic: Ko\u010do - albanski \u0160e\u0161elj - Lajme nga Ulqini","description":"Funkcioner Pozitivne Dritan Abazovi\u0107 kazao je da ne do\u017eivljava ozbiljnim izjavu Ko\u010da Danaja, da Crna Gora treba da prepusti svoje isto\u010dne djelove","robots":{"index":"index","follow":"follow","max-snippet":"max-snippet:-1","max-image-preview":"max-image-preview:large","max-video-preview":"max-video-preview:-1"},"canonical":"https:\/\/www.visit-ulcinj.com\/blog\/2013\/07\/20\/abazovic-koco-albanski-seselj\/","og_locale":"en_US","og_type":"article","og_title":"Abazovic: Ko\u010do - albanski \u0160e\u0161elj - Lajme nga Ulqini","og_description":"Funkcioner Pozitivne Dritan Abazovi\u0107 kazao je da ne do\u017eivljava ozbiljnim izjavu Ko\u010da Danaja, da Crna Gora treba da prepusti svoje isto\u010dne djelove","og_url":"https:\/\/www.visit-ulcinj.com\/blog\/2013\/07\/20\/abazovic-koco-albanski-seselj\/","og_site_name":"Lajme nga Ulqini","article_published_time":"2013-07-20T08:02:34+00:00","article_modified_time":"2013-07-20T08:02:52+00:00","og_image":[{"url":"http:\/\/www.visit-ulcinj.com\/blog\/wp-content\/uploads\/2013\/02\/DRITANABAZOVIC.jpg"}],"twitter_misc":{"Written by":"ulqini","Est. reading time":"2 minutes"},"schema":{"@context":"https:\/\/schema.org","@graph":[{"@type":"WebSite","@id":"https:\/\/www.visit-ulcinj.com\/blog\/#website","url":"https:\/\/www.visit-ulcinj.com\/blog\/","name":"Lajme nga Ulqini","description":"Lajme,Vijesti,Ulqini,Ulqin,Crna Gora,Mali i Zi","potentialAction":[{"@type":"SearchAction","target":{"@type":"EntryPoint","urlTemplate":"https:\/\/www.visit-ulcinj.com\/blog\/?s={search_term_string}"},"query-input":"required name=search_term_string"}],"inLanguage":"en-US"},{"@type":"ImageObject","inLanguage":"en-US","@id":"https:\/\/www.visit-ulcinj.com\/blog\/2013\/07\/20\/abazovic-koco-albanski-seselj\/#primaryimage","url":"https:\/\/www.visit-ulcinj.com\/blog\/wp-content\/uploads\/2013\/02\/DRITANABAZOVIC.jpg","contentUrl":"https:\/\/www.visit-ulcinj.com\/blog\/wp-content\/uploads\/2013\/02\/DRITANABAZOVIC.jpg","width":960,"height":637},{"@type":"WebPage","@id":"https:\/\/www.visit-ulcinj.com\/blog\/2013\/07\/20\/abazovic-koco-albanski-seselj\/#webpage","url":"https:\/\/www.visit-ulcinj.com\/blog\/2013\/07\/20\/abazovic-koco-albanski-seselj\/","name":"Abazovic: Ko\u010do - albanski \u0160e\u0161elj - Lajme nga Ulqini","isPartOf":{"@id":"https:\/\/www.visit-ulcinj.com\/blog\/#website"},"primaryImageOfPage":{"@id":"https:\/\/www.visit-ulcinj.com\/blog\/2013\/07\/20\/abazovic-koco-albanski-seselj\/#primaryimage"},"datePublished":"2013-07-20T08:02:34+00:00","dateModified":"2013-07-20T08:02:52+00:00","author":{"@id":"https:\/\/www.visit-ulcinj.com\/blog\/#\/schema\/person\/dcab619c614d3038751c63bc2aadc06d"},"description":"Funkcioner Pozitivne Dritan Abazovi\u0107 kazao je da ne do\u017eivljava ozbiljnim izjavu Ko\u010da Danaja, da Crna Gora treba da prepusti svoje isto\u010dne djelove","breadcrumb":{"@id":"https:\/\/www.visit-ulcinj.com\/blog\/2013\/07\/20\/abazovic-koco-albanski-seselj\/#breadcrumb"},"inLanguage":"en-US","potentialAction":[{"@type":"ReadAction","target":["https:\/\/www.visit-ulcinj.com\/blog\/2013\/07\/20\/abazovic-koco-albanski-seselj\/"]}]},{"@type":"BreadcrumbList","@id":"https:\/\/www.visit-ulcinj.com\/blog\/2013\/07\/20\/abazovic-koco-albanski-seselj\/#breadcrumb","itemListElement":[{"@type":"ListItem","position":1,"name":"Abazovic: Ko\u010do &#8211; albanski \u0160e\u0161elj"}]},{"@type":"Person","@id":"https:\/\/www.visit-ulcinj.com\/blog\/#\/schema\/person\/dcab619c614d3038751c63bc2aadc06d","name":"ulqini","sameAs":["http:\/\/www.visit-ulcinj.com"],"url":"https:\/\/www.visit-ulcinj.com\/blog\/author\/admin\/"}]}},"jetpack_featured_media_url":"","jetpack_sharing_enabled":true,"jetpack_shortlink":"https:\/\/wp.me\/pe6lTn-j7p","_links":{"self":[{"href":"https:\/\/www.visit-ulcinj.com\/blog\/wp-json\/wp\/v2\/posts\/73495"}],"collection":[{"href":"https:\/\/www.visit-ulcinj.com\/blog\/wp-json\/wp\/v2\/posts"}],"about":[{"href":"https:\/\/www.visit-ulcinj.com\/blog\/wp-json\/wp\/v2\/types\/post"}],"author":[{"embeddable":true,"href":"https:\/\/www.visit-ulcinj.com\/blog\/wp-json\/wp\/v2\/users\/1"}],"replies":[{"embeddable":true,"href":"https:\/\/www.visit-ulcinj.com\/blog\/wp-json\/wp\/v2\/comments?post=73495"}],"version-history":[{"count":2,"href":"https:\/\/www.visit-ulcinj.com\/blog\/wp-json\/wp\/v2\/posts\/73495\/revisions"}],"predecessor-version":[{"id":73497,"href":"https:\/\/www.visit-ulcinj.com\/blog\/wp-json\/wp\/v2\/posts\/73495\/revisions\/73497"}],"wp:attachment":[{"href":"https:\/\/www.visit-ulcinj.com\/blog\/wp-json\/wp\/v2\/media?parent=73495"}],"wp:term":[{"taxonomy":"category","embeddable":true,"href":"https:\/\/www.visit-ulcinj.com\/blog\/wp-json\/wp\/v2\/categories?post=73495"},{"taxonomy":"post_tag","embeddable":true,"href":"https:\/\/www.visit-ulcinj.com\/blog\/wp-json\/wp\/v2\/tags?post=73495"}],"curies":[{"name":"wp","href":"https:\/\/api.w.org\/{rel}","templated":true}]}}