{"id":73510,"date":"2013-07-20T19:21:12","date_gmt":"2013-07-20T18:21:12","guid":{"rendered":"http:\/\/www.visit-ulcinj.com\/blog\/?p=73510"},"modified":"2013-07-20T19:22:43","modified_gmt":"2013-07-20T18:22:43","slug":"ulcinj-pjescani-raj-za-porodice-pokrivene-zene-ali-i-za-nudiste","status":"publish","type":"post","link":"https:\/\/www.visit-ulcinj.com\/blog\/2013\/07\/20\/ulcinj-pjescani-raj-za-porodice-pokrivene-zene-ali-i-za-nudiste\/","title":{"rendered":"Ulcinj &#8211; pje\u0161\u010dani raj za porodice, pokrivene \u017eene, ali i za nudiste"},"content":{"rendered":"<h3><a href=\"http:\/\/www.visit-ulcinj.com\/blog\/wp-content\/uploads\/2013\/07\/pjescana-velika-plaza-ulcinj.1.jpg\"><img loading=\"lazy\" class=\"alignleft  wp-image-73511\" alt=\"pjescana velika plaza ulcinj.1\" src=\"http:\/\/www.visit-ulcinj.com\/blog\/wp-content\/uploads\/2013\/07\/pjescana-velika-plaza-ulcinj.1.jpg\" width=\"508\" height=\"360\" \/><\/a>Kada su pla\u017ee u pitanju, Ulcinj je i van granica Crne Gore, pa \u010dak i u svijetu prepoznatljiv po karakteristi\u010dnim veoma dugim pla\u017eama sa jedinstvenim sitnim pijeskom.<\/h3>\n<p>Ulcinjska Velika pla\u017ea duga\u010dka je 12 kilometara, a jedinstvena je i po na\u010dinu na koji je iskori\u0161ten prostor za pla\u017eu, prenosi dopisnik agencije Anadolija.<\/p>\n<p>Na udaljenosti od samo nekoliko kilometara mo\u017ee se na\u0107i pla\u017ea za nudiste, klasi\u010dno kupali\u0161te, kao i pla\u017ee koje najvi\u0161e posje\u0107uju pokrivene \u017eene, a to je zapravo ono \u0161to je specifi\u010dno za ovaj dio crnogorskog primorja, \u0161to ga \u010dini jedinistvenim u svijetu.<br \/>\n<a href=\"http:\/\/www.visit-ulcinj.com\/blog\/wp-content\/uploads\/2013\/07\/pjescana-velika-plaza-ulcinj.jpg\"><img loading=\"lazy\" class=\"alignleft  wp-image-73512\" alt=\"pjescana velika plaza ulcinj\" src=\"http:\/\/www.visit-ulcinj.com\/blog\/wp-content\/uploads\/2013\/07\/pjescana-velika-plaza-ulcinj.jpg\" width=\"508\" height=\"360\" \/><\/a><br \/>\nU neposrednoj blizini nalaze se klasi\u010dna kupali\u0161ta i pla\u017ee koje koje najvi\u0161e koristi islamsko stanovni\u0161tvo, odnosno pokrivene \u017eene sa svojim porodicama.<\/p>\n<p>Kako ka\u017eu posjetioci, ljudi razli\u010ditih navika i \u017eivotnog nazora ni malo ne smetaju jedni drugima.<\/p>\n<p>&#8220;Ja nisam zagovornik odvajanja pokrivenih \u017eena od onih koje to nisu, nema potrebe, ovdje niko nikoga mrko ne gleda, i jako mi je drago \u0161to ovakvo stanje vidim u Ulcinju. Bitno je da postoji pomije\u0161ano stanovni\u0161tvo, jer ako je vi\u0161enacionalna sredina, mnogo je manje i problema\u201c, pri\u010da sa odu\u0161evljenjem Ned\u017ead \u0160aboti\u0107, koji je sa svojom porodicom iz Slovenije prvi put do\u0161ao na ljetovanje u Ulcinj.<\/p>\n<p>Ovakva pla\u017ea od cijelog crnogorskog primorja postoji samo u Ulcinju, jedino mjesto gdje se u stvari pokrivene \u017eene mogu vidjeti na pla\u017ei.<\/p>\n<p>Vlasnik jednog od ugostiteljskih objekata na obali ulcinjske Velike pla\u017ee, Albert Kastrati, tako\u0111e tvrdi da je ulcinjska pla\u017ea, jedini prostor na crnogorskom primorju, te da je ovo mjesto ve\u0107 postalo tradicionalno mjesto na koje dolaze pokrivene \u017eene.<br \/>\n<a href=\"http:\/\/www.visit-ulcinj.com\/blog\/wp-content\/uploads\/2013\/07\/pjescana-velika-plaza-ulcinj.2.jpg\"><img loading=\"lazy\" class=\"alignleft  wp-image-73513\" alt=\"pjescana velika plaza ulcinj.2\" src=\"http:\/\/www.visit-ulcinj.com\/blog\/wp-content\/uploads\/2013\/07\/pjescana-velika-plaza-ulcinj.2.jpg\" width=\"508\" height=\"360\" \/><\/a><br \/>\nSemir \u0160krijelj porijeklom iz Crne Gore, a koji \u017eivi u Njema\u010dkoj, kao i mnogi turisti zaljubljen je u ulcinjsku obalu.<\/p>\n<p>&#8220;Ja na obali obavljam namaz, i nikome ko ne obavlja namaze ne smeta takva pojava, jer znaju da je u Ulcinju tako, ima prostora za sve&#8221;, ka\u017ee \u0160krijelj u izjavi za agenciju Anadolija.<\/p>\n<p>Na udaljenosti od nekoliko kilometara od ovakvih mje\u0161ovitih pla\u017ea, u produ\u017eetku Velike pla\u017ee, nalazi se i prostor za nudisti\u010dko kupali\u0161te. Ovaj prostor smje\u0161ten je na Adi Bojani, koju sa dvije strane zapljuskuje rijeka Bojana sa tre\u0107e more te tako istovremeno nudi kupanje i u slanoj i u slatkoj vodi.<br \/>\n<a href=\"http:\/\/www.visit-ulcinj.com\/blog\/wp-content\/uploads\/2013\/07\/pjescana-velika-plaza-ulcinj.3.jpg\"><img loading=\"lazy\" class=\"alignleft  wp-image-73514\" alt=\"pjescana velika plaza ulcinj.3\" src=\"http:\/\/www.visit-ulcinj.com\/blog\/wp-content\/uploads\/2013\/07\/pjescana-velika-plaza-ulcinj.3.jpg\" width=\"508\" height=\"360\" \/><\/a><br \/>\nNa ostrvu Ada Bojana, koje dijeli Crnu Goru od Albanije, pla\u017ea je rezervisana isklju\u010divo za nudiste jo\u0161 od 1973. godine Ova nudisti\u010dka pla\u017ea ucrtana je i u turisti\u010dke karte svijeta.<\/p>\n<p>Interesantna je tako\u0111er i \u017denska pla\u017ea u Ulcinju, koju odlikuje sumprona ljekovita voda, a posje\u0107uje je veliki broj \u017eena iz zemlje i inozemstva. Pla\u017ea je tako\u0111e striktno nudisti\u010dka, za \u017eene.<\/p>\n<p>Zbog svih ovih karakteristika, Ulcinj je mjesto za sve, ka\u017eu sagovornici agencije Anadolija.<\/p>\n<p><strong>Izvor: Anadolija<\/strong><\/p>\n<p><iframe loading=\"lazy\" frameborder=\"0\" width=\"508\" height=\"286\" src=\"http:\/\/www.dailymotion.com\/embed\/video\/x6qwsl?autoPlay=1\"><\/iframe><\/p>\n","protected":false},"excerpt":{"rendered":"<p>Kada su pla\u017ee u pitanju, Ulcinj je i van granica Crne Gore, pa \u010dak i u svijetu prepoznatljiv po karakteristi\u010dnim veoma dugim pla\u017eama sa jedinstvenim sitnim pijeskom. Ulcinjska Velika pla\u017ea duga\u010dka je 12 kilometara, a jedinstvena je i po na\u010dinu na koji je iskori\u0161ten prostor za pla\u017eu, prenosi dopisnik agencije Anadolija. Na udaljenosti od samo [&hellip;]<\/p>\n","protected":false},"author":1,"featured_media":0,"comment_status":"closed","ping_status":"closed","sticky":false,"template":"","format":"standard","meta":{"spay_email":"","jetpack_publicize_message":"","jetpack_is_tweetstorm":false,"jetpack_publicize_feature_enabled":true},"categories":[8337],"tags":[],"jetpack_publicize_connections":[],"yoast_head":"<!-- This site is optimized with the Yoast SEO plugin v19.1 - https:\/\/yoast.com\/wordpress\/plugins\/seo\/ -->\n<title>Ulcinj - pje\u0161\u010dani raj za porodice, pokrivene \u017eene, ali i za nudiste - Lajme nga Ulqini<\/title>\n<meta name=\"description\" content=\"Kada su pla\u017ee u pitanju, Ulcinj je i van granica Crne Gore, pa \u010dak i u svijetu prepoznatljiv po karakteristi\u010dnim veoma dugim pla\u017eama sa jedinstvenim\" \/>\n<meta name=\"robots\" content=\"index, follow, max-snippet:-1, max-image-preview:large, max-video-preview:-1\" \/>\n<link rel=\"canonical\" href=\"https:\/\/www.visit-ulcinj.com\/blog\/2013\/07\/20\/ulcinj-pjescani-raj-za-porodice-pokrivene-zene-ali-i-za-nudiste\/\" \/>\n<meta property=\"og:locale\" content=\"en_US\" \/>\n<meta property=\"og:type\" content=\"article\" \/>\n<meta property=\"og:title\" content=\"Ulcinj - pje\u0161\u010dani raj za porodice, pokrivene \u017eene, ali i za nudiste - Lajme nga Ulqini\" \/>\n<meta property=\"og:description\" content=\"Kada su pla\u017ee u pitanju, Ulcinj je i van granica Crne Gore, pa \u010dak i u svijetu prepoznatljiv po karakteristi\u010dnim veoma dugim pla\u017eama sa jedinstvenim\" \/>\n<meta property=\"og:url\" content=\"https:\/\/www.visit-ulcinj.com\/blog\/2013\/07\/20\/ulcinj-pjescani-raj-za-porodice-pokrivene-zene-ali-i-za-nudiste\/\" \/>\n<meta property=\"og:site_name\" content=\"Lajme nga Ulqini\" \/>\n<meta property=\"article:published_time\" content=\"2013-07-20T18:21:12+00:00\" \/>\n<meta property=\"article:modified_time\" content=\"2013-07-20T18:22:43+00:00\" \/>\n<meta property=\"og:image\" content=\"http:\/\/www.visit-ulcinj.com\/blog\/wp-content\/uploads\/2013\/07\/pjescana-velika-plaza-ulcinj.1.jpg\" \/>\n<meta name=\"twitter:label1\" content=\"Written by\" \/>\n\t<meta name=\"twitter:data1\" content=\"ulqini\" \/>\n\t<meta name=\"twitter:label2\" content=\"Est. reading time\" \/>\n\t<meta name=\"twitter:data2\" content=\"2 minutes\" \/>\n<script type=\"application\/ld+json\" class=\"yoast-schema-graph\">{\"@context\":\"https:\/\/schema.org\",\"@graph\":[{\"@type\":\"WebSite\",\"@id\":\"https:\/\/www.visit-ulcinj.com\/blog\/#website\",\"url\":\"https:\/\/www.visit-ulcinj.com\/blog\/\",\"name\":\"Lajme nga Ulqini\",\"description\":\"Lajme,Vijesti,Ulqini,Ulqin,Crna Gora,Mali i Zi\",\"potentialAction\":[{\"@type\":\"SearchAction\",\"target\":{\"@type\":\"EntryPoint\",\"urlTemplate\":\"https:\/\/www.visit-ulcinj.com\/blog\/?s={search_term_string}\"},\"query-input\":\"required name=search_term_string\"}],\"inLanguage\":\"en-US\"},{\"@type\":\"ImageObject\",\"inLanguage\":\"en-US\",\"@id\":\"https:\/\/www.visit-ulcinj.com\/blog\/2013\/07\/20\/ulcinj-pjescani-raj-za-porodice-pokrivene-zene-ali-i-za-nudiste\/#primaryimage\",\"url\":\"https:\/\/www.visit-ulcinj.com\/blog\/wp-content\/uploads\/2013\/07\/pjescana-velika-plaza-ulcinj.1.jpg\",\"contentUrl\":\"https:\/\/www.visit-ulcinj.com\/blog\/wp-content\/uploads\/2013\/07\/pjescana-velika-plaza-ulcinj.1.jpg\",\"width\":632,\"height\":422},{\"@type\":\"WebPage\",\"@id\":\"https:\/\/www.visit-ulcinj.com\/blog\/2013\/07\/20\/ulcinj-pjescani-raj-za-porodice-pokrivene-zene-ali-i-za-nudiste\/#webpage\",\"url\":\"https:\/\/www.visit-ulcinj.com\/blog\/2013\/07\/20\/ulcinj-pjescani-raj-za-porodice-pokrivene-zene-ali-i-za-nudiste\/\",\"name\":\"Ulcinj - pje\u0161\u010dani raj za porodice, pokrivene \u017eene, ali i za nudiste - Lajme nga Ulqini\",\"isPartOf\":{\"@id\":\"https:\/\/www.visit-ulcinj.com\/blog\/#website\"},\"primaryImageOfPage\":{\"@id\":\"https:\/\/www.visit-ulcinj.com\/blog\/2013\/07\/20\/ulcinj-pjescani-raj-za-porodice-pokrivene-zene-ali-i-za-nudiste\/#primaryimage\"},\"datePublished\":\"2013-07-20T18:21:12+00:00\",\"dateModified\":\"2013-07-20T18:22:43+00:00\",\"author\":{\"@id\":\"https:\/\/www.visit-ulcinj.com\/blog\/#\/schema\/person\/dcab619c614d3038751c63bc2aadc06d\"},\"description\":\"Kada su pla\u017ee u pitanju, Ulcinj je i van granica Crne Gore, pa \u010dak i u svijetu prepoznatljiv po karakteristi\u010dnim veoma dugim pla\u017eama sa jedinstvenim\",\"breadcrumb\":{\"@id\":\"https:\/\/www.visit-ulcinj.com\/blog\/2013\/07\/20\/ulcinj-pjescani-raj-za-porodice-pokrivene-zene-ali-i-za-nudiste\/#breadcrumb\"},\"inLanguage\":\"en-US\",\"potentialAction\":[{\"@type\":\"ReadAction\",\"target\":[\"https:\/\/www.visit-ulcinj.com\/blog\/2013\/07\/20\/ulcinj-pjescani-raj-za-porodice-pokrivene-zene-ali-i-za-nudiste\/\"]}]},{\"@type\":\"BreadcrumbList\",\"@id\":\"https:\/\/www.visit-ulcinj.com\/blog\/2013\/07\/20\/ulcinj-pjescani-raj-za-porodice-pokrivene-zene-ali-i-za-nudiste\/#breadcrumb\",\"itemListElement\":[{\"@type\":\"ListItem\",\"position\":1,\"name\":\"Ulcinj &#8211; pje\u0161\u010dani raj za porodice, pokrivene \u017eene, ali i za nudiste\"}]},{\"@type\":\"Person\",\"@id\":\"https:\/\/www.visit-ulcinj.com\/blog\/#\/schema\/person\/dcab619c614d3038751c63bc2aadc06d\",\"name\":\"ulqini\",\"sameAs\":[\"http:\/\/www.visit-ulcinj.com\"],\"url\":\"https:\/\/www.visit-ulcinj.com\/blog\/author\/admin\/\"}]}<\/script>\n<!-- \/ Yoast SEO plugin. -->","yoast_head_json":{"title":"Ulcinj - pje\u0161\u010dani raj za porodice, pokrivene \u017eene, ali i za nudiste - Lajme nga Ulqini","description":"Kada su pla\u017ee u pitanju, Ulcinj je i van granica Crne Gore, pa \u010dak i u svijetu prepoznatljiv po karakteristi\u010dnim veoma dugim pla\u017eama sa jedinstvenim","robots":{"index":"index","follow":"follow","max-snippet":"max-snippet:-1","max-image-preview":"max-image-preview:large","max-video-preview":"max-video-preview:-1"},"canonical":"https:\/\/www.visit-ulcinj.com\/blog\/2013\/07\/20\/ulcinj-pjescani-raj-za-porodice-pokrivene-zene-ali-i-za-nudiste\/","og_locale":"en_US","og_type":"article","og_title":"Ulcinj - pje\u0161\u010dani raj za porodice, pokrivene \u017eene, ali i za nudiste - Lajme nga Ulqini","og_description":"Kada su pla\u017ee u pitanju, Ulcinj je i van granica Crne Gore, pa \u010dak i u svijetu prepoznatljiv po karakteristi\u010dnim veoma dugim pla\u017eama sa jedinstvenim","og_url":"https:\/\/www.visit-ulcinj.com\/blog\/2013\/07\/20\/ulcinj-pjescani-raj-za-porodice-pokrivene-zene-ali-i-za-nudiste\/","og_site_name":"Lajme nga Ulqini","article_published_time":"2013-07-20T18:21:12+00:00","article_modified_time":"2013-07-20T18:22:43+00:00","og_image":[{"url":"http:\/\/www.visit-ulcinj.com\/blog\/wp-content\/uploads\/2013\/07\/pjescana-velika-plaza-ulcinj.1.jpg"}],"twitter_misc":{"Written by":"ulqini","Est. reading time":"2 minutes"},"schema":{"@context":"https:\/\/schema.org","@graph":[{"@type":"WebSite","@id":"https:\/\/www.visit-ulcinj.com\/blog\/#website","url":"https:\/\/www.visit-ulcinj.com\/blog\/","name":"Lajme nga Ulqini","description":"Lajme,Vijesti,Ulqini,Ulqin,Crna Gora,Mali i Zi","potentialAction":[{"@type":"SearchAction","target":{"@type":"EntryPoint","urlTemplate":"https:\/\/www.visit-ulcinj.com\/blog\/?s={search_term_string}"},"query-input":"required name=search_term_string"}],"inLanguage":"en-US"},{"@type":"ImageObject","inLanguage":"en-US","@id":"https:\/\/www.visit-ulcinj.com\/blog\/2013\/07\/20\/ulcinj-pjescani-raj-za-porodice-pokrivene-zene-ali-i-za-nudiste\/#primaryimage","url":"https:\/\/www.visit-ulcinj.com\/blog\/wp-content\/uploads\/2013\/07\/pjescana-velika-plaza-ulcinj.1.jpg","contentUrl":"https:\/\/www.visit-ulcinj.com\/blog\/wp-content\/uploads\/2013\/07\/pjescana-velika-plaza-ulcinj.1.jpg","width":632,"height":422},{"@type":"WebPage","@id":"https:\/\/www.visit-ulcinj.com\/blog\/2013\/07\/20\/ulcinj-pjescani-raj-za-porodice-pokrivene-zene-ali-i-za-nudiste\/#webpage","url":"https:\/\/www.visit-ulcinj.com\/blog\/2013\/07\/20\/ulcinj-pjescani-raj-za-porodice-pokrivene-zene-ali-i-za-nudiste\/","name":"Ulcinj - pje\u0161\u010dani raj za porodice, pokrivene \u017eene, ali i za nudiste - Lajme nga Ulqini","isPartOf":{"@id":"https:\/\/www.visit-ulcinj.com\/blog\/#website"},"primaryImageOfPage":{"@id":"https:\/\/www.visit-ulcinj.com\/blog\/2013\/07\/20\/ulcinj-pjescani-raj-za-porodice-pokrivene-zene-ali-i-za-nudiste\/#primaryimage"},"datePublished":"2013-07-20T18:21:12+00:00","dateModified":"2013-07-20T18:22:43+00:00","author":{"@id":"https:\/\/www.visit-ulcinj.com\/blog\/#\/schema\/person\/dcab619c614d3038751c63bc2aadc06d"},"description":"Kada su pla\u017ee u pitanju, Ulcinj je i van granica Crne Gore, pa \u010dak i u svijetu prepoznatljiv po karakteristi\u010dnim veoma dugim pla\u017eama sa jedinstvenim","breadcrumb":{"@id":"https:\/\/www.visit-ulcinj.com\/blog\/2013\/07\/20\/ulcinj-pjescani-raj-za-porodice-pokrivene-zene-ali-i-za-nudiste\/#breadcrumb"},"inLanguage":"en-US","potentialAction":[{"@type":"ReadAction","target":["https:\/\/www.visit-ulcinj.com\/blog\/2013\/07\/20\/ulcinj-pjescani-raj-za-porodice-pokrivene-zene-ali-i-za-nudiste\/"]}]},{"@type":"BreadcrumbList","@id":"https:\/\/www.visit-ulcinj.com\/blog\/2013\/07\/20\/ulcinj-pjescani-raj-za-porodice-pokrivene-zene-ali-i-za-nudiste\/#breadcrumb","itemListElement":[{"@type":"ListItem","position":1,"name":"Ulcinj &#8211; pje\u0161\u010dani raj za porodice, pokrivene \u017eene, ali i za nudiste"}]},{"@type":"Person","@id":"https:\/\/www.visit-ulcinj.com\/blog\/#\/schema\/person\/dcab619c614d3038751c63bc2aadc06d","name":"ulqini","sameAs":["http:\/\/www.visit-ulcinj.com"],"url":"https:\/\/www.visit-ulcinj.com\/blog\/author\/admin\/"}]}},"jetpack_featured_media_url":"","jetpack_sharing_enabled":true,"jetpack_shortlink":"https:\/\/wp.me\/pe6lTn-j7E","_links":{"self":[{"href":"https:\/\/www.visit-ulcinj.com\/blog\/wp-json\/wp\/v2\/posts\/73510"}],"collection":[{"href":"https:\/\/www.visit-ulcinj.com\/blog\/wp-json\/wp\/v2\/posts"}],"about":[{"href":"https:\/\/www.visit-ulcinj.com\/blog\/wp-json\/wp\/v2\/types\/post"}],"author":[{"embeddable":true,"href":"https:\/\/www.visit-ulcinj.com\/blog\/wp-json\/wp\/v2\/users\/1"}],"replies":[{"embeddable":true,"href":"https:\/\/www.visit-ulcinj.com\/blog\/wp-json\/wp\/v2\/comments?post=73510"}],"version-history":[{"count":5,"href":"https:\/\/www.visit-ulcinj.com\/blog\/wp-json\/wp\/v2\/posts\/73510\/revisions"}],"predecessor-version":[{"id":73519,"href":"https:\/\/www.visit-ulcinj.com\/blog\/wp-json\/wp\/v2\/posts\/73510\/revisions\/73519"}],"wp:attachment":[{"href":"https:\/\/www.visit-ulcinj.com\/blog\/wp-json\/wp\/v2\/media?parent=73510"}],"wp:term":[{"taxonomy":"category","embeddable":true,"href":"https:\/\/www.visit-ulcinj.com\/blog\/wp-json\/wp\/v2\/categories?post=73510"},{"taxonomy":"post_tag","embeddable":true,"href":"https:\/\/www.visit-ulcinj.com\/blog\/wp-json\/wp\/v2\/tags?post=73510"}],"curies":[{"name":"wp","href":"https:\/\/api.w.org\/{rel}","templated":true}]}}