{"id":73520,"date":"2013-07-21T07:47:13","date_gmt":"2013-07-21T06:47:13","guid":{"rendered":"http:\/\/www.visit-ulcinj.com\/blog\/?p=73520"},"modified":"2013-07-22T17:07:29","modified_gmt":"2013-07-22T16:07:29","slug":"interviste-me-nazif-cungun-emisioni-flladi-2013-video","status":"publish","type":"post","link":"https:\/\/www.visit-ulcinj.com\/blog\/2013\/07\/21\/interviste-me-nazif-cungun-emisioni-flladi-2013-video\/","title":{"rendered":"Interviste me Nazif Cungun \u2013 Emisioni Flladi 2013 \u2013 Video"},"content":{"rendered":"<p><a href=\"http:\/\/www.visit-ulcinj.com\/blog\/wp-content\/uploads\/2013\/07\/interviste-nazif-cungu.jpg\"><img loading=\"lazy\" class=\"alignleft  wp-image-73521\" alt=\"interviste-nazif-cungu\" src=\"http:\/\/www.visit-ulcinj.com\/blog\/wp-content\/uploads\/2013\/07\/interviste-nazif-cungu.jpg\" width=\"508\" height=\"360\" \/><\/a>Ulqini tashm\u00eb i ka b\u00ebr\u00eb p\u00ebrgatitjet, t\u00eb nj\u00eb niveli t\u00eb lart\u00eb, si asnj\u00ebher\u00eb m\u00eb par\u00eb, p\u00ebr t\u2019i pritur turist\u00ebt kosovar. Jan\u00eb b\u00ebr\u00eb investime t\u00eb shumta dhe se plazhi i Ulqinit k\u00ebt\u00eb ver\u00eb, ofron shum\u00eb risi p\u00ebr gjith\u00eb ata q\u00eb zgjedhin Ulqinin, p\u00ebr t\u2019i kaluar pushimet. K\u00ebshtu than\u00eb p\u00ebrfaq\u00ebsues t\u00eb komun\u00ebs s\u00eb Ulqinit, n\u00eb nj\u00eb konferenc\u00eb p\u00ebr media t\u00eb mbajtur n\u00eb Prishtin\u00eb, ku shpalos\u00ebn p\u00ebrgatitjet dhe ofertat e tyre, p\u00ebr turist\u00ebt kosovar p\u00ebr sezonin turistik 2013-t\u00eb.<\/p>\n<p>Kryetari i Komun\u00ebs s\u00eb Ulqinit, Nazif Cungu tha se interesimi p\u00ebr turizmin e Ulqinit, \u00ebsht\u00eb vazhdimisht n\u00eb rritje. Sipas tij, kosovar\u00ebt vazhdojn\u00eb t\u00eb mbeten pushuesit m\u00eb besnik t\u00eb plazhit t\u00eb Ulqinit.<\/p>\n<p>Cungu po ashtu foli dhe p\u00ebr investimet e shumta q\u00eb jan\u00eb b\u00ebr\u00eb n\u00eb infrastruktur\u00eb, p\u00ebr ta b\u00ebr\u00eb k\u00ebt\u00eb vend sa m\u00eb josh\u00ebs p\u00ebr turist\u00ebt.<\/p>\n<p>\u201cMund t\u00eb iu them se p\u00ebrgatitjet p\u00ebr sezonin turistik p\u00ebr vitin 2013, jan\u00eb n\u00eb nivelin m\u00eb t\u00eb lart\u00eb si asnj\u00ebher\u00eb m\u00eb par\u00eb. Normalisht kemi pasur v\u00ebrejtje t\u00eb shumta, p\u00ebr shkak t\u00eb investimeve t\u00eb mang\u00ebta n\u00eb nivel t\u00eb komun\u00ebs s\u00eb Ulqinit dhe ndoshta nuk kemi mundur t\u00eb p\u00ebrcjellim hapin e k\u00ebrkesave n\u00eb turiz\u00ebm. Dua t\u00eb iu siguroi q\u00eb gjat\u00eb vitit t\u00eb kaluar kemi p\u00ebrfunduar disa investime t\u00eb r\u00ebnd\u00ebsishme n\u00eb k\u00ebt\u00eb komun\u00eb, q\u00eb jan\u00eb n\u00eb sh\u00ebrbim t\u00eb turizmit. Komuna e Ulqinit, nuk ka m\u00eb probleme me uj\u00eb t\u00eb pijsh\u00ebm\u201d, tha ai.<\/p>\n<p>\u201cUlqini me plazhet e veta shum\u00eb t\u00eb bukura, apartamentet e kategorive t\u00eb larta, jemi treg shum\u00eb interesant p\u00ebr turist\u00ebt kosovar. N\u00eb krahasim me vitet e kaluara tek ne ka shum\u00eb risi\u201c, tha ai.<\/p>\n<p>\u201cUlqini mbetet vend i preferuar i kosovar\u00ebve. Por nj\u00ebkoh\u00ebsisht mbetet edhe vendi, ku gjithmon\u00eb po investohet n\u00eb infrastruktur\u00eb, p\u00ebr pritjen e pushuesve nga Kosova. Na g\u00ebzon fakti se k\u00ebto investime t\u00eb paraqitura nga kryetari jan\u00eb m\u00ebse t\u00eb v\u00ebrteta dhe se do t\u00eb ndihmojn\u00eb dhe relaksojn\u00eb udh\u00ebtimin dhe pushimin ton\u00eb, gjat\u00eb asaj kohe q\u00eb do t\u00eb jemi n\u00eb Ulqin.<\/p>\n<p>P\u00ebrfaq\u00ebsues t\u00eb Komun\u00ebs dhe p\u00ebrfaq\u00ebsues t\u00eb Hoteleve t\u00eb ndryshme n\u00eb Ulqin, kan\u00eb b\u00ebr\u00eb prezantimin e ofertave t\u00eb tyre, par pushuesve kosovar\u00eb, duke pohuar se Ulqini k\u00ebt\u00eb sezon ofron sh\u00ebrbime m\u00eb t\u00eb mira se viteve t\u00eb kaluara, si pasoj\u00eb e investimeve t\u00eb shumta q\u00eb jan\u00eb b\u00ebr\u00eb n\u00eb infrastruktur\u00eb, e t\u00eb cilat do t\u00eb mund\u00ebsojn\u00eb nj\u00eb pushim sa m\u00eb t\u00eb rehatsh\u00ebm p\u00ebr pushuesit q\u00eb zgjedhin Ulqinin p\u00ebr t\u2019i kaluar dit\u00ebt e nxehta t\u00eb k\u00ebsaj vere.<strong>\/ Kosovapress\/<\/strong><br \/>\n<iframe loading=\"lazy\" src=\"\/\/www.youtube.com\/embed\/kis0m1rcvVQ\" height=\"360\" width=\"508\" allowfullscreen=\"\" frameborder=\"0\"><\/iframe><\/p>\n","protected":false},"excerpt":{"rendered":"<p>Ulqini tashm\u00eb i ka b\u00ebr\u00eb p\u00ebrgatitjet, t\u00eb nj\u00eb niveli t\u00eb lart\u00eb, si asnj\u00ebher\u00eb m\u00eb par\u00eb, p\u00ebr t\u2019i pritur turist\u00ebt kosovar. Jan\u00eb b\u00ebr\u00eb investime t\u00eb shumta dhe se plazhi i Ulqinit k\u00ebt\u00eb ver\u00eb, ofron shum\u00eb risi p\u00ebr gjith\u00eb ata q\u00eb zgjedhin Ulqinin, p\u00ebr t\u2019i kaluar pushimet. K\u00ebshtu than\u00eb p\u00ebrfaq\u00ebsues t\u00eb komun\u00ebs s\u00eb Ulqinit, n\u00eb nj\u00eb konferenc\u00eb [&hellip;]<\/p>\n","protected":false},"author":1,"featured_media":0,"comment_status":"closed","ping_status":"closed","sticky":false,"template":"","format":"standard","meta":{"spay_email":"","jetpack_publicize_message":"","jetpack_is_tweetstorm":false,"jetpack_publicize_feature_enabled":true},"categories":[5,1],"tags":[],"jetpack_publicize_connections":[],"yoast_head":"<!-- This site is optimized with the Yoast SEO plugin v19.1 - https:\/\/yoast.com\/wordpress\/plugins\/seo\/ -->\n<title>Interviste me Nazif Cungun \u2013 Emisioni Flladi 2013 \u2013 Video - Lajme nga Ulqini<\/title>\n<meta name=\"description\" content=\"Ulqini tashm\u00eb i ka b\u00ebr\u00eb p\u00ebrgatitjet, t\u00eb nj\u00eb niveli t\u00eb lart\u00eb, si asnj\u00ebher\u00eb m\u00eb par\u00eb, p\u00ebr t\u2019i pritur turist\u00ebt kosovar. Jan\u00eb b\u00ebr\u00eb investime t\u00eb shumta dhe se\" \/>\n<meta name=\"robots\" content=\"index, follow, max-snippet:-1, max-image-preview:large, max-video-preview:-1\" \/>\n<link rel=\"canonical\" href=\"https:\/\/www.visit-ulcinj.com\/blog\/2013\/07\/21\/interviste-me-nazif-cungun-emisioni-flladi-2013-video\/\" \/>\n<meta property=\"og:locale\" content=\"en_US\" \/>\n<meta property=\"og:type\" content=\"article\" \/>\n<meta property=\"og:title\" content=\"Interviste me Nazif Cungun \u2013 Emisioni Flladi 2013 \u2013 Video - Lajme nga Ulqini\" \/>\n<meta property=\"og:description\" content=\"Ulqini tashm\u00eb i ka b\u00ebr\u00eb p\u00ebrgatitjet, t\u00eb nj\u00eb niveli t\u00eb lart\u00eb, si asnj\u00ebher\u00eb m\u00eb par\u00eb, p\u00ebr t\u2019i pritur turist\u00ebt kosovar. Jan\u00eb b\u00ebr\u00eb investime t\u00eb shumta dhe se\" \/>\n<meta property=\"og:url\" content=\"https:\/\/www.visit-ulcinj.com\/blog\/2013\/07\/21\/interviste-me-nazif-cungun-emisioni-flladi-2013-video\/\" \/>\n<meta property=\"og:site_name\" content=\"Lajme nga Ulqini\" \/>\n<meta property=\"article:published_time\" content=\"2013-07-21T06:47:13+00:00\" \/>\n<meta property=\"article:modified_time\" content=\"2013-07-22T16:07:29+00:00\" \/>\n<meta property=\"og:image\" content=\"http:\/\/www.visit-ulcinj.com\/blog\/wp-content\/uploads\/2013\/07\/interviste-nazif-cungu.jpg\" \/>\n<meta name=\"twitter:label1\" content=\"Written by\" \/>\n\t<meta name=\"twitter:data1\" content=\"ulqini\" \/>\n\t<meta name=\"twitter:label2\" content=\"Est. reading time\" \/>\n\t<meta name=\"twitter:data2\" content=\"2 minutes\" \/>\n<script type=\"application\/ld+json\" class=\"yoast-schema-graph\">{\"@context\":\"https:\/\/schema.org\",\"@graph\":[{\"@type\":\"WebSite\",\"@id\":\"https:\/\/www.visit-ulcinj.com\/blog\/#website\",\"url\":\"https:\/\/www.visit-ulcinj.com\/blog\/\",\"name\":\"Lajme nga Ulqini\",\"description\":\"Lajme,Vijesti,Ulqini,Ulqin,Crna Gora,Mali i Zi\",\"potentialAction\":[{\"@type\":\"SearchAction\",\"target\":{\"@type\":\"EntryPoint\",\"urlTemplate\":\"https:\/\/www.visit-ulcinj.com\/blog\/?s={search_term_string}\"},\"query-input\":\"required name=search_term_string\"}],\"inLanguage\":\"en-US\"},{\"@type\":\"ImageObject\",\"inLanguage\":\"en-US\",\"@id\":\"https:\/\/www.visit-ulcinj.com\/blog\/2013\/07\/21\/interviste-me-nazif-cungun-emisioni-flladi-2013-video\/#primaryimage\",\"url\":\"https:\/\/www.visit-ulcinj.com\/blog\/wp-content\/uploads\/2013\/07\/interviste-nazif-cungu.jpg\",\"contentUrl\":\"https:\/\/www.visit-ulcinj.com\/blog\/wp-content\/uploads\/2013\/07\/interviste-nazif-cungu.jpg\",\"width\":509,\"height\":392},{\"@type\":\"WebPage\",\"@id\":\"https:\/\/www.visit-ulcinj.com\/blog\/2013\/07\/21\/interviste-me-nazif-cungun-emisioni-flladi-2013-video\/#webpage\",\"url\":\"https:\/\/www.visit-ulcinj.com\/blog\/2013\/07\/21\/interviste-me-nazif-cungun-emisioni-flladi-2013-video\/\",\"name\":\"Interviste me Nazif Cungun \u2013 Emisioni Flladi 2013 \u2013 Video - Lajme nga Ulqini\",\"isPartOf\":{\"@id\":\"https:\/\/www.visit-ulcinj.com\/blog\/#website\"},\"primaryImageOfPage\":{\"@id\":\"https:\/\/www.visit-ulcinj.com\/blog\/2013\/07\/21\/interviste-me-nazif-cungun-emisioni-flladi-2013-video\/#primaryimage\"},\"datePublished\":\"2013-07-21T06:47:13+00:00\",\"dateModified\":\"2013-07-22T16:07:29+00:00\",\"author\":{\"@id\":\"https:\/\/www.visit-ulcinj.com\/blog\/#\/schema\/person\/dcab619c614d3038751c63bc2aadc06d\"},\"description\":\"Ulqini tashm\u00eb i ka b\u00ebr\u00eb p\u00ebrgatitjet, t\u00eb nj\u00eb niveli t\u00eb lart\u00eb, si asnj\u00ebher\u00eb m\u00eb par\u00eb, p\u00ebr t\u2019i pritur turist\u00ebt kosovar. Jan\u00eb b\u00ebr\u00eb investime t\u00eb shumta dhe se\",\"breadcrumb\":{\"@id\":\"https:\/\/www.visit-ulcinj.com\/blog\/2013\/07\/21\/interviste-me-nazif-cungun-emisioni-flladi-2013-video\/#breadcrumb\"},\"inLanguage\":\"en-US\",\"potentialAction\":[{\"@type\":\"ReadAction\",\"target\":[\"https:\/\/www.visit-ulcinj.com\/blog\/2013\/07\/21\/interviste-me-nazif-cungun-emisioni-flladi-2013-video\/\"]}]},{\"@type\":\"BreadcrumbList\",\"@id\":\"https:\/\/www.visit-ulcinj.com\/blog\/2013\/07\/21\/interviste-me-nazif-cungun-emisioni-flladi-2013-video\/#breadcrumb\",\"itemListElement\":[{\"@type\":\"ListItem\",\"position\":1,\"name\":\"Interviste me Nazif Cungun \u2013 Emisioni Flladi 2013 \u2013 Video\"}]},{\"@type\":\"Person\",\"@id\":\"https:\/\/www.visit-ulcinj.com\/blog\/#\/schema\/person\/dcab619c614d3038751c63bc2aadc06d\",\"name\":\"ulqini\",\"sameAs\":[\"http:\/\/www.visit-ulcinj.com\"],\"url\":\"https:\/\/www.visit-ulcinj.com\/blog\/author\/admin\/\"}]}<\/script>\n<!-- \/ Yoast SEO plugin. -->","yoast_head_json":{"title":"Interviste me Nazif Cungun \u2013 Emisioni Flladi 2013 \u2013 Video - Lajme nga Ulqini","description":"Ulqini tashm\u00eb i ka b\u00ebr\u00eb p\u00ebrgatitjet, t\u00eb nj\u00eb niveli t\u00eb lart\u00eb, si asnj\u00ebher\u00eb m\u00eb par\u00eb, p\u00ebr t\u2019i pritur turist\u00ebt kosovar. Jan\u00eb b\u00ebr\u00eb investime t\u00eb shumta dhe se","robots":{"index":"index","follow":"follow","max-snippet":"max-snippet:-1","max-image-preview":"max-image-preview:large","max-video-preview":"max-video-preview:-1"},"canonical":"https:\/\/www.visit-ulcinj.com\/blog\/2013\/07\/21\/interviste-me-nazif-cungun-emisioni-flladi-2013-video\/","og_locale":"en_US","og_type":"article","og_title":"Interviste me Nazif Cungun \u2013 Emisioni Flladi 2013 \u2013 Video - Lajme nga Ulqini","og_description":"Ulqini tashm\u00eb i ka b\u00ebr\u00eb p\u00ebrgatitjet, t\u00eb nj\u00eb niveli t\u00eb lart\u00eb, si asnj\u00ebher\u00eb m\u00eb par\u00eb, p\u00ebr t\u2019i pritur turist\u00ebt kosovar. Jan\u00eb b\u00ebr\u00eb investime t\u00eb shumta dhe se","og_url":"https:\/\/www.visit-ulcinj.com\/blog\/2013\/07\/21\/interviste-me-nazif-cungun-emisioni-flladi-2013-video\/","og_site_name":"Lajme nga Ulqini","article_published_time":"2013-07-21T06:47:13+00:00","article_modified_time":"2013-07-22T16:07:29+00:00","og_image":[{"url":"http:\/\/www.visit-ulcinj.com\/blog\/wp-content\/uploads\/2013\/07\/interviste-nazif-cungu.jpg"}],"twitter_misc":{"Written by":"ulqini","Est. reading time":"2 minutes"},"schema":{"@context":"https:\/\/schema.org","@graph":[{"@type":"WebSite","@id":"https:\/\/www.visit-ulcinj.com\/blog\/#website","url":"https:\/\/www.visit-ulcinj.com\/blog\/","name":"Lajme nga Ulqini","description":"Lajme,Vijesti,Ulqini,Ulqin,Crna Gora,Mali i Zi","potentialAction":[{"@type":"SearchAction","target":{"@type":"EntryPoint","urlTemplate":"https:\/\/www.visit-ulcinj.com\/blog\/?s={search_term_string}"},"query-input":"required name=search_term_string"}],"inLanguage":"en-US"},{"@type":"ImageObject","inLanguage":"en-US","@id":"https:\/\/www.visit-ulcinj.com\/blog\/2013\/07\/21\/interviste-me-nazif-cungun-emisioni-flladi-2013-video\/#primaryimage","url":"https:\/\/www.visit-ulcinj.com\/blog\/wp-content\/uploads\/2013\/07\/interviste-nazif-cungu.jpg","contentUrl":"https:\/\/www.visit-ulcinj.com\/blog\/wp-content\/uploads\/2013\/07\/interviste-nazif-cungu.jpg","width":509,"height":392},{"@type":"WebPage","@id":"https:\/\/www.visit-ulcinj.com\/blog\/2013\/07\/21\/interviste-me-nazif-cungun-emisioni-flladi-2013-video\/#webpage","url":"https:\/\/www.visit-ulcinj.com\/blog\/2013\/07\/21\/interviste-me-nazif-cungun-emisioni-flladi-2013-video\/","name":"Interviste me Nazif Cungun \u2013 Emisioni Flladi 2013 \u2013 Video - Lajme nga Ulqini","isPartOf":{"@id":"https:\/\/www.visit-ulcinj.com\/blog\/#website"},"primaryImageOfPage":{"@id":"https:\/\/www.visit-ulcinj.com\/blog\/2013\/07\/21\/interviste-me-nazif-cungun-emisioni-flladi-2013-video\/#primaryimage"},"datePublished":"2013-07-21T06:47:13+00:00","dateModified":"2013-07-22T16:07:29+00:00","author":{"@id":"https:\/\/www.visit-ulcinj.com\/blog\/#\/schema\/person\/dcab619c614d3038751c63bc2aadc06d"},"description":"Ulqini tashm\u00eb i ka b\u00ebr\u00eb p\u00ebrgatitjet, t\u00eb nj\u00eb niveli t\u00eb lart\u00eb, si asnj\u00ebher\u00eb m\u00eb par\u00eb, p\u00ebr t\u2019i pritur turist\u00ebt kosovar. Jan\u00eb b\u00ebr\u00eb investime t\u00eb shumta dhe se","breadcrumb":{"@id":"https:\/\/www.visit-ulcinj.com\/blog\/2013\/07\/21\/interviste-me-nazif-cungun-emisioni-flladi-2013-video\/#breadcrumb"},"inLanguage":"en-US","potentialAction":[{"@type":"ReadAction","target":["https:\/\/www.visit-ulcinj.com\/blog\/2013\/07\/21\/interviste-me-nazif-cungun-emisioni-flladi-2013-video\/"]}]},{"@type":"BreadcrumbList","@id":"https:\/\/www.visit-ulcinj.com\/blog\/2013\/07\/21\/interviste-me-nazif-cungun-emisioni-flladi-2013-video\/#breadcrumb","itemListElement":[{"@type":"ListItem","position":1,"name":"Interviste me Nazif Cungun \u2013 Emisioni Flladi 2013 \u2013 Video"}]},{"@type":"Person","@id":"https:\/\/www.visit-ulcinj.com\/blog\/#\/schema\/person\/dcab619c614d3038751c63bc2aadc06d","name":"ulqini","sameAs":["http:\/\/www.visit-ulcinj.com"],"url":"https:\/\/www.visit-ulcinj.com\/blog\/author\/admin\/"}]}},"jetpack_featured_media_url":"","jetpack_sharing_enabled":true,"jetpack_shortlink":"https:\/\/wp.me\/pe6lTn-j7O","_links":{"self":[{"href":"https:\/\/www.visit-ulcinj.com\/blog\/wp-json\/wp\/v2\/posts\/73520"}],"collection":[{"href":"https:\/\/www.visit-ulcinj.com\/blog\/wp-json\/wp\/v2\/posts"}],"about":[{"href":"https:\/\/www.visit-ulcinj.com\/blog\/wp-json\/wp\/v2\/types\/post"}],"author":[{"embeddable":true,"href":"https:\/\/www.visit-ulcinj.com\/blog\/wp-json\/wp\/v2\/users\/1"}],"replies":[{"embeddable":true,"href":"https:\/\/www.visit-ulcinj.com\/blog\/wp-json\/wp\/v2\/comments?post=73520"}],"version-history":[{"count":2,"href":"https:\/\/www.visit-ulcinj.com\/blog\/wp-json\/wp\/v2\/posts\/73520\/revisions"}],"predecessor-version":[{"id":73552,"href":"https:\/\/www.visit-ulcinj.com\/blog\/wp-json\/wp\/v2\/posts\/73520\/revisions\/73552"}],"wp:attachment":[{"href":"https:\/\/www.visit-ulcinj.com\/blog\/wp-json\/wp\/v2\/media?parent=73520"}],"wp:term":[{"taxonomy":"category","embeddable":true,"href":"https:\/\/www.visit-ulcinj.com\/blog\/wp-json\/wp\/v2\/categories?post=73520"},{"taxonomy":"post_tag","embeddable":true,"href":"https:\/\/www.visit-ulcinj.com\/blog\/wp-json\/wp\/v2\/tags?post=73520"}],"curies":[{"name":"wp","href":"https:\/\/api.w.org\/{rel}","templated":true}]}}