{"id":73539,"date":"2013-07-22T07:56:08","date_gmt":"2013-07-22T06:56:08","guid":{"rendered":"http:\/\/www.visit-ulcinj.com\/blog\/?p=73539"},"modified":"2013-07-22T07:57:37","modified_gmt":"2013-07-22T06:57:37","slug":"abazoviq-danaj-me-kujtone-sheshelin","status":"publish","type":"post","link":"https:\/\/www.visit-ulcinj.com\/blog\/2013\/07\/22\/abazoviq-danaj-me-kujtone-sheshelin\/","title":{"rendered":"Abazoviq: Danaj m\u00eb kujton\u00eb Sheshelin"},"content":{"rendered":"<p><a href=\"http:\/\/www.visit-ulcinj.com\/blog\/wp-content\/uploads\/2013\/01\/dritanabazoviq.jpg\"><img loading=\"lazy\" class=\"alignleft  wp-image-68133\" alt=\"dritanabazoviq\" src=\"http:\/\/www.visit-ulcinj.com\/blog\/wp-content\/uploads\/2013\/01\/dritanabazoviq.jpg\" width=\"508\" height=\"360\" \/><\/a>Deputeti i Malit t\u00eb Zi, Dritan Abazoviq, tha se ai nuk e merr serioze deklarat\u00ebn e Ko\u00e7o Danajt, se Mali i Zi duhet t\u00eb l\u00ebshoj\u00eb pjes\u00ebt lindore t\u00eb territorit t\u00eb saj, ku shumica e shqiptar\u00ebve jetojn\u00eb n\u00eb at\u00eb zon\u00eb n\u00eb m\u00ebnyr\u00eb q\u00eb ti takojn\u00eb \u201cShqip\u00ebria natyrale\u201d.<\/p>\n<p>\u201cSot k\u00ebrkojm\u00eb bashkimin e t\u00eb gjith\u00eb shqiptar\u00ebve, pa luft\u00eb,\u201d kishte deklaruar Danaj.<\/p>\n<p>Abazoviq deklarat\u00ebn e Danajt m\u00eb shum\u00eb e sheh si nj\u00eb p\u00ebrpjekje p\u00ebr marketing dhe promovim personal duke shtuar se mesazhe t\u00eb tilla mund t\u00eb ken\u00eb efekte negative te shqiptar\u00ebt n\u00eb rajon.<\/p>\n<p>Si\u00e7 raporton RTMZ, Abazoviq pajtohet se n\u00eb deklarat\u00ebn e Danajt mund t\u00eb gjenden elemente q\u00eb kujtojn\u00eb n\u00eb paraqitjet e radikalit serb Vojisllav Sheshel.<\/p>\n<p>\u201cNacionalizmat e k\u00ebtij lloji asnj\u00ebher\u00eb nuk do t\u00eb vdesin krejt\u00ebsisht, pyetja \u00ebsht\u00eb se sa do t\u00eb margjinalizohen, se sa dikush i tejkalon veprimet e politik\u00ebs s\u00eb moderuar. Mund t\u00eb t\u00ebrhiqen disa paralelizma, por Shqip\u00ebria kurr\u00eb nuk ka patur q\u00ebllime ekspansioniste dhe nuk ka luftuar p\u00ebr territore q\u00eb nuk ishin t\u00eb saja \u201c, p\u00ebrfundoi Abazoviq, transmeton Almakos.<\/p>\n<p>Vojisllav Sheshel \u00ebsht\u00eb akuzuar n\u00eb gjykat\u00ebn nd\u00ebrkomb\u00ebtare p\u00ebr krime lufte ndaj kroat\u00ebve dhe boshnjak\u00ebve.<\/p>\n<p>Nd\u00ebrkoh\u00eb, funksionari i Lidhjes Demokratike, Nikoll\u00eb Camaj, tha q\u00eb k\u00ebtyre ideve nuk duhet t\u2019u kushtohet v\u00ebmendje e ve\u00e7ant\u00eb, por q\u00eb jan\u00eb ide q\u00eb forcohen p\u00ebr shkak t\u00eb sjelljes s\u00eb shteteve t\u00eb regjionit ndaj Shqiptar\u00ebve dhe \u00e7\u00ebshtjes shqiptare.<\/p>\n<p>Funksionari i PDS-s\u00eb Nikoll Gegaj mendon q\u00eb deklaratat e Danajt jan\u00eb anakronike dhe t\u00eb panatyrshme, duke shtuar q\u00eb Mali i Zi nd\u00ebrton marr\u00ebdh\u00ebnie t\u00eb shk\u00eblqyera me shtetet e regjionit, shkruan po i nj\u00ebjti burim.<\/p>\n<p>Analisti Ko\u00e7o Danaj dit\u00eb m\u00eb par\u00eb, p\u00ebr agjensionin gjerman DPA, kishte deklaruar se Mali i Zi duhet l\u00ebshuar pjes\u00ebt ku jetojn\u00eb shqiptar\u00ebt. Ai po ashtu theksoi se, po q\u00eb se nuk bashkohen tokat shqiptare, do t\u00eb ket\u00eb luft\u00eb t\u00eb re n\u00eb Ballkan.\/Almakos\/<\/p>\n","protected":false},"excerpt":{"rendered":"<p>Deputeti i Malit t\u00eb Zi, Dritan Abazoviq, tha se ai nuk e merr serioze deklarat\u00ebn e Ko\u00e7o Danajt, se Mali i Zi duhet t\u00eb l\u00ebshoj\u00eb pjes\u00ebt lindore t\u00eb territorit t\u00eb saj, ku shumica e shqiptar\u00ebve jetojn\u00eb n\u00eb at\u00eb zon\u00eb n\u00eb m\u00ebnyr\u00eb q\u00eb ti takojn\u00eb \u201cShqip\u00ebria natyrale\u201d. \u201cSot k\u00ebrkojm\u00eb bashkimin e t\u00eb gjith\u00eb shqiptar\u00ebve, pa luft\u00eb,\u201d [&hellip;]<\/p>\n","protected":false},"author":1,"featured_media":0,"comment_status":"closed","ping_status":"closed","sticky":false,"template":"","format":"standard","meta":{"spay_email":"","jetpack_publicize_message":"","jetpack_is_tweetstorm":false,"jetpack_publicize_feature_enabled":true},"categories":[14],"tags":[],"jetpack_publicize_connections":[],"yoast_head":"<!-- This site is optimized with the Yoast SEO plugin v19.1 - https:\/\/yoast.com\/wordpress\/plugins\/seo\/ -->\n<title>Abazoviq: Danaj m\u00eb kujton\u00eb Sheshelin - Lajme nga Ulqini<\/title>\n<meta name=\"description\" content=\"Deputeti i Malit t\u00eb Zi, Dritan Abazoviq, tha se ai nuk e merr serioze deklarat\u00ebn e Ko\u00e7o Danajt, se Mali i Zi duhet t\u00eb l\u00ebshoj\u00eb pjes\u00ebt lindore t\u00eb territorit\" \/>\n<meta name=\"robots\" content=\"index, follow, max-snippet:-1, max-image-preview:large, max-video-preview:-1\" \/>\n<link rel=\"canonical\" href=\"https:\/\/www.visit-ulcinj.com\/blog\/2013\/07\/22\/abazoviq-danaj-me-kujtone-sheshelin\/\" \/>\n<meta property=\"og:locale\" content=\"en_US\" \/>\n<meta property=\"og:type\" content=\"article\" \/>\n<meta property=\"og:title\" content=\"Abazoviq: Danaj m\u00eb kujton\u00eb Sheshelin - Lajme nga Ulqini\" \/>\n<meta property=\"og:description\" content=\"Deputeti i Malit t\u00eb Zi, Dritan Abazoviq, tha se ai nuk e merr serioze deklarat\u00ebn e Ko\u00e7o Danajt, se Mali i Zi duhet t\u00eb l\u00ebshoj\u00eb pjes\u00ebt lindore t\u00eb territorit\" \/>\n<meta property=\"og:url\" content=\"https:\/\/www.visit-ulcinj.com\/blog\/2013\/07\/22\/abazoviq-danaj-me-kujtone-sheshelin\/\" \/>\n<meta property=\"og:site_name\" content=\"Lajme nga Ulqini\" \/>\n<meta property=\"article:published_time\" content=\"2013-07-22T06:56:08+00:00\" \/>\n<meta property=\"article:modified_time\" content=\"2013-07-22T06:57:37+00:00\" \/>\n<meta property=\"og:image\" content=\"http:\/\/www.visit-ulcinj.com\/blog\/wp-content\/uploads\/2013\/01\/dritanabazoviq.jpg\" \/>\n<meta name=\"twitter:label1\" content=\"Written by\" \/>\n\t<meta name=\"twitter:data1\" content=\"ulqini\" \/>\n\t<meta name=\"twitter:label2\" content=\"Est. reading time\" \/>\n\t<meta name=\"twitter:data2\" content=\"2 minutes\" \/>\n<script type=\"application\/ld+json\" class=\"yoast-schema-graph\">{\"@context\":\"https:\/\/schema.org\",\"@graph\":[{\"@type\":\"WebSite\",\"@id\":\"https:\/\/www.visit-ulcinj.com\/blog\/#website\",\"url\":\"https:\/\/www.visit-ulcinj.com\/blog\/\",\"name\":\"Lajme nga Ulqini\",\"description\":\"Lajme,Vijesti,Ulqini,Ulqin,Crna Gora,Mali i Zi\",\"potentialAction\":[{\"@type\":\"SearchAction\",\"target\":{\"@type\":\"EntryPoint\",\"urlTemplate\":\"https:\/\/www.visit-ulcinj.com\/blog\/?s={search_term_string}\"},\"query-input\":\"required name=search_term_string\"}],\"inLanguage\":\"en-US\"},{\"@type\":\"ImageObject\",\"inLanguage\":\"en-US\",\"@id\":\"https:\/\/www.visit-ulcinj.com\/blog\/2013\/07\/22\/abazoviq-danaj-me-kujtone-sheshelin\/#primaryimage\",\"url\":\"https:\/\/www.visit-ulcinj.com\/blog\/wp-content\/uploads\/2013\/01\/dritanabazoviq.jpg\",\"contentUrl\":\"https:\/\/www.visit-ulcinj.com\/blog\/wp-content\/uploads\/2013\/01\/dritanabazoviq.jpg\",\"width\":744,\"height\":620},{\"@type\":\"WebPage\",\"@id\":\"https:\/\/www.visit-ulcinj.com\/blog\/2013\/07\/22\/abazoviq-danaj-me-kujtone-sheshelin\/#webpage\",\"url\":\"https:\/\/www.visit-ulcinj.com\/blog\/2013\/07\/22\/abazoviq-danaj-me-kujtone-sheshelin\/\",\"name\":\"Abazoviq: Danaj m\u00eb kujton\u00eb Sheshelin - Lajme nga Ulqini\",\"isPartOf\":{\"@id\":\"https:\/\/www.visit-ulcinj.com\/blog\/#website\"},\"primaryImageOfPage\":{\"@id\":\"https:\/\/www.visit-ulcinj.com\/blog\/2013\/07\/22\/abazoviq-danaj-me-kujtone-sheshelin\/#primaryimage\"},\"datePublished\":\"2013-07-22T06:56:08+00:00\",\"dateModified\":\"2013-07-22T06:57:37+00:00\",\"author\":{\"@id\":\"https:\/\/www.visit-ulcinj.com\/blog\/#\/schema\/person\/dcab619c614d3038751c63bc2aadc06d\"},\"description\":\"Deputeti i Malit t\u00eb Zi, Dritan Abazoviq, tha se ai nuk e merr serioze deklarat\u00ebn e Ko\u00e7o Danajt, se Mali i Zi duhet t\u00eb l\u00ebshoj\u00eb pjes\u00ebt lindore t\u00eb territorit\",\"breadcrumb\":{\"@id\":\"https:\/\/www.visit-ulcinj.com\/blog\/2013\/07\/22\/abazoviq-danaj-me-kujtone-sheshelin\/#breadcrumb\"},\"inLanguage\":\"en-US\",\"potentialAction\":[{\"@type\":\"ReadAction\",\"target\":[\"https:\/\/www.visit-ulcinj.com\/blog\/2013\/07\/22\/abazoviq-danaj-me-kujtone-sheshelin\/\"]}]},{\"@type\":\"BreadcrumbList\",\"@id\":\"https:\/\/www.visit-ulcinj.com\/blog\/2013\/07\/22\/abazoviq-danaj-me-kujtone-sheshelin\/#breadcrumb\",\"itemListElement\":[{\"@type\":\"ListItem\",\"position\":1,\"name\":\"Abazoviq: Danaj m\u00eb kujton\u00eb Sheshelin\"}]},{\"@type\":\"Person\",\"@id\":\"https:\/\/www.visit-ulcinj.com\/blog\/#\/schema\/person\/dcab619c614d3038751c63bc2aadc06d\",\"name\":\"ulqini\",\"sameAs\":[\"http:\/\/www.visit-ulcinj.com\"],\"url\":\"https:\/\/www.visit-ulcinj.com\/blog\/author\/admin\/\"}]}<\/script>\n<!-- \/ Yoast SEO plugin. -->","yoast_head_json":{"title":"Abazoviq: Danaj m\u00eb kujton\u00eb Sheshelin - Lajme nga Ulqini","description":"Deputeti i Malit t\u00eb Zi, Dritan Abazoviq, tha se ai nuk e merr serioze deklarat\u00ebn e Ko\u00e7o Danajt, se Mali i Zi duhet t\u00eb l\u00ebshoj\u00eb pjes\u00ebt lindore t\u00eb territorit","robots":{"index":"index","follow":"follow","max-snippet":"max-snippet:-1","max-image-preview":"max-image-preview:large","max-video-preview":"max-video-preview:-1"},"canonical":"https:\/\/www.visit-ulcinj.com\/blog\/2013\/07\/22\/abazoviq-danaj-me-kujtone-sheshelin\/","og_locale":"en_US","og_type":"article","og_title":"Abazoviq: Danaj m\u00eb kujton\u00eb Sheshelin - Lajme nga Ulqini","og_description":"Deputeti i Malit t\u00eb Zi, Dritan Abazoviq, tha se ai nuk e merr serioze deklarat\u00ebn e Ko\u00e7o Danajt, se Mali i Zi duhet t\u00eb l\u00ebshoj\u00eb pjes\u00ebt lindore t\u00eb territorit","og_url":"https:\/\/www.visit-ulcinj.com\/blog\/2013\/07\/22\/abazoviq-danaj-me-kujtone-sheshelin\/","og_site_name":"Lajme nga Ulqini","article_published_time":"2013-07-22T06:56:08+00:00","article_modified_time":"2013-07-22T06:57:37+00:00","og_image":[{"url":"http:\/\/www.visit-ulcinj.com\/blog\/wp-content\/uploads\/2013\/01\/dritanabazoviq.jpg"}],"twitter_misc":{"Written by":"ulqini","Est. reading time":"2 minutes"},"schema":{"@context":"https:\/\/schema.org","@graph":[{"@type":"WebSite","@id":"https:\/\/www.visit-ulcinj.com\/blog\/#website","url":"https:\/\/www.visit-ulcinj.com\/blog\/","name":"Lajme nga Ulqini","description":"Lajme,Vijesti,Ulqini,Ulqin,Crna Gora,Mali i Zi","potentialAction":[{"@type":"SearchAction","target":{"@type":"EntryPoint","urlTemplate":"https:\/\/www.visit-ulcinj.com\/blog\/?s={search_term_string}"},"query-input":"required name=search_term_string"}],"inLanguage":"en-US"},{"@type":"ImageObject","inLanguage":"en-US","@id":"https:\/\/www.visit-ulcinj.com\/blog\/2013\/07\/22\/abazoviq-danaj-me-kujtone-sheshelin\/#primaryimage","url":"https:\/\/www.visit-ulcinj.com\/blog\/wp-content\/uploads\/2013\/01\/dritanabazoviq.jpg","contentUrl":"https:\/\/www.visit-ulcinj.com\/blog\/wp-content\/uploads\/2013\/01\/dritanabazoviq.jpg","width":744,"height":620},{"@type":"WebPage","@id":"https:\/\/www.visit-ulcinj.com\/blog\/2013\/07\/22\/abazoviq-danaj-me-kujtone-sheshelin\/#webpage","url":"https:\/\/www.visit-ulcinj.com\/blog\/2013\/07\/22\/abazoviq-danaj-me-kujtone-sheshelin\/","name":"Abazoviq: Danaj m\u00eb kujton\u00eb Sheshelin - Lajme nga Ulqini","isPartOf":{"@id":"https:\/\/www.visit-ulcinj.com\/blog\/#website"},"primaryImageOfPage":{"@id":"https:\/\/www.visit-ulcinj.com\/blog\/2013\/07\/22\/abazoviq-danaj-me-kujtone-sheshelin\/#primaryimage"},"datePublished":"2013-07-22T06:56:08+00:00","dateModified":"2013-07-22T06:57:37+00:00","author":{"@id":"https:\/\/www.visit-ulcinj.com\/blog\/#\/schema\/person\/dcab619c614d3038751c63bc2aadc06d"},"description":"Deputeti i Malit t\u00eb Zi, Dritan Abazoviq, tha se ai nuk e merr serioze deklarat\u00ebn e Ko\u00e7o Danajt, se Mali i Zi duhet t\u00eb l\u00ebshoj\u00eb pjes\u00ebt lindore t\u00eb territorit","breadcrumb":{"@id":"https:\/\/www.visit-ulcinj.com\/blog\/2013\/07\/22\/abazoviq-danaj-me-kujtone-sheshelin\/#breadcrumb"},"inLanguage":"en-US","potentialAction":[{"@type":"ReadAction","target":["https:\/\/www.visit-ulcinj.com\/blog\/2013\/07\/22\/abazoviq-danaj-me-kujtone-sheshelin\/"]}]},{"@type":"BreadcrumbList","@id":"https:\/\/www.visit-ulcinj.com\/blog\/2013\/07\/22\/abazoviq-danaj-me-kujtone-sheshelin\/#breadcrumb","itemListElement":[{"@type":"ListItem","position":1,"name":"Abazoviq: Danaj m\u00eb kujton\u00eb Sheshelin"}]},{"@type":"Person","@id":"https:\/\/www.visit-ulcinj.com\/blog\/#\/schema\/person\/dcab619c614d3038751c63bc2aadc06d","name":"ulqini","sameAs":["http:\/\/www.visit-ulcinj.com"],"url":"https:\/\/www.visit-ulcinj.com\/blog\/author\/admin\/"}]}},"jetpack_featured_media_url":"","jetpack_sharing_enabled":true,"jetpack_shortlink":"https:\/\/wp.me\/pe6lTn-j87","_links":{"self":[{"href":"https:\/\/www.visit-ulcinj.com\/blog\/wp-json\/wp\/v2\/posts\/73539"}],"collection":[{"href":"https:\/\/www.visit-ulcinj.com\/blog\/wp-json\/wp\/v2\/posts"}],"about":[{"href":"https:\/\/www.visit-ulcinj.com\/blog\/wp-json\/wp\/v2\/types\/post"}],"author":[{"embeddable":true,"href":"https:\/\/www.visit-ulcinj.com\/blog\/wp-json\/wp\/v2\/users\/1"}],"replies":[{"embeddable":true,"href":"https:\/\/www.visit-ulcinj.com\/blog\/wp-json\/wp\/v2\/comments?post=73539"}],"version-history":[{"count":2,"href":"https:\/\/www.visit-ulcinj.com\/blog\/wp-json\/wp\/v2\/posts\/73539\/revisions"}],"predecessor-version":[{"id":73541,"href":"https:\/\/www.visit-ulcinj.com\/blog\/wp-json\/wp\/v2\/posts\/73539\/revisions\/73541"}],"wp:attachment":[{"href":"https:\/\/www.visit-ulcinj.com\/blog\/wp-json\/wp\/v2\/media?parent=73539"}],"wp:term":[{"taxonomy":"category","embeddable":true,"href":"https:\/\/www.visit-ulcinj.com\/blog\/wp-json\/wp\/v2\/categories?post=73539"},{"taxonomy":"post_tag","embeddable":true,"href":"https:\/\/www.visit-ulcinj.com\/blog\/wp-json\/wp\/v2\/tags?post=73539"}],"curies":[{"name":"wp","href":"https:\/\/api.w.org\/{rel}","templated":true}]}}